{"id":70816,"date":"2013-04-25T23:22:14","date_gmt":"2013-04-25T22:22:14","guid":{"rendered":"http:\/\/www.visit-ulcinj.com\/blog\/?p=70816"},"modified":"2013-04-25T23:24:06","modified_gmt":"2013-04-25T22:24:06","slug":"njevjetori-i-vdekjes-se-fuad-nimanit","status":"publish","type":"post","link":"https:\/\/www.visit-ulcinj.com\/blog\/2013\/04\/25\/njevjetori-i-vdekjes-se-fuad-nimanit\/","title":{"rendered":"Nj\u00ebvjetori i vdekjes s\u00eb Fuad Nimanit"},"content":{"rendered":"<p style=\"text-align: center;\"><strong><a href=\"http:\/\/www.visit-ulcinj.com\/blog\/wp-content\/uploads\/2013\/04\/Fuad-Nimani-Ulqin.jpg\"><img loading=\"lazy\" class=\"alignleft  wp-image-70817\" alt=\"Fuad Nimani Ulqin\" src=\"http:\/\/www.visit-ulcinj.com\/blog\/wp-content\/uploads\/2013\/04\/Fuad-Nimani-Ulqin.jpg\" width=\"508\" height=\"360\" \/><\/a>Kumtes\u00eb \u00a0\u00a0p\u00ebr \u00a0opinion<\/strong><\/p>\n<p>&nbsp;<\/p>\n<p>&nbsp;<\/p>\n<p>Nj\u00eb vit m\u00eb par\u00eb u nda nga jeta m\u00ebsimdh\u00ebn\u00ebsi shum\u00ebvje\u00e7ar , politikan i njohur i angazhuar n\u00eb politik\u00eb qysh n\u00eb fillimet e pluralizmit n\u00eb Mal t\u00eb Zi dhe kryetari i UDSH-s\u00eb . Ndarja e parakohshme erdhi e r\u00ebnd\u00eb p\u00ebr t\u00eb gjith\u00eb , n\u00eb radh\u00eb t\u00eb par\u00eb p\u00ebr familjaret dhe t\u00eb af\u00ebrmit , por edhe p\u00ebr koleg\u00ebt , bashk\u00ebpun\u00ebtor\u00ebt t\u00eb cil\u00ebt e p\u00ebrjetuan p\u00ebrjet\u00ebsisht .<\/p>\n<p>&nbsp;<\/p>\n<p>Fuadi \u00e7do her\u00eb DO T\u00cb KUJTOHET si\u00a0 njeri me integritet shoq\u00ebror , koleg i p\u00ebrkushtuar\u00a0 do t\u00eb kujtohet p\u00ebr virtytet e rralla njer\u00ebzore , p\u00ebr p\u00ebrkushtimin e pasionit \u00a0dhe p\u00ebrgatitjes s\u00eb brezave t\u00eb cil\u00ebt i brumosi m\u00eb dashuri p\u00ebr vendin dhe popullin &#8230; Kujtimi i ndritur i Fuad Nimanit\u00a0 do t\u00eb ruhet p\u00ebr kontributin e madh dhe t\u00eb pashembullt q\u00eb dha n\u00eb lart\u00ebsimin e imazhit t\u00eb shqiptar\u00ebve n\u00eb Mal t\u00eb Zi dhe p\u00ebrmir\u00ebsimit t\u00eb pozit\u00ebs s\u00eb tyre.<\/p>\n<p>&nbsp;<\/p>\n<p>UDSH , KUJTON\u00a0 DHE\u00a0 DO\u00a0 T\u00cb\u00a0 KUJTOJ\u00cb\u00a0 P\u00cbRHER\u00cb\u00a0 ME RESPEKT\u00a0 T\u00cb\u00a0 VE\u00c7ANT\u00cb\u00a0 FUAD\u00a0 NIMANIN\u00a0 DHE\u00a0 DO\u00a0 T\u00cb\u00a0 MBURRET\u00a0 ME\u00a0 SH\u00cbMB\u00cbLLTYR\u00cbN\u00a0 E\u00a0 TIJE .<\/p>\n<p>&nbsp;<\/p>\n<p>&nbsp;<\/p>\n<p>&nbsp;<\/p>\n<p><strong>Ulqin , m\u00eb 25.04.2013<\/strong><\/p>\n<p><strong>Kryetari i UDSH-s\u00eb,<\/strong><\/p>\n<p><strong>Mehmed \u00a0Zenka,d.v.<\/strong><\/p>\n<!--YouTube Error: bad URL entered-->\n","protected":false},"excerpt":{"rendered":"<p>Kumtes\u00eb \u00a0\u00a0p\u00ebr \u00a0opinion &nbsp; &nbsp; Nj\u00eb vit m\u00eb par\u00eb u nda nga jeta m\u00ebsimdh\u00ebn\u00ebsi shum\u00ebvje\u00e7ar , politikan i njohur i angazhuar n\u00eb politik\u00eb qysh n\u00eb fillimet e pluralizmit n\u00eb Mal t\u00eb Zi dhe kryetari i UDSH-s\u00eb . Ndarja e parakohshme erdhi e r\u00ebnd\u00eb p\u00ebr t\u00eb gjith\u00eb , n\u00eb radh\u00eb t\u00eb par\u00eb p\u00ebr familjaret dhe t\u00eb [&hellip;]<\/p>\n","protected":false},"author":1,"featured_media":0,"comment_status":"open","ping_status":"closed","sticky":false,"template":"","format":"standard","meta":{"spay_email":"","jetpack_publicize_message":"","jetpack_is_tweetstorm":false,"jetpack_publicize_feature_enabled":true},"categories":[1],"tags":[],"jetpack_publicize_connections":[],"yoast_head":"<!-- This site is optimized with the Yoast SEO plugin v19.1 - https:\/\/yoast.com\/wordpress\/plugins\/seo\/ -->\n<title>Nj\u00ebvjetori i vdekjes s\u00eb Fuad Nimanit  - Lajme nga Ulqini<\/title>\n<meta name=\"description\" content=\"Kumtes\u00eb \u00a0\u00a0p\u00ebr \u00a0opinion &nbsp; &nbsp; Nj\u00eb vit m\u00eb par\u00eb u nda nga jeta m\u00ebsimdh\u00ebn\u00ebsi shum\u00ebvje\u00e7ar , politikan i njohur i angazhuar n\u00eb politik\u00eb qysh n\u00eb fillimet\" \/>\n<meta name=\"robots\" content=\"index, follow, max-snippet:-1, max-image-preview:large, max-video-preview:-1\" \/>\n<link rel=\"canonical\" href=\"https:\/\/www.visit-ulcinj.com\/blog\/2013\/04\/25\/njevjetori-i-vdekjes-se-fuad-nimanit\/\" \/>\n<meta property=\"og:locale\" content=\"en_US\" \/>\n<meta property=\"og:type\" content=\"article\" \/>\n<meta property=\"og:title\" content=\"Nj\u00ebvjetori i vdekjes s\u00eb Fuad Nimanit  - Lajme nga Ulqini\" \/>\n<meta property=\"og:description\" content=\"Kumtes\u00eb \u00a0\u00a0p\u00ebr \u00a0opinion &nbsp; &nbsp; Nj\u00eb vit m\u00eb par\u00eb u nda nga jeta m\u00ebsimdh\u00ebn\u00ebsi shum\u00ebvje\u00e7ar , politikan i njohur i angazhuar n\u00eb politik\u00eb qysh n\u00eb fillimet\" \/>\n<meta property=\"og:url\" content=\"https:\/\/www.visit-ulcinj.com\/blog\/2013\/04\/25\/njevjetori-i-vdekjes-se-fuad-nimanit\/\" \/>\n<meta property=\"og:site_name\" content=\"Lajme nga Ulqini\" \/>\n<meta property=\"article:published_time\" content=\"2013-04-25T22:22:14+00:00\" \/>\n<meta property=\"article:modified_time\" content=\"2013-04-25T22:24:06+00:00\" \/>\n<meta property=\"og:image\" content=\"http:\/\/www.visit-ulcinj.com\/blog\/wp-content\/uploads\/2013\/04\/Fuad-Nimani-Ulqin.jpg\" \/>\n<meta name=\"twitter:label1\" content=\"Written by\" \/>\n\t<meta name=\"twitter:data1\" content=\"ulqini\" \/>\n\t<meta name=\"twitter:label2\" content=\"Est. reading time\" \/>\n\t<meta name=\"twitter:data2\" content=\"1 minute\" \/>\n<script type=\"application\/ld+json\" class=\"yoast-schema-graph\">{\"@context\":\"https:\/\/schema.org\",\"@graph\":[{\"@type\":\"WebSite\",\"@id\":\"https:\/\/www.visit-ulcinj.com\/blog\/#website\",\"url\":\"https:\/\/www.visit-ulcinj.com\/blog\/\",\"name\":\"Lajme nga Ulqini\",\"description\":\"Lajme,Vijesti,Ulqini,Ulqin,Crna Gora,Mali i Zi\",\"potentialAction\":[{\"@type\":\"SearchAction\",\"target\":{\"@type\":\"EntryPoint\",\"urlTemplate\":\"https:\/\/www.visit-ulcinj.com\/blog\/?s={search_term_string}\"},\"query-input\":\"required name=search_term_string\"}],\"inLanguage\":\"en-US\"},{\"@type\":\"ImageObject\",\"inLanguage\":\"en-US\",\"@id\":\"https:\/\/www.visit-ulcinj.com\/blog\/2013\/04\/25\/njevjetori-i-vdekjes-se-fuad-nimanit\/#primaryimage\",\"url\":\"https:\/\/www.visit-ulcinj.com\/blog\/wp-content\/uploads\/2013\/04\/Fuad-Nimani-Ulqin.jpg\",\"contentUrl\":\"https:\/\/www.visit-ulcinj.com\/blog\/wp-content\/uploads\/2013\/04\/Fuad-Nimani-Ulqin.jpg\",\"width\":1000,\"height\":683},{\"@type\":\"WebPage\",\"@id\":\"https:\/\/www.visit-ulcinj.com\/blog\/2013\/04\/25\/njevjetori-i-vdekjes-se-fuad-nimanit\/#webpage\",\"url\":\"https:\/\/www.visit-ulcinj.com\/blog\/2013\/04\/25\/njevjetori-i-vdekjes-se-fuad-nimanit\/\",\"name\":\"Nj\u00ebvjetori i vdekjes s\u00eb Fuad Nimanit - Lajme nga Ulqini\",\"isPartOf\":{\"@id\":\"https:\/\/www.visit-ulcinj.com\/blog\/#website\"},\"primaryImageOfPage\":{\"@id\":\"https:\/\/www.visit-ulcinj.com\/blog\/2013\/04\/25\/njevjetori-i-vdekjes-se-fuad-nimanit\/#primaryimage\"},\"datePublished\":\"2013-04-25T22:22:14+00:00\",\"dateModified\":\"2013-04-25T22:24:06+00:00\",\"author\":{\"@id\":\"https:\/\/www.visit-ulcinj.com\/blog\/#\/schema\/person\/dcab619c614d3038751c63bc2aadc06d\"},\"description\":\"Kumtes\u00eb \u00a0\u00a0p\u00ebr \u00a0opinion &nbsp; &nbsp; Nj\u00eb vit m\u00eb par\u00eb u nda nga jeta m\u00ebsimdh\u00ebn\u00ebsi shum\u00ebvje\u00e7ar , politikan i njohur i angazhuar n\u00eb politik\u00eb qysh n\u00eb fillimet\",\"breadcrumb\":{\"@id\":\"https:\/\/www.visit-ulcinj.com\/blog\/2013\/04\/25\/njevjetori-i-vdekjes-se-fuad-nimanit\/#breadcrumb\"},\"inLanguage\":\"en-US\",\"potentialAction\":[{\"@type\":\"ReadAction\",\"target\":[\"https:\/\/www.visit-ulcinj.com\/blog\/2013\/04\/25\/njevjetori-i-vdekjes-se-fuad-nimanit\/\"]}]},{\"@type\":\"BreadcrumbList\",\"@id\":\"https:\/\/www.visit-ulcinj.com\/blog\/2013\/04\/25\/njevjetori-i-vdekjes-se-fuad-nimanit\/#breadcrumb\",\"itemListElement\":[{\"@type\":\"ListItem\",\"position\":1,\"name\":\"Nj\u00ebvjetori i vdekjes s\u00eb Fuad Nimanit\"}]},{\"@type\":\"Person\",\"@id\":\"https:\/\/www.visit-ulcinj.com\/blog\/#\/schema\/person\/dcab619c614d3038751c63bc2aadc06d\",\"name\":\"ulqini\",\"sameAs\":[\"http:\/\/www.visit-ulcinj.com\"],\"url\":\"https:\/\/www.visit-ulcinj.com\/blog\/author\/admin\/\"}]}<\/script>\n<!-- \/ Yoast SEO plugin. -->","yoast_head_json":{"title":"Nj\u00ebvjetori i vdekjes s\u00eb Fuad Nimanit  - Lajme nga Ulqini","description":"Kumtes\u00eb \u00a0\u00a0p\u00ebr \u00a0opinion &nbsp; &nbsp; Nj\u00eb vit m\u00eb par\u00eb u nda nga jeta m\u00ebsimdh\u00ebn\u00ebsi shum\u00ebvje\u00e7ar , politikan i njohur i angazhuar n\u00eb politik\u00eb qysh n\u00eb fillimet","robots":{"index":"index","follow":"follow","max-snippet":"max-snippet:-1","max-image-preview":"max-image-preview:large","max-video-preview":"max-video-preview:-1"},"canonical":"https:\/\/www.visit-ulcinj.com\/blog\/2013\/04\/25\/njevjetori-i-vdekjes-se-fuad-nimanit\/","og_locale":"en_US","og_type":"article","og_title":"Nj\u00ebvjetori i vdekjes s\u00eb Fuad Nimanit  - Lajme nga Ulqini","og_description":"Kumtes\u00eb \u00a0\u00a0p\u00ebr \u00a0opinion &nbsp; &nbsp; Nj\u00eb vit m\u00eb par\u00eb u nda nga jeta m\u00ebsimdh\u00ebn\u00ebsi shum\u00ebvje\u00e7ar , politikan i njohur i angazhuar n\u00eb politik\u00eb qysh n\u00eb fillimet","og_url":"https:\/\/www.visit-ulcinj.com\/blog\/2013\/04\/25\/njevjetori-i-vdekjes-se-fuad-nimanit\/","og_site_name":"Lajme nga Ulqini","article_published_time":"2013-04-25T22:22:14+00:00","article_modified_time":"2013-04-25T22:24:06+00:00","og_image":[{"url":"http:\/\/www.visit-ulcinj.com\/blog\/wp-content\/uploads\/2013\/04\/Fuad-Nimani-Ulqin.jpg"}],"twitter_misc":{"Written by":"ulqini","Est. reading time":"1 minute"},"schema":{"@context":"https:\/\/schema.org","@graph":[{"@type":"WebSite","@id":"https:\/\/www.visit-ulcinj.com\/blog\/#website","url":"https:\/\/www.visit-ulcinj.com\/blog\/","name":"Lajme nga Ulqini","description":"Lajme,Vijesti,Ulqini,Ulqin,Crna Gora,Mali i Zi","potentialAction":[{"@type":"SearchAction","target":{"@type":"EntryPoint","urlTemplate":"https:\/\/www.visit-ulcinj.com\/blog\/?s={search_term_string}"},"query-input":"required name=search_term_string"}],"inLanguage":"en-US"},{"@type":"ImageObject","inLanguage":"en-US","@id":"https:\/\/www.visit-ulcinj.com\/blog\/2013\/04\/25\/njevjetori-i-vdekjes-se-fuad-nimanit\/#primaryimage","url":"https:\/\/www.visit-ulcinj.com\/blog\/wp-content\/uploads\/2013\/04\/Fuad-Nimani-Ulqin.jpg","contentUrl":"https:\/\/www.visit-ulcinj.com\/blog\/wp-content\/uploads\/2013\/04\/Fuad-Nimani-Ulqin.jpg","width":1000,"height":683},{"@type":"WebPage","@id":"https:\/\/www.visit-ulcinj.com\/blog\/2013\/04\/25\/njevjetori-i-vdekjes-se-fuad-nimanit\/#webpage","url":"https:\/\/www.visit-ulcinj.com\/blog\/2013\/04\/25\/njevjetori-i-vdekjes-se-fuad-nimanit\/","name":"Nj\u00ebvjetori i vdekjes s\u00eb Fuad Nimanit - Lajme nga Ulqini","isPartOf":{"@id":"https:\/\/www.visit-ulcinj.com\/blog\/#website"},"primaryImageOfPage":{"@id":"https:\/\/www.visit-ulcinj.com\/blog\/2013\/04\/25\/njevjetori-i-vdekjes-se-fuad-nimanit\/#primaryimage"},"datePublished":"2013-04-25T22:22:14+00:00","dateModified":"2013-04-25T22:24:06+00:00","author":{"@id":"https:\/\/www.visit-ulcinj.com\/blog\/#\/schema\/person\/dcab619c614d3038751c63bc2aadc06d"},"description":"Kumtes\u00eb \u00a0\u00a0p\u00ebr \u00a0opinion &nbsp; &nbsp; Nj\u00eb vit m\u00eb par\u00eb u nda nga jeta m\u00ebsimdh\u00ebn\u00ebsi shum\u00ebvje\u00e7ar , politikan i njohur i angazhuar n\u00eb politik\u00eb qysh n\u00eb fillimet","breadcrumb":{"@id":"https:\/\/www.visit-ulcinj.com\/blog\/2013\/04\/25\/njevjetori-i-vdekjes-se-fuad-nimanit\/#breadcrumb"},"inLanguage":"en-US","potentialAction":[{"@type":"ReadAction","target":["https:\/\/www.visit-ulcinj.com\/blog\/2013\/04\/25\/njevjetori-i-vdekjes-se-fuad-nimanit\/"]}]},{"@type":"BreadcrumbList","@id":"https:\/\/www.visit-ulcinj.com\/blog\/2013\/04\/25\/njevjetori-i-vdekjes-se-fuad-nimanit\/#breadcrumb","itemListElement":[{"@type":"ListItem","position":1,"name":"Nj\u00ebvjetori i vdekjes s\u00eb Fuad Nimanit"}]},{"@type":"Person","@id":"https:\/\/www.visit-ulcinj.com\/blog\/#\/schema\/person\/dcab619c614d3038751c63bc2aadc06d","name":"ulqini","sameAs":["http:\/\/www.visit-ulcinj.com"],"url":"https:\/\/www.visit-ulcinj.com\/blog\/author\/admin\/"}]}},"jetpack_featured_media_url":"","jetpack_sharing_enabled":true,"jetpack_shortlink":"https:\/\/wp.me\/pe6lTn-iqc","_links":{"self":[{"href":"https:\/\/www.visit-ulcinj.com\/blog\/wp-json\/wp\/v2\/posts\/70816"}],"collection":[{"href":"https:\/\/www.visit-ulcinj.com\/blog\/wp-json\/wp\/v2\/posts"}],"about":[{"href":"https:\/\/www.visit-ulcinj.com\/blog\/wp-json\/wp\/v2\/types\/post"}],"author":[{"embeddable":true,"href":"https:\/\/www.visit-ulcinj.com\/blog\/wp-json\/wp\/v2\/users\/1"}],"replies":[{"embeddable":true,"href":"https:\/\/www.visit-ulcinj.com\/blog\/wp-json\/wp\/v2\/comments?post=70816"}],"version-history":[{"count":3,"href":"https:\/\/www.visit-ulcinj.com\/blog\/wp-json\/wp\/v2\/posts\/70816\/revisions"}],"predecessor-version":[{"id":70820,"href":"https:\/\/www.visit-ulcinj.com\/blog\/wp-json\/wp\/v2\/posts\/70816\/revisions\/70820"}],"wp:attachment":[{"href":"https:\/\/www.visit-ulcinj.com\/blog\/wp-json\/wp\/v2\/media?parent=70816"}],"wp:term":[{"taxonomy":"category","embeddable":true,"href":"https:\/\/www.visit-ulcinj.com\/blog\/wp-json\/wp\/v2\/categories?post=70816"},{"taxonomy":"post_tag","embeddable":true,"href":"https:\/\/www.visit-ulcinj.com\/blog\/wp-json\/wp\/v2\/tags?post=70816"}],"curies":[{"name":"wp","href":"https:\/\/api.w.org\/{rel}","templated":true}]}}