{"id":70834,"date":"2013-04-26T15:05:12","date_gmt":"2013-04-26T14:05:12","guid":{"rendered":"http:\/\/www.visit-ulcinj.com\/blog\/?p=70834"},"modified":"2013-04-26T15:05:12","modified_gmt":"2013-04-26T14:05:12","slug":"prvomajski-praznici-u-hotelu-na-adi-bojani","status":"publish","type":"post","link":"https:\/\/www.visit-ulcinj.com\/blog\/2013\/04\/26\/prvomajski-praznici-u-hotelu-na-adi-bojani\/","title":{"rendered":"Prvomajski praznici u hotelu na Adi Bojani"},"content":{"rendered":"<p><a href=\"http:\/\/www.visit-ulcinj.com\/blog\/wp-content\/uploads\/2013\/04\/Prvi-maj-na-Adi-Bojani.jpg\"><img loading=\"lazy\" class=\"alignleft  wp-image-70835\" alt=\"Prvi maj na Adi Bojani\" src=\"http:\/\/www.visit-ulcinj.com\/blog\/wp-content\/uploads\/2013\/04\/Prvi-maj-na-Adi-Bojani.jpg\" width=\"508\" height=\"360\" \/><\/a>Za sve koji tradicionalno dolaze na Adu na prvomajski uranak I za one koji jo\u0161 nisu odlu\u010dili gdje \u0107e provesti prvomajske praznike,\u00a0 HTP Ulcinjska rivijera je pripremila specijalnu ponudu:<\/p>\n<p><strong>Specijalna ponuda HTP Ulcinjske rivijere:<\/strong><\/p>\n<p>3 DANA: 120 EURA ZA DVOJE<\/p>\n<p>U cijenu je uklju\u010deno no\u0107enje sa doru\u010dkom<\/p>\n<p>Smje\u0161taj u dvokrevetnim sobama tip A 1<\/p>\n<p>Rezervacije na telefon:<\/p>\n<p>030 455 059 (od 8:30 do 15:30h) ili na mejl: ulrivijera@t-com.me<\/p>\n<p>&nbsp;<\/p>\n<p>U\u017eivanje u netaknutoj prirodi I kristalno \u010distom moru, vrhunski restorani, dru\u017eenje, \u017eurke\u2026<\/p>\n<p>U vrijeme prvomjaskih praznika agencija Jungle Travel iz Beograda organizuje dolazak gostiju iz Srbije u hotel na Adi Bojani, a na\u0161a specijalna ponuda je namijenjena prije sve ga za doma\u0107e goste kao I za goste sa svih ostalih tr\u017ei\u0161ta.<\/p>\n<p>U zagrljaju izme\u0111u rijeke Bojane i Jadranskog mora, 15 km udaljeno od Ulcinja, nalazi se rajsko ostrvo, \u010duveno \u0161irom svijeta po nudisti\u010dkom naselju i netaknutoj prirodi. Krase ga jedinstven eko-sistem i zalasci sunca koji ostavljaju bez daha.<\/p>\n<p>&nbsp;<\/p>\n<p>&nbsp;<\/p>\n<p>HTP Ulcinjska rivijera<\/p>\n","protected":false},"excerpt":{"rendered":"<p>Za sve koji tradicionalno dolaze na Adu na prvomajski uranak I za one koji jo\u0161 nisu odlu\u010dili gdje \u0107e provesti prvomajske praznike,\u00a0 HTP Ulcinjska rivijera je pripremila specijalnu ponudu: Specijalna ponuda HTP Ulcinjske rivijere: 3 DANA: 120 EURA ZA DVOJE U cijenu je uklju\u010deno no\u0107enje sa doru\u010dkom Smje\u0161taj u dvokrevetnim sobama tip A 1 Rezervacije [&hellip;]<\/p>\n","protected":false},"author":1,"featured_media":0,"comment_status":"open","ping_status":"closed","sticky":false,"template":"","format":"standard","meta":{"spay_email":"","jetpack_publicize_message":"","jetpack_is_tweetstorm":false,"jetpack_publicize_feature_enabled":true},"categories":[8337],"tags":[],"jetpack_publicize_connections":[],"yoast_head":"<!-- This site is optimized with the Yoast SEO plugin v19.1 - https:\/\/yoast.com\/wordpress\/plugins\/seo\/ -->\n<title>Prvomajski praznici u hotelu na Adi Bojani - Lajme nga Ulqini<\/title>\n<meta name=\"description\" content=\"Za sve koji tradicionalno dolaze na Adu na prvomajski uranak I za one koji jo\u0161 nisu odlu\u010dili gdje \u0107e provesti prvomajske praznike,\u00a0 HTP Ulcinjska rivijera\" \/>\n<meta name=\"robots\" content=\"index, follow, max-snippet:-1, max-image-preview:large, max-video-preview:-1\" \/>\n<link rel=\"canonical\" href=\"https:\/\/www.visit-ulcinj.com\/blog\/2013\/04\/26\/prvomajski-praznici-u-hotelu-na-adi-bojani\/\" \/>\n<meta property=\"og:locale\" content=\"en_US\" \/>\n<meta property=\"og:type\" content=\"article\" \/>\n<meta property=\"og:title\" content=\"Prvomajski praznici u hotelu na Adi Bojani - Lajme nga Ulqini\" \/>\n<meta property=\"og:description\" content=\"Za sve koji tradicionalno dolaze na Adu na prvomajski uranak I za one koji jo\u0161 nisu odlu\u010dili gdje \u0107e provesti prvomajske praznike,\u00a0 HTP Ulcinjska rivijera\" \/>\n<meta property=\"og:url\" content=\"https:\/\/www.visit-ulcinj.com\/blog\/2013\/04\/26\/prvomajski-praznici-u-hotelu-na-adi-bojani\/\" \/>\n<meta property=\"og:site_name\" content=\"Lajme nga Ulqini\" \/>\n<meta property=\"article:published_time\" content=\"2013-04-26T14:05:12+00:00\" \/>\n<meta property=\"og:image\" content=\"http:\/\/www.visit-ulcinj.com\/blog\/wp-content\/uploads\/2013\/04\/Prvi-maj-na-Adi-Bojani.jpg\" \/>\n<meta name=\"twitter:label1\" content=\"Written by\" \/>\n\t<meta name=\"twitter:data1\" content=\"ulqini\" \/>\n\t<meta name=\"twitter:label2\" content=\"Est. reading time\" \/>\n\t<meta name=\"twitter:data2\" content=\"1 minute\" \/>\n<script type=\"application\/ld+json\" class=\"yoast-schema-graph\">{\"@context\":\"https:\/\/schema.org\",\"@graph\":[{\"@type\":\"WebSite\",\"@id\":\"https:\/\/www.visit-ulcinj.com\/blog\/#website\",\"url\":\"https:\/\/www.visit-ulcinj.com\/blog\/\",\"name\":\"Lajme nga Ulqini\",\"description\":\"Lajme,Vijesti,Ulqini,Ulqin,Crna Gora,Mali i Zi\",\"potentialAction\":[{\"@type\":\"SearchAction\",\"target\":{\"@type\":\"EntryPoint\",\"urlTemplate\":\"https:\/\/www.visit-ulcinj.com\/blog\/?s={search_term_string}\"},\"query-input\":\"required name=search_term_string\"}],\"inLanguage\":\"en-US\"},{\"@type\":\"ImageObject\",\"inLanguage\":\"en-US\",\"@id\":\"https:\/\/www.visit-ulcinj.com\/blog\/2013\/04\/26\/prvomajski-praznici-u-hotelu-na-adi-bojani\/#primaryimage\",\"url\":\"https:\/\/www.visit-ulcinj.com\/blog\/wp-content\/uploads\/2013\/04\/Prvi-maj-na-Adi-Bojani.jpg\",\"contentUrl\":\"https:\/\/www.visit-ulcinj.com\/blog\/wp-content\/uploads\/2013\/04\/Prvi-maj-na-Adi-Bojani.jpg\",\"width\":1024,\"height\":683},{\"@type\":\"WebPage\",\"@id\":\"https:\/\/www.visit-ulcinj.com\/blog\/2013\/04\/26\/prvomajski-praznici-u-hotelu-na-adi-bojani\/#webpage\",\"url\":\"https:\/\/www.visit-ulcinj.com\/blog\/2013\/04\/26\/prvomajski-praznici-u-hotelu-na-adi-bojani\/\",\"name\":\"Prvomajski praznici u hotelu na Adi Bojani - Lajme nga Ulqini\",\"isPartOf\":{\"@id\":\"https:\/\/www.visit-ulcinj.com\/blog\/#website\"},\"primaryImageOfPage\":{\"@id\":\"https:\/\/www.visit-ulcinj.com\/blog\/2013\/04\/26\/prvomajski-praznici-u-hotelu-na-adi-bojani\/#primaryimage\"},\"datePublished\":\"2013-04-26T14:05:12+00:00\",\"dateModified\":\"2013-04-26T14:05:12+00:00\",\"author\":{\"@id\":\"https:\/\/www.visit-ulcinj.com\/blog\/#\/schema\/person\/dcab619c614d3038751c63bc2aadc06d\"},\"description\":\"Za sve koji tradicionalno dolaze na Adu na prvomajski uranak I za one koji jo\u0161 nisu odlu\u010dili gdje \u0107e provesti prvomajske praznike,\u00a0 HTP Ulcinjska rivijera\",\"breadcrumb\":{\"@id\":\"https:\/\/www.visit-ulcinj.com\/blog\/2013\/04\/26\/prvomajski-praznici-u-hotelu-na-adi-bojani\/#breadcrumb\"},\"inLanguage\":\"en-US\",\"potentialAction\":[{\"@type\":\"ReadAction\",\"target\":[\"https:\/\/www.visit-ulcinj.com\/blog\/2013\/04\/26\/prvomajski-praznici-u-hotelu-na-adi-bojani\/\"]}]},{\"@type\":\"BreadcrumbList\",\"@id\":\"https:\/\/www.visit-ulcinj.com\/blog\/2013\/04\/26\/prvomajski-praznici-u-hotelu-na-adi-bojani\/#breadcrumb\",\"itemListElement\":[{\"@type\":\"ListItem\",\"position\":1,\"name\":\"Prvomajski praznici u hotelu na Adi Bojani\"}]},{\"@type\":\"Person\",\"@id\":\"https:\/\/www.visit-ulcinj.com\/blog\/#\/schema\/person\/dcab619c614d3038751c63bc2aadc06d\",\"name\":\"ulqini\",\"sameAs\":[\"http:\/\/www.visit-ulcinj.com\"],\"url\":\"https:\/\/www.visit-ulcinj.com\/blog\/author\/admin\/\"}]}<\/script>\n<!-- \/ Yoast SEO plugin. -->","yoast_head_json":{"title":"Prvomajski praznici u hotelu na Adi Bojani - Lajme nga Ulqini","description":"Za sve koji tradicionalno dolaze na Adu na prvomajski uranak I za one koji jo\u0161 nisu odlu\u010dili gdje \u0107e provesti prvomajske praznike,\u00a0 HTP Ulcinjska rivijera","robots":{"index":"index","follow":"follow","max-snippet":"max-snippet:-1","max-image-preview":"max-image-preview:large","max-video-preview":"max-video-preview:-1"},"canonical":"https:\/\/www.visit-ulcinj.com\/blog\/2013\/04\/26\/prvomajski-praznici-u-hotelu-na-adi-bojani\/","og_locale":"en_US","og_type":"article","og_title":"Prvomajski praznici u hotelu na Adi Bojani - Lajme nga Ulqini","og_description":"Za sve koji tradicionalno dolaze na Adu na prvomajski uranak I za one koji jo\u0161 nisu odlu\u010dili gdje \u0107e provesti prvomajske praznike,\u00a0 HTP Ulcinjska rivijera","og_url":"https:\/\/www.visit-ulcinj.com\/blog\/2013\/04\/26\/prvomajski-praznici-u-hotelu-na-adi-bojani\/","og_site_name":"Lajme nga Ulqini","article_published_time":"2013-04-26T14:05:12+00:00","og_image":[{"url":"http:\/\/www.visit-ulcinj.com\/blog\/wp-content\/uploads\/2013\/04\/Prvi-maj-na-Adi-Bojani.jpg"}],"twitter_misc":{"Written by":"ulqini","Est. reading time":"1 minute"},"schema":{"@context":"https:\/\/schema.org","@graph":[{"@type":"WebSite","@id":"https:\/\/www.visit-ulcinj.com\/blog\/#website","url":"https:\/\/www.visit-ulcinj.com\/blog\/","name":"Lajme nga Ulqini","description":"Lajme,Vijesti,Ulqini,Ulqin,Crna Gora,Mali i Zi","potentialAction":[{"@type":"SearchAction","target":{"@type":"EntryPoint","urlTemplate":"https:\/\/www.visit-ulcinj.com\/blog\/?s={search_term_string}"},"query-input":"required name=search_term_string"}],"inLanguage":"en-US"},{"@type":"ImageObject","inLanguage":"en-US","@id":"https:\/\/www.visit-ulcinj.com\/blog\/2013\/04\/26\/prvomajski-praznici-u-hotelu-na-adi-bojani\/#primaryimage","url":"https:\/\/www.visit-ulcinj.com\/blog\/wp-content\/uploads\/2013\/04\/Prvi-maj-na-Adi-Bojani.jpg","contentUrl":"https:\/\/www.visit-ulcinj.com\/blog\/wp-content\/uploads\/2013\/04\/Prvi-maj-na-Adi-Bojani.jpg","width":1024,"height":683},{"@type":"WebPage","@id":"https:\/\/www.visit-ulcinj.com\/blog\/2013\/04\/26\/prvomajski-praznici-u-hotelu-na-adi-bojani\/#webpage","url":"https:\/\/www.visit-ulcinj.com\/blog\/2013\/04\/26\/prvomajski-praznici-u-hotelu-na-adi-bojani\/","name":"Prvomajski praznici u hotelu na Adi Bojani - Lajme nga Ulqini","isPartOf":{"@id":"https:\/\/www.visit-ulcinj.com\/blog\/#website"},"primaryImageOfPage":{"@id":"https:\/\/www.visit-ulcinj.com\/blog\/2013\/04\/26\/prvomajski-praznici-u-hotelu-na-adi-bojani\/#primaryimage"},"datePublished":"2013-04-26T14:05:12+00:00","dateModified":"2013-04-26T14:05:12+00:00","author":{"@id":"https:\/\/www.visit-ulcinj.com\/blog\/#\/schema\/person\/dcab619c614d3038751c63bc2aadc06d"},"description":"Za sve koji tradicionalno dolaze na Adu na prvomajski uranak I za one koji jo\u0161 nisu odlu\u010dili gdje \u0107e provesti prvomajske praznike,\u00a0 HTP Ulcinjska rivijera","breadcrumb":{"@id":"https:\/\/www.visit-ulcinj.com\/blog\/2013\/04\/26\/prvomajski-praznici-u-hotelu-na-adi-bojani\/#breadcrumb"},"inLanguage":"en-US","potentialAction":[{"@type":"ReadAction","target":["https:\/\/www.visit-ulcinj.com\/blog\/2013\/04\/26\/prvomajski-praznici-u-hotelu-na-adi-bojani\/"]}]},{"@type":"BreadcrumbList","@id":"https:\/\/www.visit-ulcinj.com\/blog\/2013\/04\/26\/prvomajski-praznici-u-hotelu-na-adi-bojani\/#breadcrumb","itemListElement":[{"@type":"ListItem","position":1,"name":"Prvomajski praznici u hotelu na Adi Bojani"}]},{"@type":"Person","@id":"https:\/\/www.visit-ulcinj.com\/blog\/#\/schema\/person\/dcab619c614d3038751c63bc2aadc06d","name":"ulqini","sameAs":["http:\/\/www.visit-ulcinj.com"],"url":"https:\/\/www.visit-ulcinj.com\/blog\/author\/admin\/"}]}},"jetpack_featured_media_url":"","jetpack_sharing_enabled":true,"jetpack_shortlink":"https:\/\/wp.me\/pe6lTn-iqu","_links":{"self":[{"href":"https:\/\/www.visit-ulcinj.com\/blog\/wp-json\/wp\/v2\/posts\/70834"}],"collection":[{"href":"https:\/\/www.visit-ulcinj.com\/blog\/wp-json\/wp\/v2\/posts"}],"about":[{"href":"https:\/\/www.visit-ulcinj.com\/blog\/wp-json\/wp\/v2\/types\/post"}],"author":[{"embeddable":true,"href":"https:\/\/www.visit-ulcinj.com\/blog\/wp-json\/wp\/v2\/users\/1"}],"replies":[{"embeddable":true,"href":"https:\/\/www.visit-ulcinj.com\/blog\/wp-json\/wp\/v2\/comments?post=70834"}],"version-history":[{"count":1,"href":"https:\/\/www.visit-ulcinj.com\/blog\/wp-json\/wp\/v2\/posts\/70834\/revisions"}],"predecessor-version":[{"id":70836,"href":"https:\/\/www.visit-ulcinj.com\/blog\/wp-json\/wp\/v2\/posts\/70834\/revisions\/70836"}],"wp:attachment":[{"href":"https:\/\/www.visit-ulcinj.com\/blog\/wp-json\/wp\/v2\/media?parent=70834"}],"wp:term":[{"taxonomy":"category","embeddable":true,"href":"https:\/\/www.visit-ulcinj.com\/blog\/wp-json\/wp\/v2\/categories?post=70834"},{"taxonomy":"post_tag","embeddable":true,"href":"https:\/\/www.visit-ulcinj.com\/blog\/wp-json\/wp\/v2\/tags?post=70834"}],"curies":[{"name":"wp","href":"https:\/\/api.w.org\/{rel}","templated":true}]}}