{"id":70844,"date":"2013-04-26T22:57:19","date_gmt":"2013-04-26T21:57:19","guid":{"rendered":"http:\/\/www.visit-ulcinj.com\/blog\/?p=70844"},"modified":"2013-04-26T22:57:41","modified_gmt":"2013-04-26T21:57:41","slug":"libri-me-poezi-gati-u-harruem-i-poetit-ibrahim-berjashi-perurohet-ne-shkoder","status":"publish","type":"post","link":"https:\/\/www.visit-ulcinj.com\/blog\/2013\/04\/26\/libri-me-poezi-gati-u-harruem-i-poetit-ibrahim-berjashi-perurohet-ne-shkoder\/","title":{"rendered":"Libri me poezi \u201cGati u Harruem\u201d i poetit  Ibrahim Berjashi perurohet n\u00eb Shkod\u00ebr"},"content":{"rendered":"<p><a href=\"http:\/\/www.visit-ulcinj.com\/blog\/wp-content\/uploads\/2013\/04\/GATI-U-HARRUAM.jpg\"><img loading=\"lazy\" class=\"alignleft  wp-image-70845\" alt=\"GATI U HARRUAM\" src=\"http:\/\/www.visit-ulcinj.com\/blog\/wp-content\/uploads\/2013\/04\/GATI-U-HARRUAM.jpg\" width=\"350\" height=\"450\" \/><\/a>Shkod\u00ebr\/Ulqin \u2013 26 prill- Shoqata e Artsit\u00ebve dhe Intelektual\u00ebve \u201cART CLUB\u201d\u00a0\u00a0 Ulqin dhe Biblioteka \u201cMARIN BARLETI\u201d Shkod\u00ebr, n\u00eb mbr\u00ebmjen e s\u00eb enjtes\u00a0 para nj\u00eb auditoriumit\u00a0 t\u00eb p\u00ebrzgjedhur,artdash\u00ebs dhe vllaz\u00ebror,kan\u00eb peruruar v\u00ebllimin me poezi \u201cGATI U HARRUEM\u201d t\u00eb poetit nga Kraja IBRAHIMM BERJASHI, i cili tash disa dekada jeton e punon n\u00eb Ulqin.<\/p>\n<p>Fillimisht, drejtori i Bibliotek\u00ebs s\u00eb Shkodr\u00ebs, Gjovalin \u00c7uni,foli mbi r\u00ebnd\u00ebsin\u00eb e bashk\u00ebpunimit me SHAI \u201cART CLUB\u201d edhe prezantoi personazhin e veprimtaris\u00eb, duke u ndaluar n\u00eb v\u00ebllimin me poezi t\u00eb autorit Berjashi,nj\u00eb krijues me p\u00ebrvoj\u00eb t\u00eb gjat\u00eb letrare te shqiptar\u00ebt n\u00eb Malin e Zi.<\/p>\n<p>N\u00eb k\u00ebt\u00eb nd\u00ebrlidhje, kryetari i SHAI \u201cART CLUB\u201d, Ali Salaj ve\u00e7oi tradit\u00ebn \u00a0dhe\u00a0 deomosdoshm\u00ebrin\u00eb e bashk\u00ebpunimit kulturor t\u00eb dy qyteteve fqinje ,por n\u00eb dy shtete.Dy orator\u00ebt hodhen ide konkrete bashk\u00ebpunimi n\u00eb fush\u00ebn e njohjes dhe afirmimit reciprok t\u00eb krijimtaris\u00eb letrare midis n\u00eb qyteteteve.<\/p>\n<p>Shkrimtari dhe publicisti, Ibrahim Berjashi,pasi shprehu konsideratat p\u00ebr organizator\u00ebt edhe auditoriumin,n\u00ebnvizoi se para 22 vjet\u00ebve , n\u00eb cil\u00ebsin\u00eb e kryetarit t\u00eb SHAI \u201cART CLUB\u201dp\u00ebr her\u00eb t\u00eb par\u00eb kishte vizituar Shqip\u00ebrin\u00eb,edhe n\u00eb k\u00ebt\u00eb kuad\u00ebr Shkodra ka qen\u00eb e para edhe m\u00eb e dashura, sepse, shtoi ai,prind\u00ebrit tan\u00eb aq shum\u00eb edhe me plot mall na kishin folur p\u00ebr k\u00ebt\u00eb qytet me vlera t\u00eb m\u00ebdha t\u00eb trash\u00ebgimis\u00eb kulturore dhe shpirt\u00ebrore.<\/p>\n<p>\u201cM\u00eb erdh shum\u00eb keq, bibliotek\u00ebn e gjeta n\u00eb gjendje t\u00eb mjeruar, me libra t\u00eb djegura \u201cp\u00ebr t\u00eb \u00e7rrenjosur komunizmin\u201d! Librin duhet ruajtur, pa marr\u00eb parasysh p\u00ebrmbajtjen dhe autorin.Tash shoh se, kjo \u201csht\u00ebpi\u201d e librit qenka nj\u00eb model i v\u00ebrtet\u00eb se si duhet t\u00eb jet\u00eb nj\u00eb institucion i k\u00ebsaj natyre\u201d,- u shpreh poeti para publikut t\u00eb pranish\u00ebm.<\/p>\n<p>Ai permendi tri veprimtari kulturore \u2013 letrare mbar\u00ebkomb\u00ebtare q\u00eb me vite t\u00eb t\u00ebra organizon edhe ka udh\u00ebhequr, si \u201cKalimerja poetike\u201d me \u201cArt Club\u201d dhe \u201cDita e poezis\u00eb shqipe n\u00eb Shas\u201d me K\u00ebshillin Nacional t\u00eb Shqiptar\u00ebve n\u00eb Malin e Zi dhe Festivalin e grave krijuese n\u00eb kuad\u00ebr t\u00eb \u201cSken\u00ebs verore\u201d n\u00eb Kala t\u00eb Ulqinit.<\/p>\n<p>\u201cUn\u00eb, si\u00e7 e ka n\u00ebnvizuar edhe recenzenti Ramadan Musliu, kritik i spikatur bashk\u00ebkohor nga Prishtina,shpesh poezit\u00eb edhe tregimet p\u00ebr f\u00ebmij\u00eb i thur gegnisht, me metafora dhe leksik t\u00eb p\u00ebrzgjedhur me funksion universal.Disi,\u00ebmb\u00ebl m\u00eb \u00ebmb\u00ebl k\u00ebndon shpirti, ndon\u00ebse i takoj brezit i cili q\u00eb n\u00eb dit\u00ebt e para krijoi n\u00eb gjuh\u00ebn ton\u00eb standarde\u201d,- u shpreh ai.<\/p>\n<p>Poeti nga Ulqini shtoi se ,jam shum\u00eb i lumtur q\u00eb n\u00eb fillim t\u00eb viteve `90-ta,n\u00eb \u201cKalimer\u00ebn poetike\u201d patem ftuar tri poetesha nga Shkodra,Brikena Smajli, Ledia Dushi dhe Vjollca Osja, t\u00eb cilat shum\u00eb shpejt u prezantuan edhe n\u00eb Kosov\u00eb, edhe ekspozita e piktor\u00ebve nga Shkodra n\u00eb Tivar,meq\u00eb n\u00eb Qendr\u00ebs s\u00eb kultur\u00ebs n\u00eb Ulqin m\u00eb thn\u00ebn\u00eb se nuk guxojn\u00eb nga policia, kurse koleg\u00ebt e tyre n\u00eb Tivar p\u00ebrkrahen menj\u00ebher\u00eb iden\u00eb ton\u00eb edhe mir\u00ebpriten piktor\u00ebt shkodran\u00eb!<\/p>\n<p>Publiku I at\u00ebhersh\u00ebm malazias ishte shum\u00eb kurreshtar\u00eb ta njohin artin\u00a0 pamor q\u00eb kultivohej n\u00eb Shqip\u00ebri edhe Galerria e arteve moderne n\u00eb Tivar u st\u00ebrmbush nga vizituesit.<\/p>\n<p>Berjashi falenderoi shum\u00eb bashk\u00ebrenduesin e\u00a0 seminarit shkencor \u201cShkodra nd\u00ebr shekuj\u201d n\u00eb t\u00eb cilin studiuesit nga \u201cART CLUB\u201d kan\u00eb prezantuar kumtesat e tyre nga fusha e gjuh\u00ebs, historis\u00eb, detaris\u00eb,etnografis\u00eb, foklorit etj.t\u00eb cilat m\u00eb von\u00eb edhe jan\u00eb publikuar n\u00eb botimet e\u00a0 Muzeut historik t\u00eb Shkodr\u00ebs.Quku ka b\u00ebr\u00eb edhe nj\u00eb \u201cm\u00ebkat\u201d tjet\u00ebr me ne,na ka dhuruar shum\u00eb libra edhe ne I kemi shp\u00ebrndar\u00eb n\u00ebp\u00ebr Ulqin, t\u00eb pritura me aq dashamir\u00ebsi nga ulqinak\u00ebt,por edhe kosovar\u00ebt, t\u00eb cil\u00ebt ende \u201cnuk kishin arritur n\u00eb Shkod\u00ebr\u201d.<\/p>\n<p>Opinione:Poetja dhe studiuesja, Brikena Smajli: Tani sa i hodha nj\u00eb sy librit edhe ka kaq shum\u00eb Ulqin e Kraj\u00eb n\u00eb t\u00eb, q\u00eb e ban librin origjinal, t\u00eb nj\u00eb fryme t\u00eb dashtun p\u00ebr ne shkodranet, plot\u00ebsue n\u00eb ndjesit\u00eb q\u00eb p\u00ebrcjell&#8230;<\/p>\n<p>Mentor Quku:Sa e bukur po me duket\u00a0 gjuha e autorit n\u00eb poezit\u00eb e librit!Ju n\u00eb Ulqin keni arritur shum\u00eb m\u00eb larg se sa Shkodra.Keni takimet letrare, keni Panairin e\u00a0 librit me nj\u00eb mosh\u00eb m\u00eb shum\u00eb se dhjet\u00ebvje\u00e7are,I cili I mungon shum\u00eb Shkodr\u00ebs.<\/p>\n<p>Skulptori, Sk\u00ebnder Kraja :T\u00eb par\u00ebt e mij jan\u00eb nga Kraja.Nga kjo ndjenj\u00eb kam punuar falas bustin e Gjergj K. Sk\u00ebnderbeu q\u00eb ndodhet para Shkoll\u00ebs s\u00eb Kraj\u00ebs, t\u00eb cilin e porositi Mehmet Bardhi.Un\u00eb ,k\u00ebtu n\u00eb Shkod\u00ebr,n\u00eb vitin 1993 kam organizuar ekspozit\u00ebn e piktorit, po ashtu nga Kraja,por jeton e vepron n\u00eb Ulqin, \u00ebsht\u00eb nj\u00eb piktor I mrekulluesh\u00ebm, ish- drejtues I SHAI \u201cART CLUB\u201d. M\u00eb ka premtuar se sivjet do t\u00eb sjell nj\u00eb grup piktor\u00ebsh n\u00eb Kolonin\u00eb time n\u00eb Velipoj\u00eb.Po e pres.<\/p>\n<p>Mbledh\u00ebsi dhe studiuesi I folklorit,Ruzhdi Poda:P\u00ebrg\u00ebzoj organizator\u00ebt p\u00ebr k\u00ebt\u00eb takim.Veprimtarin\u00eb letrare, publicistike dhe organizative t\u00eb z. Berjashi paksa e kam njohur edhe m\u00eb heret.Un\u00eb e kam prejardhjen nga Ana e Malit e ndar\u00eb dysh, por shpirt\u00ebrisht \u00ebsht\u00eb nj\u00eb.Mendoj se SHAI \u201cArt Club\u201d dhe simotrat k\u00ebtu n\u00eb Shkod\u00ebr duhet t\u00eb merren edhe trash\u00ebgimin\u00eb kulturore, sepse \u201cjemi duke munguar ne n\u00eb k\u00ebrkimet arkeologjike n\u00eb Shasin antic, n\u00eb Zues nuk kan\u00eb filluar ende\u201d.<\/p>\n<p>T\u00eb pranishmit, mysafirit I shtruan edhe pyetje tjera lidhur me krijimtarin\u00eb e tij letrare dhe publicistike.<\/p>\n<p>&nbsp;<\/p>\n<p>Legjenda:GATI U HARRUEM<\/p>\n","protected":false},"excerpt":{"rendered":"<p>Shkod\u00ebr\/Ulqin \u2013 26 prill- Shoqata e Artsit\u00ebve dhe Intelektual\u00ebve \u201cART CLUB\u201d\u00a0\u00a0 Ulqin dhe Biblioteka \u201cMARIN BARLETI\u201d Shkod\u00ebr, n\u00eb mbr\u00ebmjen e s\u00eb enjtes\u00a0 para nj\u00eb auditoriumit\u00a0 t\u00eb p\u00ebrzgjedhur,artdash\u00ebs dhe vllaz\u00ebror,kan\u00eb peruruar v\u00ebllimin me poezi \u201cGATI U HARRUEM\u201d t\u00eb poetit nga Kraja IBRAHIMM BERJASHI, i cili tash disa dekada jeton e punon n\u00eb Ulqin. Fillimisht, drejtori i [&hellip;]<\/p>\n","protected":false},"author":1,"featured_media":0,"comment_status":"open","ping_status":"closed","sticky":false,"template":"","format":"standard","meta":{"spay_email":"","jetpack_publicize_message":"","jetpack_is_tweetstorm":false,"jetpack_publicize_feature_enabled":true},"categories":[4],"tags":[],"jetpack_publicize_connections":[],"yoast_head":"<!-- This site is optimized with the Yoast SEO plugin v19.1 - https:\/\/yoast.com\/wordpress\/plugins\/seo\/ -->\n<title>Libri me poezi \u201cGati u Harruem\u201d i poetit Ibrahim Berjashi perurohet n\u00eb Shkod\u00ebr - Lajme nga Ulqini<\/title>\n<meta name=\"description\" content=\"Shkod\u00ebr\/Ulqin \u2013 26 prill- Shoqata e Artsit\u00ebve dhe Intelektual\u00ebve \u201cART CLUB\u201d\u00a0\u00a0 Ulqin dhe Biblioteka \u201cMARIN BARLETI\u201d Shkod\u00ebr, n\u00eb mbr\u00ebmjen e s\u00eb enjtes\u00a0 para\" \/>\n<meta name=\"robots\" content=\"index, follow, max-snippet:-1, max-image-preview:large, max-video-preview:-1\" \/>\n<link rel=\"canonical\" href=\"https:\/\/www.visit-ulcinj.com\/blog\/2013\/04\/26\/libri-me-poezi-gati-u-harruem-i-poetit-ibrahim-berjashi-perurohet-ne-shkoder\/\" \/>\n<meta property=\"og:locale\" content=\"en_US\" \/>\n<meta property=\"og:type\" content=\"article\" \/>\n<meta property=\"og:title\" content=\"Libri me poezi \u201cGati u Harruem\u201d i poetit Ibrahim Berjashi perurohet n\u00eb Shkod\u00ebr - Lajme nga Ulqini\" \/>\n<meta property=\"og:description\" content=\"Shkod\u00ebr\/Ulqin \u2013 26 prill- Shoqata e Artsit\u00ebve dhe Intelektual\u00ebve \u201cART CLUB\u201d\u00a0\u00a0 Ulqin dhe Biblioteka \u201cMARIN BARLETI\u201d Shkod\u00ebr, n\u00eb mbr\u00ebmjen e s\u00eb enjtes\u00a0 para\" \/>\n<meta property=\"og:url\" content=\"https:\/\/www.visit-ulcinj.com\/blog\/2013\/04\/26\/libri-me-poezi-gati-u-harruem-i-poetit-ibrahim-berjashi-perurohet-ne-shkoder\/\" \/>\n<meta property=\"og:site_name\" content=\"Lajme nga Ulqini\" \/>\n<meta property=\"article:published_time\" content=\"2013-04-26T21:57:19+00:00\" \/>\n<meta property=\"article:modified_time\" content=\"2013-04-26T21:57:41+00:00\" \/>\n<meta property=\"og:image\" content=\"http:\/\/www.visit-ulcinj.com\/blog\/wp-content\/uploads\/2013\/04\/GATI-U-HARRUAM.jpg\" \/>\n<meta name=\"twitter:label1\" content=\"Written by\" \/>\n\t<meta name=\"twitter:data1\" content=\"ulqini\" \/>\n\t<meta name=\"twitter:label2\" content=\"Est. reading time\" \/>\n\t<meta name=\"twitter:data2\" content=\"5 minutes\" \/>\n<script type=\"application\/ld+json\" class=\"yoast-schema-graph\">{\"@context\":\"https:\/\/schema.org\",\"@graph\":[{\"@type\":\"WebSite\",\"@id\":\"https:\/\/www.visit-ulcinj.com\/blog\/#website\",\"url\":\"https:\/\/www.visit-ulcinj.com\/blog\/\",\"name\":\"Lajme nga Ulqini\",\"description\":\"Lajme,Vijesti,Ulqini,Ulqin,Crna Gora,Mali i Zi\",\"potentialAction\":[{\"@type\":\"SearchAction\",\"target\":{\"@type\":\"EntryPoint\",\"urlTemplate\":\"https:\/\/www.visit-ulcinj.com\/blog\/?s={search_term_string}\"},\"query-input\":\"required name=search_term_string\"}],\"inLanguage\":\"en-US\"},{\"@type\":\"ImageObject\",\"inLanguage\":\"en-US\",\"@id\":\"https:\/\/www.visit-ulcinj.com\/blog\/2013\/04\/26\/libri-me-poezi-gati-u-harruem-i-poetit-ibrahim-berjashi-perurohet-ne-shkoder\/#primaryimage\",\"url\":\"https:\/\/www.visit-ulcinj.com\/blog\/wp-content\/uploads\/2013\/04\/GATI-U-HARRUAM.jpg\",\"contentUrl\":\"https:\/\/www.visit-ulcinj.com\/blog\/wp-content\/uploads\/2013\/04\/GATI-U-HARRUAM.jpg\",\"width\":639,\"height\":1013},{\"@type\":\"WebPage\",\"@id\":\"https:\/\/www.visit-ulcinj.com\/blog\/2013\/04\/26\/libri-me-poezi-gati-u-harruem-i-poetit-ibrahim-berjashi-perurohet-ne-shkoder\/#webpage\",\"url\":\"https:\/\/www.visit-ulcinj.com\/blog\/2013\/04\/26\/libri-me-poezi-gati-u-harruem-i-poetit-ibrahim-berjashi-perurohet-ne-shkoder\/\",\"name\":\"Libri me poezi \u201cGati u Harruem\u201d i poetit Ibrahim Berjashi perurohet n\u00eb Shkod\u00ebr - Lajme nga Ulqini\",\"isPartOf\":{\"@id\":\"https:\/\/www.visit-ulcinj.com\/blog\/#website\"},\"primaryImageOfPage\":{\"@id\":\"https:\/\/www.visit-ulcinj.com\/blog\/2013\/04\/26\/libri-me-poezi-gati-u-harruem-i-poetit-ibrahim-berjashi-perurohet-ne-shkoder\/#primaryimage\"},\"datePublished\":\"2013-04-26T21:57:19+00:00\",\"dateModified\":\"2013-04-26T21:57:41+00:00\",\"author\":{\"@id\":\"https:\/\/www.visit-ulcinj.com\/blog\/#\/schema\/person\/dcab619c614d3038751c63bc2aadc06d\"},\"description\":\"Shkod\u00ebr\/Ulqin \u2013 26 prill- Shoqata e Artsit\u00ebve dhe Intelektual\u00ebve \u201cART CLUB\u201d\u00a0\u00a0 Ulqin dhe Biblioteka \u201cMARIN BARLETI\u201d Shkod\u00ebr, n\u00eb mbr\u00ebmjen e s\u00eb enjtes\u00a0 para\",\"breadcrumb\":{\"@id\":\"https:\/\/www.visit-ulcinj.com\/blog\/2013\/04\/26\/libri-me-poezi-gati-u-harruem-i-poetit-ibrahim-berjashi-perurohet-ne-shkoder\/#breadcrumb\"},\"inLanguage\":\"en-US\",\"potentialAction\":[{\"@type\":\"ReadAction\",\"target\":[\"https:\/\/www.visit-ulcinj.com\/blog\/2013\/04\/26\/libri-me-poezi-gati-u-harruem-i-poetit-ibrahim-berjashi-perurohet-ne-shkoder\/\"]}]},{\"@type\":\"BreadcrumbList\",\"@id\":\"https:\/\/www.visit-ulcinj.com\/blog\/2013\/04\/26\/libri-me-poezi-gati-u-harruem-i-poetit-ibrahim-berjashi-perurohet-ne-shkoder\/#breadcrumb\",\"itemListElement\":[{\"@type\":\"ListItem\",\"position\":1,\"name\":\"Libri me poezi \u201cGati u Harruem\u201d i poetit Ibrahim Berjashi perurohet n\u00eb Shkod\u00ebr\"}]},{\"@type\":\"Person\",\"@id\":\"https:\/\/www.visit-ulcinj.com\/blog\/#\/schema\/person\/dcab619c614d3038751c63bc2aadc06d\",\"name\":\"ulqini\",\"sameAs\":[\"http:\/\/www.visit-ulcinj.com\"],\"url\":\"https:\/\/www.visit-ulcinj.com\/blog\/author\/admin\/\"}]}<\/script>\n<!-- \/ Yoast SEO plugin. -->","yoast_head_json":{"title":"Libri me poezi \u201cGati u Harruem\u201d i poetit Ibrahim Berjashi perurohet n\u00eb Shkod\u00ebr - Lajme nga Ulqini","description":"Shkod\u00ebr\/Ulqin \u2013 26 prill- Shoqata e Artsit\u00ebve dhe Intelektual\u00ebve \u201cART CLUB\u201d\u00a0\u00a0 Ulqin dhe Biblioteka \u201cMARIN BARLETI\u201d Shkod\u00ebr, n\u00eb mbr\u00ebmjen e s\u00eb enjtes\u00a0 para","robots":{"index":"index","follow":"follow","max-snippet":"max-snippet:-1","max-image-preview":"max-image-preview:large","max-video-preview":"max-video-preview:-1"},"canonical":"https:\/\/www.visit-ulcinj.com\/blog\/2013\/04\/26\/libri-me-poezi-gati-u-harruem-i-poetit-ibrahim-berjashi-perurohet-ne-shkoder\/","og_locale":"en_US","og_type":"article","og_title":"Libri me poezi \u201cGati u Harruem\u201d i poetit Ibrahim Berjashi perurohet n\u00eb Shkod\u00ebr - Lajme nga Ulqini","og_description":"Shkod\u00ebr\/Ulqin \u2013 26 prill- Shoqata e Artsit\u00ebve dhe Intelektual\u00ebve \u201cART CLUB\u201d\u00a0\u00a0 Ulqin dhe Biblioteka \u201cMARIN BARLETI\u201d Shkod\u00ebr, n\u00eb mbr\u00ebmjen e s\u00eb enjtes\u00a0 para","og_url":"https:\/\/www.visit-ulcinj.com\/blog\/2013\/04\/26\/libri-me-poezi-gati-u-harruem-i-poetit-ibrahim-berjashi-perurohet-ne-shkoder\/","og_site_name":"Lajme nga Ulqini","article_published_time":"2013-04-26T21:57:19+00:00","article_modified_time":"2013-04-26T21:57:41+00:00","og_image":[{"url":"http:\/\/www.visit-ulcinj.com\/blog\/wp-content\/uploads\/2013\/04\/GATI-U-HARRUAM.jpg"}],"twitter_misc":{"Written by":"ulqini","Est. reading time":"5 minutes"},"schema":{"@context":"https:\/\/schema.org","@graph":[{"@type":"WebSite","@id":"https:\/\/www.visit-ulcinj.com\/blog\/#website","url":"https:\/\/www.visit-ulcinj.com\/blog\/","name":"Lajme nga Ulqini","description":"Lajme,Vijesti,Ulqini,Ulqin,Crna Gora,Mali i Zi","potentialAction":[{"@type":"SearchAction","target":{"@type":"EntryPoint","urlTemplate":"https:\/\/www.visit-ulcinj.com\/blog\/?s={search_term_string}"},"query-input":"required name=search_term_string"}],"inLanguage":"en-US"},{"@type":"ImageObject","inLanguage":"en-US","@id":"https:\/\/www.visit-ulcinj.com\/blog\/2013\/04\/26\/libri-me-poezi-gati-u-harruem-i-poetit-ibrahim-berjashi-perurohet-ne-shkoder\/#primaryimage","url":"https:\/\/www.visit-ulcinj.com\/blog\/wp-content\/uploads\/2013\/04\/GATI-U-HARRUAM.jpg","contentUrl":"https:\/\/www.visit-ulcinj.com\/blog\/wp-content\/uploads\/2013\/04\/GATI-U-HARRUAM.jpg","width":639,"height":1013},{"@type":"WebPage","@id":"https:\/\/www.visit-ulcinj.com\/blog\/2013\/04\/26\/libri-me-poezi-gati-u-harruem-i-poetit-ibrahim-berjashi-perurohet-ne-shkoder\/#webpage","url":"https:\/\/www.visit-ulcinj.com\/blog\/2013\/04\/26\/libri-me-poezi-gati-u-harruem-i-poetit-ibrahim-berjashi-perurohet-ne-shkoder\/","name":"Libri me poezi \u201cGati u Harruem\u201d i poetit Ibrahim Berjashi perurohet n\u00eb Shkod\u00ebr - Lajme nga Ulqini","isPartOf":{"@id":"https:\/\/www.visit-ulcinj.com\/blog\/#website"},"primaryImageOfPage":{"@id":"https:\/\/www.visit-ulcinj.com\/blog\/2013\/04\/26\/libri-me-poezi-gati-u-harruem-i-poetit-ibrahim-berjashi-perurohet-ne-shkoder\/#primaryimage"},"datePublished":"2013-04-26T21:57:19+00:00","dateModified":"2013-04-26T21:57:41+00:00","author":{"@id":"https:\/\/www.visit-ulcinj.com\/blog\/#\/schema\/person\/dcab619c614d3038751c63bc2aadc06d"},"description":"Shkod\u00ebr\/Ulqin \u2013 26 prill- Shoqata e Artsit\u00ebve dhe Intelektual\u00ebve \u201cART CLUB\u201d\u00a0\u00a0 Ulqin dhe Biblioteka \u201cMARIN BARLETI\u201d Shkod\u00ebr, n\u00eb mbr\u00ebmjen e s\u00eb enjtes\u00a0 para","breadcrumb":{"@id":"https:\/\/www.visit-ulcinj.com\/blog\/2013\/04\/26\/libri-me-poezi-gati-u-harruem-i-poetit-ibrahim-berjashi-perurohet-ne-shkoder\/#breadcrumb"},"inLanguage":"en-US","potentialAction":[{"@type":"ReadAction","target":["https:\/\/www.visit-ulcinj.com\/blog\/2013\/04\/26\/libri-me-poezi-gati-u-harruem-i-poetit-ibrahim-berjashi-perurohet-ne-shkoder\/"]}]},{"@type":"BreadcrumbList","@id":"https:\/\/www.visit-ulcinj.com\/blog\/2013\/04\/26\/libri-me-poezi-gati-u-harruem-i-poetit-ibrahim-berjashi-perurohet-ne-shkoder\/#breadcrumb","itemListElement":[{"@type":"ListItem","position":1,"name":"Libri me poezi \u201cGati u Harruem\u201d i poetit Ibrahim Berjashi perurohet n\u00eb Shkod\u00ebr"}]},{"@type":"Person","@id":"https:\/\/www.visit-ulcinj.com\/blog\/#\/schema\/person\/dcab619c614d3038751c63bc2aadc06d","name":"ulqini","sameAs":["http:\/\/www.visit-ulcinj.com"],"url":"https:\/\/www.visit-ulcinj.com\/blog\/author\/admin\/"}]}},"jetpack_featured_media_url":"","jetpack_sharing_enabled":true,"jetpack_shortlink":"https:\/\/wp.me\/pe6lTn-iqE","_links":{"self":[{"href":"https:\/\/www.visit-ulcinj.com\/blog\/wp-json\/wp\/v2\/posts\/70844"}],"collection":[{"href":"https:\/\/www.visit-ulcinj.com\/blog\/wp-json\/wp\/v2\/posts"}],"about":[{"href":"https:\/\/www.visit-ulcinj.com\/blog\/wp-json\/wp\/v2\/types\/post"}],"author":[{"embeddable":true,"href":"https:\/\/www.visit-ulcinj.com\/blog\/wp-json\/wp\/v2\/users\/1"}],"replies":[{"embeddable":true,"href":"https:\/\/www.visit-ulcinj.com\/blog\/wp-json\/wp\/v2\/comments?post=70844"}],"version-history":[{"count":2,"href":"https:\/\/www.visit-ulcinj.com\/blog\/wp-json\/wp\/v2\/posts\/70844\/revisions"}],"predecessor-version":[{"id":70847,"href":"https:\/\/www.visit-ulcinj.com\/blog\/wp-json\/wp\/v2\/posts\/70844\/revisions\/70847"}],"wp:attachment":[{"href":"https:\/\/www.visit-ulcinj.com\/blog\/wp-json\/wp\/v2\/media?parent=70844"}],"wp:term":[{"taxonomy":"category","embeddable":true,"href":"https:\/\/www.visit-ulcinj.com\/blog\/wp-json\/wp\/v2\/categories?post=70844"},{"taxonomy":"post_tag","embeddable":true,"href":"https:\/\/www.visit-ulcinj.com\/blog\/wp-json\/wp\/v2\/tags?post=70844"}],"curies":[{"name":"wp","href":"https:\/\/api.w.org\/{rel}","templated":true}]}}