{"id":70851,"date":"2013-04-28T07:48:19","date_gmt":"2013-04-28T06:48:19","guid":{"rendered":"http:\/\/www.visit-ulcinj.com\/blog\/?p=70851"},"modified":"2013-04-30T00:16:30","modified_gmt":"2013-04-29T23:16:30","slug":"ulqini-vershon-nga-eskursionet-e-nxenesve","status":"publish","type":"post","link":"https:\/\/www.visit-ulcinj.com\/blog\/2013\/04\/28\/ulqini-vershon-nga-eskursionet-e-nxenesve\/","title":{"rendered":"Ulqini  v\u00ebrshon nga eskursionet e nx\u00ebn\u00ebsve"},"content":{"rendered":"<p><a href=\"http:\/\/www.visit-ulcinj.com\/blog\/wp-content\/uploads\/2013\/04\/Ulqini-sot.jpg\"><img loading=\"lazy\" class=\"alignleft  wp-image-70852\" alt=\"Ulqini sot\" src=\"http:\/\/www.visit-ulcinj.com\/blog\/wp-content\/uploads\/2013\/04\/Ulqini-sot.jpg\" width=\"508\" height=\"360\" \/><\/a>Koha e mir\u00eb q\u00eb po mbret\u00ebron po u shkon n\u00eb favor nx\u00ebn\u00ebsve q\u00eb vizitojn\u00eb Ulqinin, sepse p\u00ebr t\u00eb gjith\u00eb ata, Ulqini \u00ebsht\u00eb mjaft t\u00ebrheq\u00ebse dhe atraktive me bukurit\u00eb dhe dhe vlerat e saj\u00eb.<br \/>\nUlqini \u00ebsht\u00eb dhe mbetet t\u00ebrheq\u00ebse p\u00ebr ekspeditat dhe eskursionet shkollore. Gati t\u00eb gjith\u00eb nx\u00ebn\u00ebsit jan\u00eb n\u00eb dijeni p\u00ebr vetit\u00eb,\u00a0 bukurit\u00eb dhe karakteristikat q\u00eb ka Ulqini.<br \/>\nTradicionalisht, muaji maj \u00ebsht\u00eb muaj q\u00eb t\u00ebrheq eskursionet e shkollave fillore dhe atyre t\u00eb m\u00ebsme, q\u00eb viteve t\u00eb fundit paksa e kan\u00eb anashkaluar Ulqinin, duke e z\u00ebv\u00ebnd\u00ebsuar n\u00eb bregdetin e Shqip\u00ebris\u00eb apo ndonj\u00eb destinacion tjet\u00ebr.<\/p>\n<p>Megjithate, dit\u00ebve t\u00eb fundit, sidomos n\u00eb dekad\u00ebn e tret\u00eb t\u00eb muajit prill jan\u00eb shtuar vizitat e nx\u00ebn\u00ebsve t\u00eb shkollave fillore nga Shqip\u00ebria, Kosova, Maqedonia, Bosna dhe Hercegovina dhe viset tjera t\u00eb Evropes, q\u00eb mund t\u00eb jet\u00eb sinjal se do t\u00eb p\u00ebrs\u00ebriten vitet e m\u00ebparshme, kur n\u00eb Ulqin v\u00ebrshonin nx\u00ebn\u00ebsit e shkollave fillore n\u00eb eskursionet e planifikuara n\u00eb bregdetin e Ulqinit.<\/p>\n<p><iframe loading=\"lazy\" width=\"508\" height=\"360\" src=\"http:\/\/www.youtube.com\/embed\/krenWSTS1dY\" frameborder=\"0\" allowfullscreen><\/iframe><\/p>\n","protected":false},"excerpt":{"rendered":"<p>Koha e mir\u00eb q\u00eb po mbret\u00ebron po u shkon n\u00eb favor nx\u00ebn\u00ebsve q\u00eb vizitojn\u00eb Ulqinin, sepse p\u00ebr t\u00eb gjith\u00eb ata, Ulqini \u00ebsht\u00eb mjaft t\u00ebrheq\u00ebse dhe atraktive me bukurit\u00eb dhe dhe vlerat e saj\u00eb. Ulqini \u00ebsht\u00eb dhe mbetet t\u00ebrheq\u00ebse p\u00ebr ekspeditat dhe eskursionet shkollore. Gati t\u00eb gjith\u00eb nx\u00ebn\u00ebsit jan\u00eb n\u00eb dijeni p\u00ebr vetit\u00eb,\u00a0 bukurit\u00eb dhe karakteristikat [&hellip;]<\/p>\n","protected":false},"author":1,"featured_media":0,"comment_status":"open","ping_status":"closed","sticky":false,"template":"","format":"standard","meta":{"spay_email":"","jetpack_publicize_message":"","jetpack_is_tweetstorm":false,"jetpack_publicize_feature_enabled":true},"categories":[1,15],"tags":[],"jetpack_publicize_connections":[],"yoast_head":"<!-- This site is optimized with the Yoast SEO plugin v19.1 - https:\/\/yoast.com\/wordpress\/plugins\/seo\/ -->\n<title>Ulqini v\u00ebrshon nga eskursionet e nx\u00ebn\u00ebsve - Lajme nga Ulqini<\/title>\n<meta name=\"description\" content=\"Koha e mir\u00eb q\u00eb po mbret\u00ebron po u shkon n\u00eb favor nx\u00ebn\u00ebsve q\u00eb vizitojn\u00eb Ulqinin, sepse p\u00ebr t\u00eb gjith\u00eb ata, Ulqini \u00ebsht\u00eb mjaft t\u00ebrheq\u00ebse dhe atraktive me\" \/>\n<meta name=\"robots\" content=\"index, follow, max-snippet:-1, max-image-preview:large, max-video-preview:-1\" \/>\n<link rel=\"canonical\" href=\"https:\/\/www.visit-ulcinj.com\/blog\/2013\/04\/28\/ulqini-vershon-nga-eskursionet-e-nxenesve\/\" \/>\n<meta property=\"og:locale\" content=\"en_US\" \/>\n<meta property=\"og:type\" content=\"article\" \/>\n<meta property=\"og:title\" content=\"Ulqini v\u00ebrshon nga eskursionet e nx\u00ebn\u00ebsve - Lajme nga Ulqini\" \/>\n<meta property=\"og:description\" content=\"Koha e mir\u00eb q\u00eb po mbret\u00ebron po u shkon n\u00eb favor nx\u00ebn\u00ebsve q\u00eb vizitojn\u00eb Ulqinin, sepse p\u00ebr t\u00eb gjith\u00eb ata, Ulqini \u00ebsht\u00eb mjaft t\u00ebrheq\u00ebse dhe atraktive me\" \/>\n<meta property=\"og:url\" content=\"https:\/\/www.visit-ulcinj.com\/blog\/2013\/04\/28\/ulqini-vershon-nga-eskursionet-e-nxenesve\/\" \/>\n<meta property=\"og:site_name\" content=\"Lajme nga Ulqini\" \/>\n<meta property=\"article:published_time\" content=\"2013-04-28T06:48:19+00:00\" \/>\n<meta property=\"article:modified_time\" content=\"2013-04-29T23:16:30+00:00\" \/>\n<meta property=\"og:image\" content=\"http:\/\/www.visit-ulcinj.com\/blog\/wp-content\/uploads\/2013\/04\/Ulqini-sot.jpg\" \/>\n<meta name=\"twitter:label1\" content=\"Written by\" \/>\n\t<meta name=\"twitter:data1\" content=\"ulqini\" \/>\n\t<meta name=\"twitter:label2\" content=\"Est. reading time\" \/>\n\t<meta name=\"twitter:data2\" content=\"1 minute\" \/>\n<script type=\"application\/ld+json\" class=\"yoast-schema-graph\">{\"@context\":\"https:\/\/schema.org\",\"@graph\":[{\"@type\":\"WebSite\",\"@id\":\"https:\/\/www.visit-ulcinj.com\/blog\/#website\",\"url\":\"https:\/\/www.visit-ulcinj.com\/blog\/\",\"name\":\"Lajme nga Ulqini\",\"description\":\"Lajme,Vijesti,Ulqini,Ulqin,Crna Gora,Mali i Zi\",\"potentialAction\":[{\"@type\":\"SearchAction\",\"target\":{\"@type\":\"EntryPoint\",\"urlTemplate\":\"https:\/\/www.visit-ulcinj.com\/blog\/?s={search_term_string}\"},\"query-input\":\"required name=search_term_string\"}],\"inLanguage\":\"en-US\"},{\"@type\":\"ImageObject\",\"inLanguage\":\"en-US\",\"@id\":\"https:\/\/www.visit-ulcinj.com\/blog\/2013\/04\/28\/ulqini-vershon-nga-eskursionet-e-nxenesve\/#primaryimage\",\"url\":\"https:\/\/www.visit-ulcinj.com\/blog\/wp-content\/uploads\/2013\/04\/Ulqini-sot.jpg\",\"contentUrl\":\"https:\/\/www.visit-ulcinj.com\/blog\/wp-content\/uploads\/2013\/04\/Ulqini-sot.jpg\",\"width\":1000,\"height\":667},{\"@type\":\"WebPage\",\"@id\":\"https:\/\/www.visit-ulcinj.com\/blog\/2013\/04\/28\/ulqini-vershon-nga-eskursionet-e-nxenesve\/#webpage\",\"url\":\"https:\/\/www.visit-ulcinj.com\/blog\/2013\/04\/28\/ulqini-vershon-nga-eskursionet-e-nxenesve\/\",\"name\":\"Ulqini v\u00ebrshon nga eskursionet e nx\u00ebn\u00ebsve - Lajme nga Ulqini\",\"isPartOf\":{\"@id\":\"https:\/\/www.visit-ulcinj.com\/blog\/#website\"},\"primaryImageOfPage\":{\"@id\":\"https:\/\/www.visit-ulcinj.com\/blog\/2013\/04\/28\/ulqini-vershon-nga-eskursionet-e-nxenesve\/#primaryimage\"},\"datePublished\":\"2013-04-28T06:48:19+00:00\",\"dateModified\":\"2013-04-29T23:16:30+00:00\",\"author\":{\"@id\":\"https:\/\/www.visit-ulcinj.com\/blog\/#\/schema\/person\/dcab619c614d3038751c63bc2aadc06d\"},\"description\":\"Koha e mir\u00eb q\u00eb po mbret\u00ebron po u shkon n\u00eb favor nx\u00ebn\u00ebsve q\u00eb vizitojn\u00eb Ulqinin, sepse p\u00ebr t\u00eb gjith\u00eb ata, Ulqini \u00ebsht\u00eb mjaft t\u00ebrheq\u00ebse dhe atraktive me\",\"breadcrumb\":{\"@id\":\"https:\/\/www.visit-ulcinj.com\/blog\/2013\/04\/28\/ulqini-vershon-nga-eskursionet-e-nxenesve\/#breadcrumb\"},\"inLanguage\":\"en-US\",\"potentialAction\":[{\"@type\":\"ReadAction\",\"target\":[\"https:\/\/www.visit-ulcinj.com\/blog\/2013\/04\/28\/ulqini-vershon-nga-eskursionet-e-nxenesve\/\"]}]},{\"@type\":\"BreadcrumbList\",\"@id\":\"https:\/\/www.visit-ulcinj.com\/blog\/2013\/04\/28\/ulqini-vershon-nga-eskursionet-e-nxenesve\/#breadcrumb\",\"itemListElement\":[{\"@type\":\"ListItem\",\"position\":1,\"name\":\"Ulqini v\u00ebrshon nga eskursionet e nx\u00ebn\u00ebsve\"}]},{\"@type\":\"Person\",\"@id\":\"https:\/\/www.visit-ulcinj.com\/blog\/#\/schema\/person\/dcab619c614d3038751c63bc2aadc06d\",\"name\":\"ulqini\",\"sameAs\":[\"http:\/\/www.visit-ulcinj.com\"],\"url\":\"https:\/\/www.visit-ulcinj.com\/blog\/author\/admin\/\"}]}<\/script>\n<!-- \/ Yoast SEO plugin. -->","yoast_head_json":{"title":"Ulqini v\u00ebrshon nga eskursionet e nx\u00ebn\u00ebsve - Lajme nga Ulqini","description":"Koha e mir\u00eb q\u00eb po mbret\u00ebron po u shkon n\u00eb favor nx\u00ebn\u00ebsve q\u00eb vizitojn\u00eb Ulqinin, sepse p\u00ebr t\u00eb gjith\u00eb ata, Ulqini \u00ebsht\u00eb mjaft t\u00ebrheq\u00ebse dhe atraktive me","robots":{"index":"index","follow":"follow","max-snippet":"max-snippet:-1","max-image-preview":"max-image-preview:large","max-video-preview":"max-video-preview:-1"},"canonical":"https:\/\/www.visit-ulcinj.com\/blog\/2013\/04\/28\/ulqini-vershon-nga-eskursionet-e-nxenesve\/","og_locale":"en_US","og_type":"article","og_title":"Ulqini v\u00ebrshon nga eskursionet e nx\u00ebn\u00ebsve - Lajme nga Ulqini","og_description":"Koha e mir\u00eb q\u00eb po mbret\u00ebron po u shkon n\u00eb favor nx\u00ebn\u00ebsve q\u00eb vizitojn\u00eb Ulqinin, sepse p\u00ebr t\u00eb gjith\u00eb ata, Ulqini \u00ebsht\u00eb mjaft t\u00ebrheq\u00ebse dhe atraktive me","og_url":"https:\/\/www.visit-ulcinj.com\/blog\/2013\/04\/28\/ulqini-vershon-nga-eskursionet-e-nxenesve\/","og_site_name":"Lajme nga Ulqini","article_published_time":"2013-04-28T06:48:19+00:00","article_modified_time":"2013-04-29T23:16:30+00:00","og_image":[{"url":"http:\/\/www.visit-ulcinj.com\/blog\/wp-content\/uploads\/2013\/04\/Ulqini-sot.jpg"}],"twitter_misc":{"Written by":"ulqini","Est. reading time":"1 minute"},"schema":{"@context":"https:\/\/schema.org","@graph":[{"@type":"WebSite","@id":"https:\/\/www.visit-ulcinj.com\/blog\/#website","url":"https:\/\/www.visit-ulcinj.com\/blog\/","name":"Lajme nga Ulqini","description":"Lajme,Vijesti,Ulqini,Ulqin,Crna Gora,Mali i Zi","potentialAction":[{"@type":"SearchAction","target":{"@type":"EntryPoint","urlTemplate":"https:\/\/www.visit-ulcinj.com\/blog\/?s={search_term_string}"},"query-input":"required name=search_term_string"}],"inLanguage":"en-US"},{"@type":"ImageObject","inLanguage":"en-US","@id":"https:\/\/www.visit-ulcinj.com\/blog\/2013\/04\/28\/ulqini-vershon-nga-eskursionet-e-nxenesve\/#primaryimage","url":"https:\/\/www.visit-ulcinj.com\/blog\/wp-content\/uploads\/2013\/04\/Ulqini-sot.jpg","contentUrl":"https:\/\/www.visit-ulcinj.com\/blog\/wp-content\/uploads\/2013\/04\/Ulqini-sot.jpg","width":1000,"height":667},{"@type":"WebPage","@id":"https:\/\/www.visit-ulcinj.com\/blog\/2013\/04\/28\/ulqini-vershon-nga-eskursionet-e-nxenesve\/#webpage","url":"https:\/\/www.visit-ulcinj.com\/blog\/2013\/04\/28\/ulqini-vershon-nga-eskursionet-e-nxenesve\/","name":"Ulqini v\u00ebrshon nga eskursionet e nx\u00ebn\u00ebsve - Lajme nga Ulqini","isPartOf":{"@id":"https:\/\/www.visit-ulcinj.com\/blog\/#website"},"primaryImageOfPage":{"@id":"https:\/\/www.visit-ulcinj.com\/blog\/2013\/04\/28\/ulqini-vershon-nga-eskursionet-e-nxenesve\/#primaryimage"},"datePublished":"2013-04-28T06:48:19+00:00","dateModified":"2013-04-29T23:16:30+00:00","author":{"@id":"https:\/\/www.visit-ulcinj.com\/blog\/#\/schema\/person\/dcab619c614d3038751c63bc2aadc06d"},"description":"Koha e mir\u00eb q\u00eb po mbret\u00ebron po u shkon n\u00eb favor nx\u00ebn\u00ebsve q\u00eb vizitojn\u00eb Ulqinin, sepse p\u00ebr t\u00eb gjith\u00eb ata, Ulqini \u00ebsht\u00eb mjaft t\u00ebrheq\u00ebse dhe atraktive me","breadcrumb":{"@id":"https:\/\/www.visit-ulcinj.com\/blog\/2013\/04\/28\/ulqini-vershon-nga-eskursionet-e-nxenesve\/#breadcrumb"},"inLanguage":"en-US","potentialAction":[{"@type":"ReadAction","target":["https:\/\/www.visit-ulcinj.com\/blog\/2013\/04\/28\/ulqini-vershon-nga-eskursionet-e-nxenesve\/"]}]},{"@type":"BreadcrumbList","@id":"https:\/\/www.visit-ulcinj.com\/blog\/2013\/04\/28\/ulqini-vershon-nga-eskursionet-e-nxenesve\/#breadcrumb","itemListElement":[{"@type":"ListItem","position":1,"name":"Ulqini v\u00ebrshon nga eskursionet e nx\u00ebn\u00ebsve"}]},{"@type":"Person","@id":"https:\/\/www.visit-ulcinj.com\/blog\/#\/schema\/person\/dcab619c614d3038751c63bc2aadc06d","name":"ulqini","sameAs":["http:\/\/www.visit-ulcinj.com"],"url":"https:\/\/www.visit-ulcinj.com\/blog\/author\/admin\/"}]}},"jetpack_featured_media_url":"","jetpack_sharing_enabled":true,"jetpack_shortlink":"https:\/\/wp.me\/pe6lTn-iqL","_links":{"self":[{"href":"https:\/\/www.visit-ulcinj.com\/blog\/wp-json\/wp\/v2\/posts\/70851"}],"collection":[{"href":"https:\/\/www.visit-ulcinj.com\/blog\/wp-json\/wp\/v2\/posts"}],"about":[{"href":"https:\/\/www.visit-ulcinj.com\/blog\/wp-json\/wp\/v2\/types\/post"}],"author":[{"embeddable":true,"href":"https:\/\/www.visit-ulcinj.com\/blog\/wp-json\/wp\/v2\/users\/1"}],"replies":[{"embeddable":true,"href":"https:\/\/www.visit-ulcinj.com\/blog\/wp-json\/wp\/v2\/comments?post=70851"}],"version-history":[{"count":4,"href":"https:\/\/www.visit-ulcinj.com\/blog\/wp-json\/wp\/v2\/posts\/70851\/revisions"}],"predecessor-version":[{"id":70882,"href":"https:\/\/www.visit-ulcinj.com\/blog\/wp-json\/wp\/v2\/posts\/70851\/revisions\/70882"}],"wp:attachment":[{"href":"https:\/\/www.visit-ulcinj.com\/blog\/wp-json\/wp\/v2\/media?parent=70851"}],"wp:term":[{"taxonomy":"category","embeddable":true,"href":"https:\/\/www.visit-ulcinj.com\/blog\/wp-json\/wp\/v2\/categories?post=70851"},{"taxonomy":"post_tag","embeddable":true,"href":"https:\/\/www.visit-ulcinj.com\/blog\/wp-json\/wp\/v2\/tags?post=70851"}],"curies":[{"name":"wp","href":"https:\/\/api.w.org\/{rel}","templated":true}]}}