{"id":70854,"date":"2013-04-28T08:37:55","date_gmt":"2013-04-28T07:37:55","guid":{"rendered":"http:\/\/www.visit-ulcinj.com\/blog\/?p=70854"},"modified":"2013-05-07T09:47:41","modified_gmt":"2013-05-07T08:47:41","slug":"astrit-mulaj-sjell-nje-super-balade-me-gilin-ne-ulqin-video","status":"publish","type":"post","link":"https:\/\/www.visit-ulcinj.com\/blog\/2013\/04\/28\/astrit-mulaj-sjell-nje-super-balade-me-gilin-ne-ulqin-video\/","title":{"rendered":"Astrit Mulaj sjell nj\u00eb super balad\u00eb me Gilin n\u00eb Ulqin &#8211; Video"},"content":{"rendered":"<p><a href=\"http:\/\/www.visit-ulcinj.com\/blog\/wp-content\/uploads\/2013\/04\/Astrit-Mulaj-dhe-gili.jpg\"><img loading=\"lazy\" class=\"alignleft size-full wp-image-70855\" alt=\"Astrit Mulaj dhe gili\" src=\"http:\/\/www.visit-ulcinj.com\/blog\/wp-content\/uploads\/2013\/04\/Astrit-Mulaj-dhe-gili.jpg\" width=\"400\" height=\"201\" srcset=\"https:\/\/www.visit-ulcinj.com\/blog\/wp-content\/uploads\/2013\/04\/Astrit-Mulaj-dhe-gili.jpg 400w, https:\/\/www.visit-ulcinj.com\/blog\/wp-content\/uploads\/2013\/04\/Astrit-Mulaj-dhe-gili-300x150.jpg 300w\" sizes=\"(max-width: 400px) 100vw, 400px\" \/><\/a>K\u00ebng\u00ebtari i shum\u00eb hiteve shqiptare Astrit Mulaj do t\u00eb vij\u00eb k\u00ebto dit\u00eb me nj\u00eb super k\u00ebng\u00eb t\u00eb bukur, ku \u00ebsht\u00eb gati edhe video e saj. Kjo k\u00ebng\u00eb \u00ebsht\u00eb n\u00eb bashk\u00ebpunim me k\u00ebng\u00ebtaren e njohur Gili dhe \u00ebsht\u00eb krijuar nga Ilir Berani, bashk\u00ebpun\u00ebtori i ngusht\u00eb i Astritit.<\/p>\n<p>K\u00ebnga m\u00ebsuam se do t\u00eb jet\u00eb nj\u00eb balad\u00eb dhe videoklipi \u00ebsht\u00eb realizuar n\u00eb Ulqin. Astriti ka vite q\u00eb jeton n\u00eb Zvic\u00ebr, por \u00ebsht\u00eb nga Kosova, nd\u00ebrsa cil\u00ebsohet si nj\u00eb nga k\u00ebng\u00ebtar\u00ebt jo vet\u00ebm me z\u00ebrin e \u00ebmb\u00ebl, por edhe i preferuar apo simpatiku i femrave.<\/p>\n<p>Deri tani k\u00ebng\u00ebtari ka realizuar 14 k\u00ebng\u00eb dhe videoklipi q\u00eb po vjen do t\u00eb jet\u00eb i gjashti me rradh\u00eb. Astriti \u00ebsht\u00eb nj\u00eb nga k\u00ebng\u00ebtar\u00ebt m\u00eb t\u00eb preferuar, jo vet\u00ebm n\u00eb koncerte por edhe n\u00eb dasmat shqiptare, nd\u00ebrsa k\u00ebng\u00ebt e tij jan\u00eb kthyer n\u00eb hite t\u00eb bukura shqiptare q\u00eb i d\u00ebgjojn\u00eb t\u00eb gjith\u00eb.<\/p>\n<p>M\u00ebsojm\u00eb gjithashtu se k\u00ebng\u00ebtari \u00ebsht\u00eb duke u p\u00ebrgaditur edhe p\u00ebr albumin e ri, ku do ta sjell\u00eb at\u00eb nga fundi i vitit, dhe shum\u00eb shpejt do t\u00eb jet\u00eb n\u00eb Kosov\u00eb p\u00ebr t\u00eb promovuar edhe k\u00ebng\u00ebn e re. Idea e k\u00ebtij bashk\u00ebpunimi q\u00eb po pritet me \u00ebndje nga t\u00eb gjith\u00eb, padiskutim se do t\u00eb jet\u00eb nj\u00eb nga hitet balad\u00eb t\u00eb k\u00ebsaj vere q\u00eb po vjen.<\/p>\n<p>Gazeta Lajm<\/p>\n<p><iframe loading=\"lazy\" width=\"508\" height=\"360\" src=\"http:\/\/www.youtube.com\/embed\/6lA9rLMi_P0\" frameborder=\"0\" allowfullscreen><\/iframe><\/p>\n","protected":false},"excerpt":{"rendered":"<p>K\u00ebng\u00ebtari i shum\u00eb hiteve shqiptare Astrit Mulaj do t\u00eb vij\u00eb k\u00ebto dit\u00eb me nj\u00eb super k\u00ebng\u00eb t\u00eb bukur, ku \u00ebsht\u00eb gati edhe video e saj. Kjo k\u00ebng\u00eb \u00ebsht\u00eb n\u00eb bashk\u00ebpunim me k\u00ebng\u00ebtaren e njohur Gili dhe \u00ebsht\u00eb krijuar nga Ilir Berani, bashk\u00ebpun\u00ebtori i ngusht\u00eb i Astritit. K\u00ebnga m\u00ebsuam se do t\u00eb jet\u00eb nj\u00eb balad\u00eb dhe [&hellip;]<\/p>\n","protected":false},"author":1,"featured_media":0,"comment_status":"open","ping_status":"closed","sticky":false,"template":"","format":"standard","meta":{"spay_email":"","jetpack_publicize_message":"","jetpack_is_tweetstorm":false,"jetpack_publicize_feature_enabled":true},"categories":[1],"tags":[],"jetpack_publicize_connections":[],"yoast_head":"<!-- This site is optimized with the Yoast SEO plugin v19.1 - https:\/\/yoast.com\/wordpress\/plugins\/seo\/ -->\n<title>Astrit Mulaj sjell nj\u00eb super balad\u00eb me Gilin n\u00eb Ulqin - Video - Lajme nga Ulqini<\/title>\n<meta name=\"description\" content=\"K\u00ebng\u00ebtari i shum\u00eb hiteve shqiptare Astrit Mulaj do t\u00eb vij\u00eb k\u00ebto dit\u00eb me nj\u00eb super k\u00ebng\u00eb t\u00eb bukur, ku \u00ebsht\u00eb gati edhe video e saj. Kjo k\u00ebng\u00eb \u00ebsht\u00eb n\u00eb\" \/>\n<meta name=\"robots\" content=\"index, follow, max-snippet:-1, max-image-preview:large, max-video-preview:-1\" \/>\n<link rel=\"canonical\" href=\"https:\/\/www.visit-ulcinj.com\/blog\/2013\/04\/28\/astrit-mulaj-sjell-nje-super-balade-me-gilin-ne-ulqin-video\/\" \/>\n<meta property=\"og:locale\" content=\"en_US\" \/>\n<meta property=\"og:type\" content=\"article\" \/>\n<meta property=\"og:title\" content=\"Astrit Mulaj sjell nj\u00eb super balad\u00eb me Gilin n\u00eb Ulqin - Video - Lajme nga Ulqini\" \/>\n<meta property=\"og:description\" content=\"K\u00ebng\u00ebtari i shum\u00eb hiteve shqiptare Astrit Mulaj do t\u00eb vij\u00eb k\u00ebto dit\u00eb me nj\u00eb super k\u00ebng\u00eb t\u00eb bukur, ku \u00ebsht\u00eb gati edhe video e saj. Kjo k\u00ebng\u00eb \u00ebsht\u00eb n\u00eb\" \/>\n<meta property=\"og:url\" content=\"https:\/\/www.visit-ulcinj.com\/blog\/2013\/04\/28\/astrit-mulaj-sjell-nje-super-balade-me-gilin-ne-ulqin-video\/\" \/>\n<meta property=\"og:site_name\" content=\"Lajme nga Ulqini\" \/>\n<meta property=\"article:published_time\" content=\"2013-04-28T07:37:55+00:00\" \/>\n<meta property=\"article:modified_time\" content=\"2013-05-07T08:47:41+00:00\" \/>\n<meta property=\"og:image\" content=\"http:\/\/www.visit-ulcinj.com\/blog\/wp-content\/uploads\/2013\/04\/Astrit-Mulaj-dhe-gili.jpg\" \/>\n<meta name=\"twitter:label1\" content=\"Written by\" \/>\n\t<meta name=\"twitter:data1\" content=\"ulqini\" \/>\n\t<meta name=\"twitter:label2\" content=\"Est. reading time\" \/>\n\t<meta name=\"twitter:data2\" content=\"1 minute\" \/>\n<script type=\"application\/ld+json\" class=\"yoast-schema-graph\">{\"@context\":\"https:\/\/schema.org\",\"@graph\":[{\"@type\":\"WebSite\",\"@id\":\"https:\/\/www.visit-ulcinj.com\/blog\/#website\",\"url\":\"https:\/\/www.visit-ulcinj.com\/blog\/\",\"name\":\"Lajme nga Ulqini\",\"description\":\"Lajme,Vijesti,Ulqini,Ulqin,Crna Gora,Mali i Zi\",\"potentialAction\":[{\"@type\":\"SearchAction\",\"target\":{\"@type\":\"EntryPoint\",\"urlTemplate\":\"https:\/\/www.visit-ulcinj.com\/blog\/?s={search_term_string}\"},\"query-input\":\"required name=search_term_string\"}],\"inLanguage\":\"en-US\"},{\"@type\":\"ImageObject\",\"inLanguage\":\"en-US\",\"@id\":\"https:\/\/www.visit-ulcinj.com\/blog\/2013\/04\/28\/astrit-mulaj-sjell-nje-super-balade-me-gilin-ne-ulqin-video\/#primaryimage\",\"url\":\"https:\/\/www.visit-ulcinj.com\/blog\/wp-content\/uploads\/2013\/04\/Astrit-Mulaj-dhe-gili.jpg\",\"contentUrl\":\"https:\/\/www.visit-ulcinj.com\/blog\/wp-content\/uploads\/2013\/04\/Astrit-Mulaj-dhe-gili.jpg\",\"width\":400,\"height\":201},{\"@type\":\"WebPage\",\"@id\":\"https:\/\/www.visit-ulcinj.com\/blog\/2013\/04\/28\/astrit-mulaj-sjell-nje-super-balade-me-gilin-ne-ulqin-video\/#webpage\",\"url\":\"https:\/\/www.visit-ulcinj.com\/blog\/2013\/04\/28\/astrit-mulaj-sjell-nje-super-balade-me-gilin-ne-ulqin-video\/\",\"name\":\"Astrit Mulaj sjell nj\u00eb super balad\u00eb me Gilin n\u00eb Ulqin - Video - Lajme nga Ulqini\",\"isPartOf\":{\"@id\":\"https:\/\/www.visit-ulcinj.com\/blog\/#website\"},\"primaryImageOfPage\":{\"@id\":\"https:\/\/www.visit-ulcinj.com\/blog\/2013\/04\/28\/astrit-mulaj-sjell-nje-super-balade-me-gilin-ne-ulqin-video\/#primaryimage\"},\"datePublished\":\"2013-04-28T07:37:55+00:00\",\"dateModified\":\"2013-05-07T08:47:41+00:00\",\"author\":{\"@id\":\"https:\/\/www.visit-ulcinj.com\/blog\/#\/schema\/person\/dcab619c614d3038751c63bc2aadc06d\"},\"description\":\"K\u00ebng\u00ebtari i shum\u00eb hiteve shqiptare Astrit Mulaj do t\u00eb vij\u00eb k\u00ebto dit\u00eb me nj\u00eb super k\u00ebng\u00eb t\u00eb bukur, ku \u00ebsht\u00eb gati edhe video e saj. Kjo k\u00ebng\u00eb \u00ebsht\u00eb n\u00eb\",\"breadcrumb\":{\"@id\":\"https:\/\/www.visit-ulcinj.com\/blog\/2013\/04\/28\/astrit-mulaj-sjell-nje-super-balade-me-gilin-ne-ulqin-video\/#breadcrumb\"},\"inLanguage\":\"en-US\",\"potentialAction\":[{\"@type\":\"ReadAction\",\"target\":[\"https:\/\/www.visit-ulcinj.com\/blog\/2013\/04\/28\/astrit-mulaj-sjell-nje-super-balade-me-gilin-ne-ulqin-video\/\"]}]},{\"@type\":\"BreadcrumbList\",\"@id\":\"https:\/\/www.visit-ulcinj.com\/blog\/2013\/04\/28\/astrit-mulaj-sjell-nje-super-balade-me-gilin-ne-ulqin-video\/#breadcrumb\",\"itemListElement\":[{\"@type\":\"ListItem\",\"position\":1,\"name\":\"Astrit Mulaj sjell nj\u00eb super balad\u00eb me Gilin n\u00eb Ulqin &#8211; Video\"}]},{\"@type\":\"Person\",\"@id\":\"https:\/\/www.visit-ulcinj.com\/blog\/#\/schema\/person\/dcab619c614d3038751c63bc2aadc06d\",\"name\":\"ulqini\",\"sameAs\":[\"http:\/\/www.visit-ulcinj.com\"],\"url\":\"https:\/\/www.visit-ulcinj.com\/blog\/author\/admin\/\"}]}<\/script>\n<!-- \/ Yoast SEO plugin. -->","yoast_head_json":{"title":"Astrit Mulaj sjell nj\u00eb super balad\u00eb me Gilin n\u00eb Ulqin - Video - Lajme nga Ulqini","description":"K\u00ebng\u00ebtari i shum\u00eb hiteve shqiptare Astrit Mulaj do t\u00eb vij\u00eb k\u00ebto dit\u00eb me nj\u00eb super k\u00ebng\u00eb t\u00eb bukur, ku \u00ebsht\u00eb gati edhe video e saj. Kjo k\u00ebng\u00eb \u00ebsht\u00eb n\u00eb","robots":{"index":"index","follow":"follow","max-snippet":"max-snippet:-1","max-image-preview":"max-image-preview:large","max-video-preview":"max-video-preview:-1"},"canonical":"https:\/\/www.visit-ulcinj.com\/blog\/2013\/04\/28\/astrit-mulaj-sjell-nje-super-balade-me-gilin-ne-ulqin-video\/","og_locale":"en_US","og_type":"article","og_title":"Astrit Mulaj sjell nj\u00eb super balad\u00eb me Gilin n\u00eb Ulqin - Video - Lajme nga Ulqini","og_description":"K\u00ebng\u00ebtari i shum\u00eb hiteve shqiptare Astrit Mulaj do t\u00eb vij\u00eb k\u00ebto dit\u00eb me nj\u00eb super k\u00ebng\u00eb t\u00eb bukur, ku \u00ebsht\u00eb gati edhe video e saj. Kjo k\u00ebng\u00eb \u00ebsht\u00eb n\u00eb","og_url":"https:\/\/www.visit-ulcinj.com\/blog\/2013\/04\/28\/astrit-mulaj-sjell-nje-super-balade-me-gilin-ne-ulqin-video\/","og_site_name":"Lajme nga Ulqini","article_published_time":"2013-04-28T07:37:55+00:00","article_modified_time":"2013-05-07T08:47:41+00:00","og_image":[{"url":"http:\/\/www.visit-ulcinj.com\/blog\/wp-content\/uploads\/2013\/04\/Astrit-Mulaj-dhe-gili.jpg"}],"twitter_misc":{"Written by":"ulqini","Est. reading time":"1 minute"},"schema":{"@context":"https:\/\/schema.org","@graph":[{"@type":"WebSite","@id":"https:\/\/www.visit-ulcinj.com\/blog\/#website","url":"https:\/\/www.visit-ulcinj.com\/blog\/","name":"Lajme nga Ulqini","description":"Lajme,Vijesti,Ulqini,Ulqin,Crna Gora,Mali i Zi","potentialAction":[{"@type":"SearchAction","target":{"@type":"EntryPoint","urlTemplate":"https:\/\/www.visit-ulcinj.com\/blog\/?s={search_term_string}"},"query-input":"required name=search_term_string"}],"inLanguage":"en-US"},{"@type":"ImageObject","inLanguage":"en-US","@id":"https:\/\/www.visit-ulcinj.com\/blog\/2013\/04\/28\/astrit-mulaj-sjell-nje-super-balade-me-gilin-ne-ulqin-video\/#primaryimage","url":"https:\/\/www.visit-ulcinj.com\/blog\/wp-content\/uploads\/2013\/04\/Astrit-Mulaj-dhe-gili.jpg","contentUrl":"https:\/\/www.visit-ulcinj.com\/blog\/wp-content\/uploads\/2013\/04\/Astrit-Mulaj-dhe-gili.jpg","width":400,"height":201},{"@type":"WebPage","@id":"https:\/\/www.visit-ulcinj.com\/blog\/2013\/04\/28\/astrit-mulaj-sjell-nje-super-balade-me-gilin-ne-ulqin-video\/#webpage","url":"https:\/\/www.visit-ulcinj.com\/blog\/2013\/04\/28\/astrit-mulaj-sjell-nje-super-balade-me-gilin-ne-ulqin-video\/","name":"Astrit Mulaj sjell nj\u00eb super balad\u00eb me Gilin n\u00eb Ulqin - Video - Lajme nga Ulqini","isPartOf":{"@id":"https:\/\/www.visit-ulcinj.com\/blog\/#website"},"primaryImageOfPage":{"@id":"https:\/\/www.visit-ulcinj.com\/blog\/2013\/04\/28\/astrit-mulaj-sjell-nje-super-balade-me-gilin-ne-ulqin-video\/#primaryimage"},"datePublished":"2013-04-28T07:37:55+00:00","dateModified":"2013-05-07T08:47:41+00:00","author":{"@id":"https:\/\/www.visit-ulcinj.com\/blog\/#\/schema\/person\/dcab619c614d3038751c63bc2aadc06d"},"description":"K\u00ebng\u00ebtari i shum\u00eb hiteve shqiptare Astrit Mulaj do t\u00eb vij\u00eb k\u00ebto dit\u00eb me nj\u00eb super k\u00ebng\u00eb t\u00eb bukur, ku \u00ebsht\u00eb gati edhe video e saj. Kjo k\u00ebng\u00eb \u00ebsht\u00eb n\u00eb","breadcrumb":{"@id":"https:\/\/www.visit-ulcinj.com\/blog\/2013\/04\/28\/astrit-mulaj-sjell-nje-super-balade-me-gilin-ne-ulqin-video\/#breadcrumb"},"inLanguage":"en-US","potentialAction":[{"@type":"ReadAction","target":["https:\/\/www.visit-ulcinj.com\/blog\/2013\/04\/28\/astrit-mulaj-sjell-nje-super-balade-me-gilin-ne-ulqin-video\/"]}]},{"@type":"BreadcrumbList","@id":"https:\/\/www.visit-ulcinj.com\/blog\/2013\/04\/28\/astrit-mulaj-sjell-nje-super-balade-me-gilin-ne-ulqin-video\/#breadcrumb","itemListElement":[{"@type":"ListItem","position":1,"name":"Astrit Mulaj sjell nj\u00eb super balad\u00eb me Gilin n\u00eb Ulqin &#8211; Video"}]},{"@type":"Person","@id":"https:\/\/www.visit-ulcinj.com\/blog\/#\/schema\/person\/dcab619c614d3038751c63bc2aadc06d","name":"ulqini","sameAs":["http:\/\/www.visit-ulcinj.com"],"url":"https:\/\/www.visit-ulcinj.com\/blog\/author\/admin\/"}]}},"jetpack_featured_media_url":"","jetpack_sharing_enabled":true,"jetpack_shortlink":"https:\/\/wp.me\/pe6lTn-iqO","_links":{"self":[{"href":"https:\/\/www.visit-ulcinj.com\/blog\/wp-json\/wp\/v2\/posts\/70854"}],"collection":[{"href":"https:\/\/www.visit-ulcinj.com\/blog\/wp-json\/wp\/v2\/posts"}],"about":[{"href":"https:\/\/www.visit-ulcinj.com\/blog\/wp-json\/wp\/v2\/types\/post"}],"author":[{"embeddable":true,"href":"https:\/\/www.visit-ulcinj.com\/blog\/wp-json\/wp\/v2\/users\/1"}],"replies":[{"embeddable":true,"href":"https:\/\/www.visit-ulcinj.com\/blog\/wp-json\/wp\/v2\/comments?post=70854"}],"version-history":[{"count":7,"href":"https:\/\/www.visit-ulcinj.com\/blog\/wp-json\/wp\/v2\/posts\/70854\/revisions"}],"predecessor-version":[{"id":71142,"href":"https:\/\/www.visit-ulcinj.com\/blog\/wp-json\/wp\/v2\/posts\/70854\/revisions\/71142"}],"wp:attachment":[{"href":"https:\/\/www.visit-ulcinj.com\/blog\/wp-json\/wp\/v2\/media?parent=70854"}],"wp:term":[{"taxonomy":"category","embeddable":true,"href":"https:\/\/www.visit-ulcinj.com\/blog\/wp-json\/wp\/v2\/categories?post=70854"},{"taxonomy":"post_tag","embeddable":true,"href":"https:\/\/www.visit-ulcinj.com\/blog\/wp-json\/wp\/v2\/tags?post=70854"}],"curies":[{"name":"wp","href":"https:\/\/api.w.org\/{rel}","templated":true}]}}