{"id":70869,"date":"2013-04-30T00:02:47","date_gmt":"2013-04-29T23:02:47","guid":{"rendered":"http:\/\/www.visit-ulcinj.com\/blog\/?p=70869"},"modified":"2013-04-30T00:35:11","modified_gmt":"2013-04-29T23:35:11","slug":"kkchampionnga-ulqini-nderohet-nga-alenca-kuq-e-zi","status":"publish","type":"post","link":"https:\/\/www.visit-ulcinj.com\/blog\/2013\/04\/30\/kkchampionnga-ulqini-nderohet-nga-alenca-kuq-e-zi\/","title":{"rendered":"KK&#8221;Champion&#8221;nga Ulqini nderohet nga Alenca Kuq e Zi"},"content":{"rendered":"<p><a href=\"http:\/\/www.visit-ulcinj.com\/blog\/wp-content\/uploads\/2013\/04\/KK-Championnga-Ulqini-nderohet-nga-Alenca-Kuq-e-Zi.jpg\"><img loading=\"lazy\" class=\"alignleft  wp-image-70870\" alt=\"KK Championnga Ulqini nderohet nga Alenca Kuq e Zi\" src=\"http:\/\/www.visit-ulcinj.com\/blog\/wp-content\/uploads\/2013\/04\/KK-Championnga-Ulqini-nderohet-nga-Alenca-Kuq-e-Zi.jpg\" width=\"508\" height=\"360\" \/><\/a>Alenca Kuq e Zi\/sekretariati i sporteve,nderoi KK&#8221;Champion&#8221;nga Ulqini duke i ftuar t\u00eb p\u00ebfaq\u00ebsojn\u00eb sportist\u00ebt shqiptar nga Mali i Zi n\u00eb konferenc\u00ebn p\u00ebr sport t\u00eb organizuar nga AK.Fjalimin prezantues n\u00eb k\u00ebt\u00eb konferenc\u00eb e solli Flora Markiqi-trainere dhe drejtuese e klubit &#8220;Champion&#8221;<br \/>\nKonferenca u zhvillua n\u00eb Tiran\u00eb,m\u00eb 25.04.2013 ku t\u00eb pranish\u00ebm ishin nj\u00eb num\u00ebr i madh i sportist\u00ebve nga Shqip\u00ebria dhe diaspora.<\/p>\n\n\t\t<style type=\"text\/css\">\n\t\t\t#gallery-1 {\n\t\t\t\tmargin: auto;\n\t\t\t}\n\t\t\t#gallery-1 .gallery-item {\n\t\t\t\tfloat: left;\n\t\t\t\tmargin-top: 10px;\n\t\t\t\ttext-align: center;\n\t\t\t\twidth: 33%;\n\t\t\t}\n\t\t\t#gallery-1 img {\n\t\t\t\tborder: 2px solid #cfcfcf;\n\t\t\t}\n\t\t\t#gallery-1 .gallery-caption {\n\t\t\t\tmargin-left: 0;\n\t\t\t}\n\t\t\t\/* see gallery_shortcode() in wp-includes\/media.php *\/\n\t\t<\/style>\n\t\t<div id='gallery-1' class='gallery galleryid-70869 gallery-columns-3 gallery-size-thumbnail'><dl class='gallery-item'>\n\t\t\t<dt class='gallery-icon landscape'>\n\t\t\t\t<a href='https:\/\/www.visit-ulcinj.com\/blog\/2013\/04\/30\/kkchampionnga-ulqini-nderohet-nga-alenca-kuq-e-zi\/kk-championnga-ulqini-nderohet-nga-alenca-kuq-e-zi-3\/'><img width=\"150\" height=\"150\" src=\"https:\/\/www.visit-ulcinj.com\/blog\/wp-content\/uploads\/2013\/04\/KK-Championnga-Ulqini-nderohet-nga-Alenca-Kuq-e-Zi.3-150x150.jpg\" class=\"attachment-thumbnail size-thumbnail\" alt=\"\" loading=\"lazy\" \/><\/a>\n\t\t\t<\/dt><\/dl><dl class='gallery-item'>\n\t\t\t<dt class='gallery-icon landscape'>\n\t\t\t\t<a href='https:\/\/www.visit-ulcinj.com\/blog\/2013\/04\/30\/kkchampionnga-ulqini-nderohet-nga-alenca-kuq-e-zi\/kk-championnga-ulqini-nderohet-nga-alenca-kuq-e-zi-4\/'><img width=\"150\" height=\"150\" src=\"https:\/\/www.visit-ulcinj.com\/blog\/wp-content\/uploads\/2013\/04\/KK-Championnga-Ulqini-nderohet-nga-Alenca-Kuq-e-Zi.4-150x150.jpg\" class=\"attachment-thumbnail size-thumbnail\" alt=\"\" loading=\"lazy\" \/><\/a>\n\t\t\t<\/dt><\/dl><dl class='gallery-item'>\n\t\t\t<dt class='gallery-icon landscape'>\n\t\t\t\t<a href='https:\/\/www.visit-ulcinj.com\/blog\/2013\/04\/30\/kkchampionnga-ulqini-nderohet-nga-alenca-kuq-e-zi\/kk-championnga-ulqini-nderohet-nga-alenca-kuq-e-zi-5\/'><img width=\"150\" height=\"150\" src=\"https:\/\/www.visit-ulcinj.com\/blog\/wp-content\/uploads\/2013\/04\/KK-Championnga-Ulqini-nderohet-nga-Alenca-Kuq-e-Zi.5-150x150.jpg\" class=\"attachment-thumbnail size-thumbnail\" alt=\"\" loading=\"lazy\" \/><\/a>\n\t\t\t<\/dt><\/dl><br style=\"clear: both\" \/><dl class='gallery-item'>\n\t\t\t<dt class='gallery-icon landscape'>\n\t\t\t\t<a href='https:\/\/www.visit-ulcinj.com\/blog\/2013\/04\/30\/kkchampionnga-ulqini-nderohet-nga-alenca-kuq-e-zi\/kk-championnga-ulqini-nderohet-nga-alenca-kuq-e-zi-6\/'><img width=\"150\" height=\"150\" src=\"https:\/\/www.visit-ulcinj.com\/blog\/wp-content\/uploads\/2013\/04\/KK-Championnga-Ulqini-nderohet-nga-Alenca-Kuq-e-Zi.6-150x150.jpg\" class=\"attachment-thumbnail size-thumbnail\" alt=\"\" loading=\"lazy\" \/><\/a>\n\t\t\t<\/dt><\/dl><dl class='gallery-item'>\n\t\t\t<dt class='gallery-icon portrait'>\n\t\t\t\t<a href='https:\/\/www.visit-ulcinj.com\/blog\/2013\/04\/30\/kkchampionnga-ulqini-nderohet-nga-alenca-kuq-e-zi\/kk-championnga-ulqini-nderohet-nga-alenca-kuq-e-zi-1\/'><img width=\"150\" height=\"150\" src=\"https:\/\/www.visit-ulcinj.com\/blog\/wp-content\/uploads\/2013\/04\/KK-Championnga-Ulqini-nderohet-nga-Alenca-Kuq-e-Zi.1-150x150.jpg\" class=\"attachment-thumbnail size-thumbnail\" alt=\"\" loading=\"lazy\" \/><\/a>\n\t\t\t<\/dt><\/dl><dl class='gallery-item'>\n\t\t\t<dt class='gallery-icon landscape'>\n\t\t\t\t<a href='https:\/\/www.visit-ulcinj.com\/blog\/2013\/04\/30\/kkchampionnga-ulqini-nderohet-nga-alenca-kuq-e-zi\/kk-championnga-ulqini-nderohet-nga-alenca-kuq-e-zi-2\/'><img width=\"150\" height=\"150\" src=\"https:\/\/www.visit-ulcinj.com\/blog\/wp-content\/uploads\/2013\/04\/KK-Championnga-Ulqini-nderohet-nga-Alenca-Kuq-e-Zi.2-150x150.jpg\" class=\"attachment-thumbnail size-thumbnail\" alt=\"\" loading=\"lazy\" \/><\/a>\n\t\t\t<\/dt><\/dl><br style=\"clear: both\" \/>\n\t\t<\/div>\n\n","protected":false},"excerpt":{"rendered":"<p>Alenca Kuq e Zi\/sekretariati i sporteve,nderoi KK&#8221;Champion&#8221;nga Ulqini duke i ftuar t\u00eb p\u00ebfaq\u00ebsojn\u00eb sportist\u00ebt shqiptar nga Mali i Zi n\u00eb konferenc\u00ebn p\u00ebr sport t\u00eb organizuar nga AK.Fjalimin prezantues n\u00eb k\u00ebt\u00eb konferenc\u00eb e solli Flora Markiqi-trainere dhe drejtuese e klubit &#8220;Champion&#8221; Konferenca u zhvillua n\u00eb Tiran\u00eb,m\u00eb 25.04.2013 ku t\u00eb pranish\u00ebm ishin nj\u00eb num\u00ebr i madh i [&hellip;]<\/p>\n","protected":false},"author":1,"featured_media":0,"comment_status":"open","ping_status":"closed","sticky":false,"template":"","format":"standard","meta":{"spay_email":"","jetpack_publicize_message":"","jetpack_is_tweetstorm":false,"jetpack_publicize_feature_enabled":true},"categories":[1,12],"tags":[],"jetpack_publicize_connections":[],"yoast_head":"<!-- This site is optimized with the Yoast SEO plugin v19.1 - https:\/\/yoast.com\/wordpress\/plugins\/seo\/ -->\n<title>KK&quot;Champion&quot;nga Ulqini nderohet nga Alenca Kuq e Zi - Lajme nga Ulqini<\/title>\n<meta name=\"description\" content=\"Alenca Kuq e Zi\/sekretariati i sporteve,nderoi KK&quot;Champion&quot;nga Ulqini duke i ftuar t\u00eb p\u00ebfaq\u00ebsojn\u00eb sportist\u00ebt shqiptar nga Mali i Zi n\u00eb konferenc\u00ebn p\u00ebr\" \/>\n<meta name=\"robots\" content=\"index, follow, max-snippet:-1, max-image-preview:large, max-video-preview:-1\" \/>\n<link rel=\"canonical\" href=\"https:\/\/www.visit-ulcinj.com\/blog\/2013\/04\/30\/kkchampionnga-ulqini-nderohet-nga-alenca-kuq-e-zi\/\" \/>\n<meta property=\"og:locale\" content=\"en_US\" \/>\n<meta property=\"og:type\" content=\"article\" \/>\n<meta property=\"og:title\" content=\"KK&quot;Champion&quot;nga Ulqini nderohet nga Alenca Kuq e Zi - Lajme nga Ulqini\" \/>\n<meta property=\"og:description\" content=\"Alenca Kuq e Zi\/sekretariati i sporteve,nderoi KK&quot;Champion&quot;nga Ulqini duke i ftuar t\u00eb p\u00ebfaq\u00ebsojn\u00eb sportist\u00ebt shqiptar nga Mali i Zi n\u00eb konferenc\u00ebn p\u00ebr\" \/>\n<meta property=\"og:url\" content=\"https:\/\/www.visit-ulcinj.com\/blog\/2013\/04\/30\/kkchampionnga-ulqini-nderohet-nga-alenca-kuq-e-zi\/\" \/>\n<meta property=\"og:site_name\" content=\"Lajme nga Ulqini\" \/>\n<meta property=\"article:published_time\" content=\"2013-04-29T23:02:47+00:00\" \/>\n<meta property=\"article:modified_time\" content=\"2013-04-29T23:35:11+00:00\" \/>\n<meta property=\"og:image\" content=\"https:\/\/www.visit-ulcinj.com\/blog\/wp-content\/uploads\/2013\/04\/KK-Championnga-Ulqini-nderohet-nga-Alenca-Kuq-e-Zi.3-150x150.jpg\" \/>\n<meta name=\"twitter:label1\" content=\"Written by\" \/>\n\t<meta name=\"twitter:data1\" content=\"ulqini\" \/>\n<script type=\"application\/ld+json\" class=\"yoast-schema-graph\">{\"@context\":\"https:\/\/schema.org\",\"@graph\":[{\"@type\":\"WebSite\",\"@id\":\"https:\/\/www.visit-ulcinj.com\/blog\/#website\",\"url\":\"https:\/\/www.visit-ulcinj.com\/blog\/\",\"name\":\"Lajme nga Ulqini\",\"description\":\"Lajme,Vijesti,Ulqini,Ulqin,Crna Gora,Mali i Zi\",\"potentialAction\":[{\"@type\":\"SearchAction\",\"target\":{\"@type\":\"EntryPoint\",\"urlTemplate\":\"https:\/\/www.visit-ulcinj.com\/blog\/?s={search_term_string}\"},\"query-input\":\"required name=search_term_string\"}],\"inLanguage\":\"en-US\"},{\"@type\":\"ImageObject\",\"inLanguage\":\"en-US\",\"@id\":\"https:\/\/www.visit-ulcinj.com\/blog\/2013\/04\/30\/kkchampionnga-ulqini-nderohet-nga-alenca-kuq-e-zi\/#primaryimage\",\"url\":\"https:\/\/www.visit-ulcinj.com\/blog\/wp-content\/uploads\/2013\/04\/KK-Championnga-Ulqini-nderohet-nga-Alenca-Kuq-e-Zi.jpg\",\"contentUrl\":\"https:\/\/www.visit-ulcinj.com\/blog\/wp-content\/uploads\/2013\/04\/KK-Championnga-Ulqini-nderohet-nga-Alenca-Kuq-e-Zi.jpg\",\"width\":640,\"height\":480},{\"@type\":\"WebPage\",\"@id\":\"https:\/\/www.visit-ulcinj.com\/blog\/2013\/04\/30\/kkchampionnga-ulqini-nderohet-nga-alenca-kuq-e-zi\/#webpage\",\"url\":\"https:\/\/www.visit-ulcinj.com\/blog\/2013\/04\/30\/kkchampionnga-ulqini-nderohet-nga-alenca-kuq-e-zi\/\",\"name\":\"KK\\\"Champion\\\"nga Ulqini nderohet nga Alenca Kuq e Zi - Lajme nga Ulqini\",\"isPartOf\":{\"@id\":\"https:\/\/www.visit-ulcinj.com\/blog\/#website\"},\"primaryImageOfPage\":{\"@id\":\"https:\/\/www.visit-ulcinj.com\/blog\/2013\/04\/30\/kkchampionnga-ulqini-nderohet-nga-alenca-kuq-e-zi\/#primaryimage\"},\"datePublished\":\"2013-04-29T23:02:47+00:00\",\"dateModified\":\"2013-04-29T23:35:11+00:00\",\"author\":{\"@id\":\"https:\/\/www.visit-ulcinj.com\/blog\/#\/schema\/person\/dcab619c614d3038751c63bc2aadc06d\"},\"description\":\"Alenca Kuq e Zi\/sekretariati i sporteve,nderoi KK\\\"Champion\\\"nga Ulqini duke i ftuar t\u00eb p\u00ebfaq\u00ebsojn\u00eb sportist\u00ebt shqiptar nga Mali i Zi n\u00eb konferenc\u00ebn p\u00ebr\",\"breadcrumb\":{\"@id\":\"https:\/\/www.visit-ulcinj.com\/blog\/2013\/04\/30\/kkchampionnga-ulqini-nderohet-nga-alenca-kuq-e-zi\/#breadcrumb\"},\"inLanguage\":\"en-US\",\"potentialAction\":[{\"@type\":\"ReadAction\",\"target\":[\"https:\/\/www.visit-ulcinj.com\/blog\/2013\/04\/30\/kkchampionnga-ulqini-nderohet-nga-alenca-kuq-e-zi\/\"]}]},{\"@type\":\"BreadcrumbList\",\"@id\":\"https:\/\/www.visit-ulcinj.com\/blog\/2013\/04\/30\/kkchampionnga-ulqini-nderohet-nga-alenca-kuq-e-zi\/#breadcrumb\",\"itemListElement\":[{\"@type\":\"ListItem\",\"position\":1,\"name\":\"KK&#8221;Champion&#8221;nga Ulqini nderohet nga Alenca Kuq e Zi\"}]},{\"@type\":\"Person\",\"@id\":\"https:\/\/www.visit-ulcinj.com\/blog\/#\/schema\/person\/dcab619c614d3038751c63bc2aadc06d\",\"name\":\"ulqini\",\"sameAs\":[\"http:\/\/www.visit-ulcinj.com\"],\"url\":\"https:\/\/www.visit-ulcinj.com\/blog\/author\/admin\/\"}]}<\/script>\n<!-- \/ Yoast SEO plugin. -->","yoast_head_json":{"title":"KK\"Champion\"nga Ulqini nderohet nga Alenca Kuq e Zi - Lajme nga Ulqini","description":"Alenca Kuq e Zi\/sekretariati i sporteve,nderoi KK\"Champion\"nga Ulqini duke i ftuar t\u00eb p\u00ebfaq\u00ebsojn\u00eb sportist\u00ebt shqiptar nga Mali i Zi n\u00eb konferenc\u00ebn p\u00ebr","robots":{"index":"index","follow":"follow","max-snippet":"max-snippet:-1","max-image-preview":"max-image-preview:large","max-video-preview":"max-video-preview:-1"},"canonical":"https:\/\/www.visit-ulcinj.com\/blog\/2013\/04\/30\/kkchampionnga-ulqini-nderohet-nga-alenca-kuq-e-zi\/","og_locale":"en_US","og_type":"article","og_title":"KK\"Champion\"nga Ulqini nderohet nga Alenca Kuq e Zi - Lajme nga Ulqini","og_description":"Alenca Kuq e Zi\/sekretariati i sporteve,nderoi KK\"Champion\"nga Ulqini duke i ftuar t\u00eb p\u00ebfaq\u00ebsojn\u00eb sportist\u00ebt shqiptar nga Mali i Zi n\u00eb konferenc\u00ebn p\u00ebr","og_url":"https:\/\/www.visit-ulcinj.com\/blog\/2013\/04\/30\/kkchampionnga-ulqini-nderohet-nga-alenca-kuq-e-zi\/","og_site_name":"Lajme nga Ulqini","article_published_time":"2013-04-29T23:02:47+00:00","article_modified_time":"2013-04-29T23:35:11+00:00","og_image":[{"url":"https:\/\/www.visit-ulcinj.com\/blog\/wp-content\/uploads\/2013\/04\/KK-Championnga-Ulqini-nderohet-nga-Alenca-Kuq-e-Zi.3-150x150.jpg"}],"twitter_misc":{"Written by":"ulqini"},"schema":{"@context":"https:\/\/schema.org","@graph":[{"@type":"WebSite","@id":"https:\/\/www.visit-ulcinj.com\/blog\/#website","url":"https:\/\/www.visit-ulcinj.com\/blog\/","name":"Lajme nga Ulqini","description":"Lajme,Vijesti,Ulqini,Ulqin,Crna Gora,Mali i Zi","potentialAction":[{"@type":"SearchAction","target":{"@type":"EntryPoint","urlTemplate":"https:\/\/www.visit-ulcinj.com\/blog\/?s={search_term_string}"},"query-input":"required name=search_term_string"}],"inLanguage":"en-US"},{"@type":"ImageObject","inLanguage":"en-US","@id":"https:\/\/www.visit-ulcinj.com\/blog\/2013\/04\/30\/kkchampionnga-ulqini-nderohet-nga-alenca-kuq-e-zi\/#primaryimage","url":"https:\/\/www.visit-ulcinj.com\/blog\/wp-content\/uploads\/2013\/04\/KK-Championnga-Ulqini-nderohet-nga-Alenca-Kuq-e-Zi.jpg","contentUrl":"https:\/\/www.visit-ulcinj.com\/blog\/wp-content\/uploads\/2013\/04\/KK-Championnga-Ulqini-nderohet-nga-Alenca-Kuq-e-Zi.jpg","width":640,"height":480},{"@type":"WebPage","@id":"https:\/\/www.visit-ulcinj.com\/blog\/2013\/04\/30\/kkchampionnga-ulqini-nderohet-nga-alenca-kuq-e-zi\/#webpage","url":"https:\/\/www.visit-ulcinj.com\/blog\/2013\/04\/30\/kkchampionnga-ulqini-nderohet-nga-alenca-kuq-e-zi\/","name":"KK\"Champion\"nga Ulqini nderohet nga Alenca Kuq e Zi - Lajme nga Ulqini","isPartOf":{"@id":"https:\/\/www.visit-ulcinj.com\/blog\/#website"},"primaryImageOfPage":{"@id":"https:\/\/www.visit-ulcinj.com\/blog\/2013\/04\/30\/kkchampionnga-ulqini-nderohet-nga-alenca-kuq-e-zi\/#primaryimage"},"datePublished":"2013-04-29T23:02:47+00:00","dateModified":"2013-04-29T23:35:11+00:00","author":{"@id":"https:\/\/www.visit-ulcinj.com\/blog\/#\/schema\/person\/dcab619c614d3038751c63bc2aadc06d"},"description":"Alenca Kuq e Zi\/sekretariati i sporteve,nderoi KK\"Champion\"nga Ulqini duke i ftuar t\u00eb p\u00ebfaq\u00ebsojn\u00eb sportist\u00ebt shqiptar nga Mali i Zi n\u00eb konferenc\u00ebn p\u00ebr","breadcrumb":{"@id":"https:\/\/www.visit-ulcinj.com\/blog\/2013\/04\/30\/kkchampionnga-ulqini-nderohet-nga-alenca-kuq-e-zi\/#breadcrumb"},"inLanguage":"en-US","potentialAction":[{"@type":"ReadAction","target":["https:\/\/www.visit-ulcinj.com\/blog\/2013\/04\/30\/kkchampionnga-ulqini-nderohet-nga-alenca-kuq-e-zi\/"]}]},{"@type":"BreadcrumbList","@id":"https:\/\/www.visit-ulcinj.com\/blog\/2013\/04\/30\/kkchampionnga-ulqini-nderohet-nga-alenca-kuq-e-zi\/#breadcrumb","itemListElement":[{"@type":"ListItem","position":1,"name":"KK&#8221;Champion&#8221;nga Ulqini nderohet nga Alenca Kuq e Zi"}]},{"@type":"Person","@id":"https:\/\/www.visit-ulcinj.com\/blog\/#\/schema\/person\/dcab619c614d3038751c63bc2aadc06d","name":"ulqini","sameAs":["http:\/\/www.visit-ulcinj.com"],"url":"https:\/\/www.visit-ulcinj.com\/blog\/author\/admin\/"}]}},"jetpack_featured_media_url":"","jetpack_sharing_enabled":true,"jetpack_shortlink":"https:\/\/wp.me\/pe6lTn-ir3","_links":{"self":[{"href":"https:\/\/www.visit-ulcinj.com\/blog\/wp-json\/wp\/v2\/posts\/70869"}],"collection":[{"href":"https:\/\/www.visit-ulcinj.com\/blog\/wp-json\/wp\/v2\/posts"}],"about":[{"href":"https:\/\/www.visit-ulcinj.com\/blog\/wp-json\/wp\/v2\/types\/post"}],"author":[{"embeddable":true,"href":"https:\/\/www.visit-ulcinj.com\/blog\/wp-json\/wp\/v2\/users\/1"}],"replies":[{"embeddable":true,"href":"https:\/\/www.visit-ulcinj.com\/blog\/wp-json\/wp\/v2\/comments?post=70869"}],"version-history":[{"count":2,"href":"https:\/\/www.visit-ulcinj.com\/blog\/wp-json\/wp\/v2\/posts\/70869\/revisions"}],"predecessor-version":[{"id":70892,"href":"https:\/\/www.visit-ulcinj.com\/blog\/wp-json\/wp\/v2\/posts\/70869\/revisions\/70892"}],"wp:attachment":[{"href":"https:\/\/www.visit-ulcinj.com\/blog\/wp-json\/wp\/v2\/media?parent=70869"}],"wp:term":[{"taxonomy":"category","embeddable":true,"href":"https:\/\/www.visit-ulcinj.com\/blog\/wp-json\/wp\/v2\/categories?post=70869"},{"taxonomy":"post_tag","embeddable":true,"href":"https:\/\/www.visit-ulcinj.com\/blog\/wp-json\/wp\/v2\/tags?post=70869"}],"curies":[{"name":"wp","href":"https:\/\/api.w.org\/{rel}","templated":true}]}}