{"id":70878,"date":"2013-04-30T00:07:33","date_gmt":"2013-04-29T23:07:33","guid":{"rendered":"http:\/\/www.visit-ulcinj.com\/blog\/?p=70878"},"modified":"2013-04-30T00:07:33","modified_gmt":"2013-04-29T23:07:33","slug":"dritan-abazovic-krivokapic-da-otkaze-poslusnost-dps-u","status":"publish","type":"post","link":"https:\/\/www.visit-ulcinj.com\/blog\/2013\/04\/30\/dritan-abazovic-krivokapic-da-otkaze-poslusnost-dps-u\/","title":{"rendered":"Dritan Abazovi\u0107: Krivokapi\u0107 da otka\u017ee poslu\u0161nost DPS-u"},"content":{"rendered":"<p><a href=\"http:\/\/www.visit-ulcinj.com\/blog\/wp-content\/uploads\/2013\/04\/dritanabazovic.jpg\"><img loading=\"lazy\" class=\"alignleft  wp-image-70879\" alt=\"dritanabazovic\" src=\"http:\/\/www.visit-ulcinj.com\/blog\/wp-content\/uploads\/2013\/04\/dritanabazovic.jpg\" width=\"508\" height=\"360\" \/><\/a>\u201cPo mom mi\u0161ljenju, i krajnje dobronamjereno re\u010deno, to je najbolje rije\u0161enje za njih, jer u suprotnom rizikuju da se potpuno stope u ve\u0107eg koalicionog partnera\u201d<\/p>\n<p>Uloga Socijademokratske partije (SDP) u aktuelnom politi\u010dkom momentu izuzetno je va\u017ena, a njihova odgovornost ogromna, ocijenio je funkcioner Pozitivne Crne Gore, <strong>Dritan Abazovi\u0107<\/strong>.<\/p>\n<p>On je pozvao lidera SDP-a Ranka Krivokapi\u0107a da, nakon sedam godina, ponovo donese odluku u korist Crne Gore.<\/p>\n<p>\u201cPozivam Krivokapi\u0107a da otka\u017ee poslu\u0161nost Demokratskoj partiji socijalista (DPS), i da na taj na\u010din, nakon 2006. godine, opet odigra u korist Crne Gore\u201c, kazao je Abazovi\u0107 agenciji Mina.<\/p>\n<p>Prema njegovim rije\u010dima, dosada\u0161nja mimoila\u017eenja SDP-a i DPS-a bila su klasi\u010dno simuliranje konflikata i pravljanje me\u0111upartiske distinkcije, sa ciljem da lepeza njihovog bira\u010dkog tijela bude \u0161to \u0161ira.<\/p>\n<p>\u201cTo, me\u0111utim, sve te\u017ee prolazi na terenu, a najnoviji odnos SDP-a prema predsjedni\u010dkom kandidatu DPS-a govori da je sve ve\u0107i brojih onih koji shvataju da je DPS Titanik iz kojeg treba \u2018isko\u010diti\u2019 u pravom trenutku\u201d, smatra Abazovi\u0107.<\/p>\n<p>Na pitanje da li smatra da u SDP-u postoji dovoljno kapaciteta da se ta stranka, nakon vi\u0161e od decenije, odrekne pozicije u vladaju\u0107oj koaliciji, Abazovi\u0107 je ocijenio da bi to bilo najbolje za nju.<\/p>\n<p>\u201cPo mom mi\u0161ljenju, i krajnje dobronamjereno re\u010deno, to je najbolje rije\u0161enje za njih, jer u suprotnom rizikuju da se potpuno stope u ve\u0107eg koalicionog partnera. Me\u0111utim, nije ni DPS naivan, pa \u0107e sigurno poku\u0161ati da ih preduhitri i svojim djelovanjem onemogu\u0107i tako ne\u0161to\u201d, pojasnio je Abazovi\u0107.<\/p>\n<p>Predsjedni\u010dki izbori kap koja je prelila \u010dasu<\/p>\n<p>On je kazao da je godine koje su DPS i SDP proveli zajedno, izme\u0111u ostalog, obilje\u017eila i korupcija, za koju su odgovorni akteri sa obije strane.<\/p>\n<p>\u201cTo je glavni razlog \u0161to dugo o\u010dekivani \u2018razvod\u2019 zapravo ne mo\u017ee da se desi preko no\u0107i, a realna je mogu\u0107nost da DPS prilikom detroniziranja sa sobom povu\u010de i SDP. \u010cini mi se da bi to bilo i moralno i pravedno\u201c, naveo je Abazovi\u0107.<br \/>\nUpitan da li smatra da se u doglednom periodu mogu o\u010dekivati neke zna\u010dajne promjene na politi\u010dkoj sceni, s obzirom na krizu koja je kulminirala nakon predsjedni\u010dkih izbora, on je rekao da je uvjeren da sve \u0161to se de\u0161avalo neumitno vodi ka politi\u010dkim promjenama.<\/p>\n<p>\u201cPredsjedni\u010dki izbori su bili samo kap koja je prelila \u010dasu nagomilovanog nezadovoljstva i samim tim izazvala prirodni revolt opozicije i svih onih gra\u0111ana koji su svjedoci raznih zloupotreba i nezakonitih radnji koje prate svaki izborni proces\u201d, kazao je Abazovi\u0107.<\/p>\n<p>Abazovi\u0107 je kazao da je na\u010din na koji je Vlada tretirala zahtjeve koji su joj upu\u0107eni \u201cdemago\u0161ki \u010din na koji smo navikli od premijera Mila \u0110ukanovi\u0107a\u201dOn smatra da su va\u017enije od samog \u010dina izbora bile reakcije nadle\u017enih na afere koje su procurile u javnost mjesecima ranije.<\/p>\n<p>\u201cSiguran sam da ovo \u0161to se de\u0161avalo neumitno vodi ka politi\u010dkim promjenama, ali je pitanje koliko \u0107e jo\u0161 aktuelna vlast uspjeti da odoli pritisku javnosti, i kroz njima karakteristi\u010dno razvodnjavanje mrcvariti polit\u010dku scenu i negirati institucionalnu odgvornost\u201d, naveo je Abazovi\u0107.<\/p>\n<p>On je ocijenio da Skup\u0161tina, kao krovna polit\u010dka institucija, mora zauzeti stav vezano za legitimne zahetjeve opozicije, ali je svakao i \u0161ira dru\u0161tvena rasprava itekako po\u017eeljna.<\/p>\n<p>Prema njegovim rije\u010dima, zahtjevi koji su upu\u0107eni ti\u010du se svih gra\u0111ana Crne Gore, i oni zalu\u017euju da budu uklju\u010deni u proces.<\/p>\n<p>\u201cUkoliko bi Skup\u0161tina odbila raspravu o zahtjevima onda bi to bio dokaz da predstaniv\u010dka demokratija ne funkcioni\u0161e u Crnoj Gori, a da je na sceni klasi\u010dno \u2018silovanje demokratije\u2019 po principu \u2018zakon ja\u010dega\u2019\u201d, smatra Abazovi\u0107.<\/p>\n<p>On je kazao da je na\u010din na koji je Vlada tretirala zahtjeve koji su joj upu\u0107eni \u201cdemago\u0161ki \u010din na koji smo navikli od premijera Mila \u0110ukanovi\u0107a\u201d.<\/p>\n<p>Aktuelni premijer najve\u0107i krivac za stanje u dru\u0161tvu<\/p>\n<p>Vlada je, kako je naveo, i do sada imala puno prostora da reaguje po mnogim drugim pitanjima, ali njihove \u201credovne aktivnosti\u201d, po svemu sude\u0107i, zna\u010de ne preduzimanje ni\u010dega \u0161to bi na bilo koji na\u010din moglo ugroziti njihov privatni interes, a odbraniti javni i interes gra\u0111ana zbog kojih su izabrani.<\/p>\n<p>\u201cIstina je da je aktuelni premijer i najve\u0107i krivac zbog ovakvog stanja u dru\u0161tvu, jer snosi najve\u0107u funkcionalnu odgovornost\u201d, kazao je Abazovi\u0107.<\/p>\n<p>Na pitanje smatra li da \u0107e aktuelna Vlada \u201cpre\u017eivjeti\u201d puni mandat, ili je realno o\u010dekivati prijevremene parlamentarne izbore, on je rekao da bi, u zemljama sa ve\u0107im razvojem demokratije, Vlada do sada ve\u0107 podnijela ostavku.<br \/>\nAbazovi\u0107 smatra da su afera Snimak i Kombinat aluminijuma dovoljni razlozi za to, \u201cme\u0111utim, to za Crnu Goru i dalje ostaje u domenu nau\u010dne fantastike\u201d.<\/p>\n<p>\u201cKako se i ekonomska situacija stalno uslo\u017enjava prijevremeni parlamentarni izbori sve su realniji, ali to \u0107e zavisiti od vladaju\u0107e kolaicije, koja bi izme\u0111u dr\u017eavnog bankrota i opstanaka jo\u0161 neko vrijeme na vlasti, sigurno i bez razmi\u0161ljanja izabrala ovo drugo\u201d, zaklju\u010dio je Abazovi\u0107.<\/p>\n<p><strong>Vijesti Online<\/strong><\/p>\n","protected":false},"excerpt":{"rendered":"<p>\u201cPo mom mi\u0161ljenju, i krajnje dobronamjereno re\u010deno, to je najbolje rije\u0161enje za njih, jer u suprotnom rizikuju da se potpuno stope u ve\u0107eg koalicionog partnera\u201d Uloga Socijademokratske partije (SDP) u aktuelnom politi\u010dkom momentu izuzetno je va\u017ena, a njihova odgovornost ogromna, ocijenio je funkcioner Pozitivne Crne Gore, Dritan Abazovi\u0107. On je pozvao lidera SDP-a Ranka Krivokapi\u0107a [&hellip;]<\/p>\n","protected":false},"author":1,"featured_media":0,"comment_status":"open","ping_status":"closed","sticky":false,"template":"","format":"standard","meta":{"spay_email":"","jetpack_publicize_message":"","jetpack_is_tweetstorm":false,"jetpack_publicize_feature_enabled":true},"categories":[8337],"tags":[],"jetpack_publicize_connections":[],"yoast_head":"<!-- This site is optimized with the Yoast SEO plugin v19.1 - https:\/\/yoast.com\/wordpress\/plugins\/seo\/ -->\n<title>Dritan Abazovi\u0107: Krivokapi\u0107 da otka\u017ee poslu\u0161nost DPS-u - Lajme nga Ulqini<\/title>\n<meta name=\"description\" content=\"\u201cPo mom mi\u0161ljenju, i krajnje dobronamjereno re\u010deno, to je najbolje rije\u0161enje za njih, jer u suprotnom rizikuju da se potpuno stope u ve\u0107eg koalicionog\" \/>\n<meta name=\"robots\" content=\"index, follow, max-snippet:-1, max-image-preview:large, max-video-preview:-1\" \/>\n<link rel=\"canonical\" href=\"https:\/\/www.visit-ulcinj.com\/blog\/2013\/04\/30\/dritan-abazovic-krivokapic-da-otkaze-poslusnost-dps-u\/\" \/>\n<meta property=\"og:locale\" content=\"en_US\" \/>\n<meta property=\"og:type\" content=\"article\" \/>\n<meta property=\"og:title\" content=\"Dritan Abazovi\u0107: Krivokapi\u0107 da otka\u017ee poslu\u0161nost DPS-u - Lajme nga Ulqini\" \/>\n<meta property=\"og:description\" content=\"\u201cPo mom mi\u0161ljenju, i krajnje dobronamjereno re\u010deno, to je najbolje rije\u0161enje za njih, jer u suprotnom rizikuju da se potpuno stope u ve\u0107eg koalicionog\" \/>\n<meta property=\"og:url\" content=\"https:\/\/www.visit-ulcinj.com\/blog\/2013\/04\/30\/dritan-abazovic-krivokapic-da-otkaze-poslusnost-dps-u\/\" \/>\n<meta property=\"og:site_name\" content=\"Lajme nga Ulqini\" \/>\n<meta property=\"article:published_time\" content=\"2013-04-29T23:07:33+00:00\" \/>\n<meta property=\"og:image\" content=\"http:\/\/www.visit-ulcinj.com\/blog\/wp-content\/uploads\/2013\/04\/dritanabazovic.jpg\" \/>\n<meta name=\"twitter:label1\" content=\"Written by\" \/>\n\t<meta name=\"twitter:data1\" content=\"ulqini\" \/>\n\t<meta name=\"twitter:label2\" content=\"Est. reading time\" \/>\n\t<meta name=\"twitter:data2\" content=\"4 minutes\" \/>\n<script type=\"application\/ld+json\" class=\"yoast-schema-graph\">{\"@context\":\"https:\/\/schema.org\",\"@graph\":[{\"@type\":\"WebSite\",\"@id\":\"https:\/\/www.visit-ulcinj.com\/blog\/#website\",\"url\":\"https:\/\/www.visit-ulcinj.com\/blog\/\",\"name\":\"Lajme nga Ulqini\",\"description\":\"Lajme,Vijesti,Ulqini,Ulqin,Crna Gora,Mali i Zi\",\"potentialAction\":[{\"@type\":\"SearchAction\",\"target\":{\"@type\":\"EntryPoint\",\"urlTemplate\":\"https:\/\/www.visit-ulcinj.com\/blog\/?s={search_term_string}\"},\"query-input\":\"required name=search_term_string\"}],\"inLanguage\":\"en-US\"},{\"@type\":\"ImageObject\",\"inLanguage\":\"en-US\",\"@id\":\"https:\/\/www.visit-ulcinj.com\/blog\/2013\/04\/30\/dritan-abazovic-krivokapic-da-otkaze-poslusnost-dps-u\/#primaryimage\",\"url\":\"https:\/\/www.visit-ulcinj.com\/blog\/wp-content\/uploads\/2013\/04\/dritanabazovic.jpg\",\"contentUrl\":\"https:\/\/www.visit-ulcinj.com\/blog\/wp-content\/uploads\/2013\/04\/dritanabazovic.jpg\",\"width\":1000,\"height\":658},{\"@type\":\"WebPage\",\"@id\":\"https:\/\/www.visit-ulcinj.com\/blog\/2013\/04\/30\/dritan-abazovic-krivokapic-da-otkaze-poslusnost-dps-u\/#webpage\",\"url\":\"https:\/\/www.visit-ulcinj.com\/blog\/2013\/04\/30\/dritan-abazovic-krivokapic-da-otkaze-poslusnost-dps-u\/\",\"name\":\"Dritan Abazovi\u0107: Krivokapi\u0107 da otka\u017ee poslu\u0161nost DPS-u - Lajme nga Ulqini\",\"isPartOf\":{\"@id\":\"https:\/\/www.visit-ulcinj.com\/blog\/#website\"},\"primaryImageOfPage\":{\"@id\":\"https:\/\/www.visit-ulcinj.com\/blog\/2013\/04\/30\/dritan-abazovic-krivokapic-da-otkaze-poslusnost-dps-u\/#primaryimage\"},\"datePublished\":\"2013-04-29T23:07:33+00:00\",\"dateModified\":\"2013-04-29T23:07:33+00:00\",\"author\":{\"@id\":\"https:\/\/www.visit-ulcinj.com\/blog\/#\/schema\/person\/dcab619c614d3038751c63bc2aadc06d\"},\"description\":\"\u201cPo mom mi\u0161ljenju, i krajnje dobronamjereno re\u010deno, to je najbolje rije\u0161enje za njih, jer u suprotnom rizikuju da se potpuno stope u ve\u0107eg koalicionog\",\"breadcrumb\":{\"@id\":\"https:\/\/www.visit-ulcinj.com\/blog\/2013\/04\/30\/dritan-abazovic-krivokapic-da-otkaze-poslusnost-dps-u\/#breadcrumb\"},\"inLanguage\":\"en-US\",\"potentialAction\":[{\"@type\":\"ReadAction\",\"target\":[\"https:\/\/www.visit-ulcinj.com\/blog\/2013\/04\/30\/dritan-abazovic-krivokapic-da-otkaze-poslusnost-dps-u\/\"]}]},{\"@type\":\"BreadcrumbList\",\"@id\":\"https:\/\/www.visit-ulcinj.com\/blog\/2013\/04\/30\/dritan-abazovic-krivokapic-da-otkaze-poslusnost-dps-u\/#breadcrumb\",\"itemListElement\":[{\"@type\":\"ListItem\",\"position\":1,\"name\":\"Dritan Abazovi\u0107: Krivokapi\u0107 da otka\u017ee poslu\u0161nost DPS-u\"}]},{\"@type\":\"Person\",\"@id\":\"https:\/\/www.visit-ulcinj.com\/blog\/#\/schema\/person\/dcab619c614d3038751c63bc2aadc06d\",\"name\":\"ulqini\",\"sameAs\":[\"http:\/\/www.visit-ulcinj.com\"],\"url\":\"https:\/\/www.visit-ulcinj.com\/blog\/author\/admin\/\"}]}<\/script>\n<!-- \/ Yoast SEO plugin. -->","yoast_head_json":{"title":"Dritan Abazovi\u0107: Krivokapi\u0107 da otka\u017ee poslu\u0161nost DPS-u - Lajme nga Ulqini","description":"\u201cPo mom mi\u0161ljenju, i krajnje dobronamjereno re\u010deno, to je najbolje rije\u0161enje za njih, jer u suprotnom rizikuju da se potpuno stope u ve\u0107eg koalicionog","robots":{"index":"index","follow":"follow","max-snippet":"max-snippet:-1","max-image-preview":"max-image-preview:large","max-video-preview":"max-video-preview:-1"},"canonical":"https:\/\/www.visit-ulcinj.com\/blog\/2013\/04\/30\/dritan-abazovic-krivokapic-da-otkaze-poslusnost-dps-u\/","og_locale":"en_US","og_type":"article","og_title":"Dritan Abazovi\u0107: Krivokapi\u0107 da otka\u017ee poslu\u0161nost DPS-u - Lajme nga Ulqini","og_description":"\u201cPo mom mi\u0161ljenju, i krajnje dobronamjereno re\u010deno, to je najbolje rije\u0161enje za njih, jer u suprotnom rizikuju da se potpuno stope u ve\u0107eg koalicionog","og_url":"https:\/\/www.visit-ulcinj.com\/blog\/2013\/04\/30\/dritan-abazovic-krivokapic-da-otkaze-poslusnost-dps-u\/","og_site_name":"Lajme nga Ulqini","article_published_time":"2013-04-29T23:07:33+00:00","og_image":[{"url":"http:\/\/www.visit-ulcinj.com\/blog\/wp-content\/uploads\/2013\/04\/dritanabazovic.jpg"}],"twitter_misc":{"Written by":"ulqini","Est. reading time":"4 minutes"},"schema":{"@context":"https:\/\/schema.org","@graph":[{"@type":"WebSite","@id":"https:\/\/www.visit-ulcinj.com\/blog\/#website","url":"https:\/\/www.visit-ulcinj.com\/blog\/","name":"Lajme nga Ulqini","description":"Lajme,Vijesti,Ulqini,Ulqin,Crna Gora,Mali i Zi","potentialAction":[{"@type":"SearchAction","target":{"@type":"EntryPoint","urlTemplate":"https:\/\/www.visit-ulcinj.com\/blog\/?s={search_term_string}"},"query-input":"required name=search_term_string"}],"inLanguage":"en-US"},{"@type":"ImageObject","inLanguage":"en-US","@id":"https:\/\/www.visit-ulcinj.com\/blog\/2013\/04\/30\/dritan-abazovic-krivokapic-da-otkaze-poslusnost-dps-u\/#primaryimage","url":"https:\/\/www.visit-ulcinj.com\/blog\/wp-content\/uploads\/2013\/04\/dritanabazovic.jpg","contentUrl":"https:\/\/www.visit-ulcinj.com\/blog\/wp-content\/uploads\/2013\/04\/dritanabazovic.jpg","width":1000,"height":658},{"@type":"WebPage","@id":"https:\/\/www.visit-ulcinj.com\/blog\/2013\/04\/30\/dritan-abazovic-krivokapic-da-otkaze-poslusnost-dps-u\/#webpage","url":"https:\/\/www.visit-ulcinj.com\/blog\/2013\/04\/30\/dritan-abazovic-krivokapic-da-otkaze-poslusnost-dps-u\/","name":"Dritan Abazovi\u0107: Krivokapi\u0107 da otka\u017ee poslu\u0161nost DPS-u - Lajme nga Ulqini","isPartOf":{"@id":"https:\/\/www.visit-ulcinj.com\/blog\/#website"},"primaryImageOfPage":{"@id":"https:\/\/www.visit-ulcinj.com\/blog\/2013\/04\/30\/dritan-abazovic-krivokapic-da-otkaze-poslusnost-dps-u\/#primaryimage"},"datePublished":"2013-04-29T23:07:33+00:00","dateModified":"2013-04-29T23:07:33+00:00","author":{"@id":"https:\/\/www.visit-ulcinj.com\/blog\/#\/schema\/person\/dcab619c614d3038751c63bc2aadc06d"},"description":"\u201cPo mom mi\u0161ljenju, i krajnje dobronamjereno re\u010deno, to je najbolje rije\u0161enje za njih, jer u suprotnom rizikuju da se potpuno stope u ve\u0107eg koalicionog","breadcrumb":{"@id":"https:\/\/www.visit-ulcinj.com\/blog\/2013\/04\/30\/dritan-abazovic-krivokapic-da-otkaze-poslusnost-dps-u\/#breadcrumb"},"inLanguage":"en-US","potentialAction":[{"@type":"ReadAction","target":["https:\/\/www.visit-ulcinj.com\/blog\/2013\/04\/30\/dritan-abazovic-krivokapic-da-otkaze-poslusnost-dps-u\/"]}]},{"@type":"BreadcrumbList","@id":"https:\/\/www.visit-ulcinj.com\/blog\/2013\/04\/30\/dritan-abazovic-krivokapic-da-otkaze-poslusnost-dps-u\/#breadcrumb","itemListElement":[{"@type":"ListItem","position":1,"name":"Dritan Abazovi\u0107: Krivokapi\u0107 da otka\u017ee poslu\u0161nost DPS-u"}]},{"@type":"Person","@id":"https:\/\/www.visit-ulcinj.com\/blog\/#\/schema\/person\/dcab619c614d3038751c63bc2aadc06d","name":"ulqini","sameAs":["http:\/\/www.visit-ulcinj.com"],"url":"https:\/\/www.visit-ulcinj.com\/blog\/author\/admin\/"}]}},"jetpack_featured_media_url":"","jetpack_sharing_enabled":true,"jetpack_shortlink":"https:\/\/wp.me\/pe6lTn-irc","_links":{"self":[{"href":"https:\/\/www.visit-ulcinj.com\/blog\/wp-json\/wp\/v2\/posts\/70878"}],"collection":[{"href":"https:\/\/www.visit-ulcinj.com\/blog\/wp-json\/wp\/v2\/posts"}],"about":[{"href":"https:\/\/www.visit-ulcinj.com\/blog\/wp-json\/wp\/v2\/types\/post"}],"author":[{"embeddable":true,"href":"https:\/\/www.visit-ulcinj.com\/blog\/wp-json\/wp\/v2\/users\/1"}],"replies":[{"embeddable":true,"href":"https:\/\/www.visit-ulcinj.com\/blog\/wp-json\/wp\/v2\/comments?post=70878"}],"version-history":[{"count":1,"href":"https:\/\/www.visit-ulcinj.com\/blog\/wp-json\/wp\/v2\/posts\/70878\/revisions"}],"predecessor-version":[{"id":70880,"href":"https:\/\/www.visit-ulcinj.com\/blog\/wp-json\/wp\/v2\/posts\/70878\/revisions\/70880"}],"wp:attachment":[{"href":"https:\/\/www.visit-ulcinj.com\/blog\/wp-json\/wp\/v2\/media?parent=70878"}],"wp:term":[{"taxonomy":"category","embeddable":true,"href":"https:\/\/www.visit-ulcinj.com\/blog\/wp-json\/wp\/v2\/categories?post=70878"},{"taxonomy":"post_tag","embeddable":true,"href":"https:\/\/www.visit-ulcinj.com\/blog\/wp-json\/wp\/v2\/tags?post=70878"}],"curies":[{"name":"wp","href":"https:\/\/api.w.org\/{rel}","templated":true}]}}