{"id":70884,"date":"2013-04-30T00:23:37","date_gmt":"2013-04-29T23:23:37","guid":{"rendered":"http:\/\/www.visit-ulcinj.com\/blog\/?p=70884"},"modified":"2013-04-30T14:11:49","modified_gmt":"2013-04-30T13:11:49","slug":"kgb-rep-nga-ulqini-video","status":"publish","type":"post","link":"https:\/\/www.visit-ulcinj.com\/blog\/2013\/04\/30\/kgb-rep-nga-ulqini-video\/","title":{"rendered":"KGB, rep nga Ulqini &#8211; Video"},"content":{"rendered":"<p><a href=\"http:\/\/www.visit-ulcinj.com\/blog\/wp-content\/uploads\/2013\/04\/KGB-rep-nga-Ulqini.jpg\"><img loading=\"lazy\" class=\"alignleft  wp-image-70885\" alt=\"KGB, rep nga Ulqini\" src=\"http:\/\/www.visit-ulcinj.com\/blog\/wp-content\/uploads\/2013\/04\/KGB-rep-nga-Ulqini.jpg\" width=\"508\" height=\"356\" \/><\/a>Qyteti i Ulqinit, i njohur p\u00ebr plazhet dhe kalan\u00eb, \u00ebsht\u00eb subjekt i nj\u00eb k\u00ebnge q\u00eb i p\u00ebrket zhanrit rep.<br \/>\nDjemt\u00eb e grupit \u201cKGB\u201d kan\u00eb publikuar videoklipin e tyre t\u00eb ri, t\u00eb k\u00ebng\u00ebs me titull\u00a0 \u201cQyteti jem\u201d, dedikuar vendit t\u00eb tyre t\u00eb lindjes<\/p>\n<p>\u201cProjekti \u201cQyteti jem\u201d \u00ebsht\u00eb arritja jon\u00eb m\u00eb e madhe\u201d thon\u00eb djemt\u00eb e KGB p\u00ebr Indeksonline, duke u shprehur t\u00eb k\u00ebnaqur me produksionin me t\u00eb cilin kane punuar.<\/p>\n<p>Videoklipi i realizuar nga produksionin Fron Media paraqet bukurit\u00eb e bregdetit t\u00eb Ulqinit,si nj\u00eb nd\u00ebr destinacionet m\u00eb atraktive p\u00ebr shqiptar\u00ebt.<\/p>\n<p><strong>Indeksonline<\/strong><\/p>\n\n\t\t<style type=\"text\/css\">\n\t\t\t#gallery-1 {\n\t\t\t\tmargin: auto;\n\t\t\t}\n\t\t\t#gallery-1 .gallery-item {\n\t\t\t\tfloat: left;\n\t\t\t\tmargin-top: 10px;\n\t\t\t\ttext-align: center;\n\t\t\t\twidth: 33%;\n\t\t\t}\n\t\t\t#gallery-1 img {\n\t\t\t\tborder: 2px solid #cfcfcf;\n\t\t\t}\n\t\t\t#gallery-1 .gallery-caption {\n\t\t\t\tmargin-left: 0;\n\t\t\t}\n\t\t\t\/* see gallery_shortcode() in wp-includes\/media.php *\/\n\t\t<\/style>\n\t\t<div id='gallery-1' class='gallery galleryid-70884 gallery-columns-3 gallery-size-thumbnail'><dl class='gallery-item'>\n\t\t\t<dt class='gallery-icon landscape'>\n\t\t\t\t<a href='https:\/\/www.visit-ulcinj.com\/blog\/2013\/04\/30\/kgb-rep-nga-ulqini-video\/kgb-rep-nga-ulqini-1\/'><img width=\"150\" height=\"150\" src=\"https:\/\/www.visit-ulcinj.com\/blog\/wp-content\/uploads\/2013\/04\/KGB-rep-nga-Ulqini.1-150x150.jpg\" class=\"attachment-thumbnail size-thumbnail\" alt=\"\" loading=\"lazy\" \/><\/a>\n\t\t\t<\/dt><\/dl><dl class='gallery-item'>\n\t\t\t<dt class='gallery-icon landscape'>\n\t\t\t\t<a href='https:\/\/www.visit-ulcinj.com\/blog\/2013\/04\/30\/kgb-rep-nga-ulqini-video\/kgb-rep-nga-ulqini-2\/'><img width=\"150\" height=\"150\" src=\"https:\/\/www.visit-ulcinj.com\/blog\/wp-content\/uploads\/2013\/04\/KGB-rep-nga-Ulqini.2-150x150.jpg\" class=\"attachment-thumbnail size-thumbnail\" alt=\"\" loading=\"lazy\" \/><\/a>\n\t\t\t<\/dt><\/dl><dl class='gallery-item'>\n\t\t\t<dt class='gallery-icon landscape'>\n\t\t\t\t<a href='https:\/\/www.visit-ulcinj.com\/blog\/2013\/04\/30\/kgb-rep-nga-ulqini-video\/kgb-rep-nga-ulqini-3\/'><img width=\"150\" height=\"150\" src=\"https:\/\/www.visit-ulcinj.com\/blog\/wp-content\/uploads\/2013\/04\/KGB-rep-nga-Ulqini.3-150x150.jpg\" class=\"attachment-thumbnail size-thumbnail\" alt=\"\" loading=\"lazy\" \/><\/a>\n\t\t\t<\/dt><\/dl><br style=\"clear: both\" \/>\n\t\t<\/div>\n\n<p>Video Production : Fronmedia<br \/>\nCamera : Leart Lima<br \/>\nEditing : Leart Lima<br \/>\nDirector : Henor Halili<br \/>\nAudio Production : Shkelqim Ravja<br \/>\nSound Engineering : Shkelqim Ravja<br \/>\nPerformed by : KGB<\/p>\n<p><iframe loading=\"lazy\" width=\"508\" height=\"360\" src=\"http:\/\/www.youtube.com\/embed\/krenWSTS1dY\" frameborder=\"0\" allowfullscreen><\/iframe><\/p>\n","protected":false},"excerpt":{"rendered":"<p>Qyteti i Ulqinit, i njohur p\u00ebr plazhet dhe kalan\u00eb, \u00ebsht\u00eb subjekt i nj\u00eb k\u00ebnge q\u00eb i p\u00ebrket zhanrit rep. Djemt\u00eb e grupit \u201cKGB\u201d kan\u00eb publikuar videoklipin e tyre t\u00eb ri, t\u00eb k\u00ebng\u00ebs me titull\u00a0 \u201cQyteti jem\u201d, dedikuar vendit t\u00eb tyre t\u00eb lindjes \u201cProjekti \u201cQyteti jem\u201d \u00ebsht\u00eb arritja jon\u00eb m\u00eb e madhe\u201d thon\u00eb djemt\u00eb e KGB [&hellip;]<\/p>\n","protected":false},"author":1,"featured_media":0,"comment_status":"open","ping_status":"closed","sticky":false,"template":"","format":"standard","meta":{"spay_email":"","jetpack_publicize_message":"","jetpack_is_tweetstorm":false,"jetpack_publicize_feature_enabled":true},"categories":[1],"tags":[],"jetpack_publicize_connections":[],"yoast_head":"<!-- This site is optimized with the Yoast SEO plugin v19.1 - https:\/\/yoast.com\/wordpress\/plugins\/seo\/ -->\n<title>KGB, rep nga Ulqini - Video - Lajme nga Ulqini<\/title>\n<meta name=\"description\" content=\"Qyteti i Ulqinit, i njohur p\u00ebr plazhet dhe kalan\u00eb, \u00ebsht\u00eb subjekt i nj\u00eb k\u00ebnge q\u00eb i p\u00ebrket zhanrit rep. Djemt\u00eb e grupit \u201cKGB\u201d kan\u00eb publikuar videoklipin e\" \/>\n<meta name=\"robots\" content=\"index, follow, max-snippet:-1, max-image-preview:large, max-video-preview:-1\" \/>\n<link rel=\"canonical\" href=\"https:\/\/www.visit-ulcinj.com\/blog\/2013\/04\/30\/kgb-rep-nga-ulqini-video\/\" \/>\n<meta property=\"og:locale\" content=\"en_US\" \/>\n<meta property=\"og:type\" content=\"article\" \/>\n<meta property=\"og:title\" content=\"KGB, rep nga Ulqini - Video - Lajme nga Ulqini\" \/>\n<meta property=\"og:description\" content=\"Qyteti i Ulqinit, i njohur p\u00ebr plazhet dhe kalan\u00eb, \u00ebsht\u00eb subjekt i nj\u00eb k\u00ebnge q\u00eb i p\u00ebrket zhanrit rep. Djemt\u00eb e grupit \u201cKGB\u201d kan\u00eb publikuar videoklipin e\" \/>\n<meta property=\"og:url\" content=\"https:\/\/www.visit-ulcinj.com\/blog\/2013\/04\/30\/kgb-rep-nga-ulqini-video\/\" \/>\n<meta property=\"og:site_name\" content=\"Lajme nga Ulqini\" \/>\n<meta property=\"article:published_time\" content=\"2013-04-29T23:23:37+00:00\" \/>\n<meta property=\"article:modified_time\" content=\"2013-04-30T13:11:49+00:00\" \/>\n<meta property=\"og:image\" content=\"https:\/\/www.visit-ulcinj.com\/blog\/wp-content\/uploads\/2013\/04\/KGB-rep-nga-Ulqini.1-150x150.jpg\" \/>\n<meta name=\"twitter:label1\" content=\"Written by\" \/>\n\t<meta name=\"twitter:data1\" content=\"ulqini\" \/>\n\t<meta name=\"twitter:label2\" content=\"Est. reading time\" \/>\n\t<meta name=\"twitter:data2\" content=\"1 minute\" \/>\n<script type=\"application\/ld+json\" class=\"yoast-schema-graph\">{\"@context\":\"https:\/\/schema.org\",\"@graph\":[{\"@type\":\"WebSite\",\"@id\":\"https:\/\/www.visit-ulcinj.com\/blog\/#website\",\"url\":\"https:\/\/www.visit-ulcinj.com\/blog\/\",\"name\":\"Lajme nga Ulqini\",\"description\":\"Lajme,Vijesti,Ulqini,Ulqin,Crna Gora,Mali i Zi\",\"potentialAction\":[{\"@type\":\"SearchAction\",\"target\":{\"@type\":\"EntryPoint\",\"urlTemplate\":\"https:\/\/www.visit-ulcinj.com\/blog\/?s={search_term_string}\"},\"query-input\":\"required name=search_term_string\"}],\"inLanguage\":\"en-US\"},{\"@type\":\"ImageObject\",\"inLanguage\":\"en-US\",\"@id\":\"https:\/\/www.visit-ulcinj.com\/blog\/2013\/04\/30\/kgb-rep-nga-ulqini-video\/#primaryimage\",\"url\":\"https:\/\/www.visit-ulcinj.com\/blog\/wp-content\/uploads\/2013\/04\/KGB-rep-nga-Ulqini.jpg\",\"contentUrl\":\"https:\/\/www.visit-ulcinj.com\/blog\/wp-content\/uploads\/2013\/04\/KGB-rep-nga-Ulqini.jpg\",\"width\":640,\"height\":356},{\"@type\":\"WebPage\",\"@id\":\"https:\/\/www.visit-ulcinj.com\/blog\/2013\/04\/30\/kgb-rep-nga-ulqini-video\/#webpage\",\"url\":\"https:\/\/www.visit-ulcinj.com\/blog\/2013\/04\/30\/kgb-rep-nga-ulqini-video\/\",\"name\":\"KGB, rep nga Ulqini - Video - Lajme nga Ulqini\",\"isPartOf\":{\"@id\":\"https:\/\/www.visit-ulcinj.com\/blog\/#website\"},\"primaryImageOfPage\":{\"@id\":\"https:\/\/www.visit-ulcinj.com\/blog\/2013\/04\/30\/kgb-rep-nga-ulqini-video\/#primaryimage\"},\"datePublished\":\"2013-04-29T23:23:37+00:00\",\"dateModified\":\"2013-04-30T13:11:49+00:00\",\"author\":{\"@id\":\"https:\/\/www.visit-ulcinj.com\/blog\/#\/schema\/person\/dcab619c614d3038751c63bc2aadc06d\"},\"description\":\"Qyteti i Ulqinit, i njohur p\u00ebr plazhet dhe kalan\u00eb, \u00ebsht\u00eb subjekt i nj\u00eb k\u00ebnge q\u00eb i p\u00ebrket zhanrit rep. Djemt\u00eb e grupit \u201cKGB\u201d kan\u00eb publikuar videoklipin e\",\"breadcrumb\":{\"@id\":\"https:\/\/www.visit-ulcinj.com\/blog\/2013\/04\/30\/kgb-rep-nga-ulqini-video\/#breadcrumb\"},\"inLanguage\":\"en-US\",\"potentialAction\":[{\"@type\":\"ReadAction\",\"target\":[\"https:\/\/www.visit-ulcinj.com\/blog\/2013\/04\/30\/kgb-rep-nga-ulqini-video\/\"]}]},{\"@type\":\"BreadcrumbList\",\"@id\":\"https:\/\/www.visit-ulcinj.com\/blog\/2013\/04\/30\/kgb-rep-nga-ulqini-video\/#breadcrumb\",\"itemListElement\":[{\"@type\":\"ListItem\",\"position\":1,\"name\":\"KGB, rep nga Ulqini &#8211; Video\"}]},{\"@type\":\"Person\",\"@id\":\"https:\/\/www.visit-ulcinj.com\/blog\/#\/schema\/person\/dcab619c614d3038751c63bc2aadc06d\",\"name\":\"ulqini\",\"sameAs\":[\"http:\/\/www.visit-ulcinj.com\"],\"url\":\"https:\/\/www.visit-ulcinj.com\/blog\/author\/admin\/\"}]}<\/script>\n<!-- \/ Yoast SEO plugin. -->","yoast_head_json":{"title":"KGB, rep nga Ulqini - Video - Lajme nga Ulqini","description":"Qyteti i Ulqinit, i njohur p\u00ebr plazhet dhe kalan\u00eb, \u00ebsht\u00eb subjekt i nj\u00eb k\u00ebnge q\u00eb i p\u00ebrket zhanrit rep. Djemt\u00eb e grupit \u201cKGB\u201d kan\u00eb publikuar videoklipin e","robots":{"index":"index","follow":"follow","max-snippet":"max-snippet:-1","max-image-preview":"max-image-preview:large","max-video-preview":"max-video-preview:-1"},"canonical":"https:\/\/www.visit-ulcinj.com\/blog\/2013\/04\/30\/kgb-rep-nga-ulqini-video\/","og_locale":"en_US","og_type":"article","og_title":"KGB, rep nga Ulqini - Video - Lajme nga Ulqini","og_description":"Qyteti i Ulqinit, i njohur p\u00ebr plazhet dhe kalan\u00eb, \u00ebsht\u00eb subjekt i nj\u00eb k\u00ebnge q\u00eb i p\u00ebrket zhanrit rep. Djemt\u00eb e grupit \u201cKGB\u201d kan\u00eb publikuar videoklipin e","og_url":"https:\/\/www.visit-ulcinj.com\/blog\/2013\/04\/30\/kgb-rep-nga-ulqini-video\/","og_site_name":"Lajme nga Ulqini","article_published_time":"2013-04-29T23:23:37+00:00","article_modified_time":"2013-04-30T13:11:49+00:00","og_image":[{"url":"https:\/\/www.visit-ulcinj.com\/blog\/wp-content\/uploads\/2013\/04\/KGB-rep-nga-Ulqini.1-150x150.jpg"}],"twitter_misc":{"Written by":"ulqini","Est. reading time":"1 minute"},"schema":{"@context":"https:\/\/schema.org","@graph":[{"@type":"WebSite","@id":"https:\/\/www.visit-ulcinj.com\/blog\/#website","url":"https:\/\/www.visit-ulcinj.com\/blog\/","name":"Lajme nga Ulqini","description":"Lajme,Vijesti,Ulqini,Ulqin,Crna Gora,Mali i Zi","potentialAction":[{"@type":"SearchAction","target":{"@type":"EntryPoint","urlTemplate":"https:\/\/www.visit-ulcinj.com\/blog\/?s={search_term_string}"},"query-input":"required name=search_term_string"}],"inLanguage":"en-US"},{"@type":"ImageObject","inLanguage":"en-US","@id":"https:\/\/www.visit-ulcinj.com\/blog\/2013\/04\/30\/kgb-rep-nga-ulqini-video\/#primaryimage","url":"https:\/\/www.visit-ulcinj.com\/blog\/wp-content\/uploads\/2013\/04\/KGB-rep-nga-Ulqini.jpg","contentUrl":"https:\/\/www.visit-ulcinj.com\/blog\/wp-content\/uploads\/2013\/04\/KGB-rep-nga-Ulqini.jpg","width":640,"height":356},{"@type":"WebPage","@id":"https:\/\/www.visit-ulcinj.com\/blog\/2013\/04\/30\/kgb-rep-nga-ulqini-video\/#webpage","url":"https:\/\/www.visit-ulcinj.com\/blog\/2013\/04\/30\/kgb-rep-nga-ulqini-video\/","name":"KGB, rep nga Ulqini - Video - Lajme nga Ulqini","isPartOf":{"@id":"https:\/\/www.visit-ulcinj.com\/blog\/#website"},"primaryImageOfPage":{"@id":"https:\/\/www.visit-ulcinj.com\/blog\/2013\/04\/30\/kgb-rep-nga-ulqini-video\/#primaryimage"},"datePublished":"2013-04-29T23:23:37+00:00","dateModified":"2013-04-30T13:11:49+00:00","author":{"@id":"https:\/\/www.visit-ulcinj.com\/blog\/#\/schema\/person\/dcab619c614d3038751c63bc2aadc06d"},"description":"Qyteti i Ulqinit, i njohur p\u00ebr plazhet dhe kalan\u00eb, \u00ebsht\u00eb subjekt i nj\u00eb k\u00ebnge q\u00eb i p\u00ebrket zhanrit rep. Djemt\u00eb e grupit \u201cKGB\u201d kan\u00eb publikuar videoklipin e","breadcrumb":{"@id":"https:\/\/www.visit-ulcinj.com\/blog\/2013\/04\/30\/kgb-rep-nga-ulqini-video\/#breadcrumb"},"inLanguage":"en-US","potentialAction":[{"@type":"ReadAction","target":["https:\/\/www.visit-ulcinj.com\/blog\/2013\/04\/30\/kgb-rep-nga-ulqini-video\/"]}]},{"@type":"BreadcrumbList","@id":"https:\/\/www.visit-ulcinj.com\/blog\/2013\/04\/30\/kgb-rep-nga-ulqini-video\/#breadcrumb","itemListElement":[{"@type":"ListItem","position":1,"name":"KGB, rep nga Ulqini &#8211; Video"}]},{"@type":"Person","@id":"https:\/\/www.visit-ulcinj.com\/blog\/#\/schema\/person\/dcab619c614d3038751c63bc2aadc06d","name":"ulqini","sameAs":["http:\/\/www.visit-ulcinj.com"],"url":"https:\/\/www.visit-ulcinj.com\/blog\/author\/admin\/"}]}},"jetpack_featured_media_url":"","jetpack_sharing_enabled":true,"jetpack_shortlink":"https:\/\/wp.me\/pe6lTn-iri","_links":{"self":[{"href":"https:\/\/www.visit-ulcinj.com\/blog\/wp-json\/wp\/v2\/posts\/70884"}],"collection":[{"href":"https:\/\/www.visit-ulcinj.com\/blog\/wp-json\/wp\/v2\/posts"}],"about":[{"href":"https:\/\/www.visit-ulcinj.com\/blog\/wp-json\/wp\/v2\/types\/post"}],"author":[{"embeddable":true,"href":"https:\/\/www.visit-ulcinj.com\/blog\/wp-json\/wp\/v2\/users\/1"}],"replies":[{"embeddable":true,"href":"https:\/\/www.visit-ulcinj.com\/blog\/wp-json\/wp\/v2\/comments?post=70884"}],"version-history":[{"count":5,"href":"https:\/\/www.visit-ulcinj.com\/blog\/wp-json\/wp\/v2\/posts\/70884\/revisions"}],"predecessor-version":[{"id":70907,"href":"https:\/\/www.visit-ulcinj.com\/blog\/wp-json\/wp\/v2\/posts\/70884\/revisions\/70907"}],"wp:attachment":[{"href":"https:\/\/www.visit-ulcinj.com\/blog\/wp-json\/wp\/v2\/media?parent=70884"}],"wp:term":[{"taxonomy":"category","embeddable":true,"href":"https:\/\/www.visit-ulcinj.com\/blog\/wp-json\/wp\/v2\/categories?post=70884"},{"taxonomy":"post_tag","embeddable":true,"href":"https:\/\/www.visit-ulcinj.com\/blog\/wp-json\/wp\/v2\/tags?post=70884"}],"curies":[{"name":"wp","href":"https:\/\/api.w.org\/{rel}","templated":true}]}}