{"id":70893,"date":"2013-04-30T08:15:40","date_gmt":"2013-04-30T07:15:40","guid":{"rendered":"http:\/\/www.visit-ulcinj.com\/blog\/?p=70893"},"modified":"2013-04-30T08:17:34","modified_gmt":"2013-04-30T07:17:34","slug":"muhamet-nika-tragjedia-e-tivarit","status":"publish","type":"post","link":"https:\/\/www.visit-ulcinj.com\/blog\/2013\/04\/30\/muhamet-nika-tragjedia-e-tivarit\/","title":{"rendered":"Muhamet Nika: Tragjedia e Tivarit"},"content":{"rendered":"<p><a href=\"http:\/\/www.visit-ulcinj.com\/blog\/wp-content\/uploads\/2013\/04\/Tragjedia-e-Tivarit.jpg\"><img loading=\"lazy\" class=\"alignleft  wp-image-70894\" alt=\"Tragjedia e Tivarit\" src=\"http:\/\/www.visit-ulcinj.com\/blog\/wp-content\/uploads\/2013\/04\/Tragjedia-e-Tivarit.jpg\" width=\"508\" height=\"286\" \/><\/a>Nga fundi i Luft\u00ebs s\u00eb Dyt\u00eb Bot\u00ebrore, komu\u00a0&#8211;\u00a0nist\u00ebt me q\u00ebllim t\u00eb ndaljes s\u00eb kryengritjes \u00a0gjith\u00ebpopullore q\u00eb pritej t\u00eb ndodhte n\u00eb \u00a0Kosov\u00eb, p\u00ebr tu shk\u00ebputur nga Jugosllavia, \u00a0menj\u00ebher\u00eb, vendosen atje administrat\u00ebn \u00a0ushtarake dhe mobilizuan me forc\u00eb re\u00a0&#8211;\u00a0grut\u00eb kosovar\u00eb q\u00eb m\u00eb par\u00eb kishin qen\u00eb \u00a0atdhetar\u00eb t\u00eb Shaban Polluzh\u00ebs , p\u00ebr t\u2019iu \u00a0bashkangjitur, si\u00e7 u than\u00eb at\u00ebher\u00eb Ar\u00a0&#8211;\u00a0mat\u00ebs s\u00eb Kat\u00ebrt n\u00eb Istr\u00ebn Sllovene q\u00eb ishte \u00a0e pushtuar. Rekrut\u00ebt, marshimin e nis\u00ebn \u00a0nga Prizreni p\u00ebr t\u00eb kaluar m\u00eb pas n\u00ebp\u00ebr \u00a0Shqip\u00ebri deri n\u00eb portin e Tivarit, prej atje, \u00a0pritej q\u00eb me anije duhej t\u00eb shkonin deri \u00a0n\u00eb front&#8230; Gjat\u00eb rrug\u00ebs p\u00ebr n\u00eb Istra, pasi \u00a0kishin arritur n\u00eb qytetin e Tivarit , t\u00eb \u00a0gjith\u00eb rekrut\u00ebt i masakruan n\u00eb oborrin e \u00a0nd\u00ebrteses s\u00eb monopolit t\u00eb duhanit, t\u00eb Ti\u00a0&#8211;\u00a0varit, pjestar\u00ebt e Brigad\u00ebs s\u00eb Dhjet\u00eb Sulm\u00a0&#8211;\u00a0uese Malazeze. E gjith\u00eb kjo ishte b\u00ebr\u00eb me \u00a0paramendim&#8230;, vrasja ishte e tmerrshme, \u00a0dhe vazhdoi edhe pas ekzekutimit te t\u00eb \u00a0mbijetuarve. P\u00ebr t\u00eb sjell\u00eb k\u00ebtu, anatem\u00ebn \u00a0e ngjarjes, t\u00eb asaj p\u00ebr t\u00eb cil\u00ebn pak flitet nga \u00a0ne shqiptar\u00ebt, po shk\u00ebpusim , at\u00eb q\u00eb shk\u00a0&#8211;\u00a0ruan publicisti malazez \u017delko Millov\u0107. Ai \u00a0duke fol\u00eb p\u00ebr rastin shprehej: \u201cKa pasurTi\u00a0&#8211;\u00a0varas, t\u00eb cil\u00ebt n\u00eb m\u00ebnyr\u00eb aktive kan\u00eb mar\u00a0&#8211;\u00a0r\u00eb pjes\u00eb n\u00eb krim, por ka pasur n\u00eb mesin e \u00a0tyre q\u00eb njer\u00ebzit e pa fat i kan\u00eb fshehur n\u00eb \u00a0sht\u00ebpit\u00eb e veta dhe n\u00eb mullar\u00ebt e san\u00ebs&#8230; \u00a0K\u00ebtyre personave, familjar\u00ebt e t\u00eb shp\u00ebtu\u00a0&#8211;\u00a0arve me dekada iu kan\u00eb b\u00ebr\u00eb vizita. Por \u00a0n\u00eb masak\u00ebr mor\u00ebn pjes\u00eb edhe 10 tra shq\u00a0&#8211;\u00a0iptar\u00eb nga Ulqini, t\u00eb cil\u00ebt ishin luft\u00ebtar\u00eb t\u00eb \u00a0Brigad\u00ebe s\u00eb Dhjet\u00eb&#8230;\u201d?!!!\u00a0Nd\u00ebrsa politika shqiptare n\u00eb Mal t\u00eb Zi ose \u00a0 shqiptar\u00ebt n\u00eb Malt\u00ebzi, p\u00ebr tragjedin\u00eb e Ti\u00a0&#8211;\u00a0varit, fillimisht mbaj mend t\u00eb jet\u00eb d\u00ebgjuar \u00a0haptas, aty diku rreth vitit 1992, Kurse \u00a0disa vite m\u00eb pas , \u00e7\u00ebshtjen s\u00ebrish e inicoi , \u00a0z. Mehmet Bardhi si pyetje t\u00eb deputetit n\u00eb \u00a0parlamentin e Malit t\u00eb Zi, nd\u00ebrsa si reak\u00a0&#8211;\u00a0sion n\u00eb pyetjn e deputetit Bardhi, kryemi\u00a0&#8211;\u00a0nistri Gjukanoviq urdh\u00ebroi q\u00eb t\u00eb ngriten \u00a0hetimet nga prokuroria.\u00a0Ja se \u00e7far\u00eb shkruhej n\u00eb at\u00eb koh\u00eb p\u00ebr \u00a0masakr\u00ebn n\u00eb letr\u00ebn e hapur t\u00eb z. Lek\u00eb \u00a0Lulgjuraj t\u00eb drejtuar presidentit malazias, \u00a0Bullatoviq: \u00a0\u201c&#8230;.Ushtar\u00ebt malazez pas masakr\u00ebs festuan \u00a0me fjal\u00ebt rrnoft\u00eb hakmarrja; k\u00ebshtu duhet \u00a0b\u00ebr\u00eb shqiptar\u00ebve\u201d.T\u00eb plagosurve iu mor\u00ebn \u00a0jet\u00ebn me thika dhe mjete tjera t\u00eb forta.N\u00eb \u00a0t\u00eb nj\u00ebjt\u00ebn koh\u00eb t\u00eb gjith\u00eb kan\u00eb qen\u00eb t\u00eb pla\u00a0&#8211;\u00a0\u00e7kitur. Nj\u00eb num\u00ebr shum\u00eb i vog\u00ebl, gjithsejt \u00a018veta, arrit\u00ebn ta kap\u00ebrcejn\u00eb murin dhe \u00a0t\u00eb shp\u00ebtojn\u00eb nga masakra. Shumic\u00ebn e \u00a0t\u00eb vrar\u00ebve i kan\u00eb hedhur n\u00eb det, nd\u00ebrsa \u00a0483 persona i varros\u00ebn vendasit n\u00eb varret \u00a0myslimane n\u00eb Tivar.\u00a0Kjo masak\u00ebr , vep\u00ebr jonjer\u00ebzore dhe \u00a0tragjedi p\u00ebr djelmoshat shqiptar\u00eb, m\u00eb \u00a0detyruan zoti kryetar q\u00eb t\u2019ju drejtohem \u00a0me k\u00ebrkes\u00eb &#8230;..t\u00eb veni n\u00eb levizje hetimet, \u00a0t\u00eb hapet arkivi e t\u00eb vertetohen motivet e \u00a0k\u00ebsaj vepre kaq t\u00eb sh\u00ebmtuar dhe t\u00eb zbu\u00a0&#8211;\u00a0lohen organizatoret e urdh\u00ebruesit e k\u00ebsaj \u00a0masakre t\u00eb pad\u00ebgjuar&#8230;\u201c.K\u00ebshtu shkruante \u00a0, p\u00ebr gazet\u00ebn Bujku t\u00eb dat\u00ebs 14.02. 1992 , \u00a0Lek\u00eb Lulgjuraj n\u00eb letr\u00ebn e vet d\u00ebrguar kry\u00a0&#8211;\u00a0etarit t\u00eb Malit t\u00ebZi, p\u00ebrkitazi me masakr\u00ebn \u00a0e shqiptar\u00ebve n\u00eb Tivar m\u00eb 1945. Letra e \u00a0hapur edhe pse e d\u00ebrguar nuk u botua \u00a0nga mediat malazeze t\u00eb koh\u00ebs?!! \u00a0Letra e hapur e Lek\u00eb Lulgjurajt publikuar n\u00eb \u00a0Bujku\u00a0drejtuar Presidentit t\u00eb Malit t\u00eb Zi- M. Bulla\u00a0&#8211;\u00a0toviq\u00a0Hipoteka e k\u00ebsaj masakre nuk vazhdoi \u00a0gjat\u00eb dhe p\u00ebr k\u00ebt\u00eb u shkruan kujtime e \u00a0studime t\u00eb t\u00ebra, nga veteran\u00eb dhe studi\u00a0&#8211;\u00a0ues t\u00eb ndrysh\u00ebm q\u00eb opinioni i lexuesve \u00a0mir\u00eb i di, k\u00ebshtu q\u00eb shkrimet mbi k\u00ebt\u00eb \u00a0tem\u00eb nuk \u00ebsht\u00eb se mungojn\u00eb, por ajo q\u00eb \u00a0m\u00eb nxiti n\u00eb shtjellimin e s\u00ebrish\u00ebm t\u00eb k\u00ebsaj \u00a0ngjarjeje \u00ebsht\u00eb p\u00ebrndjekja q\u00eb iu b\u00eb t\u00eb \u00a0shp\u00ebtuarve nga masakra e Tivarit nga el\u00a0&#8211;\u00a0ement\u00ebt \u00e7etniko-partizan\u00eb, deri sa kaluan \u00a0kufirin shqiptar gjat kthimit p\u00ebr n\u00eb Kosov\u00eb \u00a0dhe u hakmor\u00ebn tmerr\u00ebsisht duke i li\u00a0&#8211;\u00a0kuiduar si t\u00eb ishin shtaz\u00eb..Duke e ditur q\u00eb \u00a0p\u00ebrcaktimi i t\u00eb mbijetuarve t\u00eb masakr\u00ebs \u00a0nuk ishte ideologjikisht komunist, spiun\u00ebt \u00a0dhe \u00e7etniko-partizan\u00ebt i k\u00ebrkonin ata n\u00eb \u00a0sht\u00ebpit\u00eb e familjeve t\u00eb rrethin\u00ebs s\u00eb Ulqinit \u00a0q\u00eb ishin dalluar si p\u00ebrkrah\u00ebs, t\u00eb Ballit Kom\u00a0&#8211;\u00a0b\u00ebtar. Nga kjo koh\u00eb si f\u00ebmij\u00eb , mbaj mend \u00a0t\u00eb m\u00eb ket\u00eb trazuar fati i nj\u00eb t\u00eb shp\u00ebtuari \u00a0kosovar, diku nga Vitija e Gjilanit, p\u00ebr t\u00eb \u00a0cilin , kisha d\u00ebgjuar nga prind\u00ebrit, se ruhej \u00a0i fshehur nga familja e Ali Bajram Kraj\u00ebs, \u00a0prej Rashtish\u00ebs s\u00eb Sip\u00ebrme, n\u00eb nj\u00eb mul\u00a0&#8211;\u00a0lar gjethi t\u00eb improvizuar p\u00ebr jav\u00eb t\u00eb t\u00ebra. \u00a0E kur\u201c hafija\u201c dyshohej se i ra n\u00eb gjurm\u00eb.., \u00a0familja Kraja e strehoi p\u00ebr disa muaj, n\u00eb \u00a0nj\u00eb vend tjet\u00ebr, n\u00ebn nj\u00eb gur, diku lart n\u00eb \u00a0mal, atje te Shkami i Sejnic\u00ebs, q\u00eb \u00ebsht\u00eb n\u00eb \u00a0mes t\u00eb malit t\u00eb Rashtish\u00ebs , mbi rrug\u00ebn \u00a0malore q\u00eb t\u00eb \u00e7on p\u00ebr Bojk.\u00a0Disa d\u00ebshmitar\u00eb t\u00eb k\u00ebsaj kohe, d\u00ebshmo\u00a0&#8211;\u00a0jn\u00eb p\u00ebr shum\u00eb ndjekje e dredhi e marifete \u00a0tjera, ndaj atdhetar\u00ebve t\u00eb koh\u00ebs nga \u00a0Ana e Malit. Ndjekja iu besua, element\u00ebve \u00a0\u00e7etniko-partizan\u00eb&#8230;., atyre, q\u00eb u shquan \u00a0p\u00ebr v\u00ebnien e kosovar\u00ebve n\u00ebn thik\u00eb . K\u00ebta, \u00a0kur arrit\u00ebn n\u00eb An\u00eb t\u00eb Malit, n\u00eb kuad\u00ebr t\u00eb \u00a0akcionit\u201c Spastrimi\u201c&#8230;, p\u00ebrdor\u00ebn shum\u00eb \u00a0marifete e dredhi , p\u00ebr t\u2019i sht\u00ebn\u00eb n\u00eb \u00a0dor\u00eb t\u00eb gjall\u00eb t\u00eb mbijetuarit e masakr\u00ebs \u00a0s\u00eb Tivarit, mund\u00ebsisht bashk\u00eb edhe me \u00a0p\u00ebrkrah\u00ebsit e arratisur t\u00eb \u00e7et\u00ebs balliste \u00a0t\u00eb Hasan Isufit. Pjestar\u00ebt, e brigad\u00ebs q\u00eb \u00a0b\u00ebri akcionin, t\u00eb veshur( maskuar ) si \u00a0kosovar\u00eb , shtireshin si t\u00eb mbijetuar t\u00eb \u00a0masakres&#8230;,dhe k\u00ebrkonin ndihm\u00eb, p\u00ebr tu \u00a0lidhur, me ish- familjar\u00ebt e arratisur bal\u00a0&#8211;\u00a0list\u00eb nga Ana e Malit .., mbase ballist\u00ebt \u00a0e arratisur, mund tu rr\u00ebfenin \u201eN\u00eb bes\u00eb\u201c \u00a0vendstrehimet e atdhetar\u00ebve t\u00eb Hasanit \u00a0,duke u treguar rrug\u00ebn, q\u00eb t\u00eb mos binin \u00a0n\u00eb pritat e kufirit gjat\u00eb rrug\u00ebs s\u00eb kthimit \u00a0p\u00ebr n\u00eb Kosov\u00eb&#8230;.?!!!Nj\u00eb masak\u00ebr e b\u00ebr\u00eb n\u00eb \u00a0kuad\u00ebr t\u00eb aksionit \u201cSpastrimi\u201d n\u00eb An\u00ebs s\u00eb \u00a0Malit kund\u00ebr element\u00ebve ballist\u00eb, \u00ebsht\u00eb \u00a0edhe ai i kryer nga \u00e7etniko partizan\u00ebt n\u00eb \u00a0\u00c7apraj t\u00eb Kravarit. Sipas disa d\u00ebshmive \u00a0n\u00eb k\u00ebt\u00eb arradh\u00eb kishte edhe pjestar\u00eb \u00a0partizan\u00eb nga Shqip\u00ebria madje edhe nga \u00a0tosk\u00ebria si dhe shqiptar\u00eb vendas t\u00eb mobi\u00a0&#8211;\u00a0lizuar me dhun\u00eb.<br \/>\n<a href=\"http:\/\/www.visit-ulcinj.com\/blog\/wp-content\/uploads\/2013\/04\/tragjedia_e_tivarit.jpg\"><img loading=\"lazy\" class=\"alignleft  wp-image-70895\" alt=\"tragjedia_e_tivarit\" src=\"http:\/\/www.visit-ulcinj.com\/blog\/wp-content\/uploads\/2013\/04\/tragjedia_e_tivarit.jpg\" width=\"508\" height=\"384\" \/><\/a><\/p>\n<p><b>DHUNA \u00c7ETNIKOPARTIZANE\u00a0DHE VRASJA E ATDHETARIT- SALUK \u00a0XHAFA ME T\u00cb BIRIN&#8230;..<\/b><\/p>\n<p>Dihet se ndikimi komunist , gjat\u00eb luft\u00ebs s\u00eb \u00a0dyt\u00eb bot\u00ebrore, n\u00eb An\u00eb t\u00eb Malit, por edhe \u00a0n\u00eb Ulqin nuk ka qen\u00eb pothuajse fare i \u00a0pranish\u00ebm. N\u00eb k\u00ebt\u00eb koh\u00eb banor\u00ebt e trev\u00a0&#8211;\u00a0\u00ebs u gjet\u00ebn n\u00eb an\u00ebn e kund\u00ebrt t\u00eb l\u00ebvizjes \u00a0komuniste dhe p\u00ebrcaktimi i tyre ishte \u00a0k\u00ebmb\u00eb e krye p\u00ebr Shqip\u00ebrin\u00eb e Madh&#8230;.\u00a0Flitet se ata e kishin p\u00ebr hat\u00ebr, administr\u00a0&#8211;\u00a0imin shqip t\u00eb kohs, t\u00eb v\u00ebn\u00eb nga italian\u00ebt&#8230; \u00a0Banor\u00ebt, si asnj\u00ebher\u00eb tjet\u00ebr, kishin pranuar \u00a0t\u00eb mobilizoheshin vullnetarisht n\u00eb \u00c7et\u00ebn \u00a0e Komandant Hasan Isufit. Tjet\u00ebr nga kjo \u00a0koh\u00eb, mbahet mend se Ushtar\u00ebt Ana Ma\u00a0&#8211;\u00a0las t\u00eb Hasanit, pasi n\u00eb uniformen e vet \u00a0ushtarake rreth qafe kishin ca shenja t\u00eb \u00a0kuq, n\u00eb shenj\u00eb mburrjeje dhe p\u00ebrkledhje\u00a0&#8211;\u00a0je i quanin \u201cGush\u00ebkuqat e Hasanit&#8230;\u201d- Kjo \u00a0\u00e7et\u00eb nga anamalasit, p\u00ebrjetohej si ushtri \u00a0e vet. Atyre u kish p\u00eblqyer fort\u00eb, kryeko\u00a0&#8211;\u00a0mandanti ballist, Hasan Isufi, i cili n\u00eb\u00a0prezenc\u00ebn e tyre, vuri flamurin n\u00eb kufirin \u00a0e dikursh\u00ebm turk, te vendi i quajtur, Ul\u00a0&#8211;\u00a0liri i Eg\u00ebr n\u00eb Ujmir\u00eb-Dobrovod\u00eb t\u00eb Tivarit. \u00a0E sidomos u kish mbetur si kujtes\u00eb n\u00eb \u00a0zem\u00ebr, th\u00ebnia e komandantit gjat\u00eb v\u00ebnies \u00a0s\u00eb flamurit, kur ai ishte betuar, me fjal\u00ebt: \u00a0\u201cTi u kalbsh o bajrak aty ku un\u00eb t\u00eb nguli \u00a0&#8230;\u201d?!!! Tjet\u00ebr, ata si komunitet i skajsh\u00ebm, \u00a0ishin si duket bukur mir\u00eb t\u00eb informuar \u00a0edhe p\u00ebr aleatet e mundsh\u00ebm t\u00eb fuqive \u00a0t\u00eb m\u00ebdha, rreth zgjidhjes afatgjate e t\u00eb \u00a0drejt\u00eb t\u00eb \u00e7\u00ebshtjes s\u00eb kufijve t\u00eb Shqip\u00ebris\u00eb \u00a0. Kjo gj\u00eb shihet edhe nga nj\u00eb frazeologji \u00a0popullore e asaj kohe, p\u00ebr t\u00eb cil\u00ebn thonin se, i \u201cmo\u00e7mi\u201d kish th\u00ebn\u00eb:\u201dShqipnia \u00a0n\u2019izgjet, Kosova n\u2019salamet Ingliz Koman dar, kufini Tivar\u201d&#8230;.Zhvillimi i m\u00eb vonsh\u00ebm \u00a0i ngjarjeve , pas Luft\u00ebs s\u00eb Dyt\u00eb Bot\u00ebrore \u00a0e k\u00ebtej, n\u00eb mas\u00eb t\u00eb madhe e b\u00ebri realite \u00a0k\u00ebt\u00eb profeci.. .Kurse kujtesa historike e \u00a0saj edhe sot d\u00ebgjohet n\u00eb k\u00ebto an\u00eb. Por, \u00a0ajo q\u00eb ia vlen\u00eb t\u00eb shk\u00ebputet nga kujtesa \u00a0e ngjarjeve makab\u00ebr t\u00eb k\u00ebtyre viteve, \u00a0gjithqysh duhet t\u00eb ve\u00e7ojm\u00eb p\u00ebrjetimin \u00a0e banor\u00ebve t\u00eb m\u00ebhall\u00ebs s\u00eb \u00c7aprajve t\u00eb \u00a0Kravarit, cil\u00ebt nuk po e dor\u00ebzonin leht\u00eb, \u00a0Salukun e Xhaf\u00ebs, nj\u00ebrin nga luft\u00ebtar\u00ebt e \u00a0Hasanit, bashk\u00eb me t\u00eb birin t\u00eb cil\u00ebt nuk \u00a0pranonin t\u2019i gjuanin arm\u00eb<\/p>\n<p><strong>Koha Javore<\/strong><\/p>\n<p>&nbsp;<\/p>\n","protected":false},"excerpt":{"rendered":"<p>Nga fundi i Luft\u00ebs s\u00eb Dyt\u00eb Bot\u00ebrore, komu\u00a0&#8211;\u00a0nist\u00ebt me q\u00ebllim t\u00eb ndaljes s\u00eb kryengritjes \u00a0gjith\u00ebpopullore q\u00eb pritej t\u00eb ndodhte n\u00eb \u00a0Kosov\u00eb, p\u00ebr tu shk\u00ebputur nga Jugosllavia, \u00a0menj\u00ebher\u00eb, vendosen atje administrat\u00ebn \u00a0ushtarake dhe mobilizuan me forc\u00eb re\u00a0&#8211;\u00a0grut\u00eb kosovar\u00eb q\u00eb m\u00eb par\u00eb kishin qen\u00eb \u00a0atdhetar\u00eb t\u00eb Shaban Polluzh\u00ebs , p\u00ebr t\u2019iu \u00a0bashkangjitur, si\u00e7 u than\u00eb at\u00ebher\u00eb Ar\u00a0&#8211;\u00a0mat\u00ebs [&hellip;]<\/p>\n","protected":false},"author":1,"featured_media":0,"comment_status":"open","ping_status":"closed","sticky":false,"template":"","format":"standard","meta":{"spay_email":"","jetpack_publicize_message":"","jetpack_is_tweetstorm":false,"jetpack_publicize_feature_enabled":true},"categories":[13],"tags":[],"jetpack_publicize_connections":[],"yoast_head":"<!-- This site is optimized with the Yoast SEO plugin v19.1 - https:\/\/yoast.com\/wordpress\/plugins\/seo\/ -->\n<title>Muhamet Nika: Tragjedia e Tivarit - Lajme nga Ulqini<\/title>\n<meta name=\"description\" content=\"Nga fundi i Luft\u00ebs s\u00eb Dyt\u00eb Bot\u00ebrore, komu\u00a0-\u00a0nist\u00ebt me q\u00ebllim t\u00eb ndaljes s\u00eb kryengritjes \u00a0gjith\u00ebpopullore q\u00eb pritej t\u00eb ndodhte n\u00eb \u00a0Kosov\u00eb, p\u00ebr tu shk\u00ebputur\" \/>\n<meta name=\"robots\" content=\"index, follow, max-snippet:-1, max-image-preview:large, max-video-preview:-1\" \/>\n<link rel=\"canonical\" href=\"https:\/\/www.visit-ulcinj.com\/blog\/2013\/04\/30\/muhamet-nika-tragjedia-e-tivarit\/\" \/>\n<meta property=\"og:locale\" content=\"en_US\" \/>\n<meta property=\"og:type\" content=\"article\" \/>\n<meta property=\"og:title\" content=\"Muhamet Nika: Tragjedia e Tivarit - Lajme nga Ulqini\" \/>\n<meta property=\"og:description\" content=\"Nga fundi i Luft\u00ebs s\u00eb Dyt\u00eb Bot\u00ebrore, komu\u00a0-\u00a0nist\u00ebt me q\u00ebllim t\u00eb ndaljes s\u00eb kryengritjes \u00a0gjith\u00ebpopullore q\u00eb pritej t\u00eb ndodhte n\u00eb \u00a0Kosov\u00eb, p\u00ebr tu shk\u00ebputur\" \/>\n<meta property=\"og:url\" content=\"https:\/\/www.visit-ulcinj.com\/blog\/2013\/04\/30\/muhamet-nika-tragjedia-e-tivarit\/\" \/>\n<meta property=\"og:site_name\" content=\"Lajme nga Ulqini\" \/>\n<meta property=\"article:published_time\" content=\"2013-04-30T07:15:40+00:00\" \/>\n<meta property=\"article:modified_time\" content=\"2013-04-30T07:17:34+00:00\" \/>\n<meta property=\"og:image\" content=\"http:\/\/www.visit-ulcinj.com\/blog\/wp-content\/uploads\/2013\/04\/Tragjedia-e-Tivarit.jpg\" \/>\n<meta name=\"twitter:label1\" content=\"Written by\" \/>\n\t<meta name=\"twitter:data1\" content=\"ulqini\" \/>\n\t<meta name=\"twitter:label2\" content=\"Est. reading time\" \/>\n\t<meta name=\"twitter:data2\" content=\"8 minutes\" \/>\n<script type=\"application\/ld+json\" class=\"yoast-schema-graph\">{\"@context\":\"https:\/\/schema.org\",\"@graph\":[{\"@type\":\"WebSite\",\"@id\":\"https:\/\/www.visit-ulcinj.com\/blog\/#website\",\"url\":\"https:\/\/www.visit-ulcinj.com\/blog\/\",\"name\":\"Lajme nga Ulqini\",\"description\":\"Lajme,Vijesti,Ulqini,Ulqin,Crna Gora,Mali i Zi\",\"potentialAction\":[{\"@type\":\"SearchAction\",\"target\":{\"@type\":\"EntryPoint\",\"urlTemplate\":\"https:\/\/www.visit-ulcinj.com\/blog\/?s={search_term_string}\"},\"query-input\":\"required name=search_term_string\"}],\"inLanguage\":\"en-US\"},{\"@type\":\"ImageObject\",\"inLanguage\":\"en-US\",\"@id\":\"https:\/\/www.visit-ulcinj.com\/blog\/2013\/04\/30\/muhamet-nika-tragjedia-e-tivarit\/#primaryimage\",\"url\":\"https:\/\/www.visit-ulcinj.com\/blog\/wp-content\/uploads\/2013\/04\/Tragjedia-e-Tivarit.jpg\",\"contentUrl\":\"https:\/\/www.visit-ulcinj.com\/blog\/wp-content\/uploads\/2013\/04\/Tragjedia-e-Tivarit.jpg\",\"width\":411,\"height\":286},{\"@type\":\"WebPage\",\"@id\":\"https:\/\/www.visit-ulcinj.com\/blog\/2013\/04\/30\/muhamet-nika-tragjedia-e-tivarit\/#webpage\",\"url\":\"https:\/\/www.visit-ulcinj.com\/blog\/2013\/04\/30\/muhamet-nika-tragjedia-e-tivarit\/\",\"name\":\"Muhamet Nika: Tragjedia e Tivarit - Lajme nga Ulqini\",\"isPartOf\":{\"@id\":\"https:\/\/www.visit-ulcinj.com\/blog\/#website\"},\"primaryImageOfPage\":{\"@id\":\"https:\/\/www.visit-ulcinj.com\/blog\/2013\/04\/30\/muhamet-nika-tragjedia-e-tivarit\/#primaryimage\"},\"datePublished\":\"2013-04-30T07:15:40+00:00\",\"dateModified\":\"2013-04-30T07:17:34+00:00\",\"author\":{\"@id\":\"https:\/\/www.visit-ulcinj.com\/blog\/#\/schema\/person\/dcab619c614d3038751c63bc2aadc06d\"},\"description\":\"Nga fundi i Luft\u00ebs s\u00eb Dyt\u00eb Bot\u00ebrore, komu\u00a0-\u00a0nist\u00ebt me q\u00ebllim t\u00eb ndaljes s\u00eb kryengritjes \u00a0gjith\u00ebpopullore q\u00eb pritej t\u00eb ndodhte n\u00eb \u00a0Kosov\u00eb, p\u00ebr tu shk\u00ebputur\",\"breadcrumb\":{\"@id\":\"https:\/\/www.visit-ulcinj.com\/blog\/2013\/04\/30\/muhamet-nika-tragjedia-e-tivarit\/#breadcrumb\"},\"inLanguage\":\"en-US\",\"potentialAction\":[{\"@type\":\"ReadAction\",\"target\":[\"https:\/\/www.visit-ulcinj.com\/blog\/2013\/04\/30\/muhamet-nika-tragjedia-e-tivarit\/\"]}]},{\"@type\":\"BreadcrumbList\",\"@id\":\"https:\/\/www.visit-ulcinj.com\/blog\/2013\/04\/30\/muhamet-nika-tragjedia-e-tivarit\/#breadcrumb\",\"itemListElement\":[{\"@type\":\"ListItem\",\"position\":1,\"name\":\"Muhamet Nika: Tragjedia e Tivarit\"}]},{\"@type\":\"Person\",\"@id\":\"https:\/\/www.visit-ulcinj.com\/blog\/#\/schema\/person\/dcab619c614d3038751c63bc2aadc06d\",\"name\":\"ulqini\",\"sameAs\":[\"http:\/\/www.visit-ulcinj.com\"],\"url\":\"https:\/\/www.visit-ulcinj.com\/blog\/author\/admin\/\"}]}<\/script>\n<!-- \/ Yoast SEO plugin. -->","yoast_head_json":{"title":"Muhamet Nika: Tragjedia e Tivarit - Lajme nga Ulqini","description":"Nga fundi i Luft\u00ebs s\u00eb Dyt\u00eb Bot\u00ebrore, komu\u00a0-\u00a0nist\u00ebt me q\u00ebllim t\u00eb ndaljes s\u00eb kryengritjes \u00a0gjith\u00ebpopullore q\u00eb pritej t\u00eb ndodhte n\u00eb \u00a0Kosov\u00eb, p\u00ebr tu shk\u00ebputur","robots":{"index":"index","follow":"follow","max-snippet":"max-snippet:-1","max-image-preview":"max-image-preview:large","max-video-preview":"max-video-preview:-1"},"canonical":"https:\/\/www.visit-ulcinj.com\/blog\/2013\/04\/30\/muhamet-nika-tragjedia-e-tivarit\/","og_locale":"en_US","og_type":"article","og_title":"Muhamet Nika: Tragjedia e Tivarit - Lajme nga Ulqini","og_description":"Nga fundi i Luft\u00ebs s\u00eb Dyt\u00eb Bot\u00ebrore, komu\u00a0-\u00a0nist\u00ebt me q\u00ebllim t\u00eb ndaljes s\u00eb kryengritjes \u00a0gjith\u00ebpopullore q\u00eb pritej t\u00eb ndodhte n\u00eb \u00a0Kosov\u00eb, p\u00ebr tu shk\u00ebputur","og_url":"https:\/\/www.visit-ulcinj.com\/blog\/2013\/04\/30\/muhamet-nika-tragjedia-e-tivarit\/","og_site_name":"Lajme nga Ulqini","article_published_time":"2013-04-30T07:15:40+00:00","article_modified_time":"2013-04-30T07:17:34+00:00","og_image":[{"url":"http:\/\/www.visit-ulcinj.com\/blog\/wp-content\/uploads\/2013\/04\/Tragjedia-e-Tivarit.jpg"}],"twitter_misc":{"Written by":"ulqini","Est. reading time":"8 minutes"},"schema":{"@context":"https:\/\/schema.org","@graph":[{"@type":"WebSite","@id":"https:\/\/www.visit-ulcinj.com\/blog\/#website","url":"https:\/\/www.visit-ulcinj.com\/blog\/","name":"Lajme nga Ulqini","description":"Lajme,Vijesti,Ulqini,Ulqin,Crna Gora,Mali i Zi","potentialAction":[{"@type":"SearchAction","target":{"@type":"EntryPoint","urlTemplate":"https:\/\/www.visit-ulcinj.com\/blog\/?s={search_term_string}"},"query-input":"required name=search_term_string"}],"inLanguage":"en-US"},{"@type":"ImageObject","inLanguage":"en-US","@id":"https:\/\/www.visit-ulcinj.com\/blog\/2013\/04\/30\/muhamet-nika-tragjedia-e-tivarit\/#primaryimage","url":"https:\/\/www.visit-ulcinj.com\/blog\/wp-content\/uploads\/2013\/04\/Tragjedia-e-Tivarit.jpg","contentUrl":"https:\/\/www.visit-ulcinj.com\/blog\/wp-content\/uploads\/2013\/04\/Tragjedia-e-Tivarit.jpg","width":411,"height":286},{"@type":"WebPage","@id":"https:\/\/www.visit-ulcinj.com\/blog\/2013\/04\/30\/muhamet-nika-tragjedia-e-tivarit\/#webpage","url":"https:\/\/www.visit-ulcinj.com\/blog\/2013\/04\/30\/muhamet-nika-tragjedia-e-tivarit\/","name":"Muhamet Nika: Tragjedia e Tivarit - Lajme nga Ulqini","isPartOf":{"@id":"https:\/\/www.visit-ulcinj.com\/blog\/#website"},"primaryImageOfPage":{"@id":"https:\/\/www.visit-ulcinj.com\/blog\/2013\/04\/30\/muhamet-nika-tragjedia-e-tivarit\/#primaryimage"},"datePublished":"2013-04-30T07:15:40+00:00","dateModified":"2013-04-30T07:17:34+00:00","author":{"@id":"https:\/\/www.visit-ulcinj.com\/blog\/#\/schema\/person\/dcab619c614d3038751c63bc2aadc06d"},"description":"Nga fundi i Luft\u00ebs s\u00eb Dyt\u00eb Bot\u00ebrore, komu\u00a0-\u00a0nist\u00ebt me q\u00ebllim t\u00eb ndaljes s\u00eb kryengritjes \u00a0gjith\u00ebpopullore q\u00eb pritej t\u00eb ndodhte n\u00eb \u00a0Kosov\u00eb, p\u00ebr tu shk\u00ebputur","breadcrumb":{"@id":"https:\/\/www.visit-ulcinj.com\/blog\/2013\/04\/30\/muhamet-nika-tragjedia-e-tivarit\/#breadcrumb"},"inLanguage":"en-US","potentialAction":[{"@type":"ReadAction","target":["https:\/\/www.visit-ulcinj.com\/blog\/2013\/04\/30\/muhamet-nika-tragjedia-e-tivarit\/"]}]},{"@type":"BreadcrumbList","@id":"https:\/\/www.visit-ulcinj.com\/blog\/2013\/04\/30\/muhamet-nika-tragjedia-e-tivarit\/#breadcrumb","itemListElement":[{"@type":"ListItem","position":1,"name":"Muhamet Nika: Tragjedia e Tivarit"}]},{"@type":"Person","@id":"https:\/\/www.visit-ulcinj.com\/blog\/#\/schema\/person\/dcab619c614d3038751c63bc2aadc06d","name":"ulqini","sameAs":["http:\/\/www.visit-ulcinj.com"],"url":"https:\/\/www.visit-ulcinj.com\/blog\/author\/admin\/"}]}},"jetpack_featured_media_url":"","jetpack_sharing_enabled":true,"jetpack_shortlink":"https:\/\/wp.me\/pe6lTn-irr","_links":{"self":[{"href":"https:\/\/www.visit-ulcinj.com\/blog\/wp-json\/wp\/v2\/posts\/70893"}],"collection":[{"href":"https:\/\/www.visit-ulcinj.com\/blog\/wp-json\/wp\/v2\/posts"}],"about":[{"href":"https:\/\/www.visit-ulcinj.com\/blog\/wp-json\/wp\/v2\/types\/post"}],"author":[{"embeddable":true,"href":"https:\/\/www.visit-ulcinj.com\/blog\/wp-json\/wp\/v2\/users\/1"}],"replies":[{"embeddable":true,"href":"https:\/\/www.visit-ulcinj.com\/blog\/wp-json\/wp\/v2\/comments?post=70893"}],"version-history":[{"count":3,"href":"https:\/\/www.visit-ulcinj.com\/blog\/wp-json\/wp\/v2\/posts\/70893\/revisions"}],"predecessor-version":[{"id":70897,"href":"https:\/\/www.visit-ulcinj.com\/blog\/wp-json\/wp\/v2\/posts\/70893\/revisions\/70897"}],"wp:attachment":[{"href":"https:\/\/www.visit-ulcinj.com\/blog\/wp-json\/wp\/v2\/media?parent=70893"}],"wp:term":[{"taxonomy":"category","embeddable":true,"href":"https:\/\/www.visit-ulcinj.com\/blog\/wp-json\/wp\/v2\/categories?post=70893"},{"taxonomy":"post_tag","embeddable":true,"href":"https:\/\/www.visit-ulcinj.com\/blog\/wp-json\/wp\/v2\/tags?post=70893"}],"curies":[{"name":"wp","href":"https:\/\/api.w.org\/{rel}","templated":true}]}}