{"id":709,"date":"2008-02-29T15:00:49","date_gmt":"2008-02-29T20:00:49","guid":{"rendered":"http:\/\/www.visit-ulcinj.com\/blog\/2008\/02\/29\/mund-te-behet-mali-i-zi-nje-tjeter-monako-2\/"},"modified":"2008-02-29T15:00:49","modified_gmt":"2008-02-29T20:00:49","slug":"mund-te-behet-mali-i-zi-nje-tjeter-monako-2","status":"publish","type":"post","link":"https:\/\/www.visit-ulcinj.com\/blog\/2008\/02\/29\/mund-te-behet-mali-i-zi-nje-tjeter-monako-2\/","title":{"rendered":"Mund t\u00eb b\u00ebhet Mali i Zi nj\u00eb tjet\u00ebr Monako?"},"content":{"rendered":"<p><img loading=\"lazy\" src=\"http:\/\/8e.img.v4.skyrock.com\/8e7\/ulqini\/pics\/875188558.jpg\" align=\"left\" height=\"180\" width=\"240\" \/>Duke g\u00ebzuar nd\u00ebrkaq nj\u00eb bum pron\u00ebsie dhe t\u00eb ardhura t\u00eb rritura nga turizmi, vendi po k\u00ebrkon t\u00eb t\u00ebrheq\u00eb investimin e madh t\u00eb huaj. Me bregdetin e vet spektakular dhe brend\u00ebsin\u00eb e thyer malore, Mali i Zi e sidomos <a href=\"http:\/\/www.visit-ulcinj.com\/gallery\/main.php?g2_itemId=33\" title=\"Ulcinj-ulqini-ulqin,montenegro\" target=\"_blank\">Ulqini<\/a> ka nj\u00eb potencial t\u00eb madh turistik. Tani q\u00eb republika ka fituar pavar\u00ebsin\u00eb nga bashkimi i m\u00ebparsh\u00ebm shtet\u00ebror me Serbin\u00eb, disa thon\u00eb se ai mund t\u00eb b\u00ebhet nj\u00eb tjet\u00ebr Monako. Shembujt jan\u00eb t\u00eb shumt\u00eb, mjafton vet\u00ebm t\u00eb mendosh p\u00ebr Greqin\u00eb, Portugalin\u00eb dhe Spanj\u00ebn, p\u00ebr p\u00ebrfitimin ekonomik t\u00eb dal\u00eb nga turizmi nd\u00ebrkomb\u00ebtar. Mali i Zi i q\u00eb sapo ka fituar pavar\u00ebsin\u00eb \u00ebsht\u00eb i gatsh\u00ebm t\u00eb kap\u00eb mund\u00ebsin\u00eb. Duke hedhur posht\u00eb parashikimet se referendumi i pavar\u00ebsis\u00eb n\u00eb maj do t\u00eb shtinte paq\u00ebndrueshm\u00ebrin\u00eb, Mali i Zi n\u00eb fakt pa t\u00eb rritet numri i vet i turizmit k\u00ebt\u00eb ver\u00eb. Aktualisht, nj\u00eb turr i \u00e7mendur \u00ebsht\u00eb n\u00eb blerjen e pronave nd\u00ebrsa qeveria ka nd\u00ebrmarr\u00eb b\u00ebrjen e investimeve atje aq pa dhimbje sa mundet. T\u00eb ardhurat mund t\u00eb priten t\u00eb rriten p\u00ebr vit dhe shifrat e investimeve, t\u00eb ushqyera nga bumi masiv i pron\u00ebs, jan\u00eb p\u00ebrshtypjel\u00ebn\u00ebse. Me t\u00eb v\u00ebrtet\u00eb, Mali i Zi z\u00eb vendin e tret\u00eb n\u00eb Evrop\u00eb lidhur me ivestimet e drejtp\u00ebrdrejta p\u00ebr frym\u00eb. Deri tani, rus\u00ebt kan\u00eb qen\u00eb lojtar\u00ebt kryesor\u00eb ne Mal t\u00eb Zi e sidomos n\u00eb<a href=\"http:\/\/www.visit-ulcinj.com\/gallery\/main.php?g2_itemId=33!\" title=\"Ulcinj-ulqini-ulqin,montenegro\" target=\"_blank\"> Ulqin<\/a>. Me investime q\u00eb llogariten n\u00eb 2 miliard $, ata mbizot\u00ebrojn\u00eb nj\u00eb pjes\u00eb t\u00eb madhe t\u00eb ekonomis\u00eb nacionale malazeze.Jo gjithkush n\u00eb Malin e Zi \u00ebsht\u00eb krejt\u00ebsisht i k\u00ebnaqur me kaq shum\u00eb para ruse q\u00eb dynden dhe qeveria ka k\u00ebrkuar shum\u00ebllojshm\u00ebri. Ata q\u00eb jan\u00eb kritik\u00eb ndaj rus\u00ebve shprehin dyshimin n\u00eb se do t\u00eb mbahen premtimet ve\u00e7an\u00ebrisht garancit\u00eb mjedisore. Rus\u00ebt llogariten gjithashtu p\u00ebr norm\u00ebn m\u00eb t\u00eb madhe t\u00eb rritjes midis turist\u00ebve nd\u00ebrkomb\u00ebtar\u00eb. Nd\u00ebrsa shpesh perceptohen si mbizot\u00ebrues t\u00eb industris\u00eb, situata aktuale \u00ebsht\u00eb m\u00eb komplekse. Slloven\u00ebt p\u00ebr shembull, kan\u00eb ngritur nj\u00eb hotel t\u00eb ri bregdetar n\u00eb Sveti Stefan. Nj\u00eb interes irlandez ka sjell\u00eb Hotel Fjord n\u00eb Kotor dhe Beppler dhe Jacobson t\u00eb Britanis\u00eb kan\u00eb b\u00ebr\u00eb nj\u00eb investim t\u00eb madh n\u00eb nj\u00eb vendpushim ujrash termale n\u00eb Kolashin. Megjithat\u00eb, qeveria malazeze ka vazhduar t\u00eb k\u00ebrkoj\u00eb di\u00e7ka m\u00eb t\u00eb madhe nga Per\u00ebndimi. Shtetet e Bashkuara kan\u00eb d\u00ebrguar nga nj\u00eb anije lufte her\u00eb pas here p\u00ebr nj\u00eb vizit\u00eb t\u00eb shkurt\u00ebr por \u00e7udit\u00ebrisht pak investim t\u00eb huaj. Malazez\u00ebt shpresojn\u00eb me gjas\u00eb se an\u00ebtar\u00ebsimi n\u00eb NATO dhe nj\u00eb udh\u00eb e shpejt\u00eb e mundshme n\u00eb BE do t&#8217;u jap\u00eb atyre m\u00eb tep\u00ebr dor\u00eb p\u00ebr t\u00eb t\u00ebrhequr kapitalin per\u00ebndimor dhe p\u00ebr t\u00eb reduktuar vart\u00ebsin\u00eb nga Rusia. Tani duket se investimi i madh ka arritur m\u00eb s\u00eb fundi. Nj\u00eb marr\u00ebveshje \u00ebsht\u00eb p\u00ebrfunduar me Peter Munk, nj\u00eb nga industrialist\u00ebt kryesues t\u00eb Kanadas\u00eb dhe kryetari i prodhuesit m\u00eb t\u00eb madh bot\u00ebror t\u00eb arit, Barrick Gold. Munk zot\u00ebron gjithashtu nj\u00eb pjes\u00eb t\u00eb TriGranit Development Corporation n\u00eb Budapest. TriGranit e ka ngritur tashm\u00eb veten si zhvilluesi kryesues i rajonit, me projekte t\u00eb suksesshme t\u00eb p\u00ebrfunduara ose n\u00eb vazhdim n\u00eb Bullgari, Hungari, Poloni, Slloveni, Rumani dhe Rusi. TriGranit ka gjithashtu plane t\u00eb ardhshme zhvillimi n\u00eb Malin e Zi. N\u00eb fund t\u00eb tetorit, Munk p\u00ebrfundoi bisedimet me qeverin\u00eb mbi blerjen e nj\u00eb nd\u00ebrmarrjeje t\u00eb vjet\u00ebr anijend\u00ebrtuese dhe bregu detar dikur t\u00eb kontrolluar nga ushtria jugosllave, n\u00eb nj\u00eb vend t\u00eb mrekulluesh\u00ebm n\u00eb gjirin e Kotorrit n\u00eb af\u00ebrsi t\u00eb nj\u00eb aeroporti. Marr\u00ebveshja shtron udh\u00ebn p\u00ebr zhvillimin e nj\u00eb porti t\u00eb madh jahtesh n\u00eb qytetin bregdetar t\u00eb Tivatit. Munk v\u00eb n\u00eb dukje se investimi ka potencial t\u00eb madh transformues dhe se planet e tij nuk jan\u00eb tipike. &#8220;Nuk \u00ebsht\u00eb se nj\u00eb fabrik\u00eb po ndrron zot. Ne po vendosim nj\u00eb industri krejt t\u00eb re e cila do ta lejoj\u00eb Malin e Zi t\u00eb jet\u00eb konkurrues me portet m\u00eb t\u00eb suksesshme t\u00eb jahteve n\u00eb Mesdhe,&#8221; thot\u00eb ai. Niveli i investimit n\u00eb turizmin nd\u00ebrkomb\u00ebtar do t\u00eb krijoj\u00eb potencial t\u00eb madh p\u00ebr njer\u00ebzit n\u00eb rajon, shton Munk. P\u00ebr Malin e Zi, burimet brenda e jasht\u00eb qeveris\u00eb thon\u00eb se investimi i Munk \u00ebsht\u00eb m\u00eb shum\u00eb se nj\u00eb projekt tjet\u00ebr turistik. Ai \u00ebsht\u00eb investimi i par\u00eb thelb\u00ebsor nga Per\u00ebndimi dhe nj\u00eb i cili duhet t\u00eb sh\u00ebrbente si katalizator p\u00ebr m\u00eb shum\u00eb nga k\u00ebto investime. Munk ka n\u00eb plan t\u00eb rizhvilloj\u00eb t\u00ebr\u00ebsisht nj\u00eb vend 24 hektar\u00ebsh n\u00eb portin m\u00eb t\u00eb madh e luksoz t\u00eb jahteve n\u00eb Mesdheun lindor, me mbi 700 vende ankorimi. Ai pritet t\u00eb t\u00ebrheq\u00eb nj\u00eb klientel\u00eb t\u00eb sofistikuar dhe kjo \u00ebsht\u00eb n\u00eb p\u00ebrputhje me disa nga prirjet e p\u00ebrgjithshme n\u00eb strategjin\u00eb e turizmit t\u00eb Malit t\u00eb Zi. Investimi do t\u00eb sjell\u00eb p\u00ebrmir\u00ebsime t\u00eb m\u00ebdha t\u00eb infrastruktur\u00ebs. N\u00eb thelb, nj\u00eb Tivat krejt i ri do t\u00eb dal\u00eb gjat\u00eb tre vjet\u00ebve t\u00eb ardhsh\u00ebm. Stadi i par\u00eb i investimit \u00ebsht\u00eb 150 milion $, me nj\u00eb kosto t\u00eb p\u00ebrgjithshme prej 500 milion $ sapo projekti t\u00eb kompletohet. Hapi i par\u00eb i madh \u00ebsht\u00eb t\u00eb vihet n\u00eb rregull sht\u00ebpia mjedisore e Tivatit. Vitet e nd\u00ebrtimit t\u00eb anijeve dhe veprimtaris\u00eb ushtarake kan\u00eb l\u00ebn\u00eb nj\u00eb gjurm\u00eb t\u00eb thell\u00eb n\u00eb gjirin e Kotorit. N\u00eb bashk\u00ebpunim me EBRD dhe Bank\u00ebn Bot\u00ebrore, do t\u00eb nis\u00eb nj\u00eb pastrim mjedisor. <!-- vimeo error: not a vimeo video --><\/p>\n","protected":false},"excerpt":{"rendered":"<p><img loading=\"lazy\" src=\"http:\/\/8e.img.v4.skyrock.com\/8e7\/ulqini\/pics\/875188558.jpg\" align=\"left\" height=\"140\" width=\"140\" \/><\/p>\n","protected":false},"author":1,"featured_media":0,"comment_status":"open","ping_status":"closed","sticky":false,"template":"","format":"standard","meta":{"spay_email":"","jetpack_publicize_message":"","jetpack_is_tweetstorm":false,"jetpack_publicize_feature_enabled":true},"categories":[15],"tags":[1390,1408,1996,2041,1431,1873,2040,312,503,1870,1559,1391,1872,431,336,1753,1557,262,2039,440,1389,1334,263,200,18],"jetpack_publicize_connections":[],"yoast_head":"<!-- This site is optimized with the Yoast SEO plugin v19.1 - https:\/\/yoast.com\/wordpress\/plugins\/seo\/ -->\n<title>Mund t\u00eb b\u00ebhet Mali i Zi nj\u00eb tjet\u00ebr Monako? - Lajme nga Ulqini<\/title>\n<meta name=\"robots\" content=\"index, follow, max-snippet:-1, max-image-preview:large, max-video-preview:-1\" \/>\n<link rel=\"canonical\" href=\"https:\/\/www.visit-ulcinj.com\/blog\/2008\/02\/29\/mund-te-behet-mali-i-zi-nje-tjeter-monako-2\/\" \/>\n<meta property=\"og:locale\" content=\"en_US\" \/>\n<meta property=\"og:type\" content=\"article\" \/>\n<meta property=\"og:title\" content=\"Mund t\u00eb b\u00ebhet Mali i Zi nj\u00eb tjet\u00ebr Monako? - Lajme nga Ulqini\" \/>\n<meta property=\"og:url\" content=\"https:\/\/www.visit-ulcinj.com\/blog\/2008\/02\/29\/mund-te-behet-mali-i-zi-nje-tjeter-monako-2\/\" \/>\n<meta property=\"og:site_name\" content=\"Lajme nga Ulqini\" \/>\n<meta property=\"article:published_time\" content=\"2008-02-29T20:00:49+00:00\" \/>\n<meta property=\"og:image\" content=\"http:\/\/8e.img.v4.skyrock.com\/8e7\/ulqini\/pics\/875188558.jpg\" \/>\n<meta name=\"twitter:label1\" content=\"Written by\" \/>\n\t<meta name=\"twitter:data1\" content=\"ulqini\" \/>\n\t<meta name=\"twitter:label2\" content=\"Est. reading time\" \/>\n\t<meta name=\"twitter:data2\" content=\"5 minutes\" \/>\n<script type=\"application\/ld+json\" class=\"yoast-schema-graph\">{\"@context\":\"https:\/\/schema.org\",\"@graph\":[{\"@type\":\"WebSite\",\"@id\":\"https:\/\/www.visit-ulcinj.com\/blog\/#website\",\"url\":\"https:\/\/www.visit-ulcinj.com\/blog\/\",\"name\":\"Lajme nga Ulqini\",\"description\":\"Lajme,Vijesti,Ulqini,Ulqin,Crna Gora,Mali i Zi\",\"potentialAction\":[{\"@type\":\"SearchAction\",\"target\":{\"@type\":\"EntryPoint\",\"urlTemplate\":\"https:\/\/www.visit-ulcinj.com\/blog\/?s={search_term_string}\"},\"query-input\":\"required name=search_term_string\"}],\"inLanguage\":\"en-US\"},{\"@type\":\"ImageObject\",\"inLanguage\":\"en-US\",\"@id\":\"https:\/\/www.visit-ulcinj.com\/blog\/2008\/02\/29\/mund-te-behet-mali-i-zi-nje-tjeter-monako-2\/#primaryimage\",\"url\":\"http:\/\/8e.img.v4.skyrock.com\/8e7\/ulqini\/pics\/875188558.jpg\",\"contentUrl\":\"http:\/\/8e.img.v4.skyrock.com\/8e7\/ulqini\/pics\/875188558.jpg\"},{\"@type\":\"WebPage\",\"@id\":\"https:\/\/www.visit-ulcinj.com\/blog\/2008\/02\/29\/mund-te-behet-mali-i-zi-nje-tjeter-monako-2\/#webpage\",\"url\":\"https:\/\/www.visit-ulcinj.com\/blog\/2008\/02\/29\/mund-te-behet-mali-i-zi-nje-tjeter-monako-2\/\",\"name\":\"Mund t\u00eb b\u00ebhet Mali i Zi nj\u00eb tjet\u00ebr Monako? - Lajme nga Ulqini\",\"isPartOf\":{\"@id\":\"https:\/\/www.visit-ulcinj.com\/blog\/#website\"},\"primaryImageOfPage\":{\"@id\":\"https:\/\/www.visit-ulcinj.com\/blog\/2008\/02\/29\/mund-te-behet-mali-i-zi-nje-tjeter-monako-2\/#primaryimage\"},\"datePublished\":\"2008-02-29T20:00:49+00:00\",\"dateModified\":\"2008-02-29T20:00:49+00:00\",\"author\":{\"@id\":\"https:\/\/www.visit-ulcinj.com\/blog\/#\/schema\/person\/dcab619c614d3038751c63bc2aadc06d\"},\"breadcrumb\":{\"@id\":\"https:\/\/www.visit-ulcinj.com\/blog\/2008\/02\/29\/mund-te-behet-mali-i-zi-nje-tjeter-monako-2\/#breadcrumb\"},\"inLanguage\":\"en-US\",\"potentialAction\":[{\"@type\":\"ReadAction\",\"target\":[\"https:\/\/www.visit-ulcinj.com\/blog\/2008\/02\/29\/mund-te-behet-mali-i-zi-nje-tjeter-monako-2\/\"]}]},{\"@type\":\"BreadcrumbList\",\"@id\":\"https:\/\/www.visit-ulcinj.com\/blog\/2008\/02\/29\/mund-te-behet-mali-i-zi-nje-tjeter-monako-2\/#breadcrumb\",\"itemListElement\":[{\"@type\":\"ListItem\",\"position\":1,\"name\":\"Mund t\u00eb b\u00ebhet Mali i Zi nj\u00eb tjet\u00ebr Monako?\"}]},{\"@type\":\"Person\",\"@id\":\"https:\/\/www.visit-ulcinj.com\/blog\/#\/schema\/person\/dcab619c614d3038751c63bc2aadc06d\",\"name\":\"ulqini\",\"sameAs\":[\"http:\/\/www.visit-ulcinj.com\"],\"url\":\"https:\/\/www.visit-ulcinj.com\/blog\/author\/admin\/\"}]}<\/script>\n<!-- \/ Yoast SEO plugin. -->","yoast_head_json":{"title":"Mund t\u00eb b\u00ebhet Mali i Zi nj\u00eb tjet\u00ebr Monako? - Lajme nga Ulqini","robots":{"index":"index","follow":"follow","max-snippet":"max-snippet:-1","max-image-preview":"max-image-preview:large","max-video-preview":"max-video-preview:-1"},"canonical":"https:\/\/www.visit-ulcinj.com\/blog\/2008\/02\/29\/mund-te-behet-mali-i-zi-nje-tjeter-monako-2\/","og_locale":"en_US","og_type":"article","og_title":"Mund t\u00eb b\u00ebhet Mali i Zi nj\u00eb tjet\u00ebr Monako? - Lajme nga Ulqini","og_url":"https:\/\/www.visit-ulcinj.com\/blog\/2008\/02\/29\/mund-te-behet-mali-i-zi-nje-tjeter-monako-2\/","og_site_name":"Lajme nga Ulqini","article_published_time":"2008-02-29T20:00:49+00:00","og_image":[{"url":"http:\/\/8e.img.v4.skyrock.com\/8e7\/ulqini\/pics\/875188558.jpg"}],"twitter_misc":{"Written by":"ulqini","Est. reading time":"5 minutes"},"schema":{"@context":"https:\/\/schema.org","@graph":[{"@type":"WebSite","@id":"https:\/\/www.visit-ulcinj.com\/blog\/#website","url":"https:\/\/www.visit-ulcinj.com\/blog\/","name":"Lajme nga Ulqini","description":"Lajme,Vijesti,Ulqini,Ulqin,Crna Gora,Mali i Zi","potentialAction":[{"@type":"SearchAction","target":{"@type":"EntryPoint","urlTemplate":"https:\/\/www.visit-ulcinj.com\/blog\/?s={search_term_string}"},"query-input":"required name=search_term_string"}],"inLanguage":"en-US"},{"@type":"ImageObject","inLanguage":"en-US","@id":"https:\/\/www.visit-ulcinj.com\/blog\/2008\/02\/29\/mund-te-behet-mali-i-zi-nje-tjeter-monako-2\/#primaryimage","url":"http:\/\/8e.img.v4.skyrock.com\/8e7\/ulqini\/pics\/875188558.jpg","contentUrl":"http:\/\/8e.img.v4.skyrock.com\/8e7\/ulqini\/pics\/875188558.jpg"},{"@type":"WebPage","@id":"https:\/\/www.visit-ulcinj.com\/blog\/2008\/02\/29\/mund-te-behet-mali-i-zi-nje-tjeter-monako-2\/#webpage","url":"https:\/\/www.visit-ulcinj.com\/blog\/2008\/02\/29\/mund-te-behet-mali-i-zi-nje-tjeter-monako-2\/","name":"Mund t\u00eb b\u00ebhet Mali i Zi nj\u00eb tjet\u00ebr Monako? - Lajme nga Ulqini","isPartOf":{"@id":"https:\/\/www.visit-ulcinj.com\/blog\/#website"},"primaryImageOfPage":{"@id":"https:\/\/www.visit-ulcinj.com\/blog\/2008\/02\/29\/mund-te-behet-mali-i-zi-nje-tjeter-monako-2\/#primaryimage"},"datePublished":"2008-02-29T20:00:49+00:00","dateModified":"2008-02-29T20:00:49+00:00","author":{"@id":"https:\/\/www.visit-ulcinj.com\/blog\/#\/schema\/person\/dcab619c614d3038751c63bc2aadc06d"},"breadcrumb":{"@id":"https:\/\/www.visit-ulcinj.com\/blog\/2008\/02\/29\/mund-te-behet-mali-i-zi-nje-tjeter-monako-2\/#breadcrumb"},"inLanguage":"en-US","potentialAction":[{"@type":"ReadAction","target":["https:\/\/www.visit-ulcinj.com\/blog\/2008\/02\/29\/mund-te-behet-mali-i-zi-nje-tjeter-monako-2\/"]}]},{"@type":"BreadcrumbList","@id":"https:\/\/www.visit-ulcinj.com\/blog\/2008\/02\/29\/mund-te-behet-mali-i-zi-nje-tjeter-monako-2\/#breadcrumb","itemListElement":[{"@type":"ListItem","position":1,"name":"Mund t\u00eb b\u00ebhet Mali i Zi nj\u00eb tjet\u00ebr Monako?"}]},{"@type":"Person","@id":"https:\/\/www.visit-ulcinj.com\/blog\/#\/schema\/person\/dcab619c614d3038751c63bc2aadc06d","name":"ulqini","sameAs":["http:\/\/www.visit-ulcinj.com"],"url":"https:\/\/www.visit-ulcinj.com\/blog\/author\/admin\/"}]}},"jetpack_featured_media_url":"","jetpack_sharing_enabled":true,"jetpack_shortlink":"https:\/\/wp.me\/pe6lTn-br","_links":{"self":[{"href":"https:\/\/www.visit-ulcinj.com\/blog\/wp-json\/wp\/v2\/posts\/709"}],"collection":[{"href":"https:\/\/www.visit-ulcinj.com\/blog\/wp-json\/wp\/v2\/posts"}],"about":[{"href":"https:\/\/www.visit-ulcinj.com\/blog\/wp-json\/wp\/v2\/types\/post"}],"author":[{"embeddable":true,"href":"https:\/\/www.visit-ulcinj.com\/blog\/wp-json\/wp\/v2\/users\/1"}],"replies":[{"embeddable":true,"href":"https:\/\/www.visit-ulcinj.com\/blog\/wp-json\/wp\/v2\/comments?post=709"}],"version-history":[{"count":0,"href":"https:\/\/www.visit-ulcinj.com\/blog\/wp-json\/wp\/v2\/posts\/709\/revisions"}],"wp:attachment":[{"href":"https:\/\/www.visit-ulcinj.com\/blog\/wp-json\/wp\/v2\/media?parent=709"}],"wp:term":[{"taxonomy":"category","embeddable":true,"href":"https:\/\/www.visit-ulcinj.com\/blog\/wp-json\/wp\/v2\/categories?post=709"},{"taxonomy":"post_tag","embeddable":true,"href":"https:\/\/www.visit-ulcinj.com\/blog\/wp-json\/wp\/v2\/tags?post=709"}],"curies":[{"name":"wp","href":"https:\/\/api.w.org\/{rel}","templated":true}]}}