{"id":70902,"date":"2013-04-30T08:35:13","date_gmt":"2013-04-30T07:35:13","guid":{"rendered":"http:\/\/www.visit-ulcinj.com\/blog\/?p=70902"},"modified":"2013-04-30T08:35:13","modified_gmt":"2013-04-30T07:35:13","slug":"elez-vu%c2%adko%c2%advic-ak%c2%adti%c2%advan-i-u-se%c2%addam%c2%adde%c2%adset-%c2%adpe%c2%adtoj","status":"publish","type":"post","link":"https:\/\/www.visit-ulcinj.com\/blog\/2013\/04\/30\/elez-vu%c2%adko%c2%advic-ak%c2%adti%c2%advan-i-u-se%c2%addam%c2%adde%c2%adset-%c2%adpe%c2%adtoj\/","title":{"rendered":"Elez Vu\u00adko\u00advi\u0107 ak\u00adti\u00advan i u se\u00addam\u00adde\u00adset \u00adpe\u00adtoj"},"content":{"rendered":"<p><a href=\"http:\/\/www.visit-ulcinj.com\/blog\/wp-content\/uploads\/2013\/04\/Elez-Vukovic.jpg\"><img loading=\"lazy\" class=\"alignleft  wp-image-70903\" alt=\"Elez-Vukovic\" src=\"http:\/\/www.visit-ulcinj.com\/blog\/wp-content\/uploads\/2013\/04\/Elez-Vukovic.jpg\" width=\"350\" height=\"400\" \/><\/a>UL\u00adCINj &#8211; Iako \u0107e usko\u00adro na\u00advr\u00ad\u0161i\u00adti 76 go\u00addi\u00adna Elez Vu\u00adko\u00advi\u0107 je\u00addi\u00adni je ak\u00adtiv\u00adni dim\u00adnja\u00ad\u010dar, iako se ve\u0107 du\u00adgo na\u00adla\u00adzi u pen\u00adzi\u00adji. Uvim iz\u00adu\u00adzet\u00adno za\u00adhtjev\u00adnim po\u00adslom ba\u00advi se pre\u00adko 47 go\u00addi\u00adna i ka\u00adko sam pri\u00adzna\u00adje jo\u0161 uvijek se ni\u00adje za\u00adsi\u00adtio.<br \/>\n-Dok god me zdra\u00advlje bu\u00adde slu\u00ad\u017ei\u00adlo ba\u00advi\u00ad\u0107u se ovom dje\u00adlat\u00adno\u00ad\u0161\u0107u. Jo\u0161 uvijek se br\u00adzo kre\u00ad\u0107em po kro\u00advo\u00advi\u00adma i da\u00adlje me lju\u00addi tra\u00ad\u017ee iako sam pen\u00adzi\u00ado\u00adner &#8211; ka\u00ad\u017ee Vu\u00adko\u00advi\u0107, ko\u00adji je pri\u00adli\u00adkom jed\u00adnog od po\u00adsled\u00adnjih pre\u00adgle\u00adda iz\u00adne\u00adna\u00addio i lje\u00adka\u00adre za svo\u00adje go\u00addi\u00adne ide\u00adal\u00adnim na\u00adla\u00adzi\u00adma.<br \/>\nNaj\u00advi\u00ad\u0161e po\u00adsla ima u pe\u00adri\u00ado\u00addu pri\u00adje i na\u00adkon zi\u00adme, ka\u00adda se lju\u00addi spre\u00adma\u00adju za mo\u00adle\u00adraj, me\u00ad\u0111u\u00adtim ni\u00adje ri\u00adje\u00addak slu\u00ad\u010daj da se za nje\u00adgo\u00adve uslu\u00adge ras\u00adpi\u00adtu\u00adju i lju\u00addi van ma\u00adti\u010d\u00adne op\u00ad\u0161ti\u00adne.<br \/>\n&#8211; \u010ce\u00adsto sam i u Ba\u00adru, a i\u0161ao sam i do Bu\u00addve, ali je zbog du\u00ad\u017ei\u00adne pu\u00adta sa\u00admim tim i mo\u00adju uslu\u00adga sku\u00adplja-na\u00advo\u00addi dim\u00adnja\u00ad\u010dar, ko\u00adji kao ve\u00adli\u00adki pro\u00adblem vi\u00addi sve ve\u00ad\u0107u za\u00adstu\u00adplje\u00adnost elek\u00adtri\u010d\u00adnih apa\u00adra\u00adta u od\u00adno\u00adsu na dr\u00adva kao glav\u00adnu si\u00adro\u00advi\u00adnu za ogrev.<br \/>\n&#8211; Ne\u00ad\u0107e da\u00adna\u00ad\u0161nje mla\u00adde da lo\u00ad\u017ee dr\u00adva. Tvr\u00addim da su dr\u00adva za ogrev po\u00advolj\u00adni\u00adja i bo\u00adlja od elek\u00adtri\u010d\u00adne ener\u00adgi\u00adje &#8211; sma\u00adtra Vu\u00adko\u00advi\u0107.<br \/>\nSe\u00addam\u00adde\u00adset\u00ad pe\u00adto\u00adgo\u00addi\u00ad\u0161nji Ul\u00adci\u00adnja\u00adnin po pro\u00adfe\u00adsi\u00adji je vi\u00adso\u00adko\u00adkva\u00adli\u00adfi\u00adko\u00adva\u00adni zi\u00addar i fa\u00adsa\u00adder ali se na\u00adkon ne\u00adsre\u00ad\u0107e gdje je iz\u00adgu\u00adbio oko na vr\u00adlo spe\u00adci\u00adfi\u00ad\u010dan na\u00ad\u010din pre\u00adori\u00adjen\u00adti\u00adsao na sa\u00adda\u00ad\u0161nju dje\u00adlat\u00adno\u00adsti.<br \/>\n&#8211; Usled pu\u00adca\u00adnja pum\u00adpe sa kre\u00ad\u010dom stra\u00adda\u00adlo mi je oko i pro\u00adveo sam ne\u00adko\u00adli\u00adko mje\u00adse\u00adci u Sa\u00adra\u00adjev\u00adskoj bol\u00adni\u00adci. Po\u00admi\u00adslio sam da ni\u00adkad ne\u00ad\u0107u pro\u00adgle\u00adda\u00adti, ali mi je prof. dr Sa\u00adba\u00adhu\u00addin Ho\u00add\u017ei\u0107, ko\u00adji na\u00ad\u017ea\u00adlost vi\u00ad\u0161e ni\u00adje me\u00ad\u0111u \u017ei\u00advi\u00adma, uspio da spa\u00adsi dru\u00adgo oko. Na\u00adkon to\u00adga sti\u00adgla je po\u00adnu\u00adda Op\u00ad\u0161ti\u00adne da se pri\u00adja\u00advim na obu\u00adku za dim\u00adnja\u00ad\u010da\u00adra i ja sam to obje\u00adru\u010d\u00adke pri\u00adhva\u00adtio-pri\u00adsje\u00ad\u0107a se Vu\u00adko\u00advi\u0107.<br \/>\nTih \u0161est mje\u00adse\u00adci pro\u00adve\u00adde\u00adnih u Nik\u00ad\u0161i\u00ad\u0107u, ka\u00adko ka\u00ad\u017ee, bi\u00adli su ide\u00adal\u00adni, jer je to bi\u00adlo sre\u0107\u00adno vri\u00adje\u00adme gdje su svi ima\u00adli isti tret\u00adman i do\u00adsta se na\u00adpre\u00addo\u00adva\u00adlo. Pri\u00adzna\u00adje da su mu vje\u00ad\u0161ti\u00adne ko\u00adje je pri\u00adje ne\u00adsre\u00ad\u0107e ste\u00adkao umno\u00adgo\u00adme po\u00admo\u00adgle da se is\u00adka\u00ad\u017ee u svom no\u00advom po\u00adslu.<br \/>\n-Bez ika\u00adkvih pro\u00adble\u00adma sam se kre\u00adtao po kro\u00advo\u00advi\u00adma a i hra\u00adbro\u00adsti mi ni\u00adje ne\u00addo\u00adsta\u00adja\u00adlo. I dan da\u00adnas kad me su\u00adgra\u00ad\u0111a\u00adni pi\u00adta\u00adju: \u201eEle\u00adze, vr\u00adti li ti se pa\u00admet ka\u00adda si na kro\u00advu?\u201c. Od\u00adgo\u00adva\u00adrao sam: \u201eJa pa\u00adme\u00adti ne\u00admam!\u201c &#8212; \u0161a\u00adli se Vu\u00adko\u00advi\u0107.<br \/>\nZa svoj naj\u00adve\u00ad\u0107i uspjeh ne sma\u00adtra po\u00adda\u00adtak da je u svom rad\u00adnom vi\u00adje\u00adku o\u010di\u00adstio pre\u00adko 4.500 hi\u00adlja\u00adde od\u017ea\u00adka , ve\u0107 to \u0161to je iz\u00adgra\u00addio re\u00adpu\u00adta\u00adci\u00adju me\u00ad\u0111u lju\u00addi\u00adma i \u0161to se za sve to vri\u00adje\u00adme pro\u00adve\u00adde\u00adno na kro\u00advo\u00advi\u00adma ni\u00adje de\u00adsi\u00adla nijed\u00adna ne\u00adsre\u00ad\u0107a.<br \/>\n-Do sa\u00adda me je sre\u00ad\u0107a slu\u00ad\u017ei\u00adla, a na\u00adro\u00ad\u010di\u00adto bih apo\u00adstro\u00adfi\u00adrao po\u00addr\u00ad\u0161ku svo\u00adje po\u00adro\u00addi\u00adce, ko\u00adja je i po\u00adred spe\u00adci\u00adfi\u010d\u00adno\u00adsti po\u00adsla na\u00ad\u0161la ra\u00adzu\u00admije\u00adva\u00adnje za moj rad. Ovim po\u00adslom ste\u00adkao sam mno\u00adgo pri\u00adja\u00adte\u00adlja, ko\u00adji ne mo\u00adgu da vje\u00adru\u00adju da sam i po\u00adred pen\u00adzi\u00adje i sli\u00adje\u00adpi\u00adla na jed\u00adno oko ak\u00adtiv\u00adni dim\u00adnja\u00ad\u010dar i da sam jo\u0161 uvijek pun el\u00ada\u00adna &#8211; uz osmjeh pri\u00ad\u010da Vu\u00adko\u00advi\u0107, ko\u00adji je po\u00adri\u00adje\u00adk\u00adlom iz Crm\u00adni\u00adce, a ci\u00adje\u00adli \u017ei\u00advot po\u00adsve\u00adtio je Ul\u00adci\u00adnju i kao ve\u00adli\u00adko bo\u00adgat\u00adstvo gra\u00adda u ko\u00adme ra\u00addi na\u00advo\u00addi mul\u00adti\u00adkul\u00adtu\u00adral\u00adnost.<br \/>\n-Iako sam mu\u00adsli\u00adman, mo\u00adram da is\u00adtak\u00adnem da su mi u \u017ei\u00advo\u00adtu pu\u00adno po\u00admo\u00adgli pra\u00advo\u00adslav\u00adci. Ul\u00adcinj je grad hu\u00adma\u00adnih lju\u00addi, gdje se me\u00ad\u0111u\u00adsob\u00adno po\u00ad\u0161tu\u00adju i uva\u00ad\u017ea\u00adva\u00adju sve tri kon\u00adfe\u00adsi\u00adje, \u0161to sam \u010de\u00adsto i na svom pri\u00admje\u00adru osje\u00adtio-iskren je Vu\u00adko\u00advi\u0107.<br \/>\nIn\u00adte\u00adre\u00adso\u00adva\u00adnja za ovo za\u00adni\u00adma\u00adnje u gra\u00addu go\u00adto\u00advo da ne\u00adma, ali sre\u00ad\u0107an je \u0161to su nje\u00adgo\u00advi unu\u00adci na\u00adgo\u00advije\u00adsti\u00adli da bi jed\u00adnog da\u00adna mo\u00adgli da na\u00adsle\u00adde dje\u00addo\u00advu tra\u00addi\u00adci\u00adju.<br \/>\n-Mo\u00adja dva unu\u00adka Adri\u00adan i \u0160a\u00adban po\u00adha\u00ad\u0111a\u00adju \u0161ko\u00adlu za dim\u00adnja\u00ad\u010da\u00adra i po\u00adtru\u00addi\u00ad\u0107u se da im po\u00adka\u00ad\u017eem sve \u0161to sam na\u00adu\u00ad\u010dio. \u010ce\u00adsto mi po\u00adma\u00ad\u017eu u po\u00adslu , ali ka\u00adda su u pi\u00adta\u00adnju rav\u00adne ci\u00adgle ko\u00adje su naj\u00adne\u00adzgod\u00adni\u00adje, jo\u0161 uvijek im ne do\u00adzvo\u00adlja\u00advam da se pe\u00adnju-bri\u00ad\u017ean je po\u00adno\u00adsni djed.<br \/>\nNje\u00adgo\u00adva su\u00adpru\u00adga Me\u00adi\u00adre\u00adme Vu\u00adko\u00advi\u0107 pu\u00adna je ra\u00adzu\u00admije\u00adva\u00adnja ka\u00adda je u pi\u00adta\u00adnju spe\u00adci\u00adfi\u010d\u00adnost Ele\u00adzo\u00advog po\u00adsla.<br \/>\n&#8211; Ve\u00ado\u00adma sam za\u00addo\u00advolj\u00adna do\u00adsa\u00adda\u00ad\u0161njim ra\u00addom svog su\u00adpru\u00adga a isto mi\u00ad\u0161lje\u00adnje di\u00adje\u00adle i na\u00ad\u0161a dje\u00adca i unu\u00ad\u010dad. Elez osim \u0161to je pre\u00addan rad\u00adnik, do\u00adbar mu\u017e, do\u00adbar je i otac i djed-iskre\u00adno je Me\u00adi\u00adre\u00adma.<br \/>\n<strong>V.Ra\u00addi\u0107<\/strong><\/p>\n<p><strong>Pu\u00adto\u00advao svi\u00adje\u00adtom<\/strong><br \/>\nNa\u0161 sa\u00adgo\u00advor\u00adnik ima dva bra\u00adta ko\u00adja \u017ei\u00adve u Sje\u00addi\u00adnje\u00adnim Ame\u00adri\u010d\u00adkim Dr\u00ad\u017ea\u00adva\u00adma, pa je ta\u00adko i on imao pri\u00adli\u00adke u vi\u00ad\u0161e na\u00advra\u00adta da ih po\u00adsje\u00adti.<br \/>\n-To je bi\u00adlo mno\u00adgo ljep\u00ad\u0161e vri\u00adje\u00adme, gdje se mo\u00adglo do\u00adsta pu\u00adto\u00adva\u00adti. Ob\u00adi\u00ad\u0161ao sam ne\u00adko\u00adli\u00adko ze\u00adma\u00adlja svi\u00adje\u00adta, ali naj\u00addra\u00ad\u017ea mi je po\u00adsje\u00adta NA\u00adSI, sa sje\u00addi\u00ad\u0161te\u00admu u Hju\u00adsto\u00adnu, gdje sam kao gost jed\u00adnog pri\u00adja\u00adte\u00adlja imao pri\u00adli\u00adke da po\u00adgle\u00addam sve\u00admir\u00adske le\u00adtje\u00adli\u00adce. I sad \u010de\u00adsto u \u0161a\u00adli ka\u00ad\u017eem da mi je \u017eao \u0161to taj put ni\u00adsam po\u00adle\u00adtio na mje\u00adsec &#8211; na\u00ad\u0161a\u00adlio se Vu\u00adko\u00advi\u0107.<\/p>\n<p><strong>Do\u00adno\u00adsio je sre\u00ad\u0107u<\/strong><br \/>\nVje\u00adro\u00adva\u00adnje lju\u00addi da dim\u00adnja\u00ad\u010dar do\u00adno\u00adsi sre\u00ad\u0107u po\u00adtvr\u00addi\u00adlo se kao ta\u010d\u00adno u Ele\u00adzo\u00advom pri\u00admje\u00adru. Lju\u00addi ko\u00adji bi \u010du\u00adli da je pre\u00adno\u00adsnik ta\u00adli\u00adje, \u010de\u00adsto su ga hva\u00adta\u00adli za dug\u00adme uni\u00adfor\u00adme, s bi\u00adlo je i onih ko\u00adji bi \u010du\u00adpa\u00adli dla\u00ad\u010di\u00adce sa od\u017ea\u00ad\u010dar\u00adske \u010det\u00adke.<br \/>\n-Mno\u00adgo me je lju\u00addi sre\u00adta\u00adlo i za\u00adhva\u00adli\u00adlo mi se \u0161to sam im do\u00adnio sre\u00ad\u0107u, ali od ra\u00adznih pri\u00admje\u00adra me\u00adni je naj\u00addra\u00ad\u017ee \u0161to sam pri\u00adje dva\u00adde\u00adse\u00adtak go\u00addi\u00adna, na do\u00ad\u010de\u00adku no\u00adve go\u00addi\u00adne u ho\u00adte\u00adlu \u201cGa\u00adleb\u201c jed\u00adnoj dje\u00advoj\u00adci do\u00adnio sre\u00ad\u0107u. Ta\u00adda mi je pri\u00ad\u0161la i pi\u00adta\u00adla me da li mo\u00ad\u017ee da me po\u00adlju\u00adbi, da bi ne\u00adko\u00adli\u00adko mje\u00adse\u00adci ka\u00adsni\u00adje ta ista cu\u00adra stu\u00adpi\u00adla u sre\u00ad\u0107an brak-pri\u00adsje\u00ad\u0107a se Vu\u00adko\u00advi\u0107.<\/p>\n<p><strong>Ne\u00adza\u00adbo\u00adrav\u00adna JNA<\/strong><br \/>\nElez je voj\u00adsku slu\u00ad\u017eio u Ge\u00adne\u00adral\u00ad\u0161ta\u00adbu sa sje\u00addi\u00ad\u0161tem u Be\u00ado\u00adgra\u00addu.<br \/>\n-Bi\u00adlo je to ne\u00adza\u00adbo\u00adrav\u00adno vri\u00adje\u00adme. Bio sam ku\u00adrir, a \u010de\u00adsto bih po\u00ad\u0161tu do\u00adno\u00adsio i Alek\u00adsan\u00addru Ran\u00adko\u00advi\u00ad\u0107u. Dje\u00adlo\u00adva\u00adlo je \u010dud\u00adno ali su ge\u00adne\u00adra\u00adli bi\u00adli znat\u00adno uljud\u00adni\u00adji i bla\u00ad\u017ei pre\u00adma na\u00adma od de\u00adse\u00adta\u00adra i vod\u00adni\u00adka. Mno\u00adgo sam na\u00adu\u00ad\u010dio od ge\u00adne\u00adra\u00adla Vla\u00adda Stru\u00adga\u00adra i Iva\u00adna Bo\u00ad\u0161nja\u00adka, a nji\u00adho\u00advih sa\u00advje\u00adta se i dan da\u00adnas dr\u00ad\u017eim. Ve\u00ado\u00adma sam po\u00adno\u00adsan \u0161to sam bio je\u00addi\u00adni Ul\u00adci\u00adnja\u00adnin koji je slu\u00ad\u017eio voj\u00adsku na ta\u00adko vi\u00adso\u00adkom mje\u00adstu-is\u00adti\u00ad\u010de Vu\u00adko\u00advi\u0107.<\/p>\n<p><strong>Izvor: DAN<\/strong><\/p>\n","protected":false},"excerpt":{"rendered":"<p>UL\u00adCINj &#8211; Iako \u0107e usko\u00adro na\u00advr\u00ad\u0161i\u00adti 76 go\u00addi\u00adna Elez Vu\u00adko\u00advi\u0107 je\u00addi\u00adni je ak\u00adtiv\u00adni dim\u00adnja\u00ad\u010dar, iako se ve\u0107 du\u00adgo na\u00adla\u00adzi u pen\u00adzi\u00adji. Uvim iz\u00adu\u00adzet\u00adno za\u00adhtjev\u00adnim po\u00adslom ba\u00advi se pre\u00adko 47 go\u00addi\u00adna i ka\u00adko sam pri\u00adzna\u00adje jo\u0161 uvijek se ni\u00adje za\u00adsi\u00adtio. -Dok god me zdra\u00advlje bu\u00adde slu\u00ad\u017ei\u00adlo ba\u00advi\u00ad\u0107u se ovom dje\u00adlat\u00adno\u00ad\u0161\u0107u. Jo\u0161 uvijek se br\u00adzo kre\u00ad\u0107em po [&hellip;]<\/p>\n","protected":false},"author":1,"featured_media":0,"comment_status":"open","ping_status":"closed","sticky":false,"template":"","format":"standard","meta":{"spay_email":"","jetpack_publicize_message":"","jetpack_is_tweetstorm":false,"jetpack_publicize_feature_enabled":true},"categories":[8337],"tags":[],"jetpack_publicize_connections":[],"yoast_head":"<!-- This site is optimized with the Yoast SEO plugin v19.1 - https:\/\/yoast.com\/wordpress\/plugins\/seo\/ -->\n<title>Elez Vu\u00adko\u00advi\u0107 ak\u00adti\u00advan i u se\u00addam\u00adde\u00adset \u00adpe\u00adtoj - Lajme nga Ulqini<\/title>\n<meta name=\"description\" content=\"UL\u00adCINj - Iako \u0107e usko\u00adro na\u00advr\u00ad\u0161i\u00adti 76 go\u00addi\u00adna Elez Vu\u00adko\u00advi\u0107 je\u00addi\u00adni je ak\u00adtiv\u00adni dim\u00adnja\u00ad\u010dar, iako se ve\u0107 du\u00adgo na\u00adla\u00adzi u pen\u00adzi\u00adji. Uvim\" \/>\n<meta name=\"robots\" content=\"index, follow, max-snippet:-1, max-image-preview:large, max-video-preview:-1\" \/>\n<link rel=\"canonical\" href=\"https:\/\/www.visit-ulcinj.com\/blog\/2013\/04\/30\/elez-vu\u00adko\u00advic-ak\u00adti\u00advan-i-u-se\u00addam\u00adde\u00adset-\u00adpe\u00adtoj\/\" \/>\n<meta property=\"og:locale\" content=\"en_US\" \/>\n<meta property=\"og:type\" content=\"article\" \/>\n<meta property=\"og:title\" content=\"Elez Vu\u00adko\u00advi\u0107 ak\u00adti\u00advan i u se\u00addam\u00adde\u00adset \u00adpe\u00adtoj - Lajme nga Ulqini\" \/>\n<meta property=\"og:description\" content=\"UL\u00adCINj - Iako \u0107e usko\u00adro na\u00advr\u00ad\u0161i\u00adti 76 go\u00addi\u00adna Elez Vu\u00adko\u00advi\u0107 je\u00addi\u00adni je ak\u00adtiv\u00adni dim\u00adnja\u00ad\u010dar, iako se ve\u0107 du\u00adgo na\u00adla\u00adzi u pen\u00adzi\u00adji. Uvim\" \/>\n<meta property=\"og:url\" content=\"https:\/\/www.visit-ulcinj.com\/blog\/2013\/04\/30\/elez-vu\u00adko\u00advic-ak\u00adti\u00advan-i-u-se\u00addam\u00adde\u00adset-\u00adpe\u00adtoj\/\" \/>\n<meta property=\"og:site_name\" content=\"Lajme nga Ulqini\" \/>\n<meta property=\"article:published_time\" content=\"2013-04-30T07:35:13+00:00\" \/>\n<meta property=\"og:image\" content=\"http:\/\/www.visit-ulcinj.com\/blog\/wp-content\/uploads\/2013\/04\/Elez-Vukovic.jpg\" \/>\n<meta name=\"twitter:label1\" content=\"Written by\" \/>\n\t<meta name=\"twitter:data1\" content=\"ulqini\" \/>\n\t<meta name=\"twitter:label2\" content=\"Est. reading time\" \/>\n\t<meta name=\"twitter:data2\" content=\"9 minutes\" \/>\n<script type=\"application\/ld+json\" class=\"yoast-schema-graph\">{\"@context\":\"https:\/\/schema.org\",\"@graph\":[{\"@type\":\"WebSite\",\"@id\":\"https:\/\/www.visit-ulcinj.com\/blog\/#website\",\"url\":\"https:\/\/www.visit-ulcinj.com\/blog\/\",\"name\":\"Lajme nga Ulqini\",\"description\":\"Lajme,Vijesti,Ulqini,Ulqin,Crna Gora,Mali i Zi\",\"potentialAction\":[{\"@type\":\"SearchAction\",\"target\":{\"@type\":\"EntryPoint\",\"urlTemplate\":\"https:\/\/www.visit-ulcinj.com\/blog\/?s={search_term_string}\"},\"query-input\":\"required name=search_term_string\"}],\"inLanguage\":\"en-US\"},{\"@type\":\"ImageObject\",\"inLanguage\":\"en-US\",\"@id\":\"https:\/\/www.visit-ulcinj.com\/blog\/2013\/04\/30\/elez-vu%c2%adko%c2%advic-ak%c2%adti%c2%advan-i-u-se%c2%addam%c2%adde%c2%adset-%c2%adpe%c2%adtoj\/#primaryimage\",\"url\":\"https:\/\/www.visit-ulcinj.com\/blog\/wp-content\/uploads\/2013\/04\/Elez-Vukovic.jpg\",\"contentUrl\":\"https:\/\/www.visit-ulcinj.com\/blog\/wp-content\/uploads\/2013\/04\/Elez-Vukovic.jpg\",\"width\":420,\"height\":391},{\"@type\":\"WebPage\",\"@id\":\"https:\/\/www.visit-ulcinj.com\/blog\/2013\/04\/30\/elez-vu%c2%adko%c2%advic-ak%c2%adti%c2%advan-i-u-se%c2%addam%c2%adde%c2%adset-%c2%adpe%c2%adtoj\/#webpage\",\"url\":\"https:\/\/www.visit-ulcinj.com\/blog\/2013\/04\/30\/elez-vu%c2%adko%c2%advic-ak%c2%adti%c2%advan-i-u-se%c2%addam%c2%adde%c2%adset-%c2%adpe%c2%adtoj\/\",\"name\":\"Elez Vu\u00adko\u00advi\u0107 ak\u00adti\u00advan i u se\u00addam\u00adde\u00adset \u00adpe\u00adtoj - Lajme nga Ulqini\",\"isPartOf\":{\"@id\":\"https:\/\/www.visit-ulcinj.com\/blog\/#website\"},\"primaryImageOfPage\":{\"@id\":\"https:\/\/www.visit-ulcinj.com\/blog\/2013\/04\/30\/elez-vu%c2%adko%c2%advic-ak%c2%adti%c2%advan-i-u-se%c2%addam%c2%adde%c2%adset-%c2%adpe%c2%adtoj\/#primaryimage\"},\"datePublished\":\"2013-04-30T07:35:13+00:00\",\"dateModified\":\"2013-04-30T07:35:13+00:00\",\"author\":{\"@id\":\"https:\/\/www.visit-ulcinj.com\/blog\/#\/schema\/person\/dcab619c614d3038751c63bc2aadc06d\"},\"description\":\"UL\u00adCINj - Iako \u0107e usko\u00adro na\u00advr\u00ad\u0161i\u00adti 76 go\u00addi\u00adna Elez Vu\u00adko\u00advi\u0107 je\u00addi\u00adni je ak\u00adtiv\u00adni dim\u00adnja\u00ad\u010dar, iako se ve\u0107 du\u00adgo na\u00adla\u00adzi u pen\u00adzi\u00adji. Uvim\",\"breadcrumb\":{\"@id\":\"https:\/\/www.visit-ulcinj.com\/blog\/2013\/04\/30\/elez-vu%c2%adko%c2%advic-ak%c2%adti%c2%advan-i-u-se%c2%addam%c2%adde%c2%adset-%c2%adpe%c2%adtoj\/#breadcrumb\"},\"inLanguage\":\"en-US\",\"potentialAction\":[{\"@type\":\"ReadAction\",\"target\":[\"https:\/\/www.visit-ulcinj.com\/blog\/2013\/04\/30\/elez-vu%c2%adko%c2%advic-ak%c2%adti%c2%advan-i-u-se%c2%addam%c2%adde%c2%adset-%c2%adpe%c2%adtoj\/\"]}]},{\"@type\":\"BreadcrumbList\",\"@id\":\"https:\/\/www.visit-ulcinj.com\/blog\/2013\/04\/30\/elez-vu%c2%adko%c2%advic-ak%c2%adti%c2%advan-i-u-se%c2%addam%c2%adde%c2%adset-%c2%adpe%c2%adtoj\/#breadcrumb\",\"itemListElement\":[{\"@type\":\"ListItem\",\"position\":1,\"name\":\"Elez Vu\u00adko\u00advi\u0107 ak\u00adti\u00advan i u se\u00addam\u00adde\u00adset \u00adpe\u00adtoj\"}]},{\"@type\":\"Person\",\"@id\":\"https:\/\/www.visit-ulcinj.com\/blog\/#\/schema\/person\/dcab619c614d3038751c63bc2aadc06d\",\"name\":\"ulqini\",\"sameAs\":[\"http:\/\/www.visit-ulcinj.com\"],\"url\":\"https:\/\/www.visit-ulcinj.com\/blog\/author\/admin\/\"}]}<\/script>\n<!-- \/ Yoast SEO plugin. -->","yoast_head_json":{"title":"Elez Vu\u00adko\u00advi\u0107 ak\u00adti\u00advan i u se\u00addam\u00adde\u00adset \u00adpe\u00adtoj - Lajme nga Ulqini","description":"UL\u00adCINj - Iako \u0107e usko\u00adro na\u00advr\u00ad\u0161i\u00adti 76 go\u00addi\u00adna Elez Vu\u00adko\u00advi\u0107 je\u00addi\u00adni je ak\u00adtiv\u00adni dim\u00adnja\u00ad\u010dar, iako se ve\u0107 du\u00adgo na\u00adla\u00adzi u pen\u00adzi\u00adji. Uvim","robots":{"index":"index","follow":"follow","max-snippet":"max-snippet:-1","max-image-preview":"max-image-preview:large","max-video-preview":"max-video-preview:-1"},"canonical":"https:\/\/www.visit-ulcinj.com\/blog\/2013\/04\/30\/elez-vu\u00adko\u00advic-ak\u00adti\u00advan-i-u-se\u00addam\u00adde\u00adset-\u00adpe\u00adtoj\/","og_locale":"en_US","og_type":"article","og_title":"Elez Vu\u00adko\u00advi\u0107 ak\u00adti\u00advan i u se\u00addam\u00adde\u00adset \u00adpe\u00adtoj - Lajme nga Ulqini","og_description":"UL\u00adCINj - Iako \u0107e usko\u00adro na\u00advr\u00ad\u0161i\u00adti 76 go\u00addi\u00adna Elez Vu\u00adko\u00advi\u0107 je\u00addi\u00adni je ak\u00adtiv\u00adni dim\u00adnja\u00ad\u010dar, iako se ve\u0107 du\u00adgo na\u00adla\u00adzi u pen\u00adzi\u00adji. Uvim","og_url":"https:\/\/www.visit-ulcinj.com\/blog\/2013\/04\/30\/elez-vu\u00adko\u00advic-ak\u00adti\u00advan-i-u-se\u00addam\u00adde\u00adset-\u00adpe\u00adtoj\/","og_site_name":"Lajme nga Ulqini","article_published_time":"2013-04-30T07:35:13+00:00","og_image":[{"url":"http:\/\/www.visit-ulcinj.com\/blog\/wp-content\/uploads\/2013\/04\/Elez-Vukovic.jpg"}],"twitter_misc":{"Written by":"ulqini","Est. reading time":"9 minutes"},"schema":{"@context":"https:\/\/schema.org","@graph":[{"@type":"WebSite","@id":"https:\/\/www.visit-ulcinj.com\/blog\/#website","url":"https:\/\/www.visit-ulcinj.com\/blog\/","name":"Lajme nga Ulqini","description":"Lajme,Vijesti,Ulqini,Ulqin,Crna Gora,Mali i Zi","potentialAction":[{"@type":"SearchAction","target":{"@type":"EntryPoint","urlTemplate":"https:\/\/www.visit-ulcinj.com\/blog\/?s={search_term_string}"},"query-input":"required name=search_term_string"}],"inLanguage":"en-US"},{"@type":"ImageObject","inLanguage":"en-US","@id":"https:\/\/www.visit-ulcinj.com\/blog\/2013\/04\/30\/elez-vu%c2%adko%c2%advic-ak%c2%adti%c2%advan-i-u-se%c2%addam%c2%adde%c2%adset-%c2%adpe%c2%adtoj\/#primaryimage","url":"https:\/\/www.visit-ulcinj.com\/blog\/wp-content\/uploads\/2013\/04\/Elez-Vukovic.jpg","contentUrl":"https:\/\/www.visit-ulcinj.com\/blog\/wp-content\/uploads\/2013\/04\/Elez-Vukovic.jpg","width":420,"height":391},{"@type":"WebPage","@id":"https:\/\/www.visit-ulcinj.com\/blog\/2013\/04\/30\/elez-vu%c2%adko%c2%advic-ak%c2%adti%c2%advan-i-u-se%c2%addam%c2%adde%c2%adset-%c2%adpe%c2%adtoj\/#webpage","url":"https:\/\/www.visit-ulcinj.com\/blog\/2013\/04\/30\/elez-vu%c2%adko%c2%advic-ak%c2%adti%c2%advan-i-u-se%c2%addam%c2%adde%c2%adset-%c2%adpe%c2%adtoj\/","name":"Elez Vu\u00adko\u00advi\u0107 ak\u00adti\u00advan i u se\u00addam\u00adde\u00adset \u00adpe\u00adtoj - Lajme nga Ulqini","isPartOf":{"@id":"https:\/\/www.visit-ulcinj.com\/blog\/#website"},"primaryImageOfPage":{"@id":"https:\/\/www.visit-ulcinj.com\/blog\/2013\/04\/30\/elez-vu%c2%adko%c2%advic-ak%c2%adti%c2%advan-i-u-se%c2%addam%c2%adde%c2%adset-%c2%adpe%c2%adtoj\/#primaryimage"},"datePublished":"2013-04-30T07:35:13+00:00","dateModified":"2013-04-30T07:35:13+00:00","author":{"@id":"https:\/\/www.visit-ulcinj.com\/blog\/#\/schema\/person\/dcab619c614d3038751c63bc2aadc06d"},"description":"UL\u00adCINj - Iako \u0107e usko\u00adro na\u00advr\u00ad\u0161i\u00adti 76 go\u00addi\u00adna Elez Vu\u00adko\u00advi\u0107 je\u00addi\u00adni je ak\u00adtiv\u00adni dim\u00adnja\u00ad\u010dar, iako se ve\u0107 du\u00adgo na\u00adla\u00adzi u pen\u00adzi\u00adji. Uvim","breadcrumb":{"@id":"https:\/\/www.visit-ulcinj.com\/blog\/2013\/04\/30\/elez-vu%c2%adko%c2%advic-ak%c2%adti%c2%advan-i-u-se%c2%addam%c2%adde%c2%adset-%c2%adpe%c2%adtoj\/#breadcrumb"},"inLanguage":"en-US","potentialAction":[{"@type":"ReadAction","target":["https:\/\/www.visit-ulcinj.com\/blog\/2013\/04\/30\/elez-vu%c2%adko%c2%advic-ak%c2%adti%c2%advan-i-u-se%c2%addam%c2%adde%c2%adset-%c2%adpe%c2%adtoj\/"]}]},{"@type":"BreadcrumbList","@id":"https:\/\/www.visit-ulcinj.com\/blog\/2013\/04\/30\/elez-vu%c2%adko%c2%advic-ak%c2%adti%c2%advan-i-u-se%c2%addam%c2%adde%c2%adset-%c2%adpe%c2%adtoj\/#breadcrumb","itemListElement":[{"@type":"ListItem","position":1,"name":"Elez Vu\u00adko\u00advi\u0107 ak\u00adti\u00advan i u se\u00addam\u00adde\u00adset \u00adpe\u00adtoj"}]},{"@type":"Person","@id":"https:\/\/www.visit-ulcinj.com\/blog\/#\/schema\/person\/dcab619c614d3038751c63bc2aadc06d","name":"ulqini","sameAs":["http:\/\/www.visit-ulcinj.com"],"url":"https:\/\/www.visit-ulcinj.com\/blog\/author\/admin\/"}]}},"jetpack_featured_media_url":"","jetpack_sharing_enabled":true,"jetpack_shortlink":"https:\/\/wp.me\/pe6lTn-irA","_links":{"self":[{"href":"https:\/\/www.visit-ulcinj.com\/blog\/wp-json\/wp\/v2\/posts\/70902"}],"collection":[{"href":"https:\/\/www.visit-ulcinj.com\/blog\/wp-json\/wp\/v2\/posts"}],"about":[{"href":"https:\/\/www.visit-ulcinj.com\/blog\/wp-json\/wp\/v2\/types\/post"}],"author":[{"embeddable":true,"href":"https:\/\/www.visit-ulcinj.com\/blog\/wp-json\/wp\/v2\/users\/1"}],"replies":[{"embeddable":true,"href":"https:\/\/www.visit-ulcinj.com\/blog\/wp-json\/wp\/v2\/comments?post=70902"}],"version-history":[{"count":1,"href":"https:\/\/www.visit-ulcinj.com\/blog\/wp-json\/wp\/v2\/posts\/70902\/revisions"}],"predecessor-version":[{"id":70904,"href":"https:\/\/www.visit-ulcinj.com\/blog\/wp-json\/wp\/v2\/posts\/70902\/revisions\/70904"}],"wp:attachment":[{"href":"https:\/\/www.visit-ulcinj.com\/blog\/wp-json\/wp\/v2\/media?parent=70902"}],"wp:term":[{"taxonomy":"category","embeddable":true,"href":"https:\/\/www.visit-ulcinj.com\/blog\/wp-json\/wp\/v2\/categories?post=70902"},{"taxonomy":"post_tag","embeddable":true,"href":"https:\/\/www.visit-ulcinj.com\/blog\/wp-json\/wp\/v2\/tags?post=70902"}],"curies":[{"name":"wp","href":"https:\/\/api.w.org\/{rel}","templated":true}]}}