{"id":70913,"date":"2013-05-01T09:21:41","date_gmt":"2013-05-01T08:21:41","guid":{"rendered":"http:\/\/www.visit-ulcinj.com\/blog\/?p=70913"},"modified":"2013-05-01T09:21:41","modified_gmt":"2013-05-01T08:21:41","slug":"homazh-ne-nderim-te-politikanit-fuad-nimani-foto","status":"publish","type":"post","link":"https:\/\/www.visit-ulcinj.com\/blog\/2013\/05\/01\/homazh-ne-nderim-te-politikanit-fuad-nimani-foto\/","title":{"rendered":"Homazh n\u00eb nderim t\u00eb politikanit Fuad Nimani + Foto"},"content":{"rendered":"<p><a href=\"http:\/\/www.visit-ulcinj.com\/blog\/wp-content\/uploads\/2013\/05\/Homazh-n\u00eb-nderim-t\u00eb-politikanit-Fuad-Nimani.jpg\"><img loading=\"lazy\" class=\"alignleft  wp-image-70914\" alt=\"Homazh n\u00eb nderim t\u00eb politikanit Fuad Nimani\" src=\"http:\/\/www.visit-ulcinj.com\/blog\/wp-content\/uploads\/2013\/05\/Homazh-n\u00eb-nderim-t\u00eb-politikanit-Fuad-Nimani.jpg\" width=\"508\" height=\"360\" \/><\/a>Nj\u00eb vit m\u00eb par\u00eb u nda nga jeta miku dhe shoku im i dashur Fuad Nimani. Fuadi ka qen\u00eb nj\u00eb nd\u00ebr banor\u00ebt e Kalas\u00eb ton\u00eb, dhe un\u00eb ndaj mendimin e t\u00eb gjith\u00eb atyre t\u00eb cil\u00ebt kan\u00eb jetuar, dhe ende jetojn n\u00eb Kala, se ai ka qen\u00eb nj\u00eb nd\u00ebr figurat m\u00eb markante t\u00eb shekullit t\u00eb kaluar. Pavar\u00ebsisht se \u00ebsht\u00eb dashur t\u00eb shp\u00ebrngulet nga Kalaja, pas t\u00ebrmetit t\u00eb vitit 79, ai gjithmon\u00eb ka mbet\u00eb &#8220;Kalali&#8221;, dhe asnj\u00eb her\u00eb nuk i ka nd\u00ebrpre lidhjet me ne. Prandaj, t\u00eb gjith\u00eb ne, m\u00eb nj\u00eb piretet t\u00eb posa\u00e7\u00ebm flasim p\u00ebr Fuadin, p\u00ebr Patin ton\u00eb. Ka kalur nj\u00eb vit nga ndrimi i jet\u00ebs i Fuadit, dhe \u00ebsht\u00eb mir\u00eb q\u00eb shok\u00ebt e ti nga UDSH jan\u00eb kujtuar dhe e kan\u00eb shenuar k\u00ebt\u00eb dat\u00eb. Nj\u00eb respekt i ve\u00e7ant\u00eb p\u00ebr angazhimin dhe inicijativ\u00ebn e tyre. Dua ta citoj nj\u00eb fjali nga kumtesa e UDSH &#8221; Fuadi \u00e7do her\u00eb DO T\u00cb KUJTOHET si njeri m\u00eb integritet shoq\u00ebror, koleg i p\u00ebrkushtuar do t\u00eb kujtohet p\u00ebr virtutet e rrala njer\u00ebzore, p\u00ebr p\u00ebrkushtimin e pasionin dhe p\u00ebrgaditjes s\u00eb brezave t\u00eb cil\u00ebt i brymosi m\u00eb dashuri p\u00ebr vendin dhe popullin..Kujtimi i ndritur i Fuad Nimanit do t\u00eb ruhet p\u00ebr kontributin e madh\u00eb dhe t\u00eb p\u00ebrshembullt q\u00eb dha n\u00eb lart\u00ebsimin e imazhit t\u00eb shqiptar\u00ebve n\u00eb Mal t\u00eb Zi dhe p\u00ebrmirsimin t\u00eb pozit\u00ebs s\u00eb tyre.&#8221; Prandaj, mendoj se sht\u00eb e tep\u00ebrt ti shtohet m\u00eb \u00e7do gj\u00eb k\u00ebti mendimi i shok\u00ebve dhe koleg\u00ebve t\u00eb Fuadit.. Un\u00eb si shoku dhe miku i ti i ngusht, them se Fuad Nimani ka merita t\u00eb m\u00ebdha p\u00ebr avansimin e popullit shqiptar n\u00eb p\u00ebrgjith\u00ebsi, por pasa\u00e7\u00ebrisht tek ne k\u00ebtu. Prandaj, mendoj se mledhja komemorative \u00ebsht\u00eb dashur t\u00eb mbahet n\u00eb nj\u00eb sall\u00eb m\u00eb t\u00eb madhe, dhe n\u00eb nj\u00eb nivel m\u00eb t\u00eb lart. Fuadi, nuk ka qen\u00eb vetum kryetar i UDSH. Fuadi ka qen\u00eb shum\u00eb m\u00eb tep\u00ebr, kryetar i Komun\u00ebs s\u00eb Ulqinit dhe Minist\u00ebr n\u00eb pushtetin e Malit t\u00eb Zi. T\u00eb rall\u00eb jan ato t\u00eb cil\u00ebt jan ngrit\u00eb kaq\u00eb lart, posa\u00e7\u00ebrisht nga komb\u00ebsia e jon\u00eb. Prandaj, \u00ebsht\u00eb e tep\u00ebrt t\u00eb komentohet m\u00eb, se ku ishin ato, t\u00eb cil\u00ebt \u00ebsht\u00eb dashur t\u00eb marrin pjes\u00eb n\u00eb k\u00ebt\u00eb mledhje p\u00ebrkujtimore e nj\u00eb personazhit dhe politikanit, si\u00e7 ka qen\u00eb Fuad Nimani. Ne nga Kalaja, ku \u00ebsht\u00eb rritur, dhe ku ka kaluar nj\u00eb pjes\u00eb t\u00eb madh\u00eb t\u00eb jet\u00ebs Fuad Nimani, do ta kujtojm\u00eb p\u00ebrher\u00eb m\u00eb respekt t\u00eb ve\u00e7ant\u00eb, dhe kurr\u00eb nuk do ta harrojm\u00eb.<\/p>\n<p data-ft=\"{&quot;tn&quot;:&quot;C&quot;}\"><a href=\"https:\/\/www.facebook.com\/ismet.karamanaga?fref=ts\" target=\"_blank\"><strong>Ismet Karamanaga Facebook<br \/>\n<\/strong><\/a><\/p>\n\n\t\t<style type=\"text\/css\">\n\t\t\t#gallery-1 {\n\t\t\t\tmargin: auto;\n\t\t\t}\n\t\t\t#gallery-1 .gallery-item {\n\t\t\t\tfloat: left;\n\t\t\t\tmargin-top: 10px;\n\t\t\t\ttext-align: center;\n\t\t\t\twidth: 33%;\n\t\t\t}\n\t\t\t#gallery-1 img {\n\t\t\t\tborder: 2px solid #cfcfcf;\n\t\t\t}\n\t\t\t#gallery-1 .gallery-caption {\n\t\t\t\tmargin-left: 0;\n\t\t\t}\n\t\t\t\/* see gallery_shortcode() in wp-includes\/media.php *\/\n\t\t<\/style>\n\t\t<div id='gallery-1' class='gallery galleryid-70913 gallery-columns-3 gallery-size-thumbnail'><dl class='gallery-item'>\n\t\t\t<dt class='gallery-icon landscape'>\n\t\t\t\t<a href='https:\/\/www.visit-ulcinj.com\/blog\/2013\/05\/01\/homazh-ne-nderim-te-politikanit-fuad-nimani-foto\/homazh-ne-nderim-te-politikanit-fuad-nimani-1\/'><img width=\"150\" height=\"150\" src=\"https:\/\/www.visit-ulcinj.com\/blog\/wp-content\/uploads\/2013\/05\/Homazh-n\u00eb-nderim-t\u00eb-politikanit-Fuad-Nimani.1-150x150.jpg\" class=\"attachment-thumbnail size-thumbnail\" alt=\"\" loading=\"lazy\" \/><\/a>\n\t\t\t<\/dt><\/dl><dl class='gallery-item'>\n\t\t\t<dt class='gallery-icon landscape'>\n\t\t\t\t<a href='https:\/\/www.visit-ulcinj.com\/blog\/2013\/05\/01\/homazh-ne-nderim-te-politikanit-fuad-nimani-foto\/homazh-ne-nderim-te-politikanit-fuad-nimani-2\/'><img width=\"150\" height=\"150\" src=\"https:\/\/www.visit-ulcinj.com\/blog\/wp-content\/uploads\/2013\/05\/Homazh-n\u00eb-nderim-t\u00eb-politikanit-Fuad-Nimani.2-150x150.jpg\" class=\"attachment-thumbnail size-thumbnail\" alt=\"\" loading=\"lazy\" \/><\/a>\n\t\t\t<\/dt><\/dl><dl class='gallery-item'>\n\t\t\t<dt class='gallery-icon landscape'>\n\t\t\t\t<a href='https:\/\/www.visit-ulcinj.com\/blog\/2013\/05\/01\/homazh-ne-nderim-te-politikanit-fuad-nimani-foto\/homazh-ne-nderim-te-politikanit-fuad-nimani-3\/'><img width=\"150\" height=\"150\" src=\"https:\/\/www.visit-ulcinj.com\/blog\/wp-content\/uploads\/2013\/05\/Homazh-n\u00eb-nderim-t\u00eb-politikanit-Fuad-Nimani.3-150x150.jpg\" class=\"attachment-thumbnail size-thumbnail\" alt=\"\" loading=\"lazy\" \/><\/a>\n\t\t\t<\/dt><\/dl><br style=\"clear: both\" \/><dl class='gallery-item'>\n\t\t\t<dt class='gallery-icon landscape'>\n\t\t\t\t<a href='https:\/\/www.visit-ulcinj.com\/blog\/2013\/05\/01\/homazh-ne-nderim-te-politikanit-fuad-nimani-foto\/homazh-ne-nderim-te-politikanit-fuad-nimani-4\/'><img width=\"150\" height=\"150\" src=\"https:\/\/www.visit-ulcinj.com\/blog\/wp-content\/uploads\/2013\/05\/Homazh-n\u00eb-nderim-t\u00eb-politikanit-Fuad-Nimani.4-150x150.jpg\" class=\"attachment-thumbnail size-thumbnail\" alt=\"\" loading=\"lazy\" \/><\/a>\n\t\t\t<\/dt><\/dl><dl class='gallery-item'>\n\t\t\t<dt class='gallery-icon landscape'>\n\t\t\t\t<a href='https:\/\/www.visit-ulcinj.com\/blog\/2013\/05\/01\/homazh-ne-nderim-te-politikanit-fuad-nimani-foto\/homazh-ne-nderim-te-politikanit-fuad-nimani-5\/'><img width=\"150\" height=\"150\" src=\"https:\/\/www.visit-ulcinj.com\/blog\/wp-content\/uploads\/2013\/05\/Homazh-n\u00eb-nderim-t\u00eb-politikanit-Fuad-Nimani.5-150x150.jpg\" class=\"attachment-thumbnail size-thumbnail\" alt=\"\" loading=\"lazy\" \/><\/a>\n\t\t\t<\/dt><\/dl><dl class='gallery-item'>\n\t\t\t<dt class='gallery-icon landscape'>\n\t\t\t\t<a href='https:\/\/www.visit-ulcinj.com\/blog\/2013\/05\/01\/homazh-ne-nderim-te-politikanit-fuad-nimani-foto\/homazh-ne-nderim-te-politikanit-fuad-nimani-7\/'><img width=\"150\" height=\"150\" src=\"https:\/\/www.visit-ulcinj.com\/blog\/wp-content\/uploads\/2013\/05\/Homazh-n\u00eb-nderim-t\u00eb-politikanit-Fuad-Nimani.7-150x150.jpg\" class=\"attachment-thumbnail size-thumbnail\" alt=\"\" loading=\"lazy\" \/><\/a>\n\t\t\t<\/dt><\/dl><br style=\"clear: both\" \/><dl class='gallery-item'>\n\t\t\t<dt class='gallery-icon landscape'>\n\t\t\t\t<a href='https:\/\/www.visit-ulcinj.com\/blog\/2013\/05\/01\/homazh-ne-nderim-te-politikanit-fuad-nimani-foto\/homazh-ne-nderim-te-politikanit-fuad-nimani-8\/'><img width=\"150\" height=\"150\" src=\"https:\/\/www.visit-ulcinj.com\/blog\/wp-content\/uploads\/2013\/05\/Homazh-n\u00eb-nderim-t\u00eb-politikanit-Fuad-Nimani.8-150x150.jpg\" class=\"attachment-thumbnail size-thumbnail\" alt=\"\" loading=\"lazy\" \/><\/a>\n\t\t\t<\/dt><\/dl><dl class='gallery-item'>\n\t\t\t<dt class='gallery-icon landscape'>\n\t\t\t\t<a href='https:\/\/www.visit-ulcinj.com\/blog\/2013\/05\/01\/homazh-ne-nderim-te-politikanit-fuad-nimani-foto\/homazh-ne-nderim-te-politikanit-fuad-nimani-9\/'><img width=\"150\" height=\"150\" src=\"https:\/\/www.visit-ulcinj.com\/blog\/wp-content\/uploads\/2013\/05\/Homazh-n\u00eb-nderim-t\u00eb-politikanit-Fuad-Nimani.9-150x150.jpg\" class=\"attachment-thumbnail size-thumbnail\" alt=\"\" loading=\"lazy\" \/><\/a>\n\t\t\t<\/dt><\/dl><dl class='gallery-item'>\n\t\t\t<dt class='gallery-icon landscape'>\n\t\t\t\t<a href='https:\/\/www.visit-ulcinj.com\/blog\/2013\/05\/01\/homazh-ne-nderim-te-politikanit-fuad-nimani-foto\/homazh-ne-nderim-te-politikanit-fuad-nimani-10\/'><img width=\"150\" height=\"150\" src=\"https:\/\/www.visit-ulcinj.com\/blog\/wp-content\/uploads\/2013\/05\/Homazh-n\u00eb-nderim-t\u00eb-politikanit-Fuad-Nimani.10-150x150.jpg\" class=\"attachment-thumbnail size-thumbnail\" alt=\"\" loading=\"lazy\" \/><\/a>\n\t\t\t<\/dt><\/dl><br style=\"clear: both\" \/><dl class='gallery-item'>\n\t\t\t<dt class='gallery-icon landscape'>\n\t\t\t\t<a href='https:\/\/www.visit-ulcinj.com\/blog\/2013\/05\/01\/homazh-ne-nderim-te-politikanit-fuad-nimani-foto\/homazh-ne-nderim-te-politikanit-fuad-nimani-11\/'><img width=\"150\" height=\"150\" src=\"https:\/\/www.visit-ulcinj.com\/blog\/wp-content\/uploads\/2013\/05\/Homazh-n\u00eb-nderim-t\u00eb-politikanit-Fuad-Nimani.11-150x150.jpg\" class=\"attachment-thumbnail size-thumbnail\" alt=\"\" loading=\"lazy\" \/><\/a>\n\t\t\t<\/dt><\/dl><dl class='gallery-item'>\n\t\t\t<dt class='gallery-icon landscape'>\n\t\t\t\t<a href='https:\/\/www.visit-ulcinj.com\/blog\/2013\/05\/01\/homazh-ne-nderim-te-politikanit-fuad-nimani-foto\/homazh-ne-nderim-te-politikanit-fuad-nimani-12\/'><img width=\"150\" height=\"150\" src=\"https:\/\/www.visit-ulcinj.com\/blog\/wp-content\/uploads\/2013\/05\/Homazh-n\u00eb-nderim-t\u00eb-politikanit-Fuad-Nimani.12-150x150.jpg\" class=\"attachment-thumbnail size-thumbnail\" alt=\"\" loading=\"lazy\" \/><\/a>\n\t\t\t<\/dt><\/dl><dl class='gallery-item'>\n\t\t\t<dt class='gallery-icon landscape'>\n\t\t\t\t<a href='https:\/\/www.visit-ulcinj.com\/blog\/2013\/05\/01\/homazh-ne-nderim-te-politikanit-fuad-nimani-foto\/homazh-ne-nderim-te-politikanit-fuad-nimani-13\/'><img width=\"150\" height=\"150\" src=\"https:\/\/www.visit-ulcinj.com\/blog\/wp-content\/uploads\/2013\/05\/Homazh-n\u00eb-nderim-t\u00eb-politikanit-Fuad-Nimani.13-150x150.jpg\" class=\"attachment-thumbnail size-thumbnail\" alt=\"\" loading=\"lazy\" \/><\/a>\n\t\t\t<\/dt><\/dl><br style=\"clear: both\" \/>\n\t\t<\/div>\n\n","protected":false},"excerpt":{"rendered":"<p>Nj\u00eb vit m\u00eb par\u00eb u nda nga jeta miku dhe shoku im i dashur Fuad Nimani. Fuadi ka qen\u00eb nj\u00eb nd\u00ebr banor\u00ebt e Kalas\u00eb ton\u00eb, dhe un\u00eb ndaj mendimin e t\u00eb gjith\u00eb atyre t\u00eb cil\u00ebt kan\u00eb jetuar, dhe ende jetojn n\u00eb Kala, se ai ka qen\u00eb nj\u00eb nd\u00ebr figurat m\u00eb markante t\u00eb shekullit t\u00eb kaluar. [&hellip;]<\/p>\n","protected":false},"author":1,"featured_media":0,"comment_status":"open","ping_status":"closed","sticky":false,"template":"","format":"standard","meta":{"spay_email":"","jetpack_publicize_message":"","jetpack_is_tweetstorm":false,"jetpack_publicize_feature_enabled":true},"categories":[14249],"tags":[],"jetpack_publicize_connections":[],"yoast_head":"<!-- This site is optimized with the Yoast SEO plugin v19.1 - https:\/\/yoast.com\/wordpress\/plugins\/seo\/ -->\n<title>Homazh n\u00eb nderim t\u00eb politikanit Fuad Nimani + Foto - Lajme nga Ulqini<\/title>\n<meta name=\"description\" content=\"Nj\u00eb vit m\u00eb par\u00eb u nda nga jeta miku dhe shoku im i dashur Fuad Nimani. Fuadi ka qen\u00eb nj\u00eb nd\u00ebr banor\u00ebt e Kalas\u00eb ton\u00eb, dhe un\u00eb ndaj mendimin e t\u00eb gjith\u00eb\" \/>\n<meta name=\"robots\" content=\"index, follow, max-snippet:-1, max-image-preview:large, max-video-preview:-1\" \/>\n<link rel=\"canonical\" href=\"https:\/\/www.visit-ulcinj.com\/blog\/2013\/05\/01\/homazh-ne-nderim-te-politikanit-fuad-nimani-foto\/\" \/>\n<meta property=\"og:locale\" content=\"en_US\" \/>\n<meta property=\"og:type\" content=\"article\" \/>\n<meta property=\"og:title\" content=\"Homazh n\u00eb nderim t\u00eb politikanit Fuad Nimani + Foto - Lajme nga Ulqini\" \/>\n<meta property=\"og:description\" content=\"Nj\u00eb vit m\u00eb par\u00eb u nda nga jeta miku dhe shoku im i dashur Fuad Nimani. Fuadi ka qen\u00eb nj\u00eb nd\u00ebr banor\u00ebt e Kalas\u00eb ton\u00eb, dhe un\u00eb ndaj mendimin e t\u00eb gjith\u00eb\" \/>\n<meta property=\"og:url\" content=\"https:\/\/www.visit-ulcinj.com\/blog\/2013\/05\/01\/homazh-ne-nderim-te-politikanit-fuad-nimani-foto\/\" \/>\n<meta property=\"og:site_name\" content=\"Lajme nga Ulqini\" \/>\n<meta property=\"article:published_time\" content=\"2013-05-01T08:21:41+00:00\" \/>\n<meta property=\"og:image\" content=\"https:\/\/www.visit-ulcinj.com\/blog\/wp-content\/uploads\/2013\/05\/Homazh-n\u00eb-nderim-t\u00eb-politikanit-Fuad-Nimani.1-150x150.jpg\" \/>\n<meta name=\"twitter:label1\" content=\"Written by\" \/>\n\t<meta name=\"twitter:data1\" content=\"ulqini\" \/>\n\t<meta name=\"twitter:label2\" content=\"Est. reading time\" \/>\n\t<meta name=\"twitter:data2\" content=\"2 minutes\" \/>\n<script type=\"application\/ld+json\" class=\"yoast-schema-graph\">{\"@context\":\"https:\/\/schema.org\",\"@graph\":[{\"@type\":\"WebSite\",\"@id\":\"https:\/\/www.visit-ulcinj.com\/blog\/#website\",\"url\":\"https:\/\/www.visit-ulcinj.com\/blog\/\",\"name\":\"Lajme nga Ulqini\",\"description\":\"Lajme,Vijesti,Ulqini,Ulqin,Crna Gora,Mali i Zi\",\"potentialAction\":[{\"@type\":\"SearchAction\",\"target\":{\"@type\":\"EntryPoint\",\"urlTemplate\":\"https:\/\/www.visit-ulcinj.com\/blog\/?s={search_term_string}\"},\"query-input\":\"required name=search_term_string\"}],\"inLanguage\":\"en-US\"},{\"@type\":\"WebPage\",\"@id\":\"https:\/\/www.visit-ulcinj.com\/blog\/2013\/05\/01\/homazh-ne-nderim-te-politikanit-fuad-nimani-foto\/#webpage\",\"url\":\"https:\/\/www.visit-ulcinj.com\/blog\/2013\/05\/01\/homazh-ne-nderim-te-politikanit-fuad-nimani-foto\/\",\"name\":\"Homazh n\u00eb nderim t\u00eb politikanit Fuad Nimani + Foto - Lajme nga Ulqini\",\"isPartOf\":{\"@id\":\"https:\/\/www.visit-ulcinj.com\/blog\/#website\"},\"datePublished\":\"2013-05-01T08:21:41+00:00\",\"dateModified\":\"2013-05-01T08:21:41+00:00\",\"author\":{\"@id\":\"https:\/\/www.visit-ulcinj.com\/blog\/#\/schema\/person\/dcab619c614d3038751c63bc2aadc06d\"},\"description\":\"Nj\u00eb vit m\u00eb par\u00eb u nda nga jeta miku dhe shoku im i dashur Fuad Nimani. Fuadi ka qen\u00eb nj\u00eb nd\u00ebr banor\u00ebt e Kalas\u00eb ton\u00eb, dhe un\u00eb ndaj mendimin e t\u00eb gjith\u00eb\",\"breadcrumb\":{\"@id\":\"https:\/\/www.visit-ulcinj.com\/blog\/2013\/05\/01\/homazh-ne-nderim-te-politikanit-fuad-nimani-foto\/#breadcrumb\"},\"inLanguage\":\"en-US\",\"potentialAction\":[{\"@type\":\"ReadAction\",\"target\":[\"https:\/\/www.visit-ulcinj.com\/blog\/2013\/05\/01\/homazh-ne-nderim-te-politikanit-fuad-nimani-foto\/\"]}]},{\"@type\":\"BreadcrumbList\",\"@id\":\"https:\/\/www.visit-ulcinj.com\/blog\/2013\/05\/01\/homazh-ne-nderim-te-politikanit-fuad-nimani-foto\/#breadcrumb\",\"itemListElement\":[{\"@type\":\"ListItem\",\"position\":1,\"name\":\"Homazh n\u00eb nderim t\u00eb politikanit Fuad Nimani + Foto\"}]},{\"@type\":\"Person\",\"@id\":\"https:\/\/www.visit-ulcinj.com\/blog\/#\/schema\/person\/dcab619c614d3038751c63bc2aadc06d\",\"name\":\"ulqini\",\"sameAs\":[\"http:\/\/www.visit-ulcinj.com\"],\"url\":\"https:\/\/www.visit-ulcinj.com\/blog\/author\/admin\/\"}]}<\/script>\n<!-- \/ Yoast SEO plugin. -->","yoast_head_json":{"title":"Homazh n\u00eb nderim t\u00eb politikanit Fuad Nimani + Foto - Lajme nga Ulqini","description":"Nj\u00eb vit m\u00eb par\u00eb u nda nga jeta miku dhe shoku im i dashur Fuad Nimani. Fuadi ka qen\u00eb nj\u00eb nd\u00ebr banor\u00ebt e Kalas\u00eb ton\u00eb, dhe un\u00eb ndaj mendimin e t\u00eb gjith\u00eb","robots":{"index":"index","follow":"follow","max-snippet":"max-snippet:-1","max-image-preview":"max-image-preview:large","max-video-preview":"max-video-preview:-1"},"canonical":"https:\/\/www.visit-ulcinj.com\/blog\/2013\/05\/01\/homazh-ne-nderim-te-politikanit-fuad-nimani-foto\/","og_locale":"en_US","og_type":"article","og_title":"Homazh n\u00eb nderim t\u00eb politikanit Fuad Nimani + Foto - Lajme nga Ulqini","og_description":"Nj\u00eb vit m\u00eb par\u00eb u nda nga jeta miku dhe shoku im i dashur Fuad Nimani. Fuadi ka qen\u00eb nj\u00eb nd\u00ebr banor\u00ebt e Kalas\u00eb ton\u00eb, dhe un\u00eb ndaj mendimin e t\u00eb gjith\u00eb","og_url":"https:\/\/www.visit-ulcinj.com\/blog\/2013\/05\/01\/homazh-ne-nderim-te-politikanit-fuad-nimani-foto\/","og_site_name":"Lajme nga Ulqini","article_published_time":"2013-05-01T08:21:41+00:00","og_image":[{"url":"https:\/\/www.visit-ulcinj.com\/blog\/wp-content\/uploads\/2013\/05\/Homazh-n\u00eb-nderim-t\u00eb-politikanit-Fuad-Nimani.1-150x150.jpg"}],"twitter_misc":{"Written by":"ulqini","Est. reading time":"2 minutes"},"schema":{"@context":"https:\/\/schema.org","@graph":[{"@type":"WebSite","@id":"https:\/\/www.visit-ulcinj.com\/blog\/#website","url":"https:\/\/www.visit-ulcinj.com\/blog\/","name":"Lajme nga Ulqini","description":"Lajme,Vijesti,Ulqini,Ulqin,Crna Gora,Mali i Zi","potentialAction":[{"@type":"SearchAction","target":{"@type":"EntryPoint","urlTemplate":"https:\/\/www.visit-ulcinj.com\/blog\/?s={search_term_string}"},"query-input":"required name=search_term_string"}],"inLanguage":"en-US"},{"@type":"WebPage","@id":"https:\/\/www.visit-ulcinj.com\/blog\/2013\/05\/01\/homazh-ne-nderim-te-politikanit-fuad-nimani-foto\/#webpage","url":"https:\/\/www.visit-ulcinj.com\/blog\/2013\/05\/01\/homazh-ne-nderim-te-politikanit-fuad-nimani-foto\/","name":"Homazh n\u00eb nderim t\u00eb politikanit Fuad Nimani + Foto - Lajme nga Ulqini","isPartOf":{"@id":"https:\/\/www.visit-ulcinj.com\/blog\/#website"},"datePublished":"2013-05-01T08:21:41+00:00","dateModified":"2013-05-01T08:21:41+00:00","author":{"@id":"https:\/\/www.visit-ulcinj.com\/blog\/#\/schema\/person\/dcab619c614d3038751c63bc2aadc06d"},"description":"Nj\u00eb vit m\u00eb par\u00eb u nda nga jeta miku dhe shoku im i dashur Fuad Nimani. Fuadi ka qen\u00eb nj\u00eb nd\u00ebr banor\u00ebt e Kalas\u00eb ton\u00eb, dhe un\u00eb ndaj mendimin e t\u00eb gjith\u00eb","breadcrumb":{"@id":"https:\/\/www.visit-ulcinj.com\/blog\/2013\/05\/01\/homazh-ne-nderim-te-politikanit-fuad-nimani-foto\/#breadcrumb"},"inLanguage":"en-US","potentialAction":[{"@type":"ReadAction","target":["https:\/\/www.visit-ulcinj.com\/blog\/2013\/05\/01\/homazh-ne-nderim-te-politikanit-fuad-nimani-foto\/"]}]},{"@type":"BreadcrumbList","@id":"https:\/\/www.visit-ulcinj.com\/blog\/2013\/05\/01\/homazh-ne-nderim-te-politikanit-fuad-nimani-foto\/#breadcrumb","itemListElement":[{"@type":"ListItem","position":1,"name":"Homazh n\u00eb nderim t\u00eb politikanit Fuad Nimani + Foto"}]},{"@type":"Person","@id":"https:\/\/www.visit-ulcinj.com\/blog\/#\/schema\/person\/dcab619c614d3038751c63bc2aadc06d","name":"ulqini","sameAs":["http:\/\/www.visit-ulcinj.com"],"url":"https:\/\/www.visit-ulcinj.com\/blog\/author\/admin\/"}]}},"jetpack_featured_media_url":"","jetpack_sharing_enabled":true,"jetpack_shortlink":"https:\/\/wp.me\/pe6lTn-irL","_links":{"self":[{"href":"https:\/\/www.visit-ulcinj.com\/blog\/wp-json\/wp\/v2\/posts\/70913"}],"collection":[{"href":"https:\/\/www.visit-ulcinj.com\/blog\/wp-json\/wp\/v2\/posts"}],"about":[{"href":"https:\/\/www.visit-ulcinj.com\/blog\/wp-json\/wp\/v2\/types\/post"}],"author":[{"embeddable":true,"href":"https:\/\/www.visit-ulcinj.com\/blog\/wp-json\/wp\/v2\/users\/1"}],"replies":[{"embeddable":true,"href":"https:\/\/www.visit-ulcinj.com\/blog\/wp-json\/wp\/v2\/comments?post=70913"}],"version-history":[{"count":1,"href":"https:\/\/www.visit-ulcinj.com\/blog\/wp-json\/wp\/v2\/posts\/70913\/revisions"}],"predecessor-version":[{"id":70928,"href":"https:\/\/www.visit-ulcinj.com\/blog\/wp-json\/wp\/v2\/posts\/70913\/revisions\/70928"}],"wp:attachment":[{"href":"https:\/\/www.visit-ulcinj.com\/blog\/wp-json\/wp\/v2\/media?parent=70913"}],"wp:term":[{"taxonomy":"category","embeddable":true,"href":"https:\/\/www.visit-ulcinj.com\/blog\/wp-json\/wp\/v2\/categories?post=70913"},{"taxonomy":"post_tag","embeddable":true,"href":"https:\/\/www.visit-ulcinj.com\/blog\/wp-json\/wp\/v2\/tags?post=70913"}],"curies":[{"name":"wp","href":"https:\/\/api.w.org\/{rel}","templated":true}]}}