{"id":70929,"date":"2013-05-01T09:27:25","date_gmt":"2013-05-01T08:27:25","guid":{"rendered":"http:\/\/www.visit-ulcinj.com\/blog\/?p=70929"},"modified":"2013-05-01T09:27:25","modified_gmt":"2013-05-01T08:27:25","slug":"32-medalje-te-arta-per-klubin-e-karatese-ulqini","status":"publish","type":"post","link":"https:\/\/www.visit-ulcinj.com\/blog\/2013\/05\/01\/32-medalje-te-arta-per-klubin-e-karatese-ulqini\/","title":{"rendered":"32 medalje t\u00eb arta p\u00ebr Klubin e Karates\u00eb \u201cUlqini\u201d"},"content":{"rendered":"<p><a href=\"http:\/\/www.visit-ulcinj.com\/blog\/wp-content\/uploads\/2013\/05\/Klubin-e-Karates\u00eb-Ulqini-32-MEDALJE.jpg\"><img loading=\"lazy\" class=\"alignleft  wp-image-70930\" alt=\"Klubin e Karates\u00eb Ulqini-32 MEDALJE\" src=\"http:\/\/www.visit-ulcinj.com\/blog\/wp-content\/uploads\/2013\/05\/Klubin-e-Karates\u00eb-Ulqini-32-MEDALJE.jpg\" width=\"508\" height=\"360\" \/><\/a>M\u00eb 27 prill 2013 n\u00eb Podgoric\u00eb u mbajt gara Trofeu i 3-t\u00eb \u201c7. Avgust\u201d, ku mor\u00ebn pjes\u00eb 19 klube t\u00eb karates\u00eb me 400 garues nga Serbia, Shqip\u00ebria dhe Mali i Zi. Klubi i karates\u00eb \u201cUlqini\u201d mori pjes\u00eb me 28 garues t\u00eb gjeneratave t\u00eb ndryshme dhe u rendit n\u00eb vendin e dyt\u00eb n\u00eb renditjen e p\u00ebrgjithshme. Garuesit e KK \u201cUlqini\u201d arrit\u00ebn t\u00eb fitojn\u00eb plot 52 medalje: 28 t\u00eb arta n\u00eb disiplinat individuale kata dhe luft\u00ebra dhe 4 n\u00eb disiplinat ekipore &#8211; 3 n\u00eb displin\u00ebn e katave dhe 1 n\u00eb disiplin\u00ebn e luft\u00ebrave. Me medalje t\u00eb argjendta u kuror\u00ebzuan 9 garues ne disiplin\u00ebn individuale dhe 4 n\u00eb disiplinat ekipore &#8211; 3 n\u00eb disiplin\u00ebn e katave dhe 1 n\u00eb luft\u00ebra, kurse me medalje t\u00eb bronzta u kuror\u00ebzuan 4 garues n\u00eb disiplin\u00ebn individuale dhe 3 ekipe n\u00eb kata ekipore.<\/p>\n<p>Nga Klubi i karates\u00eb \u201cUlqini\u201d me nga disa medalje t\u00eb arta dhe t\u00eb tjera u kuror\u00ebzuan k\u00ebta garues n\u00eb disiplinat individuale dhe ekipore kata dhe luft\u00ebra: Eliza Salihu, Fiona Kraja, Emin Kulla, Resul Ceka, Emro Bajrami, Pjeter Hota, Ensar Marshiq, Mark Daboviq, Ibrahim Zogaj, Antigona Rama, Venesa Nuhi, Edin Kraja, Seida Suma, Hantije Ibro\u00e7i, Elvir Islami, Mensur Ceka, Albert Rudoviq, Ronald Jacoviq, Gabriel Bytyqi, Diell\u00ebza Rama, Adnan Kuqi, Christopher Rudoviq, Arben Elezoviq, Izabella Ivanoviq dhe Lavdim Tula.<\/p>\n<p>Edhe p\u00ebrkund\u00ebr situat\u00ebs s\u00eb v\u00ebshtir\u00eb financiare n\u00eb t\u00eb cil\u00ebn gjendet klubi, rezultatet nuk mungojn\u00eb. Disa her\u00eb kemi b\u00ebr\u00eb apele t\u00eb ndryshme p\u00ebr ndihm\u00eb, sepse t\u00eb rinjt\u00eb tan\u00eb meritojn\u00eb p\u00ebrkrahje t\u00eb t\u00eb gjith\u00ebve, duke ditur p\u00ebrkushtimin e tyre ndaj sportit dhe rezultatet e arritura. Urojm\u00eb q\u00eb n\u00eb t\u00eb ardhmen p\u00ebrkrahja t\u00eb jet\u00eb m\u00eb e madhe, jo vet\u00ebm ndaj sportit t\u00eb karates\u00eb, por edhe ndaj t\u00eb gjith\u00eb sporteve n\u00eb p\u00ebrgjith\u00ebsi.<\/p>\n<p><strong>SH\u00cbRBIMI INFORMATIV I KLUBIT T\u00cb KARATES\u00cb \u201cULQINI\u201d<\/strong><\/p>\n","protected":false},"excerpt":{"rendered":"<p>M\u00eb 27 prill 2013 n\u00eb Podgoric\u00eb u mbajt gara Trofeu i 3-t\u00eb \u201c7. Avgust\u201d, ku mor\u00ebn pjes\u00eb 19 klube t\u00eb karates\u00eb me 400 garues nga Serbia, Shqip\u00ebria dhe Mali i Zi. Klubi i karates\u00eb \u201cUlqini\u201d mori pjes\u00eb me 28 garues t\u00eb gjeneratave t\u00eb ndryshme dhe u rendit n\u00eb vendin e dyt\u00eb n\u00eb renditjen e p\u00ebrgjithshme. [&hellip;]<\/p>\n","protected":false},"author":1,"featured_media":0,"comment_status":"open","ping_status":"closed","sticky":false,"template":"","format":"standard","meta":{"spay_email":"","jetpack_publicize_message":"","jetpack_is_tweetstorm":false,"jetpack_publicize_feature_enabled":true},"categories":[3],"tags":[],"jetpack_publicize_connections":[],"yoast_head":"<!-- This site is optimized with the Yoast SEO plugin v19.1 - https:\/\/yoast.com\/wordpress\/plugins\/seo\/ -->\n<title>32 medalje t\u00eb arta p\u00ebr Klubin e Karates\u00eb \u201cUlqini\u201d - Lajme nga Ulqini<\/title>\n<meta name=\"description\" content=\"M\u00eb 27 prill 2013 n\u00eb Podgoric\u00eb u mbajt gara Trofeu i 3-t\u00eb \u201c7. Avgust\u201d, ku mor\u00ebn pjes\u00eb 19 klube t\u00eb karates\u00eb me 400 garues nga Serbia, Shqip\u00ebria dhe Mali i\" \/>\n<meta name=\"robots\" content=\"index, follow, max-snippet:-1, max-image-preview:large, max-video-preview:-1\" \/>\n<link rel=\"canonical\" href=\"https:\/\/www.visit-ulcinj.com\/blog\/2013\/05\/01\/32-medalje-te-arta-per-klubin-e-karatese-ulqini\/\" \/>\n<meta property=\"og:locale\" content=\"en_US\" \/>\n<meta property=\"og:type\" content=\"article\" \/>\n<meta property=\"og:title\" content=\"32 medalje t\u00eb arta p\u00ebr Klubin e Karates\u00eb \u201cUlqini\u201d - Lajme nga Ulqini\" \/>\n<meta property=\"og:description\" content=\"M\u00eb 27 prill 2013 n\u00eb Podgoric\u00eb u mbajt gara Trofeu i 3-t\u00eb \u201c7. Avgust\u201d, ku mor\u00ebn pjes\u00eb 19 klube t\u00eb karates\u00eb me 400 garues nga Serbia, Shqip\u00ebria dhe Mali i\" \/>\n<meta property=\"og:url\" content=\"https:\/\/www.visit-ulcinj.com\/blog\/2013\/05\/01\/32-medalje-te-arta-per-klubin-e-karatese-ulqini\/\" \/>\n<meta property=\"og:site_name\" content=\"Lajme nga Ulqini\" \/>\n<meta property=\"article:published_time\" content=\"2013-05-01T08:27:25+00:00\" \/>\n<meta name=\"twitter:label1\" content=\"Written by\" \/>\n\t<meta name=\"twitter:data1\" content=\"ulqini\" \/>\n\t<meta name=\"twitter:label2\" content=\"Est. reading time\" \/>\n\t<meta name=\"twitter:data2\" content=\"2 minutes\" \/>\n<script type=\"application\/ld+json\" class=\"yoast-schema-graph\">{\"@context\":\"https:\/\/schema.org\",\"@graph\":[{\"@type\":\"WebSite\",\"@id\":\"https:\/\/www.visit-ulcinj.com\/blog\/#website\",\"url\":\"https:\/\/www.visit-ulcinj.com\/blog\/\",\"name\":\"Lajme nga Ulqini\",\"description\":\"Lajme,Vijesti,Ulqini,Ulqin,Crna Gora,Mali i Zi\",\"potentialAction\":[{\"@type\":\"SearchAction\",\"target\":{\"@type\":\"EntryPoint\",\"urlTemplate\":\"https:\/\/www.visit-ulcinj.com\/blog\/?s={search_term_string}\"},\"query-input\":\"required name=search_term_string\"}],\"inLanguage\":\"en-US\"},{\"@type\":\"WebPage\",\"@id\":\"https:\/\/www.visit-ulcinj.com\/blog\/2013\/05\/01\/32-medalje-te-arta-per-klubin-e-karatese-ulqini\/#webpage\",\"url\":\"https:\/\/www.visit-ulcinj.com\/blog\/2013\/05\/01\/32-medalje-te-arta-per-klubin-e-karatese-ulqini\/\",\"name\":\"32 medalje t\u00eb arta p\u00ebr Klubin e Karates\u00eb \u201cUlqini\u201d - Lajme nga Ulqini\",\"isPartOf\":{\"@id\":\"https:\/\/www.visit-ulcinj.com\/blog\/#website\"},\"datePublished\":\"2013-05-01T08:27:25+00:00\",\"dateModified\":\"2013-05-01T08:27:25+00:00\",\"author\":{\"@id\":\"https:\/\/www.visit-ulcinj.com\/blog\/#\/schema\/person\/dcab619c614d3038751c63bc2aadc06d\"},\"description\":\"M\u00eb 27 prill 2013 n\u00eb Podgoric\u00eb u mbajt gara Trofeu i 3-t\u00eb \u201c7. Avgust\u201d, ku mor\u00ebn pjes\u00eb 19 klube t\u00eb karates\u00eb me 400 garues nga Serbia, Shqip\u00ebria dhe Mali i\",\"breadcrumb\":{\"@id\":\"https:\/\/www.visit-ulcinj.com\/blog\/2013\/05\/01\/32-medalje-te-arta-per-klubin-e-karatese-ulqini\/#breadcrumb\"},\"inLanguage\":\"en-US\",\"potentialAction\":[{\"@type\":\"ReadAction\",\"target\":[\"https:\/\/www.visit-ulcinj.com\/blog\/2013\/05\/01\/32-medalje-te-arta-per-klubin-e-karatese-ulqini\/\"]}]},{\"@type\":\"BreadcrumbList\",\"@id\":\"https:\/\/www.visit-ulcinj.com\/blog\/2013\/05\/01\/32-medalje-te-arta-per-klubin-e-karatese-ulqini\/#breadcrumb\",\"itemListElement\":[{\"@type\":\"ListItem\",\"position\":1,\"name\":\"32 medalje t\u00eb arta p\u00ebr Klubin e Karates\u00eb \u201cUlqini\u201d\"}]},{\"@type\":\"Person\",\"@id\":\"https:\/\/www.visit-ulcinj.com\/blog\/#\/schema\/person\/dcab619c614d3038751c63bc2aadc06d\",\"name\":\"ulqini\",\"sameAs\":[\"http:\/\/www.visit-ulcinj.com\"],\"url\":\"https:\/\/www.visit-ulcinj.com\/blog\/author\/admin\/\"}]}<\/script>\n<!-- \/ Yoast SEO plugin. -->","yoast_head_json":{"title":"32 medalje t\u00eb arta p\u00ebr Klubin e Karates\u00eb \u201cUlqini\u201d - Lajme nga Ulqini","description":"M\u00eb 27 prill 2013 n\u00eb Podgoric\u00eb u mbajt gara Trofeu i 3-t\u00eb \u201c7. Avgust\u201d, ku mor\u00ebn pjes\u00eb 19 klube t\u00eb karates\u00eb me 400 garues nga Serbia, Shqip\u00ebria dhe Mali i","robots":{"index":"index","follow":"follow","max-snippet":"max-snippet:-1","max-image-preview":"max-image-preview:large","max-video-preview":"max-video-preview:-1"},"canonical":"https:\/\/www.visit-ulcinj.com\/blog\/2013\/05\/01\/32-medalje-te-arta-per-klubin-e-karatese-ulqini\/","og_locale":"en_US","og_type":"article","og_title":"32 medalje t\u00eb arta p\u00ebr Klubin e Karates\u00eb \u201cUlqini\u201d - Lajme nga Ulqini","og_description":"M\u00eb 27 prill 2013 n\u00eb Podgoric\u00eb u mbajt gara Trofeu i 3-t\u00eb \u201c7. Avgust\u201d, ku mor\u00ebn pjes\u00eb 19 klube t\u00eb karates\u00eb me 400 garues nga Serbia, Shqip\u00ebria dhe Mali i","og_url":"https:\/\/www.visit-ulcinj.com\/blog\/2013\/05\/01\/32-medalje-te-arta-per-klubin-e-karatese-ulqini\/","og_site_name":"Lajme nga Ulqini","article_published_time":"2013-05-01T08:27:25+00:00","twitter_misc":{"Written by":"ulqini","Est. reading time":"2 minutes"},"schema":{"@context":"https:\/\/schema.org","@graph":[{"@type":"WebSite","@id":"https:\/\/www.visit-ulcinj.com\/blog\/#website","url":"https:\/\/www.visit-ulcinj.com\/blog\/","name":"Lajme nga Ulqini","description":"Lajme,Vijesti,Ulqini,Ulqin,Crna Gora,Mali i Zi","potentialAction":[{"@type":"SearchAction","target":{"@type":"EntryPoint","urlTemplate":"https:\/\/www.visit-ulcinj.com\/blog\/?s={search_term_string}"},"query-input":"required name=search_term_string"}],"inLanguage":"en-US"},{"@type":"WebPage","@id":"https:\/\/www.visit-ulcinj.com\/blog\/2013\/05\/01\/32-medalje-te-arta-per-klubin-e-karatese-ulqini\/#webpage","url":"https:\/\/www.visit-ulcinj.com\/blog\/2013\/05\/01\/32-medalje-te-arta-per-klubin-e-karatese-ulqini\/","name":"32 medalje t\u00eb arta p\u00ebr Klubin e Karates\u00eb \u201cUlqini\u201d - Lajme nga Ulqini","isPartOf":{"@id":"https:\/\/www.visit-ulcinj.com\/blog\/#website"},"datePublished":"2013-05-01T08:27:25+00:00","dateModified":"2013-05-01T08:27:25+00:00","author":{"@id":"https:\/\/www.visit-ulcinj.com\/blog\/#\/schema\/person\/dcab619c614d3038751c63bc2aadc06d"},"description":"M\u00eb 27 prill 2013 n\u00eb Podgoric\u00eb u mbajt gara Trofeu i 3-t\u00eb \u201c7. Avgust\u201d, ku mor\u00ebn pjes\u00eb 19 klube t\u00eb karates\u00eb me 400 garues nga Serbia, Shqip\u00ebria dhe Mali i","breadcrumb":{"@id":"https:\/\/www.visit-ulcinj.com\/blog\/2013\/05\/01\/32-medalje-te-arta-per-klubin-e-karatese-ulqini\/#breadcrumb"},"inLanguage":"en-US","potentialAction":[{"@type":"ReadAction","target":["https:\/\/www.visit-ulcinj.com\/blog\/2013\/05\/01\/32-medalje-te-arta-per-klubin-e-karatese-ulqini\/"]}]},{"@type":"BreadcrumbList","@id":"https:\/\/www.visit-ulcinj.com\/blog\/2013\/05\/01\/32-medalje-te-arta-per-klubin-e-karatese-ulqini\/#breadcrumb","itemListElement":[{"@type":"ListItem","position":1,"name":"32 medalje t\u00eb arta p\u00ebr Klubin e Karates\u00eb \u201cUlqini\u201d"}]},{"@type":"Person","@id":"https:\/\/www.visit-ulcinj.com\/blog\/#\/schema\/person\/dcab619c614d3038751c63bc2aadc06d","name":"ulqini","sameAs":["http:\/\/www.visit-ulcinj.com"],"url":"https:\/\/www.visit-ulcinj.com\/blog\/author\/admin\/"}]}},"jetpack_featured_media_url":"","jetpack_sharing_enabled":true,"jetpack_shortlink":"https:\/\/wp.me\/pe6lTn-is1","_links":{"self":[{"href":"https:\/\/www.visit-ulcinj.com\/blog\/wp-json\/wp\/v2\/posts\/70929"}],"collection":[{"href":"https:\/\/www.visit-ulcinj.com\/blog\/wp-json\/wp\/v2\/posts"}],"about":[{"href":"https:\/\/www.visit-ulcinj.com\/blog\/wp-json\/wp\/v2\/types\/post"}],"author":[{"embeddable":true,"href":"https:\/\/www.visit-ulcinj.com\/blog\/wp-json\/wp\/v2\/users\/1"}],"replies":[{"embeddable":true,"href":"https:\/\/www.visit-ulcinj.com\/blog\/wp-json\/wp\/v2\/comments?post=70929"}],"version-history":[{"count":1,"href":"https:\/\/www.visit-ulcinj.com\/blog\/wp-json\/wp\/v2\/posts\/70929\/revisions"}],"predecessor-version":[{"id":70931,"href":"https:\/\/www.visit-ulcinj.com\/blog\/wp-json\/wp\/v2\/posts\/70929\/revisions\/70931"}],"wp:attachment":[{"href":"https:\/\/www.visit-ulcinj.com\/blog\/wp-json\/wp\/v2\/media?parent=70929"}],"wp:term":[{"taxonomy":"category","embeddable":true,"href":"https:\/\/www.visit-ulcinj.com\/blog\/wp-json\/wp\/v2\/categories?post=70929"},{"taxonomy":"post_tag","embeddable":true,"href":"https:\/\/www.visit-ulcinj.com\/blog\/wp-json\/wp\/v2\/tags?post=70929"}],"curies":[{"name":"wp","href":"https:\/\/api.w.org\/{rel}","templated":true}]}}