{"id":70937,"date":"2013-05-01T22:40:39","date_gmt":"2013-05-01T21:40:39","guid":{"rendered":"http:\/\/www.visit-ulcinj.com\/blog\/?p=70937"},"modified":"2013-05-01T22:40:56","modified_gmt":"2013-05-01T21:40:56","slug":"ali-ulqinaku-atdhetari-qe-kontribuoi-per-shqipen","status":"publish","type":"post","link":"https:\/\/www.visit-ulcinj.com\/blog\/2013\/05\/01\/ali-ulqinaku-atdhetari-qe-kontribuoi-per-shqipen\/","title":{"rendered":"Ali Ulqinaku, atdhetari q\u00eb kontribuoi p\u00ebr shqipen"},"content":{"rendered":"<p><strong><a href=\"http:\/\/www.visit-ulcinj.com\/blog\/wp-content\/uploads\/2013\/05\/Ali-Ulqinaku-atdhetari-q\u00eb-kontribuoi-p\u00ebr-shqipen.jpg\"><img loading=\"lazy\" class=\"alignleft  wp-image-70938\" alt=\"Ali Ulqinaku, atdhetari q\u00eb kontribuoi p\u00ebr shqipen\" src=\"http:\/\/www.visit-ulcinj.com\/blog\/wp-content\/uploads\/2013\/05\/Ali-Ulqinaku-atdhetari-q\u00eb-kontribuoi-p\u00ebr-shqipen.jpg\" width=\"508\" height=\"239\" \/><\/a>\u201cR\u00ebnd\u00ebsia e Ali Ulqinakut n\u00eb zhvillimin e alfabetit t\u00eb gjuh\u00ebs shqipe\u201d, ishte tema e tryez\u00ebs s\u00eb organizuar nga Muzeu i alfabetit <\/strong><\/p>\n<p>&nbsp;<\/p>\n<p>Me rastin e 100 vjetorit t\u00eb vdekjes s\u00eb rilind\u00ebsit Hafiz Ali Ulqinaku (1853-1913), Muzeu i Alfabetit n\u00eb Manastir, organizoi tryez\u00ebn shkencore me tem\u00eb \u201cR\u00ebnd\u00ebsia e Ali Ulqinakut n\u00eb zhvillimin e alfabetit t\u00eb gjuh\u00ebs shqipe\u201d. Me kumtesa u paraqit\u00ebn studiues nga Instituti i Trash\u00ebgimis\u00eb Shpirt\u00ebrore e Kulturore t\u00eb Shqiptar\u00ebve-Shkup (ITSHKSH), Universiteti Shtet\u00ebror i Tetov\u00ebs dhe nga Shoqata e Historian\u00ebve Shqiptar\u00eb t\u00eb Maqedonis\u00eb.<\/p>\n<p>Drejtori i k\u00ebtij muzeu, Gazmend Hoxhaj, tha se roli i Hafiz Ali Ulqinakut ka qen\u00eb tep\u00ebr i madh p\u00ebr konsolidimin e alfabetit t\u00eb gjuh\u00ebs shqipe n\u00eb t\u00eb gjitha aspektet, andaj ky muze me pietet do ta kujtoj\u00eb jet\u00ebn dhe vepr\u00ebn e k\u00ebtij rilind\u00ebsi t\u00eb madh.<\/p>\n<p>Drejtori i ITSHKSH, Dr.Shefqet Zekolli, n\u00eb kumtes\u00eb e tij theksoi se Hafiz Ali Ulqinaku \u00ebsht\u00eb nj\u00eb nga figurat m\u00eb t\u00eb ndritura t\u00eb Rilindjes Komb\u00ebtare\u00a0 Shqiptare,\u00a0 i cili veprimtarin\u00eb e tij e ka shtir\u00eb n\u00eb arsim, kultur\u00eb, gjuh\u00ebsi dhe leksikografi, ku ka dh\u00ebn\u00eb nj\u00eb kontribut t\u00eb jasht\u00ebzakonsh\u00ebm.<\/p>\n<p>Dr.Nebi Dervishi nga USHT, paraqiti kumtes\u00ebn me titull \u201cFigura e Hafiz Ali Ulqinakut\u201d, duke theksuar se Ulqinaku i takon plejad\u00ebs s\u00eb atdhetar\u00ebve shqiptar\u00eb q\u00eb kontribuoi n\u00eb t\u00eb gjitha fushat e arsimit dhe kultur\u00ebs shqiptare, por kur qe nevoja edhe me arm\u00eb, duke qen\u00eb nj\u00eb nga eksponent\u00ebt kryesor\u00eb t\u00eb Lidhjes s\u00eb Prizrenit.<\/p>\n<p>Mr.Skender Asani, kryetar i SHHSHM-s\u00eb, referoi p\u00ebr rolin komb\u00ebtar t\u00eb Hafiz Ali Ulqinakut, i cili p\u00ebrkon me dy nga ngjarjet m\u00eb t\u00eb m\u00ebdha n\u00eb historin\u00eb ton\u00eb komb\u00ebtare, Lidhjen e Prizrenit dhe shpalljen e Pavar\u00ebsis\u00eb s\u00eb Shqip\u00ebris\u00eb. Lidhja e Prizrenit identifikohet edhe me rezistenc\u00ebn ushtarake t\u00eb shqiptar\u00ebve t\u00eb Malit t\u00eb Zi, dhe kontributin e jasht\u00ebzakonsh\u00ebm t\u00eb deg\u00ebs m\u00eb aktive t\u00eb saj n\u00eb Ulqin, e cila drejtohej nga Hafiz Ali Ulqinaku.<\/p>\n<p>Historiani Arben Sulejmani, n\u00eb kumtes\u00ebn e tij theksoi u ndal n\u00eb tem\u00ebn e ndikimit t\u00eb Ali Ulqinakut si nj\u00eb fetar, i clii gjat\u00eb jet\u00ebs dhe vepr\u00ebs s\u00eb tij, n\u00eb asnj\u00eb \u00e7ast nuk i ndau aspektin kulturor-arsimor e komb\u00ebtar\u00eb.<\/p>\n<p>Nd\u00ebrsa, studiuesi Dr.Zekerija Ibrahimi, u shpreh se duke qen\u00eb n\u00eb 160-vjetorin e lindjes dhe n\u00eb 100-vjetorin e vdekjes s\u00eb tij, jemi t\u00eb mendimit se ka ardhur koha q\u00eb vepra e tij t\u00eb vihet n\u00eb piedestal t\u00eb kultur\u00ebs shqiptare, aty ku n\u00eb fakt e ka vendin e merituar.<\/p>\n<p>Ky projekt i Muzeut t\u00eb Alfabetit t\u00eb gjuh\u00ebs shqipe n\u00eb Manastir, \u00ebsht\u00eb mb\u00ebshtetur nga Ministria e Kultur\u00ebs e Maqedonis\u00eb.<\/p>\n<p><strong>Gazeta Lajm<\/strong><\/p>\n<p>&nbsp;<\/p>\n","protected":false},"excerpt":{"rendered":"<p>\u201cR\u00ebnd\u00ebsia e Ali Ulqinakut n\u00eb zhvillimin e alfabetit t\u00eb gjuh\u00ebs shqipe\u201d, ishte tema e tryez\u00ebs s\u00eb organizuar nga Muzeu i alfabetit &nbsp; Me rastin e 100 vjetorit t\u00eb vdekjes s\u00eb rilind\u00ebsit Hafiz Ali Ulqinaku (1853-1913), Muzeu i Alfabetit n\u00eb Manastir, organizoi tryez\u00ebn shkencore me tem\u00eb \u201cR\u00ebnd\u00ebsia e Ali Ulqinakut n\u00eb zhvillimin e alfabetit t\u00eb gjuh\u00ebs [&hellip;]<\/p>\n","protected":false},"author":1,"featured_media":0,"comment_status":"open","ping_status":"closed","sticky":false,"template":"","format":"standard","meta":{"spay_email":"","jetpack_publicize_message":"","jetpack_is_tweetstorm":false,"jetpack_publicize_feature_enabled":true},"categories":[4],"tags":[],"jetpack_publicize_connections":[],"yoast_head":"<!-- This site is optimized with the Yoast SEO plugin v19.1 - https:\/\/yoast.com\/wordpress\/plugins\/seo\/ -->\n<title>Ali Ulqinaku, atdhetari q\u00eb kontribuoi p\u00ebr shqipen - Lajme nga Ulqini<\/title>\n<meta name=\"description\" content=\"\u201cR\u00ebnd\u00ebsia e Ali Ulqinakut n\u00eb zhvillimin e alfabetit t\u00eb gjuh\u00ebs shqipe\u201d, ishte tema e tryez\u00ebs s\u00eb organizuar nga Muzeu i alfabetit &nbsp; Me rastin e 100\" \/>\n<meta name=\"robots\" content=\"index, follow, max-snippet:-1, max-image-preview:large, max-video-preview:-1\" \/>\n<link rel=\"canonical\" href=\"https:\/\/www.visit-ulcinj.com\/blog\/2013\/05\/01\/ali-ulqinaku-atdhetari-qe-kontribuoi-per-shqipen\/\" \/>\n<meta property=\"og:locale\" content=\"en_US\" \/>\n<meta property=\"og:type\" content=\"article\" \/>\n<meta property=\"og:title\" content=\"Ali Ulqinaku, atdhetari q\u00eb kontribuoi p\u00ebr shqipen - Lajme nga Ulqini\" \/>\n<meta property=\"og:description\" content=\"\u201cR\u00ebnd\u00ebsia e Ali Ulqinakut n\u00eb zhvillimin e alfabetit t\u00eb gjuh\u00ebs shqipe\u201d, ishte tema e tryez\u00ebs s\u00eb organizuar nga Muzeu i alfabetit &nbsp; Me rastin e 100\" \/>\n<meta property=\"og:url\" content=\"https:\/\/www.visit-ulcinj.com\/blog\/2013\/05\/01\/ali-ulqinaku-atdhetari-qe-kontribuoi-per-shqipen\/\" \/>\n<meta property=\"og:site_name\" content=\"Lajme nga Ulqini\" \/>\n<meta property=\"article:published_time\" content=\"2013-05-01T21:40:39+00:00\" \/>\n<meta property=\"article:modified_time\" content=\"2013-05-01T21:40:56+00:00\" \/>\n<meta name=\"twitter:label1\" content=\"Written by\" \/>\n\t<meta name=\"twitter:data1\" content=\"ulqini\" \/>\n\t<meta name=\"twitter:label2\" content=\"Est. reading time\" \/>\n\t<meta name=\"twitter:data2\" content=\"2 minutes\" \/>\n<script type=\"application\/ld+json\" class=\"yoast-schema-graph\">{\"@context\":\"https:\/\/schema.org\",\"@graph\":[{\"@type\":\"WebSite\",\"@id\":\"https:\/\/www.visit-ulcinj.com\/blog\/#website\",\"url\":\"https:\/\/www.visit-ulcinj.com\/blog\/\",\"name\":\"Lajme nga Ulqini\",\"description\":\"Lajme,Vijesti,Ulqini,Ulqin,Crna Gora,Mali i Zi\",\"potentialAction\":[{\"@type\":\"SearchAction\",\"target\":{\"@type\":\"EntryPoint\",\"urlTemplate\":\"https:\/\/www.visit-ulcinj.com\/blog\/?s={search_term_string}\"},\"query-input\":\"required name=search_term_string\"}],\"inLanguage\":\"en-US\"},{\"@type\":\"WebPage\",\"@id\":\"https:\/\/www.visit-ulcinj.com\/blog\/2013\/05\/01\/ali-ulqinaku-atdhetari-qe-kontribuoi-per-shqipen\/#webpage\",\"url\":\"https:\/\/www.visit-ulcinj.com\/blog\/2013\/05\/01\/ali-ulqinaku-atdhetari-qe-kontribuoi-per-shqipen\/\",\"name\":\"Ali Ulqinaku, atdhetari q\u00eb kontribuoi p\u00ebr shqipen - Lajme nga Ulqini\",\"isPartOf\":{\"@id\":\"https:\/\/www.visit-ulcinj.com\/blog\/#website\"},\"datePublished\":\"2013-05-01T21:40:39+00:00\",\"dateModified\":\"2013-05-01T21:40:56+00:00\",\"author\":{\"@id\":\"https:\/\/www.visit-ulcinj.com\/blog\/#\/schema\/person\/dcab619c614d3038751c63bc2aadc06d\"},\"description\":\"\u201cR\u00ebnd\u00ebsia e Ali Ulqinakut n\u00eb zhvillimin e alfabetit t\u00eb gjuh\u00ebs shqipe\u201d, ishte tema e tryez\u00ebs s\u00eb organizuar nga Muzeu i alfabetit &nbsp; Me rastin e 100\",\"breadcrumb\":{\"@id\":\"https:\/\/www.visit-ulcinj.com\/blog\/2013\/05\/01\/ali-ulqinaku-atdhetari-qe-kontribuoi-per-shqipen\/#breadcrumb\"},\"inLanguage\":\"en-US\",\"potentialAction\":[{\"@type\":\"ReadAction\",\"target\":[\"https:\/\/www.visit-ulcinj.com\/blog\/2013\/05\/01\/ali-ulqinaku-atdhetari-qe-kontribuoi-per-shqipen\/\"]}]},{\"@type\":\"BreadcrumbList\",\"@id\":\"https:\/\/www.visit-ulcinj.com\/blog\/2013\/05\/01\/ali-ulqinaku-atdhetari-qe-kontribuoi-per-shqipen\/#breadcrumb\",\"itemListElement\":[{\"@type\":\"ListItem\",\"position\":1,\"name\":\"Ali Ulqinaku, atdhetari q\u00eb kontribuoi p\u00ebr shqipen\"}]},{\"@type\":\"Person\",\"@id\":\"https:\/\/www.visit-ulcinj.com\/blog\/#\/schema\/person\/dcab619c614d3038751c63bc2aadc06d\",\"name\":\"ulqini\",\"sameAs\":[\"http:\/\/www.visit-ulcinj.com\"],\"url\":\"https:\/\/www.visit-ulcinj.com\/blog\/author\/admin\/\"}]}<\/script>\n<!-- \/ Yoast SEO plugin. -->","yoast_head_json":{"title":"Ali Ulqinaku, atdhetari q\u00eb kontribuoi p\u00ebr shqipen - Lajme nga Ulqini","description":"\u201cR\u00ebnd\u00ebsia e Ali Ulqinakut n\u00eb zhvillimin e alfabetit t\u00eb gjuh\u00ebs shqipe\u201d, ishte tema e tryez\u00ebs s\u00eb organizuar nga Muzeu i alfabetit &nbsp; Me rastin e 100","robots":{"index":"index","follow":"follow","max-snippet":"max-snippet:-1","max-image-preview":"max-image-preview:large","max-video-preview":"max-video-preview:-1"},"canonical":"https:\/\/www.visit-ulcinj.com\/blog\/2013\/05\/01\/ali-ulqinaku-atdhetari-qe-kontribuoi-per-shqipen\/","og_locale":"en_US","og_type":"article","og_title":"Ali Ulqinaku, atdhetari q\u00eb kontribuoi p\u00ebr shqipen - Lajme nga Ulqini","og_description":"\u201cR\u00ebnd\u00ebsia e Ali Ulqinakut n\u00eb zhvillimin e alfabetit t\u00eb gjuh\u00ebs shqipe\u201d, ishte tema e tryez\u00ebs s\u00eb organizuar nga Muzeu i alfabetit &nbsp; Me rastin e 100","og_url":"https:\/\/www.visit-ulcinj.com\/blog\/2013\/05\/01\/ali-ulqinaku-atdhetari-qe-kontribuoi-per-shqipen\/","og_site_name":"Lajme nga Ulqini","article_published_time":"2013-05-01T21:40:39+00:00","article_modified_time":"2013-05-01T21:40:56+00:00","twitter_misc":{"Written by":"ulqini","Est. reading time":"2 minutes"},"schema":{"@context":"https:\/\/schema.org","@graph":[{"@type":"WebSite","@id":"https:\/\/www.visit-ulcinj.com\/blog\/#website","url":"https:\/\/www.visit-ulcinj.com\/blog\/","name":"Lajme nga Ulqini","description":"Lajme,Vijesti,Ulqini,Ulqin,Crna Gora,Mali i Zi","potentialAction":[{"@type":"SearchAction","target":{"@type":"EntryPoint","urlTemplate":"https:\/\/www.visit-ulcinj.com\/blog\/?s={search_term_string}"},"query-input":"required name=search_term_string"}],"inLanguage":"en-US"},{"@type":"WebPage","@id":"https:\/\/www.visit-ulcinj.com\/blog\/2013\/05\/01\/ali-ulqinaku-atdhetari-qe-kontribuoi-per-shqipen\/#webpage","url":"https:\/\/www.visit-ulcinj.com\/blog\/2013\/05\/01\/ali-ulqinaku-atdhetari-qe-kontribuoi-per-shqipen\/","name":"Ali Ulqinaku, atdhetari q\u00eb kontribuoi p\u00ebr shqipen - Lajme nga Ulqini","isPartOf":{"@id":"https:\/\/www.visit-ulcinj.com\/blog\/#website"},"datePublished":"2013-05-01T21:40:39+00:00","dateModified":"2013-05-01T21:40:56+00:00","author":{"@id":"https:\/\/www.visit-ulcinj.com\/blog\/#\/schema\/person\/dcab619c614d3038751c63bc2aadc06d"},"description":"\u201cR\u00ebnd\u00ebsia e Ali Ulqinakut n\u00eb zhvillimin e alfabetit t\u00eb gjuh\u00ebs shqipe\u201d, ishte tema e tryez\u00ebs s\u00eb organizuar nga Muzeu i alfabetit &nbsp; Me rastin e 100","breadcrumb":{"@id":"https:\/\/www.visit-ulcinj.com\/blog\/2013\/05\/01\/ali-ulqinaku-atdhetari-qe-kontribuoi-per-shqipen\/#breadcrumb"},"inLanguage":"en-US","potentialAction":[{"@type":"ReadAction","target":["https:\/\/www.visit-ulcinj.com\/blog\/2013\/05\/01\/ali-ulqinaku-atdhetari-qe-kontribuoi-per-shqipen\/"]}]},{"@type":"BreadcrumbList","@id":"https:\/\/www.visit-ulcinj.com\/blog\/2013\/05\/01\/ali-ulqinaku-atdhetari-qe-kontribuoi-per-shqipen\/#breadcrumb","itemListElement":[{"@type":"ListItem","position":1,"name":"Ali Ulqinaku, atdhetari q\u00eb kontribuoi p\u00ebr shqipen"}]},{"@type":"Person","@id":"https:\/\/www.visit-ulcinj.com\/blog\/#\/schema\/person\/dcab619c614d3038751c63bc2aadc06d","name":"ulqini","sameAs":["http:\/\/www.visit-ulcinj.com"],"url":"https:\/\/www.visit-ulcinj.com\/blog\/author\/admin\/"}]}},"jetpack_featured_media_url":"","jetpack_sharing_enabled":true,"jetpack_shortlink":"https:\/\/wp.me\/pe6lTn-is9","_links":{"self":[{"href":"https:\/\/www.visit-ulcinj.com\/blog\/wp-json\/wp\/v2\/posts\/70937"}],"collection":[{"href":"https:\/\/www.visit-ulcinj.com\/blog\/wp-json\/wp\/v2\/posts"}],"about":[{"href":"https:\/\/www.visit-ulcinj.com\/blog\/wp-json\/wp\/v2\/types\/post"}],"author":[{"embeddable":true,"href":"https:\/\/www.visit-ulcinj.com\/blog\/wp-json\/wp\/v2\/users\/1"}],"replies":[{"embeddable":true,"href":"https:\/\/www.visit-ulcinj.com\/blog\/wp-json\/wp\/v2\/comments?post=70937"}],"version-history":[{"count":2,"href":"https:\/\/www.visit-ulcinj.com\/blog\/wp-json\/wp\/v2\/posts\/70937\/revisions"}],"predecessor-version":[{"id":70940,"href":"https:\/\/www.visit-ulcinj.com\/blog\/wp-json\/wp\/v2\/posts\/70937\/revisions\/70940"}],"wp:attachment":[{"href":"https:\/\/www.visit-ulcinj.com\/blog\/wp-json\/wp\/v2\/media?parent=70937"}],"wp:term":[{"taxonomy":"category","embeddable":true,"href":"https:\/\/www.visit-ulcinj.com\/blog\/wp-json\/wp\/v2\/categories?post=70937"},{"taxonomy":"post_tag","embeddable":true,"href":"https:\/\/www.visit-ulcinj.com\/blog\/wp-json\/wp\/v2\/tags?post=70937"}],"curies":[{"name":"wp","href":"https:\/\/api.w.org\/{rel}","templated":true}]}}