{"id":70941,"date":"2013-05-04T17:02:21","date_gmt":"2013-05-04T16:02:21","guid":{"rendered":"http:\/\/www.visit-ulcinj.com\/blog\/?p=70941"},"modified":"2013-05-04T17:02:21","modified_gmt":"2013-05-04T16:02:21","slug":"filluan-punimes-ne-sanimin-e-catise-se-qendres-per-kulture","status":"publish","type":"post","link":"https:\/\/www.visit-ulcinj.com\/blog\/2013\/05\/04\/filluan-punimes-ne-sanimin-e-catise-se-qendres-per-kulture\/","title":{"rendered":"Filluan punimes n\u00eb sanimin e \u00e7atis\u00eb s\u00eb Qendres p\u00ebr Kultur\u00eb"},"content":{"rendered":"<p><a href=\"http:\/\/www.visit-ulcinj.com\/blog\/wp-content\/uploads\/2013\/05\/Avdulla-Dervishi-Sekretarijati-per-ceshtje-komunale-dhe-mbrojtjen-e-ambijentit_Ulqin.jpg\"><img loading=\"lazy\" class=\"alignleft  wp-image-70942\" alt=\"Avdulla-Dervishi-Sekretarijati-per-ceshtje-komunale-dhe-mbrojtjen-e-ambijentit_Ulqin\" src=\"http:\/\/www.visit-ulcinj.com\/blog\/wp-content\/uploads\/2013\/05\/Avdulla-Dervishi-Sekretarijati-per-ceshtje-komunale-dhe-mbrojtjen-e-ambijentit_Ulqin.jpg\" width=\"508\" height=\"324\" \/><\/a>Duke pasur parasysh gjendjen n\u00eb t\u00eb cil\u00ebn gjendet objekti i Sht\u00ebpis\u00eb s\u00eb kultur\u00ebs s\u00eb Ulqinit, Komuna e Ulqinit n\u00eb buxhetin e vitit 2013 ka parapar\u00eb mjetet per rinovimin e \u00e7atis\u00eb se qendres p\u00ebr kultur\u00eb.<\/p>\n<p>Keto dite kan\u00eb filluar punimet n\u00eb sanimin e \u00e7atis\u00eb s\u00eb Qedres p\u00ebr Kultur\u00eb dhe punimet i zhvillon kompania &#8220;ENERGOGROUP&#8221; nga Podgorica. Vlera e punimeve \u00ebsht\u00eb 12.000 euro. Mbikqyrjen e k\u00ebtyre punimeve e b\u00ebn\u00eb Agjensija p\u00ebr Ndertim dhe Zhvillim.<\/p>\n<p><strong>Avdo Dervisi \u2013 Avdulla Dervishi<\/strong><br \/>\nSekretar<br \/>\n<strong>Op\u0161tina Ulcinj \/ Komuna e Ulqinit<\/strong><br \/>\nSekretarijat za komunalne poslove i zastitu zivotne sredine<br \/>\nSekretarijati per ceshtje komunale dhe mbrojtjen e ambijentit<\/p>\n<p>tel:\u00a0\u00a0\u00a0 +382 (0)30 412\u00a0 956<br \/>\nfaks:\u00a0 +382 (0)30 412 956<br \/>\nmob.\u00a0 +382 (0)67 457 698<br \/>\n<strong>e-mail: <a href=\"mailto:avdo@t-com.me\" target=\"_blank\">avdo@t-com.me<\/a><br \/>\n<\/strong><\/p>\n","protected":false},"excerpt":{"rendered":"<p>Duke pasur parasysh gjendjen n\u00eb t\u00eb cil\u00ebn gjendet objekti i Sht\u00ebpis\u00eb s\u00eb kultur\u00ebs s\u00eb Ulqinit, Komuna e Ulqinit n\u00eb buxhetin e vitit 2013 ka parapar\u00eb mjetet per rinovimin e \u00e7atis\u00eb se qendres p\u00ebr kultur\u00eb. Keto dite kan\u00eb filluar punimet n\u00eb sanimin e \u00e7atis\u00eb s\u00eb Qedres p\u00ebr Kultur\u00eb dhe punimet i zhvillon kompania &#8220;ENERGOGROUP&#8221; nga Podgorica. [&hellip;]<\/p>\n","protected":false},"author":1,"featured_media":0,"comment_status":"open","ping_status":"closed","sticky":false,"template":"","format":"standard","meta":{"spay_email":"","jetpack_publicize_message":"","jetpack_is_tweetstorm":false,"jetpack_publicize_feature_enabled":true},"categories":[4],"tags":[],"jetpack_publicize_connections":[],"yoast_head":"<!-- This site is optimized with the Yoast SEO plugin v19.1 - https:\/\/yoast.com\/wordpress\/plugins\/seo\/ -->\n<title>Filluan punimes n\u00eb sanimin e \u00e7atis\u00eb s\u00eb Qendres p\u00ebr Kultur\u00eb - Lajme nga Ulqini<\/title>\n<meta name=\"description\" content=\"Duke pasur parasysh gjendjen n\u00eb t\u00eb cil\u00ebn gjendet objekti i Sht\u00ebpis\u00eb s\u00eb kultur\u00ebs s\u00eb Ulqinit, Komuna e Ulqinit n\u00eb buxhetin e vitit 2013 ka parapar\u00eb mjetet\" \/>\n<meta name=\"robots\" content=\"index, follow, max-snippet:-1, max-image-preview:large, max-video-preview:-1\" \/>\n<link rel=\"canonical\" href=\"https:\/\/www.visit-ulcinj.com\/blog\/2013\/05\/04\/filluan-punimes-ne-sanimin-e-catise-se-qendres-per-kulture\/\" \/>\n<meta property=\"og:locale\" content=\"en_US\" \/>\n<meta property=\"og:type\" content=\"article\" \/>\n<meta property=\"og:title\" content=\"Filluan punimes n\u00eb sanimin e \u00e7atis\u00eb s\u00eb Qendres p\u00ebr Kultur\u00eb - Lajme nga Ulqini\" \/>\n<meta property=\"og:description\" content=\"Duke pasur parasysh gjendjen n\u00eb t\u00eb cil\u00ebn gjendet objekti i Sht\u00ebpis\u00eb s\u00eb kultur\u00ebs s\u00eb Ulqinit, Komuna e Ulqinit n\u00eb buxhetin e vitit 2013 ka parapar\u00eb mjetet\" \/>\n<meta property=\"og:url\" content=\"https:\/\/www.visit-ulcinj.com\/blog\/2013\/05\/04\/filluan-punimes-ne-sanimin-e-catise-se-qendres-per-kulture\/\" \/>\n<meta property=\"og:site_name\" content=\"Lajme nga Ulqini\" \/>\n<meta property=\"article:published_time\" content=\"2013-05-04T16:02:21+00:00\" \/>\n<meta property=\"og:image\" content=\"http:\/\/www.visit-ulcinj.com\/blog\/wp-content\/uploads\/2013\/05\/Avdulla-Dervishi-Sekretarijati-per-ceshtje-komunale-dhe-mbrojtjen-e-ambijentit_Ulqin.jpg\" \/>\n<meta name=\"twitter:label1\" content=\"Written by\" \/>\n\t<meta name=\"twitter:data1\" content=\"ulqini\" \/>\n\t<meta name=\"twitter:label2\" content=\"Est. reading time\" \/>\n\t<meta name=\"twitter:data2\" content=\"1 minute\" \/>\n<script type=\"application\/ld+json\" class=\"yoast-schema-graph\">{\"@context\":\"https:\/\/schema.org\",\"@graph\":[{\"@type\":\"WebSite\",\"@id\":\"https:\/\/www.visit-ulcinj.com\/blog\/#website\",\"url\":\"https:\/\/www.visit-ulcinj.com\/blog\/\",\"name\":\"Lajme nga Ulqini\",\"description\":\"Lajme,Vijesti,Ulqini,Ulqin,Crna Gora,Mali i Zi\",\"potentialAction\":[{\"@type\":\"SearchAction\",\"target\":{\"@type\":\"EntryPoint\",\"urlTemplate\":\"https:\/\/www.visit-ulcinj.com\/blog\/?s={search_term_string}\"},\"query-input\":\"required name=search_term_string\"}],\"inLanguage\":\"en-US\"},{\"@type\":\"ImageObject\",\"inLanguage\":\"en-US\",\"@id\":\"https:\/\/www.visit-ulcinj.com\/blog\/2013\/05\/04\/filluan-punimes-ne-sanimin-e-catise-se-qendres-per-kulture\/#primaryimage\",\"url\":\"https:\/\/www.visit-ulcinj.com\/blog\/wp-content\/uploads\/2013\/05\/Avdulla-Dervishi-Sekretarijati-per-ceshtje-komunale-dhe-mbrojtjen-e-ambijentit_Ulqin.jpg\",\"contentUrl\":\"https:\/\/www.visit-ulcinj.com\/blog\/wp-content\/uploads\/2013\/05\/Avdulla-Dervishi-Sekretarijati-per-ceshtje-komunale-dhe-mbrojtjen-e-ambijentit_Ulqin.jpg\",\"width\":640,\"height\":324},{\"@type\":\"WebPage\",\"@id\":\"https:\/\/www.visit-ulcinj.com\/blog\/2013\/05\/04\/filluan-punimes-ne-sanimin-e-catise-se-qendres-per-kulture\/#webpage\",\"url\":\"https:\/\/www.visit-ulcinj.com\/blog\/2013\/05\/04\/filluan-punimes-ne-sanimin-e-catise-se-qendres-per-kulture\/\",\"name\":\"Filluan punimes n\u00eb sanimin e \u00e7atis\u00eb s\u00eb Qendres p\u00ebr Kultur\u00eb - Lajme nga Ulqini\",\"isPartOf\":{\"@id\":\"https:\/\/www.visit-ulcinj.com\/blog\/#website\"},\"primaryImageOfPage\":{\"@id\":\"https:\/\/www.visit-ulcinj.com\/blog\/2013\/05\/04\/filluan-punimes-ne-sanimin-e-catise-se-qendres-per-kulture\/#primaryimage\"},\"datePublished\":\"2013-05-04T16:02:21+00:00\",\"dateModified\":\"2013-05-04T16:02:21+00:00\",\"author\":{\"@id\":\"https:\/\/www.visit-ulcinj.com\/blog\/#\/schema\/person\/dcab619c614d3038751c63bc2aadc06d\"},\"description\":\"Duke pasur parasysh gjendjen n\u00eb t\u00eb cil\u00ebn gjendet objekti i Sht\u00ebpis\u00eb s\u00eb kultur\u00ebs s\u00eb Ulqinit, Komuna e Ulqinit n\u00eb buxhetin e vitit 2013 ka parapar\u00eb mjetet\",\"breadcrumb\":{\"@id\":\"https:\/\/www.visit-ulcinj.com\/blog\/2013\/05\/04\/filluan-punimes-ne-sanimin-e-catise-se-qendres-per-kulture\/#breadcrumb\"},\"inLanguage\":\"en-US\",\"potentialAction\":[{\"@type\":\"ReadAction\",\"target\":[\"https:\/\/www.visit-ulcinj.com\/blog\/2013\/05\/04\/filluan-punimes-ne-sanimin-e-catise-se-qendres-per-kulture\/\"]}]},{\"@type\":\"BreadcrumbList\",\"@id\":\"https:\/\/www.visit-ulcinj.com\/blog\/2013\/05\/04\/filluan-punimes-ne-sanimin-e-catise-se-qendres-per-kulture\/#breadcrumb\",\"itemListElement\":[{\"@type\":\"ListItem\",\"position\":1,\"name\":\"Filluan punimes n\u00eb sanimin e \u00e7atis\u00eb s\u00eb Qendres p\u00ebr Kultur\u00eb\"}]},{\"@type\":\"Person\",\"@id\":\"https:\/\/www.visit-ulcinj.com\/blog\/#\/schema\/person\/dcab619c614d3038751c63bc2aadc06d\",\"name\":\"ulqini\",\"sameAs\":[\"http:\/\/www.visit-ulcinj.com\"],\"url\":\"https:\/\/www.visit-ulcinj.com\/blog\/author\/admin\/\"}]}<\/script>\n<!-- \/ Yoast SEO plugin. -->","yoast_head_json":{"title":"Filluan punimes n\u00eb sanimin e \u00e7atis\u00eb s\u00eb Qendres p\u00ebr Kultur\u00eb - Lajme nga Ulqini","description":"Duke pasur parasysh gjendjen n\u00eb t\u00eb cil\u00ebn gjendet objekti i Sht\u00ebpis\u00eb s\u00eb kultur\u00ebs s\u00eb Ulqinit, Komuna e Ulqinit n\u00eb buxhetin e vitit 2013 ka parapar\u00eb mjetet","robots":{"index":"index","follow":"follow","max-snippet":"max-snippet:-1","max-image-preview":"max-image-preview:large","max-video-preview":"max-video-preview:-1"},"canonical":"https:\/\/www.visit-ulcinj.com\/blog\/2013\/05\/04\/filluan-punimes-ne-sanimin-e-catise-se-qendres-per-kulture\/","og_locale":"en_US","og_type":"article","og_title":"Filluan punimes n\u00eb sanimin e \u00e7atis\u00eb s\u00eb Qendres p\u00ebr Kultur\u00eb - Lajme nga Ulqini","og_description":"Duke pasur parasysh gjendjen n\u00eb t\u00eb cil\u00ebn gjendet objekti i Sht\u00ebpis\u00eb s\u00eb kultur\u00ebs s\u00eb Ulqinit, Komuna e Ulqinit n\u00eb buxhetin e vitit 2013 ka parapar\u00eb mjetet","og_url":"https:\/\/www.visit-ulcinj.com\/blog\/2013\/05\/04\/filluan-punimes-ne-sanimin-e-catise-se-qendres-per-kulture\/","og_site_name":"Lajme nga Ulqini","article_published_time":"2013-05-04T16:02:21+00:00","og_image":[{"url":"http:\/\/www.visit-ulcinj.com\/blog\/wp-content\/uploads\/2013\/05\/Avdulla-Dervishi-Sekretarijati-per-ceshtje-komunale-dhe-mbrojtjen-e-ambijentit_Ulqin.jpg"}],"twitter_misc":{"Written by":"ulqini","Est. reading time":"1 minute"},"schema":{"@context":"https:\/\/schema.org","@graph":[{"@type":"WebSite","@id":"https:\/\/www.visit-ulcinj.com\/blog\/#website","url":"https:\/\/www.visit-ulcinj.com\/blog\/","name":"Lajme nga Ulqini","description":"Lajme,Vijesti,Ulqini,Ulqin,Crna Gora,Mali i Zi","potentialAction":[{"@type":"SearchAction","target":{"@type":"EntryPoint","urlTemplate":"https:\/\/www.visit-ulcinj.com\/blog\/?s={search_term_string}"},"query-input":"required name=search_term_string"}],"inLanguage":"en-US"},{"@type":"ImageObject","inLanguage":"en-US","@id":"https:\/\/www.visit-ulcinj.com\/blog\/2013\/05\/04\/filluan-punimes-ne-sanimin-e-catise-se-qendres-per-kulture\/#primaryimage","url":"https:\/\/www.visit-ulcinj.com\/blog\/wp-content\/uploads\/2013\/05\/Avdulla-Dervishi-Sekretarijati-per-ceshtje-komunale-dhe-mbrojtjen-e-ambijentit_Ulqin.jpg","contentUrl":"https:\/\/www.visit-ulcinj.com\/blog\/wp-content\/uploads\/2013\/05\/Avdulla-Dervishi-Sekretarijati-per-ceshtje-komunale-dhe-mbrojtjen-e-ambijentit_Ulqin.jpg","width":640,"height":324},{"@type":"WebPage","@id":"https:\/\/www.visit-ulcinj.com\/blog\/2013\/05\/04\/filluan-punimes-ne-sanimin-e-catise-se-qendres-per-kulture\/#webpage","url":"https:\/\/www.visit-ulcinj.com\/blog\/2013\/05\/04\/filluan-punimes-ne-sanimin-e-catise-se-qendres-per-kulture\/","name":"Filluan punimes n\u00eb sanimin e \u00e7atis\u00eb s\u00eb Qendres p\u00ebr Kultur\u00eb - Lajme nga Ulqini","isPartOf":{"@id":"https:\/\/www.visit-ulcinj.com\/blog\/#website"},"primaryImageOfPage":{"@id":"https:\/\/www.visit-ulcinj.com\/blog\/2013\/05\/04\/filluan-punimes-ne-sanimin-e-catise-se-qendres-per-kulture\/#primaryimage"},"datePublished":"2013-05-04T16:02:21+00:00","dateModified":"2013-05-04T16:02:21+00:00","author":{"@id":"https:\/\/www.visit-ulcinj.com\/blog\/#\/schema\/person\/dcab619c614d3038751c63bc2aadc06d"},"description":"Duke pasur parasysh gjendjen n\u00eb t\u00eb cil\u00ebn gjendet objekti i Sht\u00ebpis\u00eb s\u00eb kultur\u00ebs s\u00eb Ulqinit, Komuna e Ulqinit n\u00eb buxhetin e vitit 2013 ka parapar\u00eb mjetet","breadcrumb":{"@id":"https:\/\/www.visit-ulcinj.com\/blog\/2013\/05\/04\/filluan-punimes-ne-sanimin-e-catise-se-qendres-per-kulture\/#breadcrumb"},"inLanguage":"en-US","potentialAction":[{"@type":"ReadAction","target":["https:\/\/www.visit-ulcinj.com\/blog\/2013\/05\/04\/filluan-punimes-ne-sanimin-e-catise-se-qendres-per-kulture\/"]}]},{"@type":"BreadcrumbList","@id":"https:\/\/www.visit-ulcinj.com\/blog\/2013\/05\/04\/filluan-punimes-ne-sanimin-e-catise-se-qendres-per-kulture\/#breadcrumb","itemListElement":[{"@type":"ListItem","position":1,"name":"Filluan punimes n\u00eb sanimin e \u00e7atis\u00eb s\u00eb Qendres p\u00ebr Kultur\u00eb"}]},{"@type":"Person","@id":"https:\/\/www.visit-ulcinj.com\/blog\/#\/schema\/person\/dcab619c614d3038751c63bc2aadc06d","name":"ulqini","sameAs":["http:\/\/www.visit-ulcinj.com"],"url":"https:\/\/www.visit-ulcinj.com\/blog\/author\/admin\/"}]}},"jetpack_featured_media_url":"","jetpack_sharing_enabled":true,"jetpack_shortlink":"https:\/\/wp.me\/pe6lTn-isd","_links":{"self":[{"href":"https:\/\/www.visit-ulcinj.com\/blog\/wp-json\/wp\/v2\/posts\/70941"}],"collection":[{"href":"https:\/\/www.visit-ulcinj.com\/blog\/wp-json\/wp\/v2\/posts"}],"about":[{"href":"https:\/\/www.visit-ulcinj.com\/blog\/wp-json\/wp\/v2\/types\/post"}],"author":[{"embeddable":true,"href":"https:\/\/www.visit-ulcinj.com\/blog\/wp-json\/wp\/v2\/users\/1"}],"replies":[{"embeddable":true,"href":"https:\/\/www.visit-ulcinj.com\/blog\/wp-json\/wp\/v2\/comments?post=70941"}],"version-history":[{"count":1,"href":"https:\/\/www.visit-ulcinj.com\/blog\/wp-json\/wp\/v2\/posts\/70941\/revisions"}],"predecessor-version":[{"id":70943,"href":"https:\/\/www.visit-ulcinj.com\/blog\/wp-json\/wp\/v2\/posts\/70941\/revisions\/70943"}],"wp:attachment":[{"href":"https:\/\/www.visit-ulcinj.com\/blog\/wp-json\/wp\/v2\/media?parent=70941"}],"wp:term":[{"taxonomy":"category","embeddable":true,"href":"https:\/\/www.visit-ulcinj.com\/blog\/wp-json\/wp\/v2\/categories?post=70941"},{"taxonomy":"post_tag","embeddable":true,"href":"https:\/\/www.visit-ulcinj.com\/blog\/wp-json\/wp\/v2\/tags?post=70941"}],"curies":[{"name":"wp","href":"https:\/\/api.w.org\/{rel}","templated":true}]}}