{"id":70951,"date":"2013-05-04T17:18:59","date_gmt":"2013-05-04T16:18:59","guid":{"rendered":"http:\/\/www.visit-ulcinj.com\/blog\/?p=70951"},"modified":"2013-05-04T17:19:21","modified_gmt":"2013-05-04T16:19:21","slug":"nazif-cungu-cestitke-za-vaskrs","status":"publish","type":"post","link":"https:\/\/www.visit-ulcinj.com\/blog\/2013\/05\/04\/nazif-cungu-cestitke-za-vaskrs\/","title":{"rendered":"Nazif Cungu: \u010cestitke za Vaskrs"},"content":{"rendered":"<div>\n<p><a href=\"http:\/\/www.visit-ulcinj.com\/blog\/wp-content\/uploads\/2013\/05\/Nazif-Cungu-cestita-Vaskrs.jpg\"><img loading=\"lazy\" class=\"alignleft  wp-image-70952\" alt=\"Nazif Cungu cestita Vaskrs\" src=\"http:\/\/www.visit-ulcinj.com\/blog\/wp-content\/uploads\/2013\/05\/Nazif-Cungu-cestita-Vaskrs.jpg\" width=\"508\" height=\"360\" \/><\/a>Svim vjernicima Pravoslavne vjeroispovjesti Ulcinja, u svoje i u ime Op\u0161tine Ulcinj \u010destitam Vaskrs, najradosniji hri\u0161\u0107anski praznik, uz \u017eelju da ovaj praznik provedete u duhovnom i sveop\u0161tem miru, okru\u017eeni porodicom i prijateljima, u razumjevanju i toleranciji, da prazni\u010dne dane provedete u dobrom zdravlju, radosti i zadovoljstvu, po\u0161tuju\u0107i tradiciju Vaskrsa, u nadi kako \u0107e nam vrijeme koje dolazi darovati bolje i sretnije dane za sve nas<\/p>\n<\/div>\n<div><\/div>\n<div>Ovaj veliki hri\u0161\u0107anski praznik treba da nam vrati vjeru u bolju budu\u0107nost i podsjeti na va\u017enost njegovanja moralnih vrijednosti, me\u0111usobnog uva\u017eavanja i da kao simbol radosti \u017eivota, podsjeti na zna\u010daj tolerancije, povjerenja i me\u0111usobnog po\u0161tovanja.<\/div>\n<div><\/div>\n<div>Neka prazni\u010dni dani ispune va\u0161e domove slogom, prijateljstvom, solidarno\u0161\u0107u i razumijevanjem sa bli\u017enjima i kom\u0161ijama.<\/div>\n<div><\/div>\n<div><\/div>\n<div><\/div>\n<div><strong>Predsjednik <\/strong><\/div>\n<div><strong>Nazif Cungu<\/strong><\/div>\n","protected":false},"excerpt":{"rendered":"<p>Svim vjernicima Pravoslavne vjeroispovjesti Ulcinja, u svoje i u ime Op\u0161tine Ulcinj \u010destitam Vaskrs, najradosniji hri\u0161\u0107anski praznik, uz \u017eelju da ovaj praznik provedete u duhovnom i sveop\u0161tem miru, okru\u017eeni porodicom i prijateljima, u razumjevanju i toleranciji, da prazni\u010dne dane provedete u dobrom zdravlju, radosti i zadovoljstvu, po\u0161tuju\u0107i tradiciju Vaskrsa, u nadi kako \u0107e nam vrijeme [&hellip;]<\/p>\n","protected":false},"author":1,"featured_media":0,"comment_status":"open","ping_status":"closed","sticky":false,"template":"","format":"standard","meta":{"spay_email":"","jetpack_publicize_message":"","jetpack_is_tweetstorm":false,"jetpack_publicize_feature_enabled":true},"categories":[8337],"tags":[],"jetpack_publicize_connections":[],"yoast_head":"<!-- This site is optimized with the Yoast SEO plugin v19.1 - https:\/\/yoast.com\/wordpress\/plugins\/seo\/ -->\n<title>Nazif Cungu: \u010cestitke za Vaskrs - Lajme nga Ulqini<\/title>\n<meta name=\"description\" content=\"Svim vjernicima Pravoslavne vjeroispovjesti Ulcinja, u svoje i u ime Op\u0161tine Ulcinj \u010destitam Vaskrs, najradosniji hri\u0161\u0107anski praznik, uz \u017eelju da ovaj\" \/>\n<meta name=\"robots\" content=\"index, follow, max-snippet:-1, max-image-preview:large, max-video-preview:-1\" \/>\n<link rel=\"canonical\" href=\"https:\/\/www.visit-ulcinj.com\/blog\/2013\/05\/04\/nazif-cungu-cestitke-za-vaskrs\/\" \/>\n<meta property=\"og:locale\" content=\"en_US\" \/>\n<meta property=\"og:type\" content=\"article\" \/>\n<meta property=\"og:title\" content=\"Nazif Cungu: \u010cestitke za Vaskrs - Lajme nga Ulqini\" \/>\n<meta property=\"og:description\" content=\"Svim vjernicima Pravoslavne vjeroispovjesti Ulcinja, u svoje i u ime Op\u0161tine Ulcinj \u010destitam Vaskrs, najradosniji hri\u0161\u0107anski praznik, uz \u017eelju da ovaj\" \/>\n<meta property=\"og:url\" content=\"https:\/\/www.visit-ulcinj.com\/blog\/2013\/05\/04\/nazif-cungu-cestitke-za-vaskrs\/\" \/>\n<meta property=\"og:site_name\" content=\"Lajme nga Ulqini\" \/>\n<meta property=\"article:published_time\" content=\"2013-05-04T16:18:59+00:00\" \/>\n<meta property=\"article:modified_time\" content=\"2013-05-04T16:19:21+00:00\" \/>\n<meta property=\"og:image\" content=\"http:\/\/www.visit-ulcinj.com\/blog\/wp-content\/uploads\/2013\/05\/Nazif-Cungu-cestita-Vaskrs.jpg\" \/>\n<meta name=\"twitter:label1\" content=\"Written by\" \/>\n\t<meta name=\"twitter:data1\" content=\"ulqini\" \/>\n\t<meta name=\"twitter:label2\" content=\"Est. reading time\" \/>\n\t<meta name=\"twitter:data2\" content=\"1 minute\" \/>\n<script type=\"application\/ld+json\" class=\"yoast-schema-graph\">{\"@context\":\"https:\/\/schema.org\",\"@graph\":[{\"@type\":\"WebSite\",\"@id\":\"https:\/\/www.visit-ulcinj.com\/blog\/#website\",\"url\":\"https:\/\/www.visit-ulcinj.com\/blog\/\",\"name\":\"Lajme nga Ulqini\",\"description\":\"Lajme,Vijesti,Ulqini,Ulqin,Crna Gora,Mali i Zi\",\"potentialAction\":[{\"@type\":\"SearchAction\",\"target\":{\"@type\":\"EntryPoint\",\"urlTemplate\":\"https:\/\/www.visit-ulcinj.com\/blog\/?s={search_term_string}\"},\"query-input\":\"required name=search_term_string\"}],\"inLanguage\":\"en-US\"},{\"@type\":\"ImageObject\",\"inLanguage\":\"en-US\",\"@id\":\"https:\/\/www.visit-ulcinj.com\/blog\/2013\/05\/04\/nazif-cungu-cestitke-za-vaskrs\/#primaryimage\",\"url\":\"https:\/\/www.visit-ulcinj.com\/blog\/wp-content\/uploads\/2013\/05\/Nazif-Cungu-cestita-Vaskrs.jpg\",\"contentUrl\":\"https:\/\/www.visit-ulcinj.com\/blog\/wp-content\/uploads\/2013\/05\/Nazif-Cungu-cestita-Vaskrs.jpg\",\"width\":1026,\"height\":770},{\"@type\":\"WebPage\",\"@id\":\"https:\/\/www.visit-ulcinj.com\/blog\/2013\/05\/04\/nazif-cungu-cestitke-za-vaskrs\/#webpage\",\"url\":\"https:\/\/www.visit-ulcinj.com\/blog\/2013\/05\/04\/nazif-cungu-cestitke-za-vaskrs\/\",\"name\":\"Nazif Cungu: \u010cestitke za Vaskrs - Lajme nga Ulqini\",\"isPartOf\":{\"@id\":\"https:\/\/www.visit-ulcinj.com\/blog\/#website\"},\"primaryImageOfPage\":{\"@id\":\"https:\/\/www.visit-ulcinj.com\/blog\/2013\/05\/04\/nazif-cungu-cestitke-za-vaskrs\/#primaryimage\"},\"datePublished\":\"2013-05-04T16:18:59+00:00\",\"dateModified\":\"2013-05-04T16:19:21+00:00\",\"author\":{\"@id\":\"https:\/\/www.visit-ulcinj.com\/blog\/#\/schema\/person\/dcab619c614d3038751c63bc2aadc06d\"},\"description\":\"Svim vjernicima Pravoslavne vjeroispovjesti Ulcinja, u svoje i u ime Op\u0161tine Ulcinj \u010destitam Vaskrs, najradosniji hri\u0161\u0107anski praznik, uz \u017eelju da ovaj\",\"breadcrumb\":{\"@id\":\"https:\/\/www.visit-ulcinj.com\/blog\/2013\/05\/04\/nazif-cungu-cestitke-za-vaskrs\/#breadcrumb\"},\"inLanguage\":\"en-US\",\"potentialAction\":[{\"@type\":\"ReadAction\",\"target\":[\"https:\/\/www.visit-ulcinj.com\/blog\/2013\/05\/04\/nazif-cungu-cestitke-za-vaskrs\/\"]}]},{\"@type\":\"BreadcrumbList\",\"@id\":\"https:\/\/www.visit-ulcinj.com\/blog\/2013\/05\/04\/nazif-cungu-cestitke-za-vaskrs\/#breadcrumb\",\"itemListElement\":[{\"@type\":\"ListItem\",\"position\":1,\"name\":\"Nazif Cungu: \u010cestitke za Vaskrs\"}]},{\"@type\":\"Person\",\"@id\":\"https:\/\/www.visit-ulcinj.com\/blog\/#\/schema\/person\/dcab619c614d3038751c63bc2aadc06d\",\"name\":\"ulqini\",\"sameAs\":[\"http:\/\/www.visit-ulcinj.com\"],\"url\":\"https:\/\/www.visit-ulcinj.com\/blog\/author\/admin\/\"}]}<\/script>\n<!-- \/ Yoast SEO plugin. -->","yoast_head_json":{"title":"Nazif Cungu: \u010cestitke za Vaskrs - Lajme nga Ulqini","description":"Svim vjernicima Pravoslavne vjeroispovjesti Ulcinja, u svoje i u ime Op\u0161tine Ulcinj \u010destitam Vaskrs, najradosniji hri\u0161\u0107anski praznik, uz \u017eelju da ovaj","robots":{"index":"index","follow":"follow","max-snippet":"max-snippet:-1","max-image-preview":"max-image-preview:large","max-video-preview":"max-video-preview:-1"},"canonical":"https:\/\/www.visit-ulcinj.com\/blog\/2013\/05\/04\/nazif-cungu-cestitke-za-vaskrs\/","og_locale":"en_US","og_type":"article","og_title":"Nazif Cungu: \u010cestitke za Vaskrs - Lajme nga Ulqini","og_description":"Svim vjernicima Pravoslavne vjeroispovjesti Ulcinja, u svoje i u ime Op\u0161tine Ulcinj \u010destitam Vaskrs, najradosniji hri\u0161\u0107anski praznik, uz \u017eelju da ovaj","og_url":"https:\/\/www.visit-ulcinj.com\/blog\/2013\/05\/04\/nazif-cungu-cestitke-za-vaskrs\/","og_site_name":"Lajme nga Ulqini","article_published_time":"2013-05-04T16:18:59+00:00","article_modified_time":"2013-05-04T16:19:21+00:00","og_image":[{"url":"http:\/\/www.visit-ulcinj.com\/blog\/wp-content\/uploads\/2013\/05\/Nazif-Cungu-cestita-Vaskrs.jpg"}],"twitter_misc":{"Written by":"ulqini","Est. reading time":"1 minute"},"schema":{"@context":"https:\/\/schema.org","@graph":[{"@type":"WebSite","@id":"https:\/\/www.visit-ulcinj.com\/blog\/#website","url":"https:\/\/www.visit-ulcinj.com\/blog\/","name":"Lajme nga Ulqini","description":"Lajme,Vijesti,Ulqini,Ulqin,Crna Gora,Mali i Zi","potentialAction":[{"@type":"SearchAction","target":{"@type":"EntryPoint","urlTemplate":"https:\/\/www.visit-ulcinj.com\/blog\/?s={search_term_string}"},"query-input":"required name=search_term_string"}],"inLanguage":"en-US"},{"@type":"ImageObject","inLanguage":"en-US","@id":"https:\/\/www.visit-ulcinj.com\/blog\/2013\/05\/04\/nazif-cungu-cestitke-za-vaskrs\/#primaryimage","url":"https:\/\/www.visit-ulcinj.com\/blog\/wp-content\/uploads\/2013\/05\/Nazif-Cungu-cestita-Vaskrs.jpg","contentUrl":"https:\/\/www.visit-ulcinj.com\/blog\/wp-content\/uploads\/2013\/05\/Nazif-Cungu-cestita-Vaskrs.jpg","width":1026,"height":770},{"@type":"WebPage","@id":"https:\/\/www.visit-ulcinj.com\/blog\/2013\/05\/04\/nazif-cungu-cestitke-za-vaskrs\/#webpage","url":"https:\/\/www.visit-ulcinj.com\/blog\/2013\/05\/04\/nazif-cungu-cestitke-za-vaskrs\/","name":"Nazif Cungu: \u010cestitke za Vaskrs - Lajme nga Ulqini","isPartOf":{"@id":"https:\/\/www.visit-ulcinj.com\/blog\/#website"},"primaryImageOfPage":{"@id":"https:\/\/www.visit-ulcinj.com\/blog\/2013\/05\/04\/nazif-cungu-cestitke-za-vaskrs\/#primaryimage"},"datePublished":"2013-05-04T16:18:59+00:00","dateModified":"2013-05-04T16:19:21+00:00","author":{"@id":"https:\/\/www.visit-ulcinj.com\/blog\/#\/schema\/person\/dcab619c614d3038751c63bc2aadc06d"},"description":"Svim vjernicima Pravoslavne vjeroispovjesti Ulcinja, u svoje i u ime Op\u0161tine Ulcinj \u010destitam Vaskrs, najradosniji hri\u0161\u0107anski praznik, uz \u017eelju da ovaj","breadcrumb":{"@id":"https:\/\/www.visit-ulcinj.com\/blog\/2013\/05\/04\/nazif-cungu-cestitke-za-vaskrs\/#breadcrumb"},"inLanguage":"en-US","potentialAction":[{"@type":"ReadAction","target":["https:\/\/www.visit-ulcinj.com\/blog\/2013\/05\/04\/nazif-cungu-cestitke-za-vaskrs\/"]}]},{"@type":"BreadcrumbList","@id":"https:\/\/www.visit-ulcinj.com\/blog\/2013\/05\/04\/nazif-cungu-cestitke-za-vaskrs\/#breadcrumb","itemListElement":[{"@type":"ListItem","position":1,"name":"Nazif Cungu: \u010cestitke za Vaskrs"}]},{"@type":"Person","@id":"https:\/\/www.visit-ulcinj.com\/blog\/#\/schema\/person\/dcab619c614d3038751c63bc2aadc06d","name":"ulqini","sameAs":["http:\/\/www.visit-ulcinj.com"],"url":"https:\/\/www.visit-ulcinj.com\/blog\/author\/admin\/"}]}},"jetpack_featured_media_url":"","jetpack_sharing_enabled":true,"jetpack_shortlink":"https:\/\/wp.me\/pe6lTn-isn","_links":{"self":[{"href":"https:\/\/www.visit-ulcinj.com\/blog\/wp-json\/wp\/v2\/posts\/70951"}],"collection":[{"href":"https:\/\/www.visit-ulcinj.com\/blog\/wp-json\/wp\/v2\/posts"}],"about":[{"href":"https:\/\/www.visit-ulcinj.com\/blog\/wp-json\/wp\/v2\/types\/post"}],"author":[{"embeddable":true,"href":"https:\/\/www.visit-ulcinj.com\/blog\/wp-json\/wp\/v2\/users\/1"}],"replies":[{"embeddable":true,"href":"https:\/\/www.visit-ulcinj.com\/blog\/wp-json\/wp\/v2\/comments?post=70951"}],"version-history":[{"count":2,"href":"https:\/\/www.visit-ulcinj.com\/blog\/wp-json\/wp\/v2\/posts\/70951\/revisions"}],"predecessor-version":[{"id":70954,"href":"https:\/\/www.visit-ulcinj.com\/blog\/wp-json\/wp\/v2\/posts\/70951\/revisions\/70954"}],"wp:attachment":[{"href":"https:\/\/www.visit-ulcinj.com\/blog\/wp-json\/wp\/v2\/media?parent=70951"}],"wp:term":[{"taxonomy":"category","embeddable":true,"href":"https:\/\/www.visit-ulcinj.com\/blog\/wp-json\/wp\/v2\/categories?post=70951"},{"taxonomy":"post_tag","embeddable":true,"href":"https:\/\/www.visit-ulcinj.com\/blog\/wp-json\/wp\/v2\/tags?post=70951"}],"curies":[{"name":"wp","href":"https:\/\/api.w.org\/{rel}","templated":true}]}}