{"id":7098,"date":"2008-12-11T20:58:04","date_gmt":"2008-12-11T19:58:04","guid":{"rendered":"http:\/\/www.visit-ulcinj.com\/blog\/?p=7098"},"modified":"2008-12-10T21:11:44","modified_gmt":"2008-12-10T20:11:44","slug":"zanfina-pse-me-tundon-profesioni-i-avokates","status":"publish","type":"post","link":"https:\/\/www.visit-ulcinj.com\/blog\/2008\/12\/11\/zanfina-pse-me-tundon-profesioni-i-avokates\/","title":{"rendered":"Zanfina: Pse m\u00eb tundon profesioni i avokates"},"content":{"rendered":"<p><a href=\"http:\/\/www.visit-ulcinj.com\/blog\/wp-content\/uploads\/2008\/12\/zanafina-ismaili.jpg\"><img loading=\"lazy\" class=\"alignleft size-medium wp-image-7099\" title=\"zanafina-ismaili\" src=\"http:\/\/www.visit-ulcinj.com\/blog\/wp-content\/uploads\/2008\/12\/zanafina-ismaili-185x300.jpg\" alt=\"\" width=\"244\" height=\"396\" \/><\/a>E lezetshme, e men\u00e7ur, me nj\u00eb karrier\u00eb t\u00eb suksesshme, n\u00eb nj\u00eb t\u00eb ardhme t\u00eb af\u00ebrt pritet t\u00eb b\u00ebhet edhe avokate, personazhi n\u00eb vazhdim \u00ebsht\u00eb pik\u00ebrisht pinjolla e familjes Ismaili, e cila u ngrit fuqish\u00ebm n\u00eb show biz-in shqiptar, duke fituar zemrat e fansave gjithandej trojeve shqiptare, me shum\u00eb sinqeritet dhe dashuri ju flet Zanfina&#8230;<\/p>\n<p>N\u00eb \u00e7do paraqitje t\u00ebnden, qoft\u00eb festival apo mbr\u00ebmje muzikore, dukesh shum\u00eb bukur, n\u00eb fillim p\u00ebr look-un \u00ebsht\u00eb p\u00ebrkujdesur Ema kurse tashm\u00eb kush e ka at\u00eb detyr\u00eb?<br \/>\nN\u00eb p\u00ebrgjith\u00ebsi, jam konsultuar me gjith\u00eb familjen, por pasi e krijoja nje ide se si do performoja apo dukesha. Edhe tash \u00ebsht\u00eb k\u00ebshtu, me k\u00ebshillat e Em\u00ebs, Adelin\u00ebs dhe n\u00ebn\u00ebs dukem gjithmon\u00eb e m\u00eb bukur. Por d\u00ebgjoj veten m\u00eb s\u00eb shumti.<\/p>\n<p>Albumi \u201cNj\u00eb puthje\u201d ka pasur shum\u00eb sukses dhe prej aty kan\u00eb dal\u00eb shum\u00eb hite q\u00eb akoma d\u00ebgjohen, pas albumit kemi gjithashtu dy hite t\u00eb tjera, po nd\u00ebrkohe keni ndonj\u00eb projekt t\u00eb ri?<br \/>\nP\u00ebr momentin jam duke punuar me dy k\u00ebng\u00eb. Nj\u00ebr\u00ebn do ta paraqes n\u00eb emisionet e Vitit t\u00eb Ri, n\u00eb Kosov\u00eb, nd\u00ebrsa tjetra do ket\u00eb edhe videoklip p\u00ebr t\u00eb cilin jam duke menduar skenarin. Do t\u00eb jet\u00eb nj\u00eb surpriz\u00eb p\u00ebr publikun.<\/p>\n<p>Ke linja trupore nd\u00ebr m\u00eb t\u00eb bukurat n\u00eb estrad\u00eb, ushtron apo merresh me ndonj\u00eb sport, sepse e dim\u00eb q\u00eb dieta nuk preferon?<br \/>\nEsht\u00eb e v\u00ebrtet\u00eb se nganj\u00ebher\u00eb e kam v\u00ebshtir\u00eb t\u00eb shtoj pesh\u00eb, me sport merrem rrall\u00eb, por merrem me vall\u00ebzim. Dietat p\u00ebr t\u00eb humbur pesh\u00eb asnj\u00ebher\u00eb nuk i kam mbajtur. Nd\u00ebrsa p\u00ebr linjat trupore mund t\u00eb them se i kam trash\u00ebgimi.<a href=\"http:\/\/www.visit-ulcinj.com\/blog\/wp-content\/uploads\/2008\/12\/zanafina-dhe-adelina.bmp\"><img loading=\"lazy\" class=\"alignright size-medium wp-image-7100\" title=\"zanafina-dhe-adelina\" src=\"http:\/\/www.visit-ulcinj.com\/blog\/wp-content\/uploads\/2008\/12\/zanafina-dhe-adelina.bmp\" alt=\"\" width=\"354\" height=\"204\" \/><\/a><\/p>\n<p>Si tip dukesh shum\u00eb e qet\u00eb, n\u00eb rastet kur situata t\u00eb del nga kontrolli, \u00e7far\u00eb t\u00eb qet\u00ebson?<br \/>\nM\u00eb s\u00eb shumti nervozohem kur ndonj\u00eb gj\u00eb n\u00eb lidhje me profesionin nuk m\u00eb shkon si e kam menduar. Edhe vet\u00eb jeta nganj\u00ebher\u00eb \u00ebsht\u00eb e v\u00ebshtir\u00eb dhe me plot stres. Por kur<br \/>\ndal nga kontrolli q\u00eb ndodh shum\u00eb rrall\u00eb, at\u00ebher\u00eb jam shum\u00eb e keqe, por shpejt m\u00eb<br \/>\nkalon. Vet\u00ebm duhet t\u00eb kaloj\u00eb pak koh\u00eb dhe qet\u00ebsohem.<\/p>\n<p>P\u00ebrve\u00e7 k\u00ebng\u00ebve, dalim pak jasht\u00eb muzik\u00ebs, ndonj\u00eb plan t\u00eb ri?<br \/>\nPlane kam, por q\u00eb gjithmon\u00eb kam preferuar mos t\u2019i tregoj para kohe n\u00eb m\u00ebnyr\u00eb q\u00eb n\u00ebse nuk realizohem mos t\u00eb flas kot. Por plani m\u00eb i af\u00ebrt jan\u00eb xhirimet e fundvitit si dhe klipin p\u00ebr t\u00eb cilin fola m\u00eb lart.<\/p>\n<p>U diplomove apo akoma jo, si mendon do na b\u00ebhesh nj\u00eb juriste, ke nd\u00ebrmend t\u00eb punosh n\u00eb profesion?<br \/>\nPo, sepse kuptohet q\u00eb un\u00eb nuk mendoj t\u00eb k\u00ebndoj t\u00ebr\u00eb jet\u00ebn. Dhe n\u00eb t\u00eb ardhmen e larg\u00ebt e shoh veten si nj\u00eb avokate.<\/p>\n<p>Dita-dit\u00ebs t\u00eb shtohen fansat, t\u00eb shtohet fama, mendon q\u00eb t\u00eb largohesh nga profesioni<br \/>\ndhe t\u00eb vazhdosh jet\u00ebn normale ashtu si gjith\u00eb t\u00eb tjer\u00ebt?<br \/>\nNuk m\u00eb pengon fama e adhuruesit, p\u00ebrkundrazi ndihem shum\u00eb mir\u00eb kur tregojn\u00eb admirim, sepse k\u00ebto gj\u00ebra n\u00ebnkuptohen me profesionin ton\u00eb. Asnj\u00ebher\u00eb s\u2019m\u00eb kan\u00eb penguar, sepse un\u00eb k\u00ebndoj qysh nga f\u00ebmij\u00ebria dhe jam m\u00ebsuar me adhurues.<\/p>\n<p>Ke nj\u00eb karrier\u00eb t\u00eb k\u00ebnaqshme, pa skandale, me shum\u00eb suksese, ashtu ngadal\u00eb, por n\u00eb hapa t\u00eb sigurt\u00eb i ke hyr\u00eb k\u00ebsaj rruge, mendon se krijon xhelozi?<br \/>\nEstrada \u00ebsht\u00eb e mbushur me xhelozi, por q\u00eb un\u00eb punoj p\u00ebr vete dhe po t\u00eb shpenzoja energjin\u00eb dhe koh\u00ebn n\u00eb gj\u00ebra t\u00eb tilla, at\u00ebher\u00eb nuk do t\u00eb isha k\u00ebtu ku jam. Un\u00eb punoj p\u00ebr adhuruesit dhe veten.<\/p>\n<p>Bashk\u00ebpunoni akoma me Hyrije Gashin?<br \/>\nPo, me Hyrijen bashk\u00ebpunojm\u00eb shum\u00eb gjat\u00eb, ajo \u00ebsht\u00eb stilistja ime dhe e Adelin\u00ebs qysh nga mosha jon\u00eb e hershme.<\/p>\n<p>Cila \u00ebsht\u00eb detyra jote si vajza m\u00eb e vog\u00ebl n\u00eb sht\u00ebpi? Je e llastuar ?<br \/>\nUn\u00eb m\u00eb s\u00eb paku jam e llastuara. E vog\u00ebl kam qen\u00eb m\u00eb shum\u00eb, por pas pubertetit kam ndryshuar paksa n\u00eb karakter dhe jam m\u00eb e qet\u00eb. Njer\u00ebzit e qet\u00eb dhe me m\u00eb pak stres jetojn\u00eb m\u00eb gjat\u00eb.<\/p>\n<p><a href=\"http:\/\/www.visit-ulcinj.com\/blog\/wp-content\/uploads\/2008\/12\/zanfina-ismaili.jpg\"><img loading=\"lazy\" class=\"alignleft size-medium wp-image-7101\" title=\"zanfina-ismaili\" src=\"http:\/\/www.visit-ulcinj.com\/blog\/wp-content\/uploads\/2008\/12\/zanfina-ismaili.jpg\" alt=\"\" width=\"259\" height=\"286\" \/><\/a>Nj\u00eb koh\u00eb disa media t\u00eb shkruara kishin b\u00ebr\u00eb radhitjen e estrad\u00ebs n\u00eb baz\u00eb t\u00eb asaj se sa paguhen, mir\u00ebpo emri juaj nuk figuronte askund n\u00eb ato shkrime, shifrat v\u00ebrtiteshin nga 800 deri n\u00eb 4.000-5.000 euro, n\u00eb baz\u00eb t\u00eb k\u00ebsaj ku z\u00eb vend Zanfina?<br \/>\nSepse ajo radhitje s\u2019ishte reale si\u00e7 mendonin njer\u00ebzit. Mediat nuk i kan\u00eb gjithmon\u00eb informatat e sakta. Nd\u00ebrsa p\u00ebr pages\u00ebn time nuk kam folur ndonj\u00ebher\u00eb dhe nuk preferoj t\u00eb flas. Nga k\u00ebto q\u00eb i p\u00ebrmend\u00ebt m\u00eb lart, pagesa ime \u00ebsht\u00eb nj\u00eb mesatare e tyrep\u00ebraf\u00ebrsisht.<\/p>\n<p>Si shkon jeta sentimentale, preferoni bashk\u00ebjetes\u00ebn apo martes\u00ebn, pasi akoma jetoni me familjen?<br \/>\nMendoj se mosha ideale p\u00ebr martes\u00eb \u00ebsht\u00eb mosha 30- vje\u00e7are jo m\u00eb her\u00ebt dhe preferoj martes\u00eb jo bashk\u00ebjetes\u00eb, sepse ato zakonisht edhe d\u00ebshtojn\u00eb. E v\u00ebrtet\u00eb \u00ebsht\u00eb q\u00eb ende jetoj me familjen, sepse kjo ka qen\u00eb zgjedhja ime.<br \/>\n<strong>Lajm Press<\/strong><\/p>\n<!--YouTube Error: bad URL entered-->\n","protected":false},"excerpt":{"rendered":"<p>E lezetshme, e men\u00e7ur, me nj\u00eb karrier\u00eb t\u00eb suksesshme, n\u00eb nj\u00eb t\u00eb ardhme t\u00eb af\u00ebrt pritet t\u00eb b\u00ebhet edhe avokate, personazhi n\u00eb vazhdim \u00ebsht\u00eb pik\u00ebrisht pinjolla e familjes Ismaili, e cila u ngrit fuqish\u00ebm n\u00eb show biz-in shqiptar, duke fituar zemrat e fansave gjithandej trojeve shqiptare, me shum\u00eb sinqeritet dhe dashuri ju flet Zanfina&#8230; N\u00eb [&hellip;]<\/p>\n","protected":false},"author":1,"featured_media":0,"comment_status":"open","ping_status":"closed","sticky":false,"template":"","format":"standard","meta":{"spay_email":"","jetpack_publicize_message":"","jetpack_is_tweetstorm":false,"jetpack_publicize_feature_enabled":true},"categories":[1],"tags":[5203],"jetpack_publicize_connections":[],"yoast_head":"<!-- This site is optimized with the Yoast SEO plugin v19.1 - https:\/\/yoast.com\/wordpress\/plugins\/seo\/ -->\n<title>Zanfina: Pse m\u00eb tundon profesioni i avokates - Lajme nga Ulqini<\/title>\n<meta name=\"description\" content=\"E lezetshme, e men\u00e7ur, me nj\u00eb karrier\u00eb t\u00eb suksesshme, n\u00eb nj\u00eb t\u00eb ardhme t\u00eb af\u00ebrt pritet t\u00eb b\u00ebhet edhe avokate, personazhi n\u00eb vazhdim \u00ebsht\u00eb pik\u00ebrisht\" \/>\n<meta name=\"robots\" content=\"index, follow, max-snippet:-1, max-image-preview:large, max-video-preview:-1\" \/>\n<link rel=\"canonical\" href=\"https:\/\/www.visit-ulcinj.com\/blog\/2008\/12\/11\/zanfina-pse-me-tundon-profesioni-i-avokates\/\" \/>\n<meta property=\"og:locale\" content=\"en_US\" \/>\n<meta property=\"og:type\" content=\"article\" \/>\n<meta property=\"og:title\" content=\"Zanfina: Pse m\u00eb tundon profesioni i avokates - Lajme nga Ulqini\" \/>\n<meta property=\"og:description\" content=\"E lezetshme, e men\u00e7ur, me nj\u00eb karrier\u00eb t\u00eb suksesshme, n\u00eb nj\u00eb t\u00eb ardhme t\u00eb af\u00ebrt pritet t\u00eb b\u00ebhet edhe avokate, personazhi n\u00eb vazhdim \u00ebsht\u00eb pik\u00ebrisht\" \/>\n<meta property=\"og:url\" content=\"https:\/\/www.visit-ulcinj.com\/blog\/2008\/12\/11\/zanfina-pse-me-tundon-profesioni-i-avokates\/\" \/>\n<meta property=\"og:site_name\" content=\"Lajme nga Ulqini\" \/>\n<meta property=\"article:published_time\" content=\"2008-12-11T19:58:04+00:00\" \/>\n<meta property=\"article:modified_time\" content=\"2008-12-10T20:11:44+00:00\" \/>\n<meta property=\"og:image\" content=\"http:\/\/www.visit-ulcinj.com\/blog\/wp-content\/uploads\/2008\/12\/zanafina-ismaili-185x300.jpg\" \/>\n<meta name=\"twitter:label1\" content=\"Written by\" \/>\n\t<meta name=\"twitter:data1\" content=\"ulqini\" \/>\n\t<meta name=\"twitter:label2\" content=\"Est. reading time\" \/>\n\t<meta name=\"twitter:data2\" content=\"4 minutes\" \/>\n<script type=\"application\/ld+json\" class=\"yoast-schema-graph\">{\"@context\":\"https:\/\/schema.org\",\"@graph\":[{\"@type\":\"WebSite\",\"@id\":\"https:\/\/www.visit-ulcinj.com\/blog\/#website\",\"url\":\"https:\/\/www.visit-ulcinj.com\/blog\/\",\"name\":\"Lajme nga Ulqini\",\"description\":\"Lajme,Vijesti,Ulqini,Ulqin,Crna Gora,Mali i Zi\",\"potentialAction\":[{\"@type\":\"SearchAction\",\"target\":{\"@type\":\"EntryPoint\",\"urlTemplate\":\"https:\/\/www.visit-ulcinj.com\/blog\/?s={search_term_string}\"},\"query-input\":\"required name=search_term_string\"}],\"inLanguage\":\"en-US\"},{\"@type\":\"ImageObject\",\"inLanguage\":\"en-US\",\"@id\":\"https:\/\/www.visit-ulcinj.com\/blog\/2008\/12\/11\/zanfina-pse-me-tundon-profesioni-i-avokates\/#primaryimage\",\"url\":\"http:\/\/www.visit-ulcinj.com\/blog\/wp-content\/uploads\/2008\/12\/zanafina-ismaili-185x300.jpg\",\"contentUrl\":\"http:\/\/www.visit-ulcinj.com\/blog\/wp-content\/uploads\/2008\/12\/zanafina-ismaili-185x300.jpg\"},{\"@type\":\"WebPage\",\"@id\":\"https:\/\/www.visit-ulcinj.com\/blog\/2008\/12\/11\/zanfina-pse-me-tundon-profesioni-i-avokates\/#webpage\",\"url\":\"https:\/\/www.visit-ulcinj.com\/blog\/2008\/12\/11\/zanfina-pse-me-tundon-profesioni-i-avokates\/\",\"name\":\"Zanfina: Pse m\u00eb tundon profesioni i avokates - Lajme nga Ulqini\",\"isPartOf\":{\"@id\":\"https:\/\/www.visit-ulcinj.com\/blog\/#website\"},\"primaryImageOfPage\":{\"@id\":\"https:\/\/www.visit-ulcinj.com\/blog\/2008\/12\/11\/zanfina-pse-me-tundon-profesioni-i-avokates\/#primaryimage\"},\"datePublished\":\"2008-12-11T19:58:04+00:00\",\"dateModified\":\"2008-12-10T20:11:44+00:00\",\"author\":{\"@id\":\"https:\/\/www.visit-ulcinj.com\/blog\/#\/schema\/person\/dcab619c614d3038751c63bc2aadc06d\"},\"description\":\"E lezetshme, e men\u00e7ur, me nj\u00eb karrier\u00eb t\u00eb suksesshme, n\u00eb nj\u00eb t\u00eb ardhme t\u00eb af\u00ebrt pritet t\u00eb b\u00ebhet edhe avokate, personazhi n\u00eb vazhdim \u00ebsht\u00eb pik\u00ebrisht\",\"breadcrumb\":{\"@id\":\"https:\/\/www.visit-ulcinj.com\/blog\/2008\/12\/11\/zanfina-pse-me-tundon-profesioni-i-avokates\/#breadcrumb\"},\"inLanguage\":\"en-US\",\"potentialAction\":[{\"@type\":\"ReadAction\",\"target\":[\"https:\/\/www.visit-ulcinj.com\/blog\/2008\/12\/11\/zanfina-pse-me-tundon-profesioni-i-avokates\/\"]}]},{\"@type\":\"BreadcrumbList\",\"@id\":\"https:\/\/www.visit-ulcinj.com\/blog\/2008\/12\/11\/zanfina-pse-me-tundon-profesioni-i-avokates\/#breadcrumb\",\"itemListElement\":[{\"@type\":\"ListItem\",\"position\":1,\"name\":\"Zanfina: Pse m\u00eb tundon profesioni i avokates\"}]},{\"@type\":\"Person\",\"@id\":\"https:\/\/www.visit-ulcinj.com\/blog\/#\/schema\/person\/dcab619c614d3038751c63bc2aadc06d\",\"name\":\"ulqini\",\"sameAs\":[\"http:\/\/www.visit-ulcinj.com\"],\"url\":\"https:\/\/www.visit-ulcinj.com\/blog\/author\/admin\/\"}]}<\/script>\n<!-- \/ Yoast SEO plugin. -->","yoast_head_json":{"title":"Zanfina: Pse m\u00eb tundon profesioni i avokates - Lajme nga Ulqini","description":"E lezetshme, e men\u00e7ur, me nj\u00eb karrier\u00eb t\u00eb suksesshme, n\u00eb nj\u00eb t\u00eb ardhme t\u00eb af\u00ebrt pritet t\u00eb b\u00ebhet edhe avokate, personazhi n\u00eb vazhdim \u00ebsht\u00eb pik\u00ebrisht","robots":{"index":"index","follow":"follow","max-snippet":"max-snippet:-1","max-image-preview":"max-image-preview:large","max-video-preview":"max-video-preview:-1"},"canonical":"https:\/\/www.visit-ulcinj.com\/blog\/2008\/12\/11\/zanfina-pse-me-tundon-profesioni-i-avokates\/","og_locale":"en_US","og_type":"article","og_title":"Zanfina: Pse m\u00eb tundon profesioni i avokates - Lajme nga Ulqini","og_description":"E lezetshme, e men\u00e7ur, me nj\u00eb karrier\u00eb t\u00eb suksesshme, n\u00eb nj\u00eb t\u00eb ardhme t\u00eb af\u00ebrt pritet t\u00eb b\u00ebhet edhe avokate, personazhi n\u00eb vazhdim \u00ebsht\u00eb pik\u00ebrisht","og_url":"https:\/\/www.visit-ulcinj.com\/blog\/2008\/12\/11\/zanfina-pse-me-tundon-profesioni-i-avokates\/","og_site_name":"Lajme nga Ulqini","article_published_time":"2008-12-11T19:58:04+00:00","article_modified_time":"2008-12-10T20:11:44+00:00","og_image":[{"url":"http:\/\/www.visit-ulcinj.com\/blog\/wp-content\/uploads\/2008\/12\/zanafina-ismaili-185x300.jpg"}],"twitter_misc":{"Written by":"ulqini","Est. reading time":"4 minutes"},"schema":{"@context":"https:\/\/schema.org","@graph":[{"@type":"WebSite","@id":"https:\/\/www.visit-ulcinj.com\/blog\/#website","url":"https:\/\/www.visit-ulcinj.com\/blog\/","name":"Lajme nga Ulqini","description":"Lajme,Vijesti,Ulqini,Ulqin,Crna Gora,Mali i Zi","potentialAction":[{"@type":"SearchAction","target":{"@type":"EntryPoint","urlTemplate":"https:\/\/www.visit-ulcinj.com\/blog\/?s={search_term_string}"},"query-input":"required name=search_term_string"}],"inLanguage":"en-US"},{"@type":"ImageObject","inLanguage":"en-US","@id":"https:\/\/www.visit-ulcinj.com\/blog\/2008\/12\/11\/zanfina-pse-me-tundon-profesioni-i-avokates\/#primaryimage","url":"http:\/\/www.visit-ulcinj.com\/blog\/wp-content\/uploads\/2008\/12\/zanafina-ismaili-185x300.jpg","contentUrl":"http:\/\/www.visit-ulcinj.com\/blog\/wp-content\/uploads\/2008\/12\/zanafina-ismaili-185x300.jpg"},{"@type":"WebPage","@id":"https:\/\/www.visit-ulcinj.com\/blog\/2008\/12\/11\/zanfina-pse-me-tundon-profesioni-i-avokates\/#webpage","url":"https:\/\/www.visit-ulcinj.com\/blog\/2008\/12\/11\/zanfina-pse-me-tundon-profesioni-i-avokates\/","name":"Zanfina: Pse m\u00eb tundon profesioni i avokates - Lajme nga Ulqini","isPartOf":{"@id":"https:\/\/www.visit-ulcinj.com\/blog\/#website"},"primaryImageOfPage":{"@id":"https:\/\/www.visit-ulcinj.com\/blog\/2008\/12\/11\/zanfina-pse-me-tundon-profesioni-i-avokates\/#primaryimage"},"datePublished":"2008-12-11T19:58:04+00:00","dateModified":"2008-12-10T20:11:44+00:00","author":{"@id":"https:\/\/www.visit-ulcinj.com\/blog\/#\/schema\/person\/dcab619c614d3038751c63bc2aadc06d"},"description":"E lezetshme, e men\u00e7ur, me nj\u00eb karrier\u00eb t\u00eb suksesshme, n\u00eb nj\u00eb t\u00eb ardhme t\u00eb af\u00ebrt pritet t\u00eb b\u00ebhet edhe avokate, personazhi n\u00eb vazhdim \u00ebsht\u00eb pik\u00ebrisht","breadcrumb":{"@id":"https:\/\/www.visit-ulcinj.com\/blog\/2008\/12\/11\/zanfina-pse-me-tundon-profesioni-i-avokates\/#breadcrumb"},"inLanguage":"en-US","potentialAction":[{"@type":"ReadAction","target":["https:\/\/www.visit-ulcinj.com\/blog\/2008\/12\/11\/zanfina-pse-me-tundon-profesioni-i-avokates\/"]}]},{"@type":"BreadcrumbList","@id":"https:\/\/www.visit-ulcinj.com\/blog\/2008\/12\/11\/zanfina-pse-me-tundon-profesioni-i-avokates\/#breadcrumb","itemListElement":[{"@type":"ListItem","position":1,"name":"Zanfina: Pse m\u00eb tundon profesioni i avokates"}]},{"@type":"Person","@id":"https:\/\/www.visit-ulcinj.com\/blog\/#\/schema\/person\/dcab619c614d3038751c63bc2aadc06d","name":"ulqini","sameAs":["http:\/\/www.visit-ulcinj.com"],"url":"https:\/\/www.visit-ulcinj.com\/blog\/author\/admin\/"}]}},"jetpack_featured_media_url":"","jetpack_sharing_enabled":true,"jetpack_shortlink":"https:\/\/wp.me\/pe6lTn-1Qu","_links":{"self":[{"href":"https:\/\/www.visit-ulcinj.com\/blog\/wp-json\/wp\/v2\/posts\/7098"}],"collection":[{"href":"https:\/\/www.visit-ulcinj.com\/blog\/wp-json\/wp\/v2\/posts"}],"about":[{"href":"https:\/\/www.visit-ulcinj.com\/blog\/wp-json\/wp\/v2\/types\/post"}],"author":[{"embeddable":true,"href":"https:\/\/www.visit-ulcinj.com\/blog\/wp-json\/wp\/v2\/users\/1"}],"replies":[{"embeddable":true,"href":"https:\/\/www.visit-ulcinj.com\/blog\/wp-json\/wp\/v2\/comments?post=7098"}],"version-history":[{"count":0,"href":"https:\/\/www.visit-ulcinj.com\/blog\/wp-json\/wp\/v2\/posts\/7098\/revisions"}],"wp:attachment":[{"href":"https:\/\/www.visit-ulcinj.com\/blog\/wp-json\/wp\/v2\/media?parent=7098"}],"wp:term":[{"taxonomy":"category","embeddable":true,"href":"https:\/\/www.visit-ulcinj.com\/blog\/wp-json\/wp\/v2\/categories?post=7098"},{"taxonomy":"post_tag","embeddable":true,"href":"https:\/\/www.visit-ulcinj.com\/blog\/wp-json\/wp\/v2\/tags?post=7098"}],"curies":[{"name":"wp","href":"https:\/\/api.w.org\/{rel}","templated":true}]}}