{"id":70987,"date":"2013-05-04T21:07:25","date_gmt":"2013-05-04T20:07:25","guid":{"rendered":"http:\/\/www.visit-ulcinj.com\/blog\/?p=70987"},"modified":"2013-05-04T21:07:46","modified_gmt":"2013-05-04T20:07:46","slug":"piperovic-da-mogu-ugasili-bi-klub","status":"publish","type":"post","link":"https:\/\/www.visit-ulcinj.com\/blog\/2013\/05\/04\/piperovic-da-mogu-ugasili-bi-klub\/","title":{"rendered":"Piperovi\u0107: Da mogu, ugasili bi klub"},"content":{"rendered":"<p><strong><a href=\"http:\/\/www.visit-ulcinj.com\/blog\/wp-content\/uploads\/2013\/05\/Zoran-Piperovic.jpg\"><img loading=\"lazy\" class=\"alignleft  wp-image-70988\" alt=\"Zoran Piperovic\" src=\"http:\/\/www.visit-ulcinj.com\/blog\/wp-content\/uploads\/2013\/05\/Zoran-Piperovic.jpg\" width=\"508\" height=\"316\" \/><\/a>RAZO\u010cARAN: Predsjednik KK Ulcinj prezadovoljan sezonom, ali i nezadovoljan odnosom \u010delnika grada<\/strong><\/p>\n<div id=\"article_text\">\n<p>Pobjedom nad Lov\u0107enom u gostima, u posljednjem kolu Erste Superlige, ko\u0161arka\u0161i Ulcinja su izborili plasman u plej-of, \u0161to je sjajan rezultat, kada se imaju na umu problemi sa kojima se klub susretao tokom sezone: mali broj igra\u010da u rotaciji, problemi sa povredama i kako ka\u017eu &#8211; ma\u0107ehinski odnos \u010delnika op\u0161tine\u2026<\/p>\n<p>Ipak, igra\u010di i stru\u010dni \u0161tab su uspjeli sve to da prevazi\u0111u, u\u0111u u doigravanje za titulu, gdje ih \u010deka aktuelni \u0161ampion Budu\u0107nost Voli. Ruku na srce, nerealno je o\u010dekivati da Ulcinjani mogu da iznenade \u201cplave\u201d, ali i pored toga sezona se, ve\u0107 sada, mo\u017ee ocijeniti kao vi\u0161e nego uspje\u0161na.<\/p>\n<div><\/div>\n<p>&#8220;Sve \u0161to smo zacrtali na po\u010detku sezone &#8211; ostvarili smo! Cilj je bio zavr\u0161ni turnir Kupa Crne Gore i plasman u Super ligu. Na\u0161 ulazak me\u0111u \u010detiri najbolje ekipe, vi\u0161e je od o\u010dekivanog. Sve ovo je podvig, s obzirom na to da sami kreiramo bud\u017eet, od slu\u010daja do slu\u010daja. Zahvalan sam Javnom preduze\u0107u \u201cMorsko dobro\u201c iz Budve, \u201cAtlas banci\u201d i \u201cERSTE\u201c banci , koji nam kroz reklame daju odre\u0111ena sredstva, koja nijesu velika, ali su nam i takva od pomo\u0107i&#8221;.<\/p>\n<p>&#8220;Na\u0161 igra\u010dki kadar nije bio respektabilan i trener je mogao da rotira samo \u0161est-sedam igra\u010da, koji su i iznijeli sezonu. S tim \u0161to smo se u Superligi poja\u010dali sa sjajnim Nikolom Ivanovi\u0107em koji, uprkos povredi prsta desne \u0161ake, pru\u017ea vrhunske partije&#8221;, ka\u017ee za \u201eVijesti\u201d predsjednik KK Ulcinj Zoran Piperovi\u0107.<\/p>\n<p>Kada se povede pri\u010da oko odnosa \u010delnih ljudi grada Ulcinja prema klubu, za Piperovi\u0107a je to kao da dirate u \u017eivu ranu.<\/p>\n<p>&#8220;Sramota me da odgovorim na ovo pitanje. Ovo zato \u0161to, ako ho\u0107u da ka\u017eem istinu, moram biti istinito neprijatan. Mislim da se ovom uspjehu jedino nijesu obradovali \u010delnici Op\u0161tine Ulcinj, izuzimaju\u0107i Selima Resulbegovi\u0107a i Amira Holaja. Da se oni pitaju, a klub se vodi kao op\u0161tinski, ugasili bi ga. Ja znam i za\u0161to. Po strani to \u0161to iz bud\u017eeta za sport ne daju ni centa&#8221;.<\/p>\n<p>&#8220;Mo\u017eete li da zamislite da na pro\u0161logodi\u0161njoj dodjeli nagrada najboljim sportskim kolektivima u Ulcinju, najbolji i jedini sportski kolektiv u istoriji Ulcinja nije bio u konkurenciji. Kao da ne postoji i da ga nema. To je bilo u godini kada smo igrali u Tel Avivu, protiv Hapoela, kao prva ekipa u istoriji grada koja igra me\u0111unarodne utakmice. Dakle, prepu\u0161teni smo sami sebi, a i vi\u0161e od toga. Nastavi\u0107emo sa jo\u0161 ve\u0107im uspjesima zbog onih Ulcinjana koji vole klub, zbog same ko\u0161arke i u inat onima koji vode grad Ulcinj&#8221;.<\/p>\n<p>Velika \u017eelja Piperovi\u0107a je da klub raste iz dana u dan, iz sezone u sezonu, kako bi mogao da parira Budu\u0107nost Voliju. Me\u0111utim, za takav poduhvat, finansije su nerje\u0161iva enigma.<\/p>\n<p>&#8220;Da po sezoni negdje na\u0111emo 50 hiljada eura, preko onoga \u0161to mi mo\u017eemo da obezbijedimo, napravili bismo ekipu koja bi svima parirala, pa i Budu\u0107nosti. Prije nekoliko godina od njih smo izgubili pola ko\u0161a razlike u Ulcinju, \u0161to zna\u010di da se protiv njih mo\u017ee igrati. Jedan njihov osrednji igra\u010d prima mjese\u010dno koliko svi na\u0161i za isti taj mjesec. Sve crnogorske klubove finansiraju biznismeni ili op\u0161tina, a iza Ulcinja stoji \u010detiri-pet ko\u0161arka\u0161kih entuzijasta. I zato je Ko\u0161arka\u0161ki klub Ulcinj fenomen&#8221;.<\/p>\n<p>Uprava kluba na \u010delu sa Piperovi\u0107em poku\u0161a\u0107e tokom pauze da rije\u0161i finansijske probleme.<\/p>\n<p>&#8220;Imamo u projekciji da na\u0111emo stabilan izvor finansiranja. Ne\u0107u re\u0107i ni\u0161ta novo ako ka\u017eem da je nedostatak novca glavni problem crnogorskog sporta. Lako je planirati kad on ne nedostaje. Dakle, prvo da vidimo \u010dime raspola\u017eemo, a planovi i ambicije bi\u0107e manji i sla\u0111i problemi&#8221;.<\/p>\n<p>Uspje\u0161ni advokat isti\u010de da bi bio prezadovoljan ako bi i sezona 2013\/2014. bila na nivou ove.<\/p>\n<p>&#8220;Ako se ponove ovogodi\u0161nji rezultati bi\u0107emo vi\u0161e nego zadovoljni. Ukoliko na\u0111emo sponzora, mo\u017eemo i vi\u0161e. Ne zaboravite, mi smo op\u0161tinski klub, koji u istoj op\u0161tini ima nedobronamjernika&#8221;, istakao je Piperovi\u0107.<\/p>\n<p><strong>&#8220;Dilberi\u201d snaga i ponos <\/strong><\/p>\n<p>Poznato je da je Ulcinj tim koji ima najve\u0107u podr\u0161ku navija\u010da, bilo da igra na svom terenu ili u gostima.<\/p>\n<p>&#8220;&#8221;Dilberi\u201d su na\u0161 \u0161esti igra\u010d. Atmosfera u Ulcinju je neponovljiva. I nema je u drugim dvoranama u Crnoj Gori. Oni su na\u0161a snaga i ponos&#8221;, iskren je Piperovi\u0107.<\/p>\n<p><strong>Mladi odlaze <\/strong><\/p>\n<p>Iako imaju problema sa finansijama, \u010delnici Ulcinja ne misle samo na seniorski pogon. Velika pa\u017enja posve\u0107ena je mla\u0111im selekcijama, ali rijetko ko od njih igra za prvi tim.<\/p>\n<p>&#8220;Imamo sve mla\u0111e selekcije i sa njima se radi svih 12 mjeseci, dakle i ljeti. Problem je \u0161to od te djece za seniore kasnije niko ne igra. Oni nakon srednje \u0161kole odlaze na dalje \u0161kolovanje van Ulcinja i, na\u017ealost, prestaju da se bave ko\u0161arkom&#8221;.<\/p>\n<p><strong>Liga kvalitetna, su\u0111enje dobro <\/strong><\/p>\n<p>Prethodnih godina Budu\u0107nost Voli je dominirala doma\u0107om scenom. Sutjeska je nedavno osvojila nacionalni kup, pa u prvenstvu opet dobila Podgori\u010dane, Teodo se podigao na vi\u0161i nivo, a tu je i Ulcinj. Sve je to doprinijelo da kvalitet ko\u0161arke bude bolji.<\/p>\n<p>&#8220;Crnogorska liga je kvalitetna. Da ima vi\u0161e novca ne bi zaostajala za srpskom ili hrvatskom ligom. Mi smo ko\u0161arka\u0161ka nacija i ko\u0161arka treba da bude nacionalni sport &#8211; isti\u010de Piperovi\u0107.<\/p>\n<p>Prije je bilo mnogo povika na sudije, ove sezone je i to podignuto na vi\u0161i nivo, smatra na\u0161 sagovornik.<\/p>\n<p>&#8220;Su\u0111enje je ove sezone bilo korektno. Ima ponekad i zamjerki, ali ko gubi ima pravo da se ljuti, pa i na sudije&#8221;, zaklju\u010dio je Piperovi\u0107.<\/p>\n<p>&nbsp;<\/p>\n<p><a href=\"http:\/\/www.vijesti.me\/sport\/piperovic-da-mogu-ugasili-bi-klub-clanak-126540\" target=\"_blank\"><strong>Danko Misita<\/strong><\/a><br \/>\n<a href=\"http:\/\/www.vijesti.me\/sport\/piperovic-da-mogu-ugasili-bi-klub-clanak-126540\" target=\"_blank\"><strong>Vijesti Online<\/strong><\/a><\/p>\n<\/div>\n","protected":false},"excerpt":{"rendered":"<p>RAZO\u010cARAN: Predsjednik KK Ulcinj prezadovoljan sezonom, ali i nezadovoljan odnosom \u010delnika grada Pobjedom nad Lov\u0107enom u gostima, u posljednjem kolu Erste Superlige, ko\u0161arka\u0161i Ulcinja su izborili plasman u plej-of, \u0161to je sjajan rezultat, kada se imaju na umu problemi sa kojima se klub susretao tokom sezone: mali broj igra\u010da u rotaciji, problemi sa povredama i [&hellip;]<\/p>\n","protected":false},"author":1,"featured_media":0,"comment_status":"open","ping_status":"closed","sticky":false,"template":"","format":"standard","meta":{"spay_email":"","jetpack_publicize_message":"","jetpack_is_tweetstorm":false,"jetpack_publicize_feature_enabled":true},"categories":[6950],"tags":[],"jetpack_publicize_connections":[],"yoast_head":"<!-- This site is optimized with the Yoast SEO plugin v19.1 - https:\/\/yoast.com\/wordpress\/plugins\/seo\/ -->\n<title>Piperovi\u0107: Da mogu, ugasili bi klub - Lajme nga Ulqini<\/title>\n<meta name=\"description\" content=\"RAZO\u010cARAN: Predsjednik KK Ulcinj prezadovoljan sezonom, ali i nezadovoljan odnosom \u010delnika grada Pobjedom nad Lov\u0107enom u gostima, u posljednjem kolu Erste\" \/>\n<meta name=\"robots\" content=\"index, follow, max-snippet:-1, max-image-preview:large, max-video-preview:-1\" \/>\n<link rel=\"canonical\" href=\"https:\/\/www.visit-ulcinj.com\/blog\/2013\/05\/04\/piperovic-da-mogu-ugasili-bi-klub\/\" \/>\n<meta property=\"og:locale\" content=\"en_US\" \/>\n<meta property=\"og:type\" content=\"article\" \/>\n<meta property=\"og:title\" content=\"Piperovi\u0107: Da mogu, ugasili bi klub - Lajme nga Ulqini\" \/>\n<meta property=\"og:description\" content=\"RAZO\u010cARAN: Predsjednik KK Ulcinj prezadovoljan sezonom, ali i nezadovoljan odnosom \u010delnika grada Pobjedom nad Lov\u0107enom u gostima, u posljednjem kolu Erste\" \/>\n<meta property=\"og:url\" content=\"https:\/\/www.visit-ulcinj.com\/blog\/2013\/05\/04\/piperovic-da-mogu-ugasili-bi-klub\/\" \/>\n<meta property=\"og:site_name\" content=\"Lajme nga Ulqini\" \/>\n<meta property=\"article:published_time\" content=\"2013-05-04T20:07:25+00:00\" \/>\n<meta property=\"article:modified_time\" content=\"2013-05-04T20:07:46+00:00\" \/>\n<meta property=\"og:image\" content=\"http:\/\/www.visit-ulcinj.com\/blog\/wp-content\/uploads\/2013\/05\/Zoran-Piperovic.jpg\" \/>\n<meta name=\"twitter:label1\" content=\"Written by\" \/>\n\t<meta name=\"twitter:data1\" content=\"ulqini\" \/>\n\t<meta name=\"twitter:label2\" content=\"Est. reading time\" \/>\n\t<meta name=\"twitter:data2\" content=\"5 minutes\" \/>\n<script type=\"application\/ld+json\" class=\"yoast-schema-graph\">{\"@context\":\"https:\/\/schema.org\",\"@graph\":[{\"@type\":\"WebSite\",\"@id\":\"https:\/\/www.visit-ulcinj.com\/blog\/#website\",\"url\":\"https:\/\/www.visit-ulcinj.com\/blog\/\",\"name\":\"Lajme nga Ulqini\",\"description\":\"Lajme,Vijesti,Ulqini,Ulqin,Crna Gora,Mali i Zi\",\"potentialAction\":[{\"@type\":\"SearchAction\",\"target\":{\"@type\":\"EntryPoint\",\"urlTemplate\":\"https:\/\/www.visit-ulcinj.com\/blog\/?s={search_term_string}\"},\"query-input\":\"required name=search_term_string\"}],\"inLanguage\":\"en-US\"},{\"@type\":\"ImageObject\",\"inLanguage\":\"en-US\",\"@id\":\"https:\/\/www.visit-ulcinj.com\/blog\/2013\/05\/04\/piperovic-da-mogu-ugasili-bi-klub\/#primaryimage\",\"url\":\"https:\/\/www.visit-ulcinj.com\/blog\/wp-content\/uploads\/2013\/05\/Zoran-Piperovic.jpg\",\"contentUrl\":\"https:\/\/www.visit-ulcinj.com\/blog\/wp-content\/uploads\/2013\/05\/Zoran-Piperovic.jpg\",\"width\":519,\"height\":316},{\"@type\":\"WebPage\",\"@id\":\"https:\/\/www.visit-ulcinj.com\/blog\/2013\/05\/04\/piperovic-da-mogu-ugasili-bi-klub\/#webpage\",\"url\":\"https:\/\/www.visit-ulcinj.com\/blog\/2013\/05\/04\/piperovic-da-mogu-ugasili-bi-klub\/\",\"name\":\"Piperovi\u0107: Da mogu, ugasili bi klub - Lajme nga Ulqini\",\"isPartOf\":{\"@id\":\"https:\/\/www.visit-ulcinj.com\/blog\/#website\"},\"primaryImageOfPage\":{\"@id\":\"https:\/\/www.visit-ulcinj.com\/blog\/2013\/05\/04\/piperovic-da-mogu-ugasili-bi-klub\/#primaryimage\"},\"datePublished\":\"2013-05-04T20:07:25+00:00\",\"dateModified\":\"2013-05-04T20:07:46+00:00\",\"author\":{\"@id\":\"https:\/\/www.visit-ulcinj.com\/blog\/#\/schema\/person\/dcab619c614d3038751c63bc2aadc06d\"},\"description\":\"RAZO\u010cARAN: Predsjednik KK Ulcinj prezadovoljan sezonom, ali i nezadovoljan odnosom \u010delnika grada Pobjedom nad Lov\u0107enom u gostima, u posljednjem kolu Erste\",\"breadcrumb\":{\"@id\":\"https:\/\/www.visit-ulcinj.com\/blog\/2013\/05\/04\/piperovic-da-mogu-ugasili-bi-klub\/#breadcrumb\"},\"inLanguage\":\"en-US\",\"potentialAction\":[{\"@type\":\"ReadAction\",\"target\":[\"https:\/\/www.visit-ulcinj.com\/blog\/2013\/05\/04\/piperovic-da-mogu-ugasili-bi-klub\/\"]}]},{\"@type\":\"BreadcrumbList\",\"@id\":\"https:\/\/www.visit-ulcinj.com\/blog\/2013\/05\/04\/piperovic-da-mogu-ugasili-bi-klub\/#breadcrumb\",\"itemListElement\":[{\"@type\":\"ListItem\",\"position\":1,\"name\":\"Piperovi\u0107: Da mogu, ugasili bi klub\"}]},{\"@type\":\"Person\",\"@id\":\"https:\/\/www.visit-ulcinj.com\/blog\/#\/schema\/person\/dcab619c614d3038751c63bc2aadc06d\",\"name\":\"ulqini\",\"sameAs\":[\"http:\/\/www.visit-ulcinj.com\"],\"url\":\"https:\/\/www.visit-ulcinj.com\/blog\/author\/admin\/\"}]}<\/script>\n<!-- \/ Yoast SEO plugin. -->","yoast_head_json":{"title":"Piperovi\u0107: Da mogu, ugasili bi klub - Lajme nga Ulqini","description":"RAZO\u010cARAN: Predsjednik KK Ulcinj prezadovoljan sezonom, ali i nezadovoljan odnosom \u010delnika grada Pobjedom nad Lov\u0107enom u gostima, u posljednjem kolu Erste","robots":{"index":"index","follow":"follow","max-snippet":"max-snippet:-1","max-image-preview":"max-image-preview:large","max-video-preview":"max-video-preview:-1"},"canonical":"https:\/\/www.visit-ulcinj.com\/blog\/2013\/05\/04\/piperovic-da-mogu-ugasili-bi-klub\/","og_locale":"en_US","og_type":"article","og_title":"Piperovi\u0107: Da mogu, ugasili bi klub - Lajme nga Ulqini","og_description":"RAZO\u010cARAN: Predsjednik KK Ulcinj prezadovoljan sezonom, ali i nezadovoljan odnosom \u010delnika grada Pobjedom nad Lov\u0107enom u gostima, u posljednjem kolu Erste","og_url":"https:\/\/www.visit-ulcinj.com\/blog\/2013\/05\/04\/piperovic-da-mogu-ugasili-bi-klub\/","og_site_name":"Lajme nga Ulqini","article_published_time":"2013-05-04T20:07:25+00:00","article_modified_time":"2013-05-04T20:07:46+00:00","og_image":[{"url":"http:\/\/www.visit-ulcinj.com\/blog\/wp-content\/uploads\/2013\/05\/Zoran-Piperovic.jpg"}],"twitter_misc":{"Written by":"ulqini","Est. reading time":"5 minutes"},"schema":{"@context":"https:\/\/schema.org","@graph":[{"@type":"WebSite","@id":"https:\/\/www.visit-ulcinj.com\/blog\/#website","url":"https:\/\/www.visit-ulcinj.com\/blog\/","name":"Lajme nga Ulqini","description":"Lajme,Vijesti,Ulqini,Ulqin,Crna Gora,Mali i Zi","potentialAction":[{"@type":"SearchAction","target":{"@type":"EntryPoint","urlTemplate":"https:\/\/www.visit-ulcinj.com\/blog\/?s={search_term_string}"},"query-input":"required name=search_term_string"}],"inLanguage":"en-US"},{"@type":"ImageObject","inLanguage":"en-US","@id":"https:\/\/www.visit-ulcinj.com\/blog\/2013\/05\/04\/piperovic-da-mogu-ugasili-bi-klub\/#primaryimage","url":"https:\/\/www.visit-ulcinj.com\/blog\/wp-content\/uploads\/2013\/05\/Zoran-Piperovic.jpg","contentUrl":"https:\/\/www.visit-ulcinj.com\/blog\/wp-content\/uploads\/2013\/05\/Zoran-Piperovic.jpg","width":519,"height":316},{"@type":"WebPage","@id":"https:\/\/www.visit-ulcinj.com\/blog\/2013\/05\/04\/piperovic-da-mogu-ugasili-bi-klub\/#webpage","url":"https:\/\/www.visit-ulcinj.com\/blog\/2013\/05\/04\/piperovic-da-mogu-ugasili-bi-klub\/","name":"Piperovi\u0107: Da mogu, ugasili bi klub - Lajme nga Ulqini","isPartOf":{"@id":"https:\/\/www.visit-ulcinj.com\/blog\/#website"},"primaryImageOfPage":{"@id":"https:\/\/www.visit-ulcinj.com\/blog\/2013\/05\/04\/piperovic-da-mogu-ugasili-bi-klub\/#primaryimage"},"datePublished":"2013-05-04T20:07:25+00:00","dateModified":"2013-05-04T20:07:46+00:00","author":{"@id":"https:\/\/www.visit-ulcinj.com\/blog\/#\/schema\/person\/dcab619c614d3038751c63bc2aadc06d"},"description":"RAZO\u010cARAN: Predsjednik KK Ulcinj prezadovoljan sezonom, ali i nezadovoljan odnosom \u010delnika grada Pobjedom nad Lov\u0107enom u gostima, u posljednjem kolu Erste","breadcrumb":{"@id":"https:\/\/www.visit-ulcinj.com\/blog\/2013\/05\/04\/piperovic-da-mogu-ugasili-bi-klub\/#breadcrumb"},"inLanguage":"en-US","potentialAction":[{"@type":"ReadAction","target":["https:\/\/www.visit-ulcinj.com\/blog\/2013\/05\/04\/piperovic-da-mogu-ugasili-bi-klub\/"]}]},{"@type":"BreadcrumbList","@id":"https:\/\/www.visit-ulcinj.com\/blog\/2013\/05\/04\/piperovic-da-mogu-ugasili-bi-klub\/#breadcrumb","itemListElement":[{"@type":"ListItem","position":1,"name":"Piperovi\u0107: Da mogu, ugasili bi klub"}]},{"@type":"Person","@id":"https:\/\/www.visit-ulcinj.com\/blog\/#\/schema\/person\/dcab619c614d3038751c63bc2aadc06d","name":"ulqini","sameAs":["http:\/\/www.visit-ulcinj.com"],"url":"https:\/\/www.visit-ulcinj.com\/blog\/author\/admin\/"}]}},"jetpack_featured_media_url":"","jetpack_sharing_enabled":true,"jetpack_shortlink":"https:\/\/wp.me\/pe6lTn-isX","_links":{"self":[{"href":"https:\/\/www.visit-ulcinj.com\/blog\/wp-json\/wp\/v2\/posts\/70987"}],"collection":[{"href":"https:\/\/www.visit-ulcinj.com\/blog\/wp-json\/wp\/v2\/posts"}],"about":[{"href":"https:\/\/www.visit-ulcinj.com\/blog\/wp-json\/wp\/v2\/types\/post"}],"author":[{"embeddable":true,"href":"https:\/\/www.visit-ulcinj.com\/blog\/wp-json\/wp\/v2\/users\/1"}],"replies":[{"embeddable":true,"href":"https:\/\/www.visit-ulcinj.com\/blog\/wp-json\/wp\/v2\/comments?post=70987"}],"version-history":[{"count":2,"href":"https:\/\/www.visit-ulcinj.com\/blog\/wp-json\/wp\/v2\/posts\/70987\/revisions"}],"predecessor-version":[{"id":70990,"href":"https:\/\/www.visit-ulcinj.com\/blog\/wp-json\/wp\/v2\/posts\/70987\/revisions\/70990"}],"wp:attachment":[{"href":"https:\/\/www.visit-ulcinj.com\/blog\/wp-json\/wp\/v2\/media?parent=70987"}],"wp:term":[{"taxonomy":"category","embeddable":true,"href":"https:\/\/www.visit-ulcinj.com\/blog\/wp-json\/wp\/v2\/categories?post=70987"},{"taxonomy":"post_tag","embeddable":true,"href":"https:\/\/www.visit-ulcinj.com\/blog\/wp-json\/wp\/v2\/tags?post=70987"}],"curies":[{"name":"wp","href":"https:\/\/api.w.org\/{rel}","templated":true}]}}