{"id":71,"date":"2008-01-07T15:45:54","date_gmt":"2008-01-07T20:45:54","guid":{"rendered":"http:\/\/www.visit-ulcinj.com\/blog\/2008\/01\/07\/fuat-nimani-flet-per-kushtetuten\/"},"modified":"2008-02-12T18:09:58","modified_gmt":"2008-02-12T23:09:58","slug":"fuat-nimani-flet-per-kushtetuten","status":"publish","type":"post","link":"https:\/\/www.visit-ulcinj.com\/blog\/2008\/01\/07\/fuat-nimani-flet-per-kushtetuten\/","title":{"rendered":"Fuat Nimani flet p\u00ebr Kushtetuten"},"content":{"rendered":"<p><strong>[googlevideo]http:\/\/video.google.com\/videoplay?docid=-1117244943639603747&amp;hl=en[\/googlevideo]<\/strong><\/p>\n<p><strong>Nimani: N\u00eb kushtetut\u00ebn e re k\u00ebrkojm\u00eb p\u00ebrfaq\u00ebsim proporcional t\u00eb pakicave <\/strong><\/p>\n<p><strong>Fuat Nimani:<\/strong> Pik\u00ebrisht ministria p\u00ebr t\u00eb drejtat e njeriut dhe t\u00eb pakicave ka organizuar nj\u00eb tryez\u00eb t\u00eb rrumbullak\u00ebt lidhur me t\u00eb drejtat e pakicave n\u00eb kushtetut\u00ebn e re t\u00eb Malit t\u00eb Zi. Drafti i dh\u00ebn\u00eb nga parlamenti i Malit t\u00eb Zi duket q\u00eb nuk i plot\u00ebson ata nevojat dhe kerkesat e pakicave, por natyrisht duhet ditur, q\u00eb kjo<!--more--> projektkushtetut\u00eb \u00ebsht\u00eb n\u00eb shqyrtim publik dhe un\u00eb mendoj, q\u00eb kjo projektkushtetut\u00eb do t\u00eb pesoj\u00eb ndryshime radikale n\u00eb pik\u00ebpamje t\u00eb p\u00ebrmir\u00ebsimit n\u00eb \u00e7do pik\u00ebpamje e n\u00eb ve\u00e7anti p\u00ebr t\u00eb drejtat e pakicave. Duhet t\u00eb zgjidhet problemi i tyre konform normave nd\u00ebrkomb\u00ebtare.<br \/>\n<strong>Fuat Nimani:<\/strong> T\u00eb drejtat kolektive jan\u00eb shum\u00eb t\u00eb r\u00ebnd\u00ebsishme p\u00ebr pakicat n\u00eb t\u00ebr\u00ebsi dhe n\u00eb ve\u00e7anti p\u00ebr pakic\u00ebn shqiptare si autoktone dhe specifike n\u00eb kuad\u00ebr t\u00eb Malit t\u00eb Zi. Pra ne k\u00ebrkojm\u00eb q\u00eb patjet\u00ebr t\u00eb jemi t\u00eb p[rfaq\u00ebsuar n\u00eb t\u00eb gjith\u00eb nivelet e pushtetit si atij vendor, si atij republikan konform p\u00ebrqindjes s\u00eb p\u00ebrb\u00ebrjes s\u00eb popullsis\u00eb shqiptare, q\u00eb do t\u00eb thot\u00eb prezantimi proporcional n\u00eb strukturat e pushtetit. Nj\u00ebkoh\u00ebsisht k\u00ebrkojm\u00eb q\u00eb neni 23 dhe neni 24, b\u00ebhet fjal\u00eb p\u00ebr ligjin p\u00ebr t\u00eb drejtat e popujve pakic\u00eb, t\u00eb cil\u00ebt b\u00ebjn\u00eb fjal\u00eb kryekeput p\u00ebr mandatet e garatuara p\u00ebr pakicat. K\u00ebto jan\u00eb \u00e7\u00ebshtjet kryesore, t\u00eb cilat patjeter duhet t\u00eb jen\u00eb t\u00eb mb\u00ebshtetura dhe t\u00eb normuara n\u00eb kushtetut\u00ebn e re.<br \/>\n<strong>Fuat Nimani:<\/strong> P\u00ebr shqiptaret n\u00eb Mal t\u00eb Zi ne duhet t\u00eb kemi 4 mandate, q\u00eb do t\u00eb thot\u00eb 2 plus 2, sepse deri tani kemi patur dy mandate dhe plus duhet t\u00eb jen\u00eb dy mandate t\u00eb garantuara. Ku p\u00ebr mandatet e grantuara do t\u00eb b\u00ebjn\u00eb nj\u00eb gar\u00eb vet\u00eb subjektet politike nacionale shqiptare, \u00e7ka do t\u00eb thot\u00eb q\u00eb ajo parti, q\u00eb gezon autoritet n\u00eb elektoratin shqiptar ajo do t\u00eb marr\u00eb mandate maksimale. Prandaj un\u00eb mendoj q\u00eb \u00ebsht\u00eb nj\u00eb k\u00ebrkes\u00eb jasht\u00ebzakonisht reale, nuk \u00ebsht\u00eb k\u00ebrkes\u00eb maksimale, \u00ebsht\u00eb praktik\u00eb evropiane, q\u00eb zbatohet dhe aplikohet n\u00eb disa shtete, si\u00e7 \u00ebsht\u00eb Sllovenia, si\u00e7 \u00ebsht\u00eb Kroacia. Andaj k\u00ebt\u00eb eksperience t\u00eb k\u00ebtyre shteteve duhet patjet\u00ebr ta inkorporojm\u00eb edhe ne kushtetut\u00ebn e re, duke ditur se pakicat me 21 maj 2006 kan\u00eb treguar nj\u00eb seriozitet dhe pjekuri politike, duke mb\u00ebshtetur projektin e pavar\u00ebsis\u00eb s\u00eb shtetit t\u00eb Malit t\u00eb Zi.<br \/>\n<strong>Fuat Nimani:<\/strong> P\u00ebr \u00e7\u00ebshtjet thelb\u00ebsore pakicat kan\u00eb nj\u00eb konsensus t\u00eb plot\u00eb, q\u00eb do t\u00eb thot\u00eb se askujt nuk i pengon perfaq\u00ebsimi proporcional dhe askujt nuk i pengon q\u00eb t\u00eb kemi mandat\u00eb t\u00eb garantuara n\u00eb parlamentin e ardhsh\u00ebm t\u00eb Malit t\u00eb Zi.<\/p>\n","protected":false},"excerpt":{"rendered":"<p>NOT IMAGE<\/p>\n","protected":false},"author":1,"featured_media":0,"comment_status":"open","ping_status":"closed","sticky":false,"template":"","format":"standard","meta":{"spay_email":"","jetpack_publicize_message":"","jetpack_is_tweetstorm":false,"jetpack_publicize_feature_enabled":true},"categories":[11],"tags":[1175,331,329,330,362,95,334,336,335,332,333,92,201,18,359],"jetpack_publicize_connections":[],"yoast_head":"<!-- This site is optimized with the Yoast SEO plugin v19.1 - https:\/\/yoast.com\/wordpress\/plugins\/seo\/ -->\n<title>Fuat Nimani flet p\u00ebr Kushtetuten - Lajme nga Ulqini<\/title>\n<meta name=\"description\" content=\"NOT IMAGE\" \/>\n<meta name=\"robots\" content=\"index, follow, max-snippet:-1, max-image-preview:large, max-video-preview:-1\" \/>\n<link rel=\"canonical\" href=\"https:\/\/www.visit-ulcinj.com\/blog\/2008\/01\/07\/fuat-nimani-flet-per-kushtetuten\/\" \/>\n<meta property=\"og:locale\" content=\"en_US\" \/>\n<meta property=\"og:type\" content=\"article\" \/>\n<meta property=\"og:title\" content=\"Fuat Nimani flet p\u00ebr Kushtetuten - Lajme nga Ulqini\" \/>\n<meta property=\"og:description\" content=\"NOT IMAGE\" \/>\n<meta property=\"og:url\" content=\"https:\/\/www.visit-ulcinj.com\/blog\/2008\/01\/07\/fuat-nimani-flet-per-kushtetuten\/\" \/>\n<meta property=\"og:site_name\" content=\"Lajme nga Ulqini\" \/>\n<meta property=\"article:published_time\" content=\"2008-01-07T20:45:54+00:00\" \/>\n<meta property=\"article:modified_time\" content=\"2008-02-12T23:09:58+00:00\" \/>\n<meta name=\"twitter:label1\" content=\"Written by\" \/>\n\t<meta name=\"twitter:data1\" content=\"ulqini\" \/>\n\t<meta name=\"twitter:label2\" content=\"Est. reading time\" \/>\n\t<meta name=\"twitter:data2\" content=\"2 minutes\" \/>\n<script type=\"application\/ld+json\" class=\"yoast-schema-graph\">{\"@context\":\"https:\/\/schema.org\",\"@graph\":[{\"@type\":\"WebSite\",\"@id\":\"https:\/\/www.visit-ulcinj.com\/blog\/#website\",\"url\":\"https:\/\/www.visit-ulcinj.com\/blog\/\",\"name\":\"Lajme nga Ulqini\",\"description\":\"Lajme,Vijesti,Ulqini,Ulqin,Crna Gora,Mali i Zi\",\"potentialAction\":[{\"@type\":\"SearchAction\",\"target\":{\"@type\":\"EntryPoint\",\"urlTemplate\":\"https:\/\/www.visit-ulcinj.com\/blog\/?s={search_term_string}\"},\"query-input\":\"required name=search_term_string\"}],\"inLanguage\":\"en-US\"},{\"@type\":\"WebPage\",\"@id\":\"https:\/\/www.visit-ulcinj.com\/blog\/2008\/01\/07\/fuat-nimani-flet-per-kushtetuten\/#webpage\",\"url\":\"https:\/\/www.visit-ulcinj.com\/blog\/2008\/01\/07\/fuat-nimani-flet-per-kushtetuten\/\",\"name\":\"Fuat Nimani flet p\u00ebr Kushtetuten - Lajme nga Ulqini\",\"isPartOf\":{\"@id\":\"https:\/\/www.visit-ulcinj.com\/blog\/#website\"},\"datePublished\":\"2008-01-07T20:45:54+00:00\",\"dateModified\":\"2008-02-12T23:09:58+00:00\",\"author\":{\"@id\":\"https:\/\/www.visit-ulcinj.com\/blog\/#\/schema\/person\/dcab619c614d3038751c63bc2aadc06d\"},\"description\":\"NOT IMAGE\",\"breadcrumb\":{\"@id\":\"https:\/\/www.visit-ulcinj.com\/blog\/2008\/01\/07\/fuat-nimani-flet-per-kushtetuten\/#breadcrumb\"},\"inLanguage\":\"en-US\",\"potentialAction\":[{\"@type\":\"ReadAction\",\"target\":[\"https:\/\/www.visit-ulcinj.com\/blog\/2008\/01\/07\/fuat-nimani-flet-per-kushtetuten\/\"]}]},{\"@type\":\"BreadcrumbList\",\"@id\":\"https:\/\/www.visit-ulcinj.com\/blog\/2008\/01\/07\/fuat-nimani-flet-per-kushtetuten\/#breadcrumb\",\"itemListElement\":[{\"@type\":\"ListItem\",\"position\":1,\"name\":\"Fuat Nimani flet p\u00ebr Kushtetuten\"}]},{\"@type\":\"Person\",\"@id\":\"https:\/\/www.visit-ulcinj.com\/blog\/#\/schema\/person\/dcab619c614d3038751c63bc2aadc06d\",\"name\":\"ulqini\",\"sameAs\":[\"http:\/\/www.visit-ulcinj.com\"],\"url\":\"https:\/\/www.visit-ulcinj.com\/blog\/author\/admin\/\"}]}<\/script>\n<!-- \/ Yoast SEO plugin. -->","yoast_head_json":{"title":"Fuat Nimani flet p\u00ebr Kushtetuten - Lajme nga Ulqini","description":"NOT IMAGE","robots":{"index":"index","follow":"follow","max-snippet":"max-snippet:-1","max-image-preview":"max-image-preview:large","max-video-preview":"max-video-preview:-1"},"canonical":"https:\/\/www.visit-ulcinj.com\/blog\/2008\/01\/07\/fuat-nimani-flet-per-kushtetuten\/","og_locale":"en_US","og_type":"article","og_title":"Fuat Nimani flet p\u00ebr Kushtetuten - Lajme nga Ulqini","og_description":"NOT IMAGE","og_url":"https:\/\/www.visit-ulcinj.com\/blog\/2008\/01\/07\/fuat-nimani-flet-per-kushtetuten\/","og_site_name":"Lajme nga Ulqini","article_published_time":"2008-01-07T20:45:54+00:00","article_modified_time":"2008-02-12T23:09:58+00:00","twitter_misc":{"Written by":"ulqini","Est. reading time":"2 minutes"},"schema":{"@context":"https:\/\/schema.org","@graph":[{"@type":"WebSite","@id":"https:\/\/www.visit-ulcinj.com\/blog\/#website","url":"https:\/\/www.visit-ulcinj.com\/blog\/","name":"Lajme nga Ulqini","description":"Lajme,Vijesti,Ulqini,Ulqin,Crna Gora,Mali i Zi","potentialAction":[{"@type":"SearchAction","target":{"@type":"EntryPoint","urlTemplate":"https:\/\/www.visit-ulcinj.com\/blog\/?s={search_term_string}"},"query-input":"required name=search_term_string"}],"inLanguage":"en-US"},{"@type":"WebPage","@id":"https:\/\/www.visit-ulcinj.com\/blog\/2008\/01\/07\/fuat-nimani-flet-per-kushtetuten\/#webpage","url":"https:\/\/www.visit-ulcinj.com\/blog\/2008\/01\/07\/fuat-nimani-flet-per-kushtetuten\/","name":"Fuat Nimani flet p\u00ebr Kushtetuten - Lajme nga Ulqini","isPartOf":{"@id":"https:\/\/www.visit-ulcinj.com\/blog\/#website"},"datePublished":"2008-01-07T20:45:54+00:00","dateModified":"2008-02-12T23:09:58+00:00","author":{"@id":"https:\/\/www.visit-ulcinj.com\/blog\/#\/schema\/person\/dcab619c614d3038751c63bc2aadc06d"},"description":"NOT IMAGE","breadcrumb":{"@id":"https:\/\/www.visit-ulcinj.com\/blog\/2008\/01\/07\/fuat-nimani-flet-per-kushtetuten\/#breadcrumb"},"inLanguage":"en-US","potentialAction":[{"@type":"ReadAction","target":["https:\/\/www.visit-ulcinj.com\/blog\/2008\/01\/07\/fuat-nimani-flet-per-kushtetuten\/"]}]},{"@type":"BreadcrumbList","@id":"https:\/\/www.visit-ulcinj.com\/blog\/2008\/01\/07\/fuat-nimani-flet-per-kushtetuten\/#breadcrumb","itemListElement":[{"@type":"ListItem","position":1,"name":"Fuat Nimani flet p\u00ebr Kushtetuten"}]},{"@type":"Person","@id":"https:\/\/www.visit-ulcinj.com\/blog\/#\/schema\/person\/dcab619c614d3038751c63bc2aadc06d","name":"ulqini","sameAs":["http:\/\/www.visit-ulcinj.com"],"url":"https:\/\/www.visit-ulcinj.com\/blog\/author\/admin\/"}]}},"jetpack_featured_media_url":"","jetpack_sharing_enabled":true,"jetpack_shortlink":"https:\/\/wp.me\/pe6lTn-19","_links":{"self":[{"href":"https:\/\/www.visit-ulcinj.com\/blog\/wp-json\/wp\/v2\/posts\/71"}],"collection":[{"href":"https:\/\/www.visit-ulcinj.com\/blog\/wp-json\/wp\/v2\/posts"}],"about":[{"href":"https:\/\/www.visit-ulcinj.com\/blog\/wp-json\/wp\/v2\/types\/post"}],"author":[{"embeddable":true,"href":"https:\/\/www.visit-ulcinj.com\/blog\/wp-json\/wp\/v2\/users\/1"}],"replies":[{"embeddable":true,"href":"https:\/\/www.visit-ulcinj.com\/blog\/wp-json\/wp\/v2\/comments?post=71"}],"version-history":[{"count":0,"href":"https:\/\/www.visit-ulcinj.com\/blog\/wp-json\/wp\/v2\/posts\/71\/revisions"}],"wp:attachment":[{"href":"https:\/\/www.visit-ulcinj.com\/blog\/wp-json\/wp\/v2\/media?parent=71"}],"wp:term":[{"taxonomy":"category","embeddable":true,"href":"https:\/\/www.visit-ulcinj.com\/blog\/wp-json\/wp\/v2\/categories?post=71"},{"taxonomy":"post_tag","embeddable":true,"href":"https:\/\/www.visit-ulcinj.com\/blog\/wp-json\/wp\/v2\/tags?post=71"}],"curies":[{"name":"wp","href":"https:\/\/api.w.org\/{rel}","templated":true}]}}