{"id":710,"date":"2008-03-01T13:14:39","date_gmt":"2008-03-01T18:14:39","guid":{"rendered":"http:\/\/www.visit-ulcinj.com\/blog\/2008\/03\/01\/spuzaskola-ponosno-nosi-strugarovo-ime\/"},"modified":"2008-03-01T13:14:40","modified_gmt":"2008-03-01T18:14:40","slug":"spuzaskola-ponosno-nosi-strugarovo-ime","status":"publish","type":"post","link":"https:\/\/www.visit-ulcinj.com\/blog\/2008\/03\/01\/spuzaskola-ponosno-nosi-strugarovo-ime\/","title":{"rendered":"Spu\u017ea:\u0160kola ponosno nosi Strugarovo ime"},"content":{"rendered":"<p><a href=\"http:\/\/www.visit-ulcinj.com\/blog\/wp-content\/uploads\/2008\/03\/muho-spuza.jpg\" rel=\"lightbox[pics-1204394229]\" title=\"Muho Spu\u017ea\"><img loading=\"lazy\" src=\"http:\/\/www.visit-ulcinj.com\/blog\/wp-content\/uploads\/2008\/03\/muho-spuza.thumbnail.jpg\" alt=\"Muho Spu\u017ea\" align=\"left\" height=\"141\" width=\"200\" \/><\/a><a href=\"http:\/\/www.visit-ulcinj.com\/gallery\/main.php?g2_itemId=33!\" title=\"Ulcinj-ulqini-ulqin,montenegro\" target=\"_blank\">Ulcinj<\/a>-Direktor \u0161kole Muho Spu\u017ea kazao je ju?e za &#8220;Vijesti&#8221; da je jo\u0161 prije godinu i po \u0160kolski odbor donio, a resorno ministarstvo potvrdilo odluku, o promjeni datuma Dana \u0161kole budu?i da 20. maj &#8220;nema nikakve veze sa djelom i \u017eivotom Bo\u0161ka Strugara&#8221;.<br \/>\n&#8211; Odlu?ili smo da Dan \u0161kole ubudu?e bude 24. mart, dan kada je ustanova po?ela da radi daleke 1886. Ta odluka je pro\u0161le godine objavljena u dje?jim &#8220;Iskrama&#8221; i ne znam za\u0161to se cijela galama digla tek sada &#8211; kazao je on, ocijeniv\u0161i &#8220;da neko \u017eeli da bez ikakvog razloga ispolitizuje aktuelnu situaciju u zemlji i regionu&#8221;.<br \/>\nOn je kategori?no odbacio tvrdnje Strugara da promjena datuma Dana \u0161kole predstavlja udar na lik, djelo i ime Bo\u0161ka Strugara ili da ima bilo kakve veze sa po?etkom bombardovanja SCG.<br \/>\n&#8211; To nema veze sa imenom Bo\u0161ka Strugara koje mi s ponosom nosimo &#8211; kazao je Spu\u017ea i dodao da o svemu posjeduje istorijske akte i arhivsku gra?u sa kojima ?e upoznati roditelje i objasniti im prave razloge promjene datuma Dana \u0161kole.<\/p>\n<p><strong>Ho?e da slave na dan bombardovanja<\/strong><\/p>\n<p><a href=\"http:\/\/www.visit-ulcinj.com\/blog\/2008\/03\/01\/spuzaskola-ponosno-nosi-strugarovo-ime\/skola-bosko-strugar\/\" rel=\"attachment wp-att-713\" title=\"\u0160kola Bo\u0161ko Strugar\"><img loading=\"lazy\" src=\"http:\/\/www.visit-ulcinj.com\/blog\/wp-content\/uploads\/2008\/03\/skola-bosko-strugar.gif\" alt=\"\u0160kola Bo\u0161ko Strugar\" align=\"left\" height=\"303\" width=\"206\" \/><\/a><a href=\"http:\/\/www.visit-ulcinj.com\/gallery\/main.php?g2_itemId=33!\" title=\"Ulcinj-ulqini-ulqin,montenegro\" target=\"_blank\">Ulcinj<\/a> &#8211; Neboj\u0161a Strugar, unuk proslavljenog revolucionara iz Drugog svjetskog rata Bo\u0161ka Strugara ?ije ime od 1961. godine nosi osnovna \u0161kola u Ulcinju, izrazio je najo\u0161triji protest i protivljenje povodom najave uprave te ustanove da ?e se Dan \u0161kole umjesto 20. maja, kao do sada, ubudu?e slaviti 24. marta.<br \/>\nNaglasiv\u0161i da ni uprava \u0161kole, a ni familija Strugar, nijesu posebno vezani za 20. maj, on je kazao da je zaprepa\u0161?en da neki lik, djelo i ime njegovog djeda \u017eeli da pove\u017ee sa datumom kada su zapadni saveznici po?eli bombardovanje dr\u017eavne zajednice Srbije i Crne Gore.<br \/>\n&#8211; Njegovi potomci ne mogu prihvatiti da se simbol borbe protiv okupatora na bilo koji na?in ve\u017ee za ne\u0161to \u0161to predstavlja okupaciju i period kada su ubijani nedu\u017eni civili i djeca. Ne?emo dozvoliti nikom da uprlja njegovo ?asno ime &#8211; navodi se u dopisu dostavljenom &#8220;Vijestima&#8221;.<br \/>\nU dopisu, koji je Neboj\u0161a Strugar potpisao u ime potomaka Bo\u0161ka Strugara, daje se puna podr\u0161ka roditeljima te \u0161kole i &#8220;njihovim pravednim naporima da ne dozvole bruku i poni\u017eenje&#8221;.<br \/>\nBo\u0161ko Strugar bio je jedan od organizatora Trinaestojulskog ustanka iz 1941. godine i borac Lov?enskog partizanskog odreda. Strijeljan je na Cetinju 5. avgusta 1942. godine.<\/p>\n<p>S.A.<\/p>\n<p>www.vijesti.cg.yu<\/p>\n","protected":false},"excerpt":{"rendered":"<p><img loading=\"lazy\" src=\"http:\/\/www.visit-ulcinj.com\/blog\/wp-content\/uploads\/2008\/03\/muho-spuza.thumbnail.jpg\" alt=\"Muho Spu\u017ea\" align=\"left\" height=\"140\" width=\"140\" \/><\/p>\n","protected":false},"author":1,"featured_media":0,"comment_status":"open","ping_status":"closed","sticky":false,"template":"","format":"standard","meta":{"spay_email":"","jetpack_publicize_message":"","jetpack_is_tweetstorm":false,"jetpack_publicize_feature_enabled":true},"categories":[11],"tags":[1525,1838,1519,1340,1339,1517,1530,1516,1350,1445,1880,1551,516,19,1388,168],"jetpack_publicize_connections":[],"yoast_head":"<!-- This site is optimized with the Yoast SEO plugin v19.1 - https:\/\/yoast.com\/wordpress\/plugins\/seo\/ -->\n<title>Spu\u017ea:\u0160kola ponosno nosi Strugarovo ime - Lajme nga Ulqini<\/title>\n<meta name=\"robots\" content=\"index, follow, max-snippet:-1, max-image-preview:large, max-video-preview:-1\" \/>\n<link rel=\"canonical\" href=\"https:\/\/www.visit-ulcinj.com\/blog\/2008\/03\/01\/spuzaskola-ponosno-nosi-strugarovo-ime\/\" \/>\n<meta property=\"og:locale\" content=\"en_US\" \/>\n<meta property=\"og:type\" content=\"article\" \/>\n<meta property=\"og:title\" content=\"Spu\u017ea:\u0160kola ponosno nosi Strugarovo ime - Lajme nga Ulqini\" \/>\n<meta property=\"og:url\" content=\"https:\/\/www.visit-ulcinj.com\/blog\/2008\/03\/01\/spuzaskola-ponosno-nosi-strugarovo-ime\/\" \/>\n<meta property=\"og:site_name\" content=\"Lajme nga Ulqini\" \/>\n<meta property=\"article:published_time\" content=\"2008-03-01T18:14:39+00:00\" \/>\n<meta property=\"article:modified_time\" content=\"2008-03-01T18:14:40+00:00\" \/>\n<meta property=\"og:image\" content=\"http:\/\/www.visit-ulcinj.com\/blog\/wp-content\/uploads\/2008\/03\/muho-spuza.thumbnail.jpg\" \/>\n<meta name=\"twitter:label1\" content=\"Written by\" \/>\n\t<meta name=\"twitter:data1\" content=\"ulqini\" \/>\n\t<meta name=\"twitter:label2\" content=\"Est. reading time\" \/>\n\t<meta name=\"twitter:data2\" content=\"2 minutes\" \/>\n<script type=\"application\/ld+json\" class=\"yoast-schema-graph\">{\"@context\":\"https:\/\/schema.org\",\"@graph\":[{\"@type\":\"WebSite\",\"@id\":\"https:\/\/www.visit-ulcinj.com\/blog\/#website\",\"url\":\"https:\/\/www.visit-ulcinj.com\/blog\/\",\"name\":\"Lajme nga Ulqini\",\"description\":\"Lajme,Vijesti,Ulqini,Ulqin,Crna Gora,Mali i Zi\",\"potentialAction\":[{\"@type\":\"SearchAction\",\"target\":{\"@type\":\"EntryPoint\",\"urlTemplate\":\"https:\/\/www.visit-ulcinj.com\/blog\/?s={search_term_string}\"},\"query-input\":\"required name=search_term_string\"}],\"inLanguage\":\"en-US\"},{\"@type\":\"ImageObject\",\"inLanguage\":\"en-US\",\"@id\":\"https:\/\/www.visit-ulcinj.com\/blog\/2008\/03\/01\/spuzaskola-ponosno-nosi-strugarovo-ime\/#primaryimage\",\"url\":\"http:\/\/www.visit-ulcinj.com\/blog\/wp-content\/uploads\/2008\/03\/muho-spuza.thumbnail.jpg\",\"contentUrl\":\"http:\/\/www.visit-ulcinj.com\/blog\/wp-content\/uploads\/2008\/03\/muho-spuza.thumbnail.jpg\"},{\"@type\":\"WebPage\",\"@id\":\"https:\/\/www.visit-ulcinj.com\/blog\/2008\/03\/01\/spuzaskola-ponosno-nosi-strugarovo-ime\/#webpage\",\"url\":\"https:\/\/www.visit-ulcinj.com\/blog\/2008\/03\/01\/spuzaskola-ponosno-nosi-strugarovo-ime\/\",\"name\":\"Spu\u017ea:\u0160kola ponosno nosi Strugarovo ime - Lajme nga Ulqini\",\"isPartOf\":{\"@id\":\"https:\/\/www.visit-ulcinj.com\/blog\/#website\"},\"primaryImageOfPage\":{\"@id\":\"https:\/\/www.visit-ulcinj.com\/blog\/2008\/03\/01\/spuzaskola-ponosno-nosi-strugarovo-ime\/#primaryimage\"},\"datePublished\":\"2008-03-01T18:14:39+00:00\",\"dateModified\":\"2008-03-01T18:14:40+00:00\",\"author\":{\"@id\":\"https:\/\/www.visit-ulcinj.com\/blog\/#\/schema\/person\/dcab619c614d3038751c63bc2aadc06d\"},\"breadcrumb\":{\"@id\":\"https:\/\/www.visit-ulcinj.com\/blog\/2008\/03\/01\/spuzaskola-ponosno-nosi-strugarovo-ime\/#breadcrumb\"},\"inLanguage\":\"en-US\",\"potentialAction\":[{\"@type\":\"ReadAction\",\"target\":[\"https:\/\/www.visit-ulcinj.com\/blog\/2008\/03\/01\/spuzaskola-ponosno-nosi-strugarovo-ime\/\"]}]},{\"@type\":\"BreadcrumbList\",\"@id\":\"https:\/\/www.visit-ulcinj.com\/blog\/2008\/03\/01\/spuzaskola-ponosno-nosi-strugarovo-ime\/#breadcrumb\",\"itemListElement\":[{\"@type\":\"ListItem\",\"position\":1,\"name\":\"Spu\u017ea:\u0160kola ponosno nosi Strugarovo ime\"}]},{\"@type\":\"Person\",\"@id\":\"https:\/\/www.visit-ulcinj.com\/blog\/#\/schema\/person\/dcab619c614d3038751c63bc2aadc06d\",\"name\":\"ulqini\",\"sameAs\":[\"http:\/\/www.visit-ulcinj.com\"],\"url\":\"https:\/\/www.visit-ulcinj.com\/blog\/author\/admin\/\"}]}<\/script>\n<!-- \/ Yoast SEO plugin. -->","yoast_head_json":{"title":"Spu\u017ea:\u0160kola ponosno nosi Strugarovo ime - Lajme nga Ulqini","robots":{"index":"index","follow":"follow","max-snippet":"max-snippet:-1","max-image-preview":"max-image-preview:large","max-video-preview":"max-video-preview:-1"},"canonical":"https:\/\/www.visit-ulcinj.com\/blog\/2008\/03\/01\/spuzaskola-ponosno-nosi-strugarovo-ime\/","og_locale":"en_US","og_type":"article","og_title":"Spu\u017ea:\u0160kola ponosno nosi Strugarovo ime - Lajme nga Ulqini","og_url":"https:\/\/www.visit-ulcinj.com\/blog\/2008\/03\/01\/spuzaskola-ponosno-nosi-strugarovo-ime\/","og_site_name":"Lajme nga Ulqini","article_published_time":"2008-03-01T18:14:39+00:00","article_modified_time":"2008-03-01T18:14:40+00:00","og_image":[{"url":"http:\/\/www.visit-ulcinj.com\/blog\/wp-content\/uploads\/2008\/03\/muho-spuza.thumbnail.jpg"}],"twitter_misc":{"Written by":"ulqini","Est. reading time":"2 minutes"},"schema":{"@context":"https:\/\/schema.org","@graph":[{"@type":"WebSite","@id":"https:\/\/www.visit-ulcinj.com\/blog\/#website","url":"https:\/\/www.visit-ulcinj.com\/blog\/","name":"Lajme nga Ulqini","description":"Lajme,Vijesti,Ulqini,Ulqin,Crna Gora,Mali i Zi","potentialAction":[{"@type":"SearchAction","target":{"@type":"EntryPoint","urlTemplate":"https:\/\/www.visit-ulcinj.com\/blog\/?s={search_term_string}"},"query-input":"required name=search_term_string"}],"inLanguage":"en-US"},{"@type":"ImageObject","inLanguage":"en-US","@id":"https:\/\/www.visit-ulcinj.com\/blog\/2008\/03\/01\/spuzaskola-ponosno-nosi-strugarovo-ime\/#primaryimage","url":"http:\/\/www.visit-ulcinj.com\/blog\/wp-content\/uploads\/2008\/03\/muho-spuza.thumbnail.jpg","contentUrl":"http:\/\/www.visit-ulcinj.com\/blog\/wp-content\/uploads\/2008\/03\/muho-spuza.thumbnail.jpg"},{"@type":"WebPage","@id":"https:\/\/www.visit-ulcinj.com\/blog\/2008\/03\/01\/spuzaskola-ponosno-nosi-strugarovo-ime\/#webpage","url":"https:\/\/www.visit-ulcinj.com\/blog\/2008\/03\/01\/spuzaskola-ponosno-nosi-strugarovo-ime\/","name":"Spu\u017ea:\u0160kola ponosno nosi Strugarovo ime - Lajme nga Ulqini","isPartOf":{"@id":"https:\/\/www.visit-ulcinj.com\/blog\/#website"},"primaryImageOfPage":{"@id":"https:\/\/www.visit-ulcinj.com\/blog\/2008\/03\/01\/spuzaskola-ponosno-nosi-strugarovo-ime\/#primaryimage"},"datePublished":"2008-03-01T18:14:39+00:00","dateModified":"2008-03-01T18:14:40+00:00","author":{"@id":"https:\/\/www.visit-ulcinj.com\/blog\/#\/schema\/person\/dcab619c614d3038751c63bc2aadc06d"},"breadcrumb":{"@id":"https:\/\/www.visit-ulcinj.com\/blog\/2008\/03\/01\/spuzaskola-ponosno-nosi-strugarovo-ime\/#breadcrumb"},"inLanguage":"en-US","potentialAction":[{"@type":"ReadAction","target":["https:\/\/www.visit-ulcinj.com\/blog\/2008\/03\/01\/spuzaskola-ponosno-nosi-strugarovo-ime\/"]}]},{"@type":"BreadcrumbList","@id":"https:\/\/www.visit-ulcinj.com\/blog\/2008\/03\/01\/spuzaskola-ponosno-nosi-strugarovo-ime\/#breadcrumb","itemListElement":[{"@type":"ListItem","position":1,"name":"Spu\u017ea:\u0160kola ponosno nosi Strugarovo ime"}]},{"@type":"Person","@id":"https:\/\/www.visit-ulcinj.com\/blog\/#\/schema\/person\/dcab619c614d3038751c63bc2aadc06d","name":"ulqini","sameAs":["http:\/\/www.visit-ulcinj.com"],"url":"https:\/\/www.visit-ulcinj.com\/blog\/author\/admin\/"}]}},"jetpack_featured_media_url":"","jetpack_sharing_enabled":true,"jetpack_shortlink":"https:\/\/wp.me\/pe6lTn-bs","_links":{"self":[{"href":"https:\/\/www.visit-ulcinj.com\/blog\/wp-json\/wp\/v2\/posts\/710"}],"collection":[{"href":"https:\/\/www.visit-ulcinj.com\/blog\/wp-json\/wp\/v2\/posts"}],"about":[{"href":"https:\/\/www.visit-ulcinj.com\/blog\/wp-json\/wp\/v2\/types\/post"}],"author":[{"embeddable":true,"href":"https:\/\/www.visit-ulcinj.com\/blog\/wp-json\/wp\/v2\/users\/1"}],"replies":[{"embeddable":true,"href":"https:\/\/www.visit-ulcinj.com\/blog\/wp-json\/wp\/v2\/comments?post=710"}],"version-history":[{"count":0,"href":"https:\/\/www.visit-ulcinj.com\/blog\/wp-json\/wp\/v2\/posts\/710\/revisions"}],"wp:attachment":[{"href":"https:\/\/www.visit-ulcinj.com\/blog\/wp-json\/wp\/v2\/media?parent=710"}],"wp:term":[{"taxonomy":"category","embeddable":true,"href":"https:\/\/www.visit-ulcinj.com\/blog\/wp-json\/wp\/v2\/categories?post=710"},{"taxonomy":"post_tag","embeddable":true,"href":"https:\/\/www.visit-ulcinj.com\/blog\/wp-json\/wp\/v2\/tags?post=710"}],"curies":[{"name":"wp","href":"https:\/\/api.w.org\/{rel}","templated":true}]}}