{"id":71022,"date":"2013-05-05T19:35:51","date_gmt":"2013-05-05T18:35:51","guid":{"rendered":"http:\/\/www.visit-ulcinj.com\/blog\/?p=71022"},"modified":"2013-05-06T17:02:48","modified_gmt":"2013-05-06T16:02:48","slug":"plazhi-i-madh-i-ulqinit-destinacioni-me-i-lire-turistik-per-amerikanet","status":"publish","type":"post","link":"https:\/\/www.visit-ulcinj.com\/blog\/2013\/05\/05\/plazhi-i-madh-i-ulqinit-destinacioni-me-i-lire-turistik-per-amerikanet\/","title":{"rendered":"Plazhi i Madh i Ulqinit, destinacioni m\u00eb i lir\u00eb turistik p\u00ebr amerikan\u00ebt"},"content":{"rendered":"<p><a href=\"http:\/\/www.visit-ulcinj.com\/blog\/wp-content\/uploads\/2013\/05\/Plazha-madhe-Ulqin-mali-i-zi.jpg\"><img loading=\"lazy\" class=\"alignleft  wp-image-71023\" alt=\"Plazha madhe Ulqin-mali i zi\" src=\"http:\/\/www.visit-ulcinj.com\/blog\/wp-content\/uploads\/2013\/05\/Plazha-madhe-Ulqin-mali-i-zi.jpg\" width=\"508\" height=\"360\" \/><\/a>Portali amerikan q\u00eb promovon turizmin bregdetar \u201cPrice of Travel\u201d ka p\u00ebrpiluar nj\u00eb list\u00eb me 14 plazhe evropiane, ku turisti mund t\u00eb kaloj\u00eb m\u00eb s\u00eb liri. Ai ka b\u00ebr\u00eb llogaritjen e \u00e7mimit p\u00ebr nj\u00eb jav\u00eb q\u00ebndrim gjat\u00eb muajit korrik n\u00eb hotele t\u00eb kategoris\u00eb me tre yje, n\u00eb pozicion t\u00eb mir\u00eb af\u00ebr detit. Jan\u00eb llogaritur edhe \u00e7mimet e ushqimit, pijeve dhe gj\u00ebsendeve t\u00eb nevojshme p\u00ebr plazh, nd\u00ebrsa \u00e7mimi i udh\u00ebtimit \u00ebsht\u00eb l\u00ebn\u00eb jasht\u00eb k\u00ebsaj llogarie.<\/p>\n<p>M\u00eb i liri n\u00eb k\u00ebt\u00eb list\u00eb del Plazhi i Madh i Ulqinit, n\u00eb Malin e Zi. Ja si e p\u00ebrshkruan \u201cPrice of Travel\u201d ofert\u00ebn e Ulqinit:<\/p>\n<p>Plazhi m\u00eb i lir\u00eb: Plazhi i Madh af\u00ebr Ulqinit, qytetit m\u00eb jugor n\u00eb malin e Zi, fiton pik\u00eb me plazhin m\u00eb t\u00eb gjat\u00eb (14 km) me r\u00ebr\u00eb n\u00eb bregdetin lindor t\u00eb Adriatikut. Dhe, n\u00eb krahasim me fqinjin e vet verior, Kroacin\u00eb, \u00ebsht\u00eb duksh\u00ebm m\u00eb pak turistik. Por, ky regjion \u00ebsht\u00eb duke u zhvilluar, plazhi nuk do t\u00eb jet\u00eb edhe gjat\u00eb koh\u00eb i pazbuluar nga turizmi masiv.<\/p>\n<p>30.10 euro \u00ebsht\u00eb \u00e7mimi n\u00eb Appartments Villa Doctor, t\u00eb rekomanduar nga portali i p\u00ebrmendur.<\/p>\n<p>Ngjash\u00ebm q\u00ebndron puna edhe me Sarand\u00ebn, n\u00eb Shqip\u00ebri. Edhe pse ky qytet me gjirin e vet t\u00eb bukur, me palmat dhe me r\u00ebr\u00ebn po pushtohet dita dit\u00ebs nga turist\u00ebt, ai ende \u00ebsht\u00eb larg nga \u201csulmi\u201d i turizmit masiv. Kjo ndodh edhe p\u00ebr faktin se pothuaj mungojn\u00eb fluturimet me \u00e7mime t\u00eb lira p\u00ebr n\u00eb Shqip\u00ebri. Por, kjo nuk do t\u00eb duhej t\u00eb paraqiste problem. \u00cbsht\u00eb nj\u00eb mund\u00ebsi q\u00eb t\u00eb fluturohet deri n\u00eb Korfuz dhe nga ky ishull, q\u00eb nuk \u00ebsht\u00eb m\u00eb larg se tre kilometra, t\u00eb lundrohet me traget deri n\u00eb Sarand\u00eb. Hoteli i sugjeruar nga \u201cPrice of Travel\u201d \u00ebsht\u00eb \u201cBlue Sky\u201d, ku pansioni kushton 39.90 euro.<\/p>\n<p>Krahas Ulqinit dhe Sarand\u00ebs, nd\u00ebr destinacionet turistike me \u00e7mime t\u00eb lira q\u00eb rekomandohen n\u00eb k\u00ebt\u00eb list\u00eb jan\u00eb edhe disa plazhe n\u00eb Bullgari, Rumani, Turqi, Greqi, Kroaci, Spanj\u00eb etj., transmeton albinfo.ch.<\/p>\n<p><iframe loading=\"lazy\" src=\"http:\/\/www.youtube.com\/embed\/krenWSTS1dY\" height=\"360\" width=\"508\" allowfullscreen=\"\" frameborder=\"0\"><\/iframe><\/p>\n","protected":false},"excerpt":{"rendered":"<p>Portali amerikan q\u00eb promovon turizmin bregdetar \u201cPrice of Travel\u201d ka p\u00ebrpiluar nj\u00eb list\u00eb me 14 plazhe evropiane, ku turisti mund t\u00eb kaloj\u00eb m\u00eb s\u00eb liri. Ai ka b\u00ebr\u00eb llogaritjen e \u00e7mimit p\u00ebr nj\u00eb jav\u00eb q\u00ebndrim gjat\u00eb muajit korrik n\u00eb hotele t\u00eb kategoris\u00eb me tre yje, n\u00eb pozicion t\u00eb mir\u00eb af\u00ebr detit. Jan\u00eb llogaritur edhe \u00e7mimet [&hellip;]<\/p>\n","protected":false},"author":1,"featured_media":0,"comment_status":"open","ping_status":"closed","sticky":false,"template":"","format":"standard","meta":{"spay_email":"","jetpack_publicize_message":"","jetpack_is_tweetstorm":false,"jetpack_publicize_feature_enabled":true},"categories":[15],"tags":[],"jetpack_publicize_connections":[],"yoast_head":"<!-- This site is optimized with the Yoast SEO plugin v19.1 - https:\/\/yoast.com\/wordpress\/plugins\/seo\/ -->\n<title>Plazhi i Madh i Ulqinit, destinacioni m\u00eb i lir\u00eb turistik p\u00ebr amerikan\u00ebt - Lajme nga Ulqini<\/title>\n<meta name=\"description\" content=\"Portali amerikan q\u00eb promovon turizmin bregdetar \u201cPrice of Travel\u201d ka p\u00ebrpiluar nj\u00eb list\u00eb me 14 plazhe evropiane, ku turisti mund t\u00eb kaloj\u00eb m\u00eb s\u00eb liri. Ai\" \/>\n<meta name=\"robots\" content=\"index, follow, max-snippet:-1, max-image-preview:large, max-video-preview:-1\" \/>\n<link rel=\"canonical\" href=\"https:\/\/www.visit-ulcinj.com\/blog\/2013\/05\/05\/plazhi-i-madh-i-ulqinit-destinacioni-me-i-lire-turistik-per-amerikanet\/\" \/>\n<meta property=\"og:locale\" content=\"en_US\" \/>\n<meta property=\"og:type\" content=\"article\" \/>\n<meta property=\"og:title\" content=\"Plazhi i Madh i Ulqinit, destinacioni m\u00eb i lir\u00eb turistik p\u00ebr amerikan\u00ebt - Lajme nga Ulqini\" \/>\n<meta property=\"og:description\" content=\"Portali amerikan q\u00eb promovon turizmin bregdetar \u201cPrice of Travel\u201d ka p\u00ebrpiluar nj\u00eb list\u00eb me 14 plazhe evropiane, ku turisti mund t\u00eb kaloj\u00eb m\u00eb s\u00eb liri. Ai\" \/>\n<meta property=\"og:url\" content=\"https:\/\/www.visit-ulcinj.com\/blog\/2013\/05\/05\/plazhi-i-madh-i-ulqinit-destinacioni-me-i-lire-turistik-per-amerikanet\/\" \/>\n<meta property=\"og:site_name\" content=\"Lajme nga Ulqini\" \/>\n<meta property=\"article:published_time\" content=\"2013-05-05T18:35:51+00:00\" \/>\n<meta property=\"article:modified_time\" content=\"2013-05-06T16:02:48+00:00\" \/>\n<meta property=\"og:image\" content=\"http:\/\/www.visit-ulcinj.com\/blog\/wp-content\/uploads\/2013\/05\/Plazha-madhe-Ulqin-mali-i-zi.jpg\" \/>\n<meta name=\"twitter:label1\" content=\"Written by\" \/>\n\t<meta name=\"twitter:data1\" content=\"ulqini\" \/>\n\t<meta name=\"twitter:label2\" content=\"Est. reading time\" \/>\n\t<meta name=\"twitter:data2\" content=\"2 minutes\" \/>\n<script type=\"application\/ld+json\" class=\"yoast-schema-graph\">{\"@context\":\"https:\/\/schema.org\",\"@graph\":[{\"@type\":\"WebSite\",\"@id\":\"https:\/\/www.visit-ulcinj.com\/blog\/#website\",\"url\":\"https:\/\/www.visit-ulcinj.com\/blog\/\",\"name\":\"Lajme nga Ulqini\",\"description\":\"Lajme,Vijesti,Ulqini,Ulqin,Crna Gora,Mali i Zi\",\"potentialAction\":[{\"@type\":\"SearchAction\",\"target\":{\"@type\":\"EntryPoint\",\"urlTemplate\":\"https:\/\/www.visit-ulcinj.com\/blog\/?s={search_term_string}\"},\"query-input\":\"required name=search_term_string\"}],\"inLanguage\":\"en-US\"},{\"@type\":\"ImageObject\",\"inLanguage\":\"en-US\",\"@id\":\"https:\/\/www.visit-ulcinj.com\/blog\/2013\/05\/05\/plazhi-i-madh-i-ulqinit-destinacioni-me-i-lire-turistik-per-amerikanet\/#primaryimage\",\"url\":\"https:\/\/www.visit-ulcinj.com\/blog\/wp-content\/uploads\/2013\/05\/Plazha-madhe-Ulqin-mali-i-zi.jpg\",\"contentUrl\":\"https:\/\/www.visit-ulcinj.com\/blog\/wp-content\/uploads\/2013\/05\/Plazha-madhe-Ulqin-mali-i-zi.jpg\",\"width\":1420,\"height\":621},{\"@type\":\"WebPage\",\"@id\":\"https:\/\/www.visit-ulcinj.com\/blog\/2013\/05\/05\/plazhi-i-madh-i-ulqinit-destinacioni-me-i-lire-turistik-per-amerikanet\/#webpage\",\"url\":\"https:\/\/www.visit-ulcinj.com\/blog\/2013\/05\/05\/plazhi-i-madh-i-ulqinit-destinacioni-me-i-lire-turistik-per-amerikanet\/\",\"name\":\"Plazhi i Madh i Ulqinit, destinacioni m\u00eb i lir\u00eb turistik p\u00ebr amerikan\u00ebt - Lajme nga Ulqini\",\"isPartOf\":{\"@id\":\"https:\/\/www.visit-ulcinj.com\/blog\/#website\"},\"primaryImageOfPage\":{\"@id\":\"https:\/\/www.visit-ulcinj.com\/blog\/2013\/05\/05\/plazhi-i-madh-i-ulqinit-destinacioni-me-i-lire-turistik-per-amerikanet\/#primaryimage\"},\"datePublished\":\"2013-05-05T18:35:51+00:00\",\"dateModified\":\"2013-05-06T16:02:48+00:00\",\"author\":{\"@id\":\"https:\/\/www.visit-ulcinj.com\/blog\/#\/schema\/person\/dcab619c614d3038751c63bc2aadc06d\"},\"description\":\"Portali amerikan q\u00eb promovon turizmin bregdetar \u201cPrice of Travel\u201d ka p\u00ebrpiluar nj\u00eb list\u00eb me 14 plazhe evropiane, ku turisti mund t\u00eb kaloj\u00eb m\u00eb s\u00eb liri. Ai\",\"breadcrumb\":{\"@id\":\"https:\/\/www.visit-ulcinj.com\/blog\/2013\/05\/05\/plazhi-i-madh-i-ulqinit-destinacioni-me-i-lire-turistik-per-amerikanet\/#breadcrumb\"},\"inLanguage\":\"en-US\",\"potentialAction\":[{\"@type\":\"ReadAction\",\"target\":[\"https:\/\/www.visit-ulcinj.com\/blog\/2013\/05\/05\/plazhi-i-madh-i-ulqinit-destinacioni-me-i-lire-turistik-per-amerikanet\/\"]}]},{\"@type\":\"BreadcrumbList\",\"@id\":\"https:\/\/www.visit-ulcinj.com\/blog\/2013\/05\/05\/plazhi-i-madh-i-ulqinit-destinacioni-me-i-lire-turistik-per-amerikanet\/#breadcrumb\",\"itemListElement\":[{\"@type\":\"ListItem\",\"position\":1,\"name\":\"Plazhi i Madh i Ulqinit, destinacioni m\u00eb i lir\u00eb turistik p\u00ebr amerikan\u00ebt\"}]},{\"@type\":\"Person\",\"@id\":\"https:\/\/www.visit-ulcinj.com\/blog\/#\/schema\/person\/dcab619c614d3038751c63bc2aadc06d\",\"name\":\"ulqini\",\"sameAs\":[\"http:\/\/www.visit-ulcinj.com\"],\"url\":\"https:\/\/www.visit-ulcinj.com\/blog\/author\/admin\/\"}]}<\/script>\n<!-- \/ Yoast SEO plugin. -->","yoast_head_json":{"title":"Plazhi i Madh i Ulqinit, destinacioni m\u00eb i lir\u00eb turistik p\u00ebr amerikan\u00ebt - Lajme nga Ulqini","description":"Portali amerikan q\u00eb promovon turizmin bregdetar \u201cPrice of Travel\u201d ka p\u00ebrpiluar nj\u00eb list\u00eb me 14 plazhe evropiane, ku turisti mund t\u00eb kaloj\u00eb m\u00eb s\u00eb liri. Ai","robots":{"index":"index","follow":"follow","max-snippet":"max-snippet:-1","max-image-preview":"max-image-preview:large","max-video-preview":"max-video-preview:-1"},"canonical":"https:\/\/www.visit-ulcinj.com\/blog\/2013\/05\/05\/plazhi-i-madh-i-ulqinit-destinacioni-me-i-lire-turistik-per-amerikanet\/","og_locale":"en_US","og_type":"article","og_title":"Plazhi i Madh i Ulqinit, destinacioni m\u00eb i lir\u00eb turistik p\u00ebr amerikan\u00ebt - Lajme nga Ulqini","og_description":"Portali amerikan q\u00eb promovon turizmin bregdetar \u201cPrice of Travel\u201d ka p\u00ebrpiluar nj\u00eb list\u00eb me 14 plazhe evropiane, ku turisti mund t\u00eb kaloj\u00eb m\u00eb s\u00eb liri. Ai","og_url":"https:\/\/www.visit-ulcinj.com\/blog\/2013\/05\/05\/plazhi-i-madh-i-ulqinit-destinacioni-me-i-lire-turistik-per-amerikanet\/","og_site_name":"Lajme nga Ulqini","article_published_time":"2013-05-05T18:35:51+00:00","article_modified_time":"2013-05-06T16:02:48+00:00","og_image":[{"url":"http:\/\/www.visit-ulcinj.com\/blog\/wp-content\/uploads\/2013\/05\/Plazha-madhe-Ulqin-mali-i-zi.jpg"}],"twitter_misc":{"Written by":"ulqini","Est. reading time":"2 minutes"},"schema":{"@context":"https:\/\/schema.org","@graph":[{"@type":"WebSite","@id":"https:\/\/www.visit-ulcinj.com\/blog\/#website","url":"https:\/\/www.visit-ulcinj.com\/blog\/","name":"Lajme nga Ulqini","description":"Lajme,Vijesti,Ulqini,Ulqin,Crna Gora,Mali i Zi","potentialAction":[{"@type":"SearchAction","target":{"@type":"EntryPoint","urlTemplate":"https:\/\/www.visit-ulcinj.com\/blog\/?s={search_term_string}"},"query-input":"required name=search_term_string"}],"inLanguage":"en-US"},{"@type":"ImageObject","inLanguage":"en-US","@id":"https:\/\/www.visit-ulcinj.com\/blog\/2013\/05\/05\/plazhi-i-madh-i-ulqinit-destinacioni-me-i-lire-turistik-per-amerikanet\/#primaryimage","url":"https:\/\/www.visit-ulcinj.com\/blog\/wp-content\/uploads\/2013\/05\/Plazha-madhe-Ulqin-mali-i-zi.jpg","contentUrl":"https:\/\/www.visit-ulcinj.com\/blog\/wp-content\/uploads\/2013\/05\/Plazha-madhe-Ulqin-mali-i-zi.jpg","width":1420,"height":621},{"@type":"WebPage","@id":"https:\/\/www.visit-ulcinj.com\/blog\/2013\/05\/05\/plazhi-i-madh-i-ulqinit-destinacioni-me-i-lire-turistik-per-amerikanet\/#webpage","url":"https:\/\/www.visit-ulcinj.com\/blog\/2013\/05\/05\/plazhi-i-madh-i-ulqinit-destinacioni-me-i-lire-turistik-per-amerikanet\/","name":"Plazhi i Madh i Ulqinit, destinacioni m\u00eb i lir\u00eb turistik p\u00ebr amerikan\u00ebt - Lajme nga Ulqini","isPartOf":{"@id":"https:\/\/www.visit-ulcinj.com\/blog\/#website"},"primaryImageOfPage":{"@id":"https:\/\/www.visit-ulcinj.com\/blog\/2013\/05\/05\/plazhi-i-madh-i-ulqinit-destinacioni-me-i-lire-turistik-per-amerikanet\/#primaryimage"},"datePublished":"2013-05-05T18:35:51+00:00","dateModified":"2013-05-06T16:02:48+00:00","author":{"@id":"https:\/\/www.visit-ulcinj.com\/blog\/#\/schema\/person\/dcab619c614d3038751c63bc2aadc06d"},"description":"Portali amerikan q\u00eb promovon turizmin bregdetar \u201cPrice of Travel\u201d ka p\u00ebrpiluar nj\u00eb list\u00eb me 14 plazhe evropiane, ku turisti mund t\u00eb kaloj\u00eb m\u00eb s\u00eb liri. Ai","breadcrumb":{"@id":"https:\/\/www.visit-ulcinj.com\/blog\/2013\/05\/05\/plazhi-i-madh-i-ulqinit-destinacioni-me-i-lire-turistik-per-amerikanet\/#breadcrumb"},"inLanguage":"en-US","potentialAction":[{"@type":"ReadAction","target":["https:\/\/www.visit-ulcinj.com\/blog\/2013\/05\/05\/plazhi-i-madh-i-ulqinit-destinacioni-me-i-lire-turistik-per-amerikanet\/"]}]},{"@type":"BreadcrumbList","@id":"https:\/\/www.visit-ulcinj.com\/blog\/2013\/05\/05\/plazhi-i-madh-i-ulqinit-destinacioni-me-i-lire-turistik-per-amerikanet\/#breadcrumb","itemListElement":[{"@type":"ListItem","position":1,"name":"Plazhi i Madh i Ulqinit, destinacioni m\u00eb i lir\u00eb turistik p\u00ebr amerikan\u00ebt"}]},{"@type":"Person","@id":"https:\/\/www.visit-ulcinj.com\/blog\/#\/schema\/person\/dcab619c614d3038751c63bc2aadc06d","name":"ulqini","sameAs":["http:\/\/www.visit-ulcinj.com"],"url":"https:\/\/www.visit-ulcinj.com\/blog\/author\/admin\/"}]}},"jetpack_featured_media_url":"","jetpack_sharing_enabled":true,"jetpack_shortlink":"https:\/\/wp.me\/pe6lTn-itw","_links":{"self":[{"href":"https:\/\/www.visit-ulcinj.com\/blog\/wp-json\/wp\/v2\/posts\/71022"}],"collection":[{"href":"https:\/\/www.visit-ulcinj.com\/blog\/wp-json\/wp\/v2\/posts"}],"about":[{"href":"https:\/\/www.visit-ulcinj.com\/blog\/wp-json\/wp\/v2\/types\/post"}],"author":[{"embeddable":true,"href":"https:\/\/www.visit-ulcinj.com\/blog\/wp-json\/wp\/v2\/users\/1"}],"replies":[{"embeddable":true,"href":"https:\/\/www.visit-ulcinj.com\/blog\/wp-json\/wp\/v2\/comments?post=71022"}],"version-history":[{"count":2,"href":"https:\/\/www.visit-ulcinj.com\/blog\/wp-json\/wp\/v2\/posts\/71022\/revisions"}],"predecessor-version":[{"id":71104,"href":"https:\/\/www.visit-ulcinj.com\/blog\/wp-json\/wp\/v2\/posts\/71022\/revisions\/71104"}],"wp:attachment":[{"href":"https:\/\/www.visit-ulcinj.com\/blog\/wp-json\/wp\/v2\/media?parent=71022"}],"wp:term":[{"taxonomy":"category","embeddable":true,"href":"https:\/\/www.visit-ulcinj.com\/blog\/wp-json\/wp\/v2\/categories?post=71022"},{"taxonomy":"post_tag","embeddable":true,"href":"https:\/\/www.visit-ulcinj.com\/blog\/wp-json\/wp\/v2\/tags?post=71022"}],"curies":[{"name":"wp","href":"https:\/\/api.w.org\/{rel}","templated":true}]}}