{"id":71099,"date":"2013-05-06T17:00:06","date_gmt":"2013-05-06T16:00:06","guid":{"rendered":"http:\/\/www.visit-ulcinj.com\/blog\/?p=71099"},"modified":"2013-05-07T18:19:29","modified_gmt":"2013-05-07T17:19:29","slug":"nje-pershkrim-i-kalase-nga-ismet-karamanaga-video","status":"publish","type":"post","link":"https:\/\/www.visit-ulcinj.com\/blog\/2013\/05\/06\/nje-pershkrim-i-kalase-nga-ismet-karamanaga-video\/","title":{"rendered":"Nj\u00eb  p\u00ebrshkrim i Kalas\u00eb nga Ismet Karamanaga &#8211; Video"},"content":{"rendered":"<p><a href=\"http:\/\/www.visit-ulcinj.com\/blog\/wp-content\/uploads\/2013\/05\/Kalaja-nga-Ismet-Karamanaga-ulqin.jpg\"><img loading=\"lazy\" class=\"alignleft  wp-image-71100\" alt=\"Kalaja nga Ismet Karamanaga-ulqin\" src=\"http:\/\/www.visit-ulcinj.com\/blog\/wp-content\/uploads\/2013\/05\/Kalaja-nga-Ismet-Karamanaga-ulqin.jpg\" width=\"508\" height=\"360\" \/><\/a>Nj\u00eb p\u00ebrshkrim i shkurt i disa sequencave nga Kalaja e Ulqinit..Nj\u00eb d\u00ebshprim n\u00eb pun\u00ebn e muzeut dhe i partis\u00eb n\u00eb pushtet e cila nuk i jep v\u00ebmendje t\u00eb merituar, dhe t\u00eb premtuar Kalas\u00eb ton\u00eb&#8230;<\/p>\n<p><iframe loading=\"lazy\" src=\"https:\/\/www.facebook.com\/video\/embed?video_id=10201125454162693\" height=\"360\" width=\"508\" frameborder=\"0\"><\/iframe><\/p>\n","protected":false},"excerpt":{"rendered":"<p>Nj\u00eb p\u00ebrshkrim i shkurt i disa sequencave nga Kalaja e Ulqinit..Nj\u00eb d\u00ebshprim n\u00eb pun\u00ebn e muzeut dhe i partis\u00eb n\u00eb pushtet e cila nuk i jep v\u00ebmendje t\u00eb merituar, dhe t\u00eb premtuar Kalas\u00eb ton\u00eb&#8230;<\/p>\n","protected":false},"author":1,"featured_media":0,"comment_status":"open","ping_status":"closed","sticky":false,"template":"","format":"standard","meta":{"spay_email":"","jetpack_publicize_message":"","jetpack_is_tweetstorm":false,"jetpack_publicize_feature_enabled":true},"categories":[1,14249],"tags":[309,200,18],"jetpack_publicize_connections":[],"yoast_head":"<!-- This site is optimized with the Yoast SEO plugin v19.1 - https:\/\/yoast.com\/wordpress\/plugins\/seo\/ -->\n<title>Nj\u00eb p\u00ebrshkrim i Kalas\u00eb nga Ismet Karamanaga - Video - Lajme nga Ulqini<\/title>\n<meta name=\"description\" content=\"Nj\u00eb p\u00ebrshkrim i shkurt i disa sequencave nga Kalaja e Ulqinit..Nj\u00eb d\u00ebshprim n\u00eb pun\u00ebn e muzeut dhe i partis\u00eb n\u00eb pushtet e cila nuk i jep v\u00ebmendje t\u00eb\" \/>\n<meta name=\"robots\" content=\"index, follow, max-snippet:-1, max-image-preview:large, max-video-preview:-1\" \/>\n<link rel=\"canonical\" href=\"https:\/\/www.visit-ulcinj.com\/blog\/2013\/05\/06\/nje-pershkrim-i-kalase-nga-ismet-karamanaga-video\/\" \/>\n<meta property=\"og:locale\" content=\"en_US\" \/>\n<meta property=\"og:type\" content=\"article\" \/>\n<meta property=\"og:title\" content=\"Nj\u00eb p\u00ebrshkrim i Kalas\u00eb nga Ismet Karamanaga - Video - Lajme nga Ulqini\" \/>\n<meta property=\"og:description\" content=\"Nj\u00eb p\u00ebrshkrim i shkurt i disa sequencave nga Kalaja e Ulqinit..Nj\u00eb d\u00ebshprim n\u00eb pun\u00ebn e muzeut dhe i partis\u00eb n\u00eb pushtet e cila nuk i jep v\u00ebmendje t\u00eb\" \/>\n<meta property=\"og:url\" content=\"https:\/\/www.visit-ulcinj.com\/blog\/2013\/05\/06\/nje-pershkrim-i-kalase-nga-ismet-karamanaga-video\/\" \/>\n<meta property=\"og:site_name\" content=\"Lajme nga Ulqini\" \/>\n<meta property=\"article:published_time\" content=\"2013-05-06T16:00:06+00:00\" \/>\n<meta property=\"article:modified_time\" content=\"2013-05-07T17:19:29+00:00\" \/>\n<meta property=\"og:image\" content=\"http:\/\/www.visit-ulcinj.com\/blog\/wp-content\/uploads\/2013\/05\/Kalaja-nga-Ismet-Karamanaga-ulqin.jpg\" \/>\n<meta name=\"twitter:label1\" content=\"Written by\" \/>\n\t<meta name=\"twitter:data1\" content=\"ulqini\" \/>\n<script type=\"application\/ld+json\" class=\"yoast-schema-graph\">{\"@context\":\"https:\/\/schema.org\",\"@graph\":[{\"@type\":\"WebSite\",\"@id\":\"https:\/\/www.visit-ulcinj.com\/blog\/#website\",\"url\":\"https:\/\/www.visit-ulcinj.com\/blog\/\",\"name\":\"Lajme nga Ulqini\",\"description\":\"Lajme,Vijesti,Ulqini,Ulqin,Crna Gora,Mali i Zi\",\"potentialAction\":[{\"@type\":\"SearchAction\",\"target\":{\"@type\":\"EntryPoint\",\"urlTemplate\":\"https:\/\/www.visit-ulcinj.com\/blog\/?s={search_term_string}\"},\"query-input\":\"required name=search_term_string\"}],\"inLanguage\":\"en-US\"},{\"@type\":\"ImageObject\",\"inLanguage\":\"en-US\",\"@id\":\"https:\/\/www.visit-ulcinj.com\/blog\/2013\/05\/06\/nje-pershkrim-i-kalase-nga-ismet-karamanaga-video\/#primaryimage\",\"url\":\"https:\/\/www.visit-ulcinj.com\/blog\/wp-content\/uploads\/2013\/05\/Kalaja-nga-Ismet-Karamanaga-ulqin.jpg\",\"contentUrl\":\"https:\/\/www.visit-ulcinj.com\/blog\/wp-content\/uploads\/2013\/05\/Kalaja-nga-Ismet-Karamanaga-ulqin.jpg\",\"width\":720,\"height\":540},{\"@type\":\"WebPage\",\"@id\":\"https:\/\/www.visit-ulcinj.com\/blog\/2013\/05\/06\/nje-pershkrim-i-kalase-nga-ismet-karamanaga-video\/#webpage\",\"url\":\"https:\/\/www.visit-ulcinj.com\/blog\/2013\/05\/06\/nje-pershkrim-i-kalase-nga-ismet-karamanaga-video\/\",\"name\":\"Nj\u00eb p\u00ebrshkrim i Kalas\u00eb nga Ismet Karamanaga - Video - Lajme nga Ulqini\",\"isPartOf\":{\"@id\":\"https:\/\/www.visit-ulcinj.com\/blog\/#website\"},\"primaryImageOfPage\":{\"@id\":\"https:\/\/www.visit-ulcinj.com\/blog\/2013\/05\/06\/nje-pershkrim-i-kalase-nga-ismet-karamanaga-video\/#primaryimage\"},\"datePublished\":\"2013-05-06T16:00:06+00:00\",\"dateModified\":\"2013-05-07T17:19:29+00:00\",\"author\":{\"@id\":\"https:\/\/www.visit-ulcinj.com\/blog\/#\/schema\/person\/dcab619c614d3038751c63bc2aadc06d\"},\"description\":\"Nj\u00eb p\u00ebrshkrim i shkurt i disa sequencave nga Kalaja e Ulqinit..Nj\u00eb d\u00ebshprim n\u00eb pun\u00ebn e muzeut dhe i partis\u00eb n\u00eb pushtet e cila nuk i jep v\u00ebmendje t\u00eb\",\"breadcrumb\":{\"@id\":\"https:\/\/www.visit-ulcinj.com\/blog\/2013\/05\/06\/nje-pershkrim-i-kalase-nga-ismet-karamanaga-video\/#breadcrumb\"},\"inLanguage\":\"en-US\",\"potentialAction\":[{\"@type\":\"ReadAction\",\"target\":[\"https:\/\/www.visit-ulcinj.com\/blog\/2013\/05\/06\/nje-pershkrim-i-kalase-nga-ismet-karamanaga-video\/\"]}]},{\"@type\":\"BreadcrumbList\",\"@id\":\"https:\/\/www.visit-ulcinj.com\/blog\/2013\/05\/06\/nje-pershkrim-i-kalase-nga-ismet-karamanaga-video\/#breadcrumb\",\"itemListElement\":[{\"@type\":\"ListItem\",\"position\":1,\"name\":\"Nj\u00eb p\u00ebrshkrim i Kalas\u00eb nga Ismet Karamanaga &#8211; Video\"}]},{\"@type\":\"Person\",\"@id\":\"https:\/\/www.visit-ulcinj.com\/blog\/#\/schema\/person\/dcab619c614d3038751c63bc2aadc06d\",\"name\":\"ulqini\",\"sameAs\":[\"http:\/\/www.visit-ulcinj.com\"],\"url\":\"https:\/\/www.visit-ulcinj.com\/blog\/author\/admin\/\"}]}<\/script>\n<!-- \/ Yoast SEO plugin. -->","yoast_head_json":{"title":"Nj\u00eb p\u00ebrshkrim i Kalas\u00eb nga Ismet Karamanaga - Video - Lajme nga Ulqini","description":"Nj\u00eb p\u00ebrshkrim i shkurt i disa sequencave nga Kalaja e Ulqinit..Nj\u00eb d\u00ebshprim n\u00eb pun\u00ebn e muzeut dhe i partis\u00eb n\u00eb pushtet e cila nuk i jep v\u00ebmendje t\u00eb","robots":{"index":"index","follow":"follow","max-snippet":"max-snippet:-1","max-image-preview":"max-image-preview:large","max-video-preview":"max-video-preview:-1"},"canonical":"https:\/\/www.visit-ulcinj.com\/blog\/2013\/05\/06\/nje-pershkrim-i-kalase-nga-ismet-karamanaga-video\/","og_locale":"en_US","og_type":"article","og_title":"Nj\u00eb p\u00ebrshkrim i Kalas\u00eb nga Ismet Karamanaga - Video - Lajme nga Ulqini","og_description":"Nj\u00eb p\u00ebrshkrim i shkurt i disa sequencave nga Kalaja e Ulqinit..Nj\u00eb d\u00ebshprim n\u00eb pun\u00ebn e muzeut dhe i partis\u00eb n\u00eb pushtet e cila nuk i jep v\u00ebmendje t\u00eb","og_url":"https:\/\/www.visit-ulcinj.com\/blog\/2013\/05\/06\/nje-pershkrim-i-kalase-nga-ismet-karamanaga-video\/","og_site_name":"Lajme nga Ulqini","article_published_time":"2013-05-06T16:00:06+00:00","article_modified_time":"2013-05-07T17:19:29+00:00","og_image":[{"url":"http:\/\/www.visit-ulcinj.com\/blog\/wp-content\/uploads\/2013\/05\/Kalaja-nga-Ismet-Karamanaga-ulqin.jpg"}],"twitter_misc":{"Written by":"ulqini"},"schema":{"@context":"https:\/\/schema.org","@graph":[{"@type":"WebSite","@id":"https:\/\/www.visit-ulcinj.com\/blog\/#website","url":"https:\/\/www.visit-ulcinj.com\/blog\/","name":"Lajme nga Ulqini","description":"Lajme,Vijesti,Ulqini,Ulqin,Crna Gora,Mali i Zi","potentialAction":[{"@type":"SearchAction","target":{"@type":"EntryPoint","urlTemplate":"https:\/\/www.visit-ulcinj.com\/blog\/?s={search_term_string}"},"query-input":"required name=search_term_string"}],"inLanguage":"en-US"},{"@type":"ImageObject","inLanguage":"en-US","@id":"https:\/\/www.visit-ulcinj.com\/blog\/2013\/05\/06\/nje-pershkrim-i-kalase-nga-ismet-karamanaga-video\/#primaryimage","url":"https:\/\/www.visit-ulcinj.com\/blog\/wp-content\/uploads\/2013\/05\/Kalaja-nga-Ismet-Karamanaga-ulqin.jpg","contentUrl":"https:\/\/www.visit-ulcinj.com\/blog\/wp-content\/uploads\/2013\/05\/Kalaja-nga-Ismet-Karamanaga-ulqin.jpg","width":720,"height":540},{"@type":"WebPage","@id":"https:\/\/www.visit-ulcinj.com\/blog\/2013\/05\/06\/nje-pershkrim-i-kalase-nga-ismet-karamanaga-video\/#webpage","url":"https:\/\/www.visit-ulcinj.com\/blog\/2013\/05\/06\/nje-pershkrim-i-kalase-nga-ismet-karamanaga-video\/","name":"Nj\u00eb p\u00ebrshkrim i Kalas\u00eb nga Ismet Karamanaga - Video - Lajme nga Ulqini","isPartOf":{"@id":"https:\/\/www.visit-ulcinj.com\/blog\/#website"},"primaryImageOfPage":{"@id":"https:\/\/www.visit-ulcinj.com\/blog\/2013\/05\/06\/nje-pershkrim-i-kalase-nga-ismet-karamanaga-video\/#primaryimage"},"datePublished":"2013-05-06T16:00:06+00:00","dateModified":"2013-05-07T17:19:29+00:00","author":{"@id":"https:\/\/www.visit-ulcinj.com\/blog\/#\/schema\/person\/dcab619c614d3038751c63bc2aadc06d"},"description":"Nj\u00eb p\u00ebrshkrim i shkurt i disa sequencave nga Kalaja e Ulqinit..Nj\u00eb d\u00ebshprim n\u00eb pun\u00ebn e muzeut dhe i partis\u00eb n\u00eb pushtet e cila nuk i jep v\u00ebmendje t\u00eb","breadcrumb":{"@id":"https:\/\/www.visit-ulcinj.com\/blog\/2013\/05\/06\/nje-pershkrim-i-kalase-nga-ismet-karamanaga-video\/#breadcrumb"},"inLanguage":"en-US","potentialAction":[{"@type":"ReadAction","target":["https:\/\/www.visit-ulcinj.com\/blog\/2013\/05\/06\/nje-pershkrim-i-kalase-nga-ismet-karamanaga-video\/"]}]},{"@type":"BreadcrumbList","@id":"https:\/\/www.visit-ulcinj.com\/blog\/2013\/05\/06\/nje-pershkrim-i-kalase-nga-ismet-karamanaga-video\/#breadcrumb","itemListElement":[{"@type":"ListItem","position":1,"name":"Nj\u00eb p\u00ebrshkrim i Kalas\u00eb nga Ismet Karamanaga &#8211; Video"}]},{"@type":"Person","@id":"https:\/\/www.visit-ulcinj.com\/blog\/#\/schema\/person\/dcab619c614d3038751c63bc2aadc06d","name":"ulqini","sameAs":["http:\/\/www.visit-ulcinj.com"],"url":"https:\/\/www.visit-ulcinj.com\/blog\/author\/admin\/"}]}},"jetpack_featured_media_url":"","jetpack_sharing_enabled":true,"jetpack_shortlink":"https:\/\/wp.me\/pe6lTn-iuL","_links":{"self":[{"href":"https:\/\/www.visit-ulcinj.com\/blog\/wp-json\/wp\/v2\/posts\/71099"}],"collection":[{"href":"https:\/\/www.visit-ulcinj.com\/blog\/wp-json\/wp\/v2\/posts"}],"about":[{"href":"https:\/\/www.visit-ulcinj.com\/blog\/wp-json\/wp\/v2\/types\/post"}],"author":[{"embeddable":true,"href":"https:\/\/www.visit-ulcinj.com\/blog\/wp-json\/wp\/v2\/users\/1"}],"replies":[{"embeddable":true,"href":"https:\/\/www.visit-ulcinj.com\/blog\/wp-json\/wp\/v2\/comments?post=71099"}],"version-history":[{"count":2,"href":"https:\/\/www.visit-ulcinj.com\/blog\/wp-json\/wp\/v2\/posts\/71099\/revisions"}],"predecessor-version":[{"id":71147,"href":"https:\/\/www.visit-ulcinj.com\/blog\/wp-json\/wp\/v2\/posts\/71099\/revisions\/71147"}],"wp:attachment":[{"href":"https:\/\/www.visit-ulcinj.com\/blog\/wp-json\/wp\/v2\/media?parent=71099"}],"wp:term":[{"taxonomy":"category","embeddable":true,"href":"https:\/\/www.visit-ulcinj.com\/blog\/wp-json\/wp\/v2\/categories?post=71099"},{"taxonomy":"post_tag","embeddable":true,"href":"https:\/\/www.visit-ulcinj.com\/blog\/wp-json\/wp\/v2\/tags?post=71099"}],"curies":[{"name":"wp","href":"https:\/\/api.w.org\/{rel}","templated":true}]}}