{"id":71105,"date":"2013-05-06T19:30:12","date_gmt":"2013-05-06T18:30:12","guid":{"rendered":"http:\/\/www.visit-ulcinj.com\/blog\/?p=71105"},"modified":"2013-05-10T14:42:14","modified_gmt":"2013-05-10T13:42:14","slug":"shoqata-e-bjeshkatareve-rumia-organizon-viziten-ne-kanjonin-e-megjurecit-video","status":"publish","type":"post","link":"https:\/\/www.visit-ulcinj.com\/blog\/2013\/05\/06\/shoqata-e-bjeshkatareve-rumia-organizon-viziten-ne-kanjonin-e-megjurecit-video\/","title":{"rendered":"Shoqata e bjeshkatar\u00ebve &#8220;RUMIA&#8221; organizon vizit\u00ebn n\u00eb Kanjonin e Megjure\u00e7it &#8211; Video"},"content":{"rendered":"<p><a href=\"http:\/\/www.visit-ulcinj.com\/blog\/wp-content\/uploads\/2013\/05\/Kanjoni-i-Megjurecit.3.jpg\"><img loading=\"lazy\" class=\"alignleft  wp-image-71107\" alt=\"Kanjoni i Megjurecit.3\" src=\"http:\/\/www.visit-ulcinj.com\/blog\/wp-content\/uploads\/2013\/05\/Kanjoni-i-Megjurecit.3.jpg\" width=\"508\" height=\"360\" \/><\/a>Miq t\u00eb nderuar, Shoqata e bjeshkatar\u00ebve &#8220;RUMIA&#8221; organizon vizit\u00ebn e radh\u00ebs &#8211; Kanjonin e Megjure\u00e7it (dy ujvarat e fundit dhe nj\u00eb burim uji t\u00eb bjeshk\u00ebs)!<br \/>\nBukuri e rrall\u00eb, m\u00eb komun\u00ebn ton\u00eb!<br \/>\nE shtun\u00eb me 11. maj!<br \/>\nNisja prej Ulqinit n\u00eb 7:30h para Komun\u00ebs, takimi me koleg\u00ebt n\u00eb 8:00h te Rrethi n\u00eb Kryth ( t\u00eb Kat\u00ebrkoll\u00ebs).<br \/>\nPrej aty me automjete (sygjerohet &#8211; tereni- xhip&#8230;) n\u00eb drejtim t\u00eb Ur\u00ebs s\u00eb M\u00ebrkotit.<br \/>\nI t\u00ebr\u00eb rrug\u00ebtimi n\u00eb k\u00ebmb\u00eb rreth dy or\u00eb e gjysm\u00eb!<br \/>\nP\u00ebr m\u00eb shum\u00eb informata lajmrohuni n\u00eb inbox ( Mogul Ulqin ) !<br \/>\nJu mir\u00ebpresim!<\/p>\n<p data-ft=\"{&quot;tn&quot;:&quot;C&quot;}\"><strong><a id=\"js_57\" href=\"https:\/\/www.facebook.com\/mogul.ulqin\" data-hovercard=\"\/ajax\/hovercard\/user.php?id=100002743201525\">Mogul Ulqin Facebook<\/a><\/strong><\/p>\n<p><strong>Foto: Damir Pepic<br \/>\n\n\t\t<style type=\"text\/css\">\n\t\t\t#gallery-1 {\n\t\t\t\tmargin: auto;\n\t\t\t}\n\t\t\t#gallery-1 .gallery-item {\n\t\t\t\tfloat: left;\n\t\t\t\tmargin-top: 10px;\n\t\t\t\ttext-align: center;\n\t\t\t\twidth: 33%;\n\t\t\t}\n\t\t\t#gallery-1 img {\n\t\t\t\tborder: 2px solid #cfcfcf;\n\t\t\t}\n\t\t\t#gallery-1 .gallery-caption {\n\t\t\t\tmargin-left: 0;\n\t\t\t}\n\t\t\t\/* see gallery_shortcode() in wp-includes\/media.php *\/\n\t\t<\/style>\n\t\t<div id='gallery-1' class='gallery galleryid-71105 gallery-columns-3 gallery-size-thumbnail'><dl class='gallery-item'>\n\t\t\t<dt class='gallery-icon portrait'>\n\t\t\t\t<a href='https:\/\/www.visit-ulcinj.com\/blog\/2013\/05\/06\/shoqata-e-bjeshkatareve-rumia-organizon-viziten-ne-kanjonin-e-megjurecit-video\/kanjoni-i-megjurecit-1\/'><img width=\"150\" height=\"150\" src=\"https:\/\/www.visit-ulcinj.com\/blog\/wp-content\/uploads\/2013\/05\/Kanjoni-i-Megjurecit.1-150x150.jpg\" class=\"attachment-thumbnail size-thumbnail\" alt=\"\" loading=\"lazy\" \/><\/a>\n\t\t\t<\/dt><\/dl><dl class='gallery-item'>\n\t\t\t<dt class='gallery-icon portrait'>\n\t\t\t\t<a href='https:\/\/www.visit-ulcinj.com\/blog\/2013\/05\/06\/shoqata-e-bjeshkatareve-rumia-organizon-viziten-ne-kanjonin-e-megjurecit-video\/kanjoni-i-megjurecit\/'><img width=\"150\" height=\"150\" src=\"https:\/\/www.visit-ulcinj.com\/blog\/wp-content\/uploads\/2013\/05\/Kanjoni-i-Megjurecit-150x150.jpg\" class=\"attachment-thumbnail size-thumbnail\" alt=\"\" loading=\"lazy\" \/><\/a>\n\t\t\t<\/dt><\/dl><dl class='gallery-item'>\n\t\t\t<dt class='gallery-icon landscape'>\n\t\t\t\t<a href='https:\/\/www.visit-ulcinj.com\/blog\/2013\/05\/06\/shoqata-e-bjeshkatareve-rumia-organizon-viziten-ne-kanjonin-e-megjurecit-video\/kanjoni-i-megjurecit-6\/'><img width=\"150\" height=\"150\" src=\"https:\/\/www.visit-ulcinj.com\/blog\/wp-content\/uploads\/2013\/05\/Kanjoni-i-Megjurecit.6-150x150.jpg\" class=\"attachment-thumbnail size-thumbnail\" alt=\"\" loading=\"lazy\" \/><\/a>\n\t\t\t<\/dt><\/dl><br style=\"clear: both\" \/><dl class='gallery-item'>\n\t\t\t<dt class='gallery-icon portrait'>\n\t\t\t\t<a href='https:\/\/www.visit-ulcinj.com\/blog\/2013\/05\/06\/shoqata-e-bjeshkatareve-rumia-organizon-viziten-ne-kanjonin-e-megjurecit-video\/kanjoni-i-megjurecit-5\/'><img width=\"150\" height=\"150\" src=\"https:\/\/www.visit-ulcinj.com\/blog\/wp-content\/uploads\/2013\/05\/Kanjoni-i-Megjurecit.5-150x150.jpg\" class=\"attachment-thumbnail size-thumbnail\" alt=\"\" loading=\"lazy\" \/><\/a>\n\t\t\t<\/dt><\/dl><dl class='gallery-item'>\n\t\t\t<dt class='gallery-icon portrait'>\n\t\t\t\t<a href='https:\/\/www.visit-ulcinj.com\/blog\/2013\/05\/06\/shoqata-e-bjeshkatareve-rumia-organizon-viziten-ne-kanjonin-e-megjurecit-video\/kanjoni-i-megjurecit-4\/'><img width=\"150\" height=\"150\" src=\"https:\/\/www.visit-ulcinj.com\/blog\/wp-content\/uploads\/2013\/05\/Kanjoni-i-Megjurecit.4-150x150.jpg\" class=\"attachment-thumbnail size-thumbnail\" alt=\"\" loading=\"lazy\" \/><\/a>\n\t\t\t<\/dt><\/dl><dl class='gallery-item'>\n\t\t\t<dt class='gallery-icon landscape'>\n\t\t\t\t<a href='https:\/\/www.visit-ulcinj.com\/blog\/2013\/05\/06\/shoqata-e-bjeshkatareve-rumia-organizon-viziten-ne-kanjonin-e-megjurecit-video\/kanjoni-i-megjurecit-3\/'><img width=\"150\" height=\"150\" src=\"https:\/\/www.visit-ulcinj.com\/blog\/wp-content\/uploads\/2013\/05\/Kanjoni-i-Megjurecit.3-150x150.jpg\" class=\"attachment-thumbnail size-thumbnail\" alt=\"\" loading=\"lazy\" \/><\/a>\n\t\t\t<\/dt><\/dl><br style=\"clear: both\" \/>\n\t\t<\/div>\n<br \/>\n<\/strong><br \/>\n<iframe loading=\"lazy\" src=\"http:\/\/player.vimeo.com\/video\/52448831\" height=\"375\" width=\"508\" allowfullscreen=\"\" frameborder=\"0\"><\/iframe><\/p>\n","protected":false},"excerpt":{"rendered":"<p>Miq t\u00eb nderuar, Shoqata e bjeshkatar\u00ebve &#8220;RUMIA&#8221; organizon vizit\u00ebn e radh\u00ebs &#8211; Kanjonin e Megjure\u00e7it (dy ujvarat e fundit dhe nj\u00eb burim uji t\u00eb bjeshk\u00ebs)! Bukuri e rrall\u00eb, m\u00eb komun\u00ebn ton\u00eb! E shtun\u00eb me 11. maj! Nisja prej Ulqinit n\u00eb 7:30h para Komun\u00ebs, takimi me koleg\u00ebt n\u00eb 8:00h te Rrethi n\u00eb Kryth ( t\u00eb Kat\u00ebrkoll\u00ebs). [&hellip;]<\/p>\n","protected":false},"author":1,"featured_media":0,"comment_status":"open","ping_status":"closed","sticky":false,"template":"","format":"standard","meta":{"spay_email":"","jetpack_publicize_message":"","jetpack_is_tweetstorm":false,"jetpack_publicize_feature_enabled":true},"categories":[3],"tags":[],"jetpack_publicize_connections":[],"yoast_head":"<!-- This site is optimized with the Yoast SEO plugin v19.1 - https:\/\/yoast.com\/wordpress\/plugins\/seo\/ -->\n<title>Shoqata e bjeshkatar\u00ebve &quot;RUMIA&quot; organizon vizit\u00ebn n\u00eb Kanjonin e Megjure\u00e7it - Video - Lajme nga Ulqini<\/title>\n<meta name=\"description\" content=\"Miq t\u00eb nderuar, Shoqata e bjeshkatar\u00ebve &quot;RUMIA&quot; organizon vizit\u00ebn e radh\u00ebs - Kanjonin e Megjure\u00e7it (dy ujvarat e fundit dhe nj\u00eb burim uji t\u00eb bjeshk\u00ebs)!\" \/>\n<meta name=\"robots\" content=\"index, follow, max-snippet:-1, max-image-preview:large, max-video-preview:-1\" \/>\n<link rel=\"canonical\" href=\"https:\/\/www.visit-ulcinj.com\/blog\/2013\/05\/06\/shoqata-e-bjeshkatareve-rumia-organizon-viziten-ne-kanjonin-e-megjurecit-video\/\" \/>\n<meta property=\"og:locale\" content=\"en_US\" \/>\n<meta property=\"og:type\" content=\"article\" \/>\n<meta property=\"og:title\" content=\"Shoqata e bjeshkatar\u00ebve &quot;RUMIA&quot; organizon vizit\u00ebn n\u00eb Kanjonin e Megjure\u00e7it - Video - Lajme nga Ulqini\" \/>\n<meta property=\"og:description\" content=\"Miq t\u00eb nderuar, Shoqata e bjeshkatar\u00ebve &quot;RUMIA&quot; organizon vizit\u00ebn e radh\u00ebs - Kanjonin e Megjure\u00e7it (dy ujvarat e fundit dhe nj\u00eb burim uji t\u00eb bjeshk\u00ebs)!\" \/>\n<meta property=\"og:url\" content=\"https:\/\/www.visit-ulcinj.com\/blog\/2013\/05\/06\/shoqata-e-bjeshkatareve-rumia-organizon-viziten-ne-kanjonin-e-megjurecit-video\/\" \/>\n<meta property=\"og:site_name\" content=\"Lajme nga Ulqini\" \/>\n<meta property=\"article:published_time\" content=\"2013-05-06T18:30:12+00:00\" \/>\n<meta property=\"article:modified_time\" content=\"2013-05-10T13:42:14+00:00\" \/>\n<meta property=\"og:image\" content=\"https:\/\/www.visit-ulcinj.com\/blog\/wp-content\/uploads\/2013\/05\/Kanjoni-i-Megjurecit.1-150x150.jpg\" \/>\n<meta name=\"twitter:label1\" content=\"Written by\" \/>\n\t<meta name=\"twitter:data1\" content=\"ulqini\" \/>\n\t<meta name=\"twitter:label2\" content=\"Est. reading time\" \/>\n\t<meta name=\"twitter:data2\" content=\"1 minute\" \/>\n<script type=\"application\/ld+json\" class=\"yoast-schema-graph\">{\"@context\":\"https:\/\/schema.org\",\"@graph\":[{\"@type\":\"WebSite\",\"@id\":\"https:\/\/www.visit-ulcinj.com\/blog\/#website\",\"url\":\"https:\/\/www.visit-ulcinj.com\/blog\/\",\"name\":\"Lajme nga Ulqini\",\"description\":\"Lajme,Vijesti,Ulqini,Ulqin,Crna Gora,Mali i Zi\",\"potentialAction\":[{\"@type\":\"SearchAction\",\"target\":{\"@type\":\"EntryPoint\",\"urlTemplate\":\"https:\/\/www.visit-ulcinj.com\/blog\/?s={search_term_string}\"},\"query-input\":\"required name=search_term_string\"}],\"inLanguage\":\"en-US\"},{\"@type\":\"ImageObject\",\"inLanguage\":\"en-US\",\"@id\":\"https:\/\/www.visit-ulcinj.com\/blog\/2013\/05\/06\/shoqata-e-bjeshkatareve-rumia-organizon-viziten-ne-kanjonin-e-megjurecit-video\/#primaryimage\",\"url\":\"https:\/\/www.visit-ulcinj.com\/blog\/wp-content\/uploads\/2013\/05\/Kanjoni-i-Megjurecit.3.jpg\",\"contentUrl\":\"https:\/\/www.visit-ulcinj.com\/blog\/wp-content\/uploads\/2013\/05\/Kanjoni-i-Megjurecit.3.jpg\",\"width\":1024,\"height\":768},{\"@type\":\"WebPage\",\"@id\":\"https:\/\/www.visit-ulcinj.com\/blog\/2013\/05\/06\/shoqata-e-bjeshkatareve-rumia-organizon-viziten-ne-kanjonin-e-megjurecit-video\/#webpage\",\"url\":\"https:\/\/www.visit-ulcinj.com\/blog\/2013\/05\/06\/shoqata-e-bjeshkatareve-rumia-organizon-viziten-ne-kanjonin-e-megjurecit-video\/\",\"name\":\"Shoqata e bjeshkatar\u00ebve \\\"RUMIA\\\" organizon vizit\u00ebn n\u00eb Kanjonin e Megjure\u00e7it - Video - Lajme nga Ulqini\",\"isPartOf\":{\"@id\":\"https:\/\/www.visit-ulcinj.com\/blog\/#website\"},\"primaryImageOfPage\":{\"@id\":\"https:\/\/www.visit-ulcinj.com\/blog\/2013\/05\/06\/shoqata-e-bjeshkatareve-rumia-organizon-viziten-ne-kanjonin-e-megjurecit-video\/#primaryimage\"},\"datePublished\":\"2013-05-06T18:30:12+00:00\",\"dateModified\":\"2013-05-10T13:42:14+00:00\",\"author\":{\"@id\":\"https:\/\/www.visit-ulcinj.com\/blog\/#\/schema\/person\/dcab619c614d3038751c63bc2aadc06d\"},\"description\":\"Miq t\u00eb nderuar, Shoqata e bjeshkatar\u00ebve \\\"RUMIA\\\" organizon vizit\u00ebn e radh\u00ebs - Kanjonin e Megjure\u00e7it (dy ujvarat e fundit dhe nj\u00eb burim uji t\u00eb bjeshk\u00ebs)!\",\"breadcrumb\":{\"@id\":\"https:\/\/www.visit-ulcinj.com\/blog\/2013\/05\/06\/shoqata-e-bjeshkatareve-rumia-organizon-viziten-ne-kanjonin-e-megjurecit-video\/#breadcrumb\"},\"inLanguage\":\"en-US\",\"potentialAction\":[{\"@type\":\"ReadAction\",\"target\":[\"https:\/\/www.visit-ulcinj.com\/blog\/2013\/05\/06\/shoqata-e-bjeshkatareve-rumia-organizon-viziten-ne-kanjonin-e-megjurecit-video\/\"]}]},{\"@type\":\"BreadcrumbList\",\"@id\":\"https:\/\/www.visit-ulcinj.com\/blog\/2013\/05\/06\/shoqata-e-bjeshkatareve-rumia-organizon-viziten-ne-kanjonin-e-megjurecit-video\/#breadcrumb\",\"itemListElement\":[{\"@type\":\"ListItem\",\"position\":1,\"name\":\"Shoqata e bjeshkatar\u00ebve &#8220;RUMIA&#8221; organizon vizit\u00ebn n\u00eb Kanjonin e Megjure\u00e7it &#8211; Video\"}]},{\"@type\":\"Person\",\"@id\":\"https:\/\/www.visit-ulcinj.com\/blog\/#\/schema\/person\/dcab619c614d3038751c63bc2aadc06d\",\"name\":\"ulqini\",\"sameAs\":[\"http:\/\/www.visit-ulcinj.com\"],\"url\":\"https:\/\/www.visit-ulcinj.com\/blog\/author\/admin\/\"}]}<\/script>\n<!-- \/ Yoast SEO plugin. -->","yoast_head_json":{"title":"Shoqata e bjeshkatar\u00ebve \"RUMIA\" organizon vizit\u00ebn n\u00eb Kanjonin e Megjure\u00e7it - Video - Lajme nga Ulqini","description":"Miq t\u00eb nderuar, Shoqata e bjeshkatar\u00ebve \"RUMIA\" organizon vizit\u00ebn e radh\u00ebs - Kanjonin e Megjure\u00e7it (dy ujvarat e fundit dhe nj\u00eb burim uji t\u00eb bjeshk\u00ebs)!","robots":{"index":"index","follow":"follow","max-snippet":"max-snippet:-1","max-image-preview":"max-image-preview:large","max-video-preview":"max-video-preview:-1"},"canonical":"https:\/\/www.visit-ulcinj.com\/blog\/2013\/05\/06\/shoqata-e-bjeshkatareve-rumia-organizon-viziten-ne-kanjonin-e-megjurecit-video\/","og_locale":"en_US","og_type":"article","og_title":"Shoqata e bjeshkatar\u00ebve \"RUMIA\" organizon vizit\u00ebn n\u00eb Kanjonin e Megjure\u00e7it - Video - Lajme nga Ulqini","og_description":"Miq t\u00eb nderuar, Shoqata e bjeshkatar\u00ebve \"RUMIA\" organizon vizit\u00ebn e radh\u00ebs - Kanjonin e Megjure\u00e7it (dy ujvarat e fundit dhe nj\u00eb burim uji t\u00eb bjeshk\u00ebs)!","og_url":"https:\/\/www.visit-ulcinj.com\/blog\/2013\/05\/06\/shoqata-e-bjeshkatareve-rumia-organizon-viziten-ne-kanjonin-e-megjurecit-video\/","og_site_name":"Lajme nga Ulqini","article_published_time":"2013-05-06T18:30:12+00:00","article_modified_time":"2013-05-10T13:42:14+00:00","og_image":[{"url":"https:\/\/www.visit-ulcinj.com\/blog\/wp-content\/uploads\/2013\/05\/Kanjoni-i-Megjurecit.1-150x150.jpg"}],"twitter_misc":{"Written by":"ulqini","Est. reading time":"1 minute"},"schema":{"@context":"https:\/\/schema.org","@graph":[{"@type":"WebSite","@id":"https:\/\/www.visit-ulcinj.com\/blog\/#website","url":"https:\/\/www.visit-ulcinj.com\/blog\/","name":"Lajme nga Ulqini","description":"Lajme,Vijesti,Ulqini,Ulqin,Crna Gora,Mali i Zi","potentialAction":[{"@type":"SearchAction","target":{"@type":"EntryPoint","urlTemplate":"https:\/\/www.visit-ulcinj.com\/blog\/?s={search_term_string}"},"query-input":"required name=search_term_string"}],"inLanguage":"en-US"},{"@type":"ImageObject","inLanguage":"en-US","@id":"https:\/\/www.visit-ulcinj.com\/blog\/2013\/05\/06\/shoqata-e-bjeshkatareve-rumia-organizon-viziten-ne-kanjonin-e-megjurecit-video\/#primaryimage","url":"https:\/\/www.visit-ulcinj.com\/blog\/wp-content\/uploads\/2013\/05\/Kanjoni-i-Megjurecit.3.jpg","contentUrl":"https:\/\/www.visit-ulcinj.com\/blog\/wp-content\/uploads\/2013\/05\/Kanjoni-i-Megjurecit.3.jpg","width":1024,"height":768},{"@type":"WebPage","@id":"https:\/\/www.visit-ulcinj.com\/blog\/2013\/05\/06\/shoqata-e-bjeshkatareve-rumia-organizon-viziten-ne-kanjonin-e-megjurecit-video\/#webpage","url":"https:\/\/www.visit-ulcinj.com\/blog\/2013\/05\/06\/shoqata-e-bjeshkatareve-rumia-organizon-viziten-ne-kanjonin-e-megjurecit-video\/","name":"Shoqata e bjeshkatar\u00ebve \"RUMIA\" organizon vizit\u00ebn n\u00eb Kanjonin e Megjure\u00e7it - Video - Lajme nga Ulqini","isPartOf":{"@id":"https:\/\/www.visit-ulcinj.com\/blog\/#website"},"primaryImageOfPage":{"@id":"https:\/\/www.visit-ulcinj.com\/blog\/2013\/05\/06\/shoqata-e-bjeshkatareve-rumia-organizon-viziten-ne-kanjonin-e-megjurecit-video\/#primaryimage"},"datePublished":"2013-05-06T18:30:12+00:00","dateModified":"2013-05-10T13:42:14+00:00","author":{"@id":"https:\/\/www.visit-ulcinj.com\/blog\/#\/schema\/person\/dcab619c614d3038751c63bc2aadc06d"},"description":"Miq t\u00eb nderuar, Shoqata e bjeshkatar\u00ebve \"RUMIA\" organizon vizit\u00ebn e radh\u00ebs - Kanjonin e Megjure\u00e7it (dy ujvarat e fundit dhe nj\u00eb burim uji t\u00eb bjeshk\u00ebs)!","breadcrumb":{"@id":"https:\/\/www.visit-ulcinj.com\/blog\/2013\/05\/06\/shoqata-e-bjeshkatareve-rumia-organizon-viziten-ne-kanjonin-e-megjurecit-video\/#breadcrumb"},"inLanguage":"en-US","potentialAction":[{"@type":"ReadAction","target":["https:\/\/www.visit-ulcinj.com\/blog\/2013\/05\/06\/shoqata-e-bjeshkatareve-rumia-organizon-viziten-ne-kanjonin-e-megjurecit-video\/"]}]},{"@type":"BreadcrumbList","@id":"https:\/\/www.visit-ulcinj.com\/blog\/2013\/05\/06\/shoqata-e-bjeshkatareve-rumia-organizon-viziten-ne-kanjonin-e-megjurecit-video\/#breadcrumb","itemListElement":[{"@type":"ListItem","position":1,"name":"Shoqata e bjeshkatar\u00ebve &#8220;RUMIA&#8221; organizon vizit\u00ebn n\u00eb Kanjonin e Megjure\u00e7it &#8211; Video"}]},{"@type":"Person","@id":"https:\/\/www.visit-ulcinj.com\/blog\/#\/schema\/person\/dcab619c614d3038751c63bc2aadc06d","name":"ulqini","sameAs":["http:\/\/www.visit-ulcinj.com"],"url":"https:\/\/www.visit-ulcinj.com\/blog\/author\/admin\/"}]}},"jetpack_featured_media_url":"","jetpack_sharing_enabled":true,"jetpack_shortlink":"https:\/\/wp.me\/pe6lTn-iuR","_links":{"self":[{"href":"https:\/\/www.visit-ulcinj.com\/blog\/wp-json\/wp\/v2\/posts\/71105"}],"collection":[{"href":"https:\/\/www.visit-ulcinj.com\/blog\/wp-json\/wp\/v2\/posts"}],"about":[{"href":"https:\/\/www.visit-ulcinj.com\/blog\/wp-json\/wp\/v2\/types\/post"}],"author":[{"embeddable":true,"href":"https:\/\/www.visit-ulcinj.com\/blog\/wp-json\/wp\/v2\/users\/1"}],"replies":[{"embeddable":true,"href":"https:\/\/www.visit-ulcinj.com\/blog\/wp-json\/wp\/v2\/comments?post=71105"}],"version-history":[{"count":7,"href":"https:\/\/www.visit-ulcinj.com\/blog\/wp-json\/wp\/v2\/posts\/71105\/revisions"}],"predecessor-version":[{"id":71221,"href":"https:\/\/www.visit-ulcinj.com\/blog\/wp-json\/wp\/v2\/posts\/71105\/revisions\/71221"}],"wp:attachment":[{"href":"https:\/\/www.visit-ulcinj.com\/blog\/wp-json\/wp\/v2\/media?parent=71105"}],"wp:term":[{"taxonomy":"category","embeddable":true,"href":"https:\/\/www.visit-ulcinj.com\/blog\/wp-json\/wp\/v2\/categories?post=71105"},{"taxonomy":"post_tag","embeddable":true,"href":"https:\/\/www.visit-ulcinj.com\/blog\/wp-json\/wp\/v2\/tags?post=71105"}],"curies":[{"name":"wp","href":"https:\/\/api.w.org\/{rel}","templated":true}]}}