{"id":71148,"date":"2013-05-07T18:27:19","date_gmt":"2013-05-07T17:27:19","guid":{"rendered":"http:\/\/www.visit-ulcinj.com\/blog\/?p=71148"},"modified":"2013-05-07T18:27:19","modified_gmt":"2013-05-07T17:27:19","slug":"pike-kalimi-ne-sukobine-do-te-shnderrohet-edhe-ne-pike-komerciale","status":"publish","type":"post","link":"https:\/\/www.visit-ulcinj.com\/blog\/2013\/05\/07\/pike-kalimi-ne-sukobine-do-te-shnderrohet-edhe-ne-pike-komerciale\/","title":{"rendered":"Pik\u00eb kalimi n\u00eb Sukobin\u00eb do t\u00eb shnd\u00ebrrohet edhe n\u00eb pik\u00eb komerciale"},"content":{"rendered":"<p><a href=\"http:\/\/www.visit-ulcinj.com\/blog\/wp-content\/uploads\/2013\/05\/Agim-Shahini-Nazif-Cungu-Ulqin.jpg\"><img loading=\"lazy\" class=\"alignleft size-full wp-image-71149\" alt=\"Agim Shahini - Nazif Cungu-Ulqin\" src=\"http:\/\/www.visit-ulcinj.com\/blog\/wp-content\/uploads\/2013\/05\/Agim-Shahini-Nazif-Cungu-Ulqin.jpg\" width=\"508\" height=\"247\" srcset=\"https:\/\/www.visit-ulcinj.com\/blog\/wp-content\/uploads\/2013\/05\/Agim-Shahini-Nazif-Cungu-Ulqin.jpg 508w, https:\/\/www.visit-ulcinj.com\/blog\/wp-content\/uploads\/2013\/05\/Agim-Shahini-Nazif-Cungu-Ulqin-300x145.jpg 300w\" sizes=\"(max-width: 508px) 100vw, 508px\" \/><\/a>Ulqin, 6 maj &#8211; Nj\u00eb delegacion i Aleanc\u00ebs Kosovare t\u00eb Bizneseve kan\u00eb takuar udh\u00ebheqjen e Komun\u00ebs s\u00eb Ulqinit, ku kan\u00eb biseduar lidhur me leht\u00ebsirat p\u00ebr bizneset dhe turist\u00ebt nga Kosova.Nazif Cungu, kryetar i Komun\u00eb s\u00eb Ulqinit, tha se edhe sivjet jan\u00eb m\u00eb t\u00eb p\u00ebrgatitur p\u00ebr pritjen e turist\u00ebve, kan\u00eb b\u00ebr\u00eb investime t\u00eb mjaftueshme q\u00eb tu ofrohen kushte komode. \u201cJemi t\u00eb interesuar q\u00eb t\u00eb rrisim numrin e turist\u00ebve nga Kosova dhe duhet t\u00eb eliminohen t\u00eb gjitha shqet\u00ebsimet q\u00eb nga kufiri e k\u00ebtej\u201d, tha kryetari.<\/p>\n<p>Cungu, tregoi se ka k\u00ebrkuar nga komandanti i policis\u00eb, q\u00eb t\u00eb mos ket\u00eb pritje t\u00eb gjata n\u00eb kufij, por jepen arsyetime se duhet b\u00ebhen kontrolle p\u00ebr shkak t\u00eb kalimeve t\u00eb mallrave t\u00eb d\u00ebmshme. Sipas tij, \u00e7do dit\u00eb ka raste t\u00eb ndryshme n\u00eb t\u00eb cilat nuk kursehen as familjet, f\u00ebmij\u00ebt dhe grat\u00eb shtatz\u00ebna, p\u00ebr t\u00eb cil\u00ebt askujt nuk ia merr mendja se bartin gj\u00ebra t\u00eb paligjshme. K\u00ebto dit\u00eb do t\u00eb ken\u00eb edhe nj\u00eb takim tjet\u00ebr me policin\u00eb ku prap\u00eb do t\u00eb k\u00ebrkojn\u00eb kontrolle m\u00eb t\u00eb lehta, por pa premtuar se ato do t\u00eb eliminohen, thuhet n\u00eb nj\u00eb komunikat\u00eb t\u00eb AKB-s\u00eb.<\/p>\n<p>\u201c Kemi k\u00ebrkuar q\u00eb pik\u00eb kalimi n\u00eb Sukobin\u00eb t\u00eb shnd\u00ebrrohet edhe n\u00eb pik\u00eb komerciale dhe e cila pritet t\u00eb ndodh vitin q\u00eb vjen. \u00cbsht\u00eb k\u00ebrkuar q\u00eb t\u00eb b\u00ebhet vet\u00ebm nj\u00eb kontroll e jo dy\u201d, tha kryetari i Ulqinit. Cungu, tregoi se kan\u00eb arritur q\u00eb t\u00eb investojn\u00eb shum\u00eb n\u00eb t\u00eb gjitha fushat. Pas mbarimit t\u00eb nd\u00ebrtimit t\u00eb rrug\u00ebs nga Sukobina p\u00ebr n\u00eb Ulqin, t\u00eb faz\u00ebs s\u00eb par\u00eb, k\u00ebto dit\u00eb pritet t\u00eb kryhet edhe faza e dyt\u00eb dhe pas mbarimit t\u00eb sezon\u00ebs turistike t\u00eb vazhdoj e treta.\u00a0 Kryetari,\u00a0 tregoi se jan\u00eb n\u00eb\u00a0 mbarim t\u00eb ur\u00ebs mbi Portomileno, e cila do t\u00eb\u00a0 zvog\u00ebloj rr\u00ebmuj\u00ebn e gjat\u00eb t\u00eb automjeteve. Ai p\u00ebrmendi edhe realizmin e shum\u00eb investime tjera t\u00eb dobishme p\u00ebr pushuesit dhe ulqinak\u00ebt.<\/p>\n<p>\u201cNa g\u00ebzon fakti q\u00eb tashm\u00eb ka prodhime t\u00eb Kosov\u00ebs n\u00ebp\u00ebr restaurante dhe supermarkete.<\/p>\n<p>Gjat\u00eb vitit po ashtu do t\u00eb ket\u00eb edhe m\u00eb shum\u00eb prodhime nga Kosova e t\u00eb cilat jan\u00eb t\u00eb preferuara nga turist\u00ebt\u201d, tha Cungu, duke ftuar edhe bizneset, afarist\u00ebt hotelier, ata t\u00eb dyqaneve, q\u00eb t\u00eb sjellin prodhimet e Kosov\u00ebs n\u00eb Ulqin.<\/p>\n<p>Agim Shahini, kryetar i Aleanc\u00ebs Kosovare t\u00eb Bizneseve, tha se me q\u00ebllim t\u00eb rritjes s\u00eb vlerave ekonomike, bashk\u00ebpunimit m\u00eb t\u00eb madh nd\u00ebrmjet bizneseve kosovare dhe atyre t\u00eb Ulqinit jan\u00eb arritur tri marr\u00ebveshje.<\/p>\n<p>\u201cMe kryetarin e Komun\u00ebs s\u00eb Ulqinit, jemi dakorduar q\u00eb t\u00eb ofrohen m\u00eb shum\u00eb sh\u00ebrbime dhe at\u00eb m\u00eb t\u00eb lira dhe t\u00eb merren me prioritet t\u00eb gjitha k\u00ebrkesat e bizneseve dhe qytetar\u00ebve gjat\u00eb sezon\u00ebs turistike\u201d, tha Shahini. Tash disa vjet AKB-ja, k\u00ebrkon q\u00eb pik\u00eb kalimi Muriqan- Sukobin\u00eb t\u00eb shnd\u00ebrrohet edhe n\u00eb pik\u00eb komerciale, me q\u00ebllim t\u00eb sjelljes s\u00eb prodhimeve nga Kosova m\u00eb shpejt e t\u00eb cilat jan\u00eb t\u00eb k\u00ebrkuara nga turist\u00ebt nga Kosova. \u201cKjo k\u00ebrkes\u00eb e AKB-s\u00eb pritet q\u00eb s\u00eb shpejti do t\u00eb realizohet\u201d, tha kryetari Agim Shahini. Ai tregoi se Kosova ka mjaft fabrika prodhuese\u00a0 dhe mund t\u00eb sillen prodhimet dhe kemi shpreh gatishm\u00ebrin\u00eb q\u00eb t\u00eb jemi n\u00eb k\u00ebt\u00eb sezon\u00eb edhe me prodhimet.<\/p>\n<p>Kryetari i AKB-s\u00eb, shtoi se m\u00eb shum\u00eb se pes\u00ebdhjet\u00eb kompani t\u00eb Kosov\u00ebs q\u00eb kapin nj\u00eb shif\u00ebr mbi pes\u00eb mij\u00eb artikuj t\u00eb Kosov\u00ebs t\u00eb cilat do t\u00eb jen\u00eb n\u00eb sezon. Ai ka k\u00ebrkuar nga kryetari i Ulqinit q\u00eb ato t\u00eb trajtohen mir\u00eb.<\/p>\n<p>\u201cNdihemi mir\u00eb q\u00eb prodhimet nga Kosova jan\u00eb t\u00eb ekspozuara dhe do t\u00eb jen\u00eb tek turist\u00ebt. K\u00ebto jan\u00eb m\u00eb t\u00eb lira se n\u00eb Kosov\u00eb dhe kjo do t\u00eb b\u00ebn\u00eb nj\u00eb treg t\u00eb mir\u00eb dhe tu ofrohet prodhuesve kosovar dhe n\u00eb t\u00eb nj\u00ebjt\u00ebn koh\u00eb tu ofrohet edhe pushuesve kosovar\u00eb n\u00eb Ulqin. Ata duhet ti gjejn\u00eb pastaj bashk\u00ebpunuesit e tyre dhe t\u00eb promovojn\u00eb sa m\u00eb shum\u00eb mallin e tyre\u201d, tha Shahini.<\/p>\n","protected":false},"excerpt":{"rendered":"<p>Ulqin, 6 maj &#8211; Nj\u00eb delegacion i Aleanc\u00ebs Kosovare t\u00eb Bizneseve kan\u00eb takuar udh\u00ebheqjen e Komun\u00ebs s\u00eb Ulqinit, ku kan\u00eb biseduar lidhur me leht\u00ebsirat p\u00ebr bizneset dhe turist\u00ebt nga Kosova.Nazif Cungu, kryetar i Komun\u00eb s\u00eb Ulqinit, tha se edhe sivjet jan\u00eb m\u00eb t\u00eb p\u00ebrgatitur p\u00ebr pritjen e turist\u00ebve, kan\u00eb b\u00ebr\u00eb investime t\u00eb mjaftueshme q\u00eb tu [&hellip;]<\/p>\n","protected":false},"author":1,"featured_media":0,"comment_status":"open","ping_status":"closed","sticky":false,"template":"","format":"standard","meta":{"spay_email":"","jetpack_publicize_message":"","jetpack_is_tweetstorm":false,"jetpack_publicize_feature_enabled":true},"categories":[12],"tags":[],"jetpack_publicize_connections":[],"yoast_head":"<!-- This site is optimized with the Yoast SEO plugin v19.1 - https:\/\/yoast.com\/wordpress\/plugins\/seo\/ -->\n<title>Pik\u00eb kalimi n\u00eb Sukobin\u00eb do t\u00eb shnd\u00ebrrohet edhe n\u00eb pik\u00eb komerciale - Lajme nga Ulqini<\/title>\n<meta name=\"description\" content=\"Ulqin, 6 maj - Nj\u00eb delegacion i Aleanc\u00ebs Kosovare t\u00eb Bizneseve kan\u00eb takuar udh\u00ebheqjen e Komun\u00ebs s\u00eb Ulqinit, ku kan\u00eb biseduar lidhur me leht\u00ebsirat p\u00ebr\" \/>\n<meta name=\"robots\" content=\"index, follow, max-snippet:-1, max-image-preview:large, max-video-preview:-1\" \/>\n<link rel=\"canonical\" href=\"https:\/\/www.visit-ulcinj.com\/blog\/2013\/05\/07\/pike-kalimi-ne-sukobine-do-te-shnderrohet-edhe-ne-pike-komerciale\/\" \/>\n<meta property=\"og:locale\" content=\"en_US\" \/>\n<meta property=\"og:type\" content=\"article\" \/>\n<meta property=\"og:title\" content=\"Pik\u00eb kalimi n\u00eb Sukobin\u00eb do t\u00eb shnd\u00ebrrohet edhe n\u00eb pik\u00eb komerciale - Lajme nga Ulqini\" \/>\n<meta property=\"og:description\" content=\"Ulqin, 6 maj - Nj\u00eb delegacion i Aleanc\u00ebs Kosovare t\u00eb Bizneseve kan\u00eb takuar udh\u00ebheqjen e Komun\u00ebs s\u00eb Ulqinit, ku kan\u00eb biseduar lidhur me leht\u00ebsirat p\u00ebr\" \/>\n<meta property=\"og:url\" content=\"https:\/\/www.visit-ulcinj.com\/blog\/2013\/05\/07\/pike-kalimi-ne-sukobine-do-te-shnderrohet-edhe-ne-pike-komerciale\/\" \/>\n<meta property=\"og:site_name\" content=\"Lajme nga Ulqini\" \/>\n<meta property=\"article:published_time\" content=\"2013-05-07T17:27:19+00:00\" \/>\n<meta property=\"og:image\" content=\"http:\/\/www.visit-ulcinj.com\/blog\/wp-content\/uploads\/2013\/05\/Agim-Shahini-Nazif-Cungu-Ulqin.jpg\" \/>\n<meta name=\"twitter:label1\" content=\"Written by\" \/>\n\t<meta name=\"twitter:data1\" content=\"ulqini\" \/>\n\t<meta name=\"twitter:label2\" content=\"Est. reading time\" \/>\n\t<meta name=\"twitter:data2\" content=\"3 minutes\" \/>\n<script type=\"application\/ld+json\" class=\"yoast-schema-graph\">{\"@context\":\"https:\/\/schema.org\",\"@graph\":[{\"@type\":\"WebSite\",\"@id\":\"https:\/\/www.visit-ulcinj.com\/blog\/#website\",\"url\":\"https:\/\/www.visit-ulcinj.com\/blog\/\",\"name\":\"Lajme nga Ulqini\",\"description\":\"Lajme,Vijesti,Ulqini,Ulqin,Crna Gora,Mali i Zi\",\"potentialAction\":[{\"@type\":\"SearchAction\",\"target\":{\"@type\":\"EntryPoint\",\"urlTemplate\":\"https:\/\/www.visit-ulcinj.com\/blog\/?s={search_term_string}\"},\"query-input\":\"required name=search_term_string\"}],\"inLanguage\":\"en-US\"},{\"@type\":\"ImageObject\",\"inLanguage\":\"en-US\",\"@id\":\"https:\/\/www.visit-ulcinj.com\/blog\/2013\/05\/07\/pike-kalimi-ne-sukobine-do-te-shnderrohet-edhe-ne-pike-komerciale\/#primaryimage\",\"url\":\"https:\/\/www.visit-ulcinj.com\/blog\/wp-content\/uploads\/2013\/05\/Agim-Shahini-Nazif-Cungu-Ulqin.jpg\",\"contentUrl\":\"https:\/\/www.visit-ulcinj.com\/blog\/wp-content\/uploads\/2013\/05\/Agim-Shahini-Nazif-Cungu-Ulqin.jpg\",\"width\":508,\"height\":247},{\"@type\":\"WebPage\",\"@id\":\"https:\/\/www.visit-ulcinj.com\/blog\/2013\/05\/07\/pike-kalimi-ne-sukobine-do-te-shnderrohet-edhe-ne-pike-komerciale\/#webpage\",\"url\":\"https:\/\/www.visit-ulcinj.com\/blog\/2013\/05\/07\/pike-kalimi-ne-sukobine-do-te-shnderrohet-edhe-ne-pike-komerciale\/\",\"name\":\"Pik\u00eb kalimi n\u00eb Sukobin\u00eb do t\u00eb shnd\u00ebrrohet edhe n\u00eb pik\u00eb komerciale - Lajme nga Ulqini\",\"isPartOf\":{\"@id\":\"https:\/\/www.visit-ulcinj.com\/blog\/#website\"},\"primaryImageOfPage\":{\"@id\":\"https:\/\/www.visit-ulcinj.com\/blog\/2013\/05\/07\/pike-kalimi-ne-sukobine-do-te-shnderrohet-edhe-ne-pike-komerciale\/#primaryimage\"},\"datePublished\":\"2013-05-07T17:27:19+00:00\",\"dateModified\":\"2013-05-07T17:27:19+00:00\",\"author\":{\"@id\":\"https:\/\/www.visit-ulcinj.com\/blog\/#\/schema\/person\/dcab619c614d3038751c63bc2aadc06d\"},\"description\":\"Ulqin, 6 maj - Nj\u00eb delegacion i Aleanc\u00ebs Kosovare t\u00eb Bizneseve kan\u00eb takuar udh\u00ebheqjen e Komun\u00ebs s\u00eb Ulqinit, ku kan\u00eb biseduar lidhur me leht\u00ebsirat p\u00ebr\",\"breadcrumb\":{\"@id\":\"https:\/\/www.visit-ulcinj.com\/blog\/2013\/05\/07\/pike-kalimi-ne-sukobine-do-te-shnderrohet-edhe-ne-pike-komerciale\/#breadcrumb\"},\"inLanguage\":\"en-US\",\"potentialAction\":[{\"@type\":\"ReadAction\",\"target\":[\"https:\/\/www.visit-ulcinj.com\/blog\/2013\/05\/07\/pike-kalimi-ne-sukobine-do-te-shnderrohet-edhe-ne-pike-komerciale\/\"]}]},{\"@type\":\"BreadcrumbList\",\"@id\":\"https:\/\/www.visit-ulcinj.com\/blog\/2013\/05\/07\/pike-kalimi-ne-sukobine-do-te-shnderrohet-edhe-ne-pike-komerciale\/#breadcrumb\",\"itemListElement\":[{\"@type\":\"ListItem\",\"position\":1,\"name\":\"Pik\u00eb kalimi n\u00eb Sukobin\u00eb do t\u00eb shnd\u00ebrrohet edhe n\u00eb pik\u00eb komerciale\"}]},{\"@type\":\"Person\",\"@id\":\"https:\/\/www.visit-ulcinj.com\/blog\/#\/schema\/person\/dcab619c614d3038751c63bc2aadc06d\",\"name\":\"ulqini\",\"sameAs\":[\"http:\/\/www.visit-ulcinj.com\"],\"url\":\"https:\/\/www.visit-ulcinj.com\/blog\/author\/admin\/\"}]}<\/script>\n<!-- \/ Yoast SEO plugin. -->","yoast_head_json":{"title":"Pik\u00eb kalimi n\u00eb Sukobin\u00eb do t\u00eb shnd\u00ebrrohet edhe n\u00eb pik\u00eb komerciale - Lajme nga Ulqini","description":"Ulqin, 6 maj - Nj\u00eb delegacion i Aleanc\u00ebs Kosovare t\u00eb Bizneseve kan\u00eb takuar udh\u00ebheqjen e Komun\u00ebs s\u00eb Ulqinit, ku kan\u00eb biseduar lidhur me leht\u00ebsirat p\u00ebr","robots":{"index":"index","follow":"follow","max-snippet":"max-snippet:-1","max-image-preview":"max-image-preview:large","max-video-preview":"max-video-preview:-1"},"canonical":"https:\/\/www.visit-ulcinj.com\/blog\/2013\/05\/07\/pike-kalimi-ne-sukobine-do-te-shnderrohet-edhe-ne-pike-komerciale\/","og_locale":"en_US","og_type":"article","og_title":"Pik\u00eb kalimi n\u00eb Sukobin\u00eb do t\u00eb shnd\u00ebrrohet edhe n\u00eb pik\u00eb komerciale - Lajme nga Ulqini","og_description":"Ulqin, 6 maj - Nj\u00eb delegacion i Aleanc\u00ebs Kosovare t\u00eb Bizneseve kan\u00eb takuar udh\u00ebheqjen e Komun\u00ebs s\u00eb Ulqinit, ku kan\u00eb biseduar lidhur me leht\u00ebsirat p\u00ebr","og_url":"https:\/\/www.visit-ulcinj.com\/blog\/2013\/05\/07\/pike-kalimi-ne-sukobine-do-te-shnderrohet-edhe-ne-pike-komerciale\/","og_site_name":"Lajme nga Ulqini","article_published_time":"2013-05-07T17:27:19+00:00","og_image":[{"url":"http:\/\/www.visit-ulcinj.com\/blog\/wp-content\/uploads\/2013\/05\/Agim-Shahini-Nazif-Cungu-Ulqin.jpg"}],"twitter_misc":{"Written by":"ulqini","Est. reading time":"3 minutes"},"schema":{"@context":"https:\/\/schema.org","@graph":[{"@type":"WebSite","@id":"https:\/\/www.visit-ulcinj.com\/blog\/#website","url":"https:\/\/www.visit-ulcinj.com\/blog\/","name":"Lajme nga Ulqini","description":"Lajme,Vijesti,Ulqini,Ulqin,Crna Gora,Mali i Zi","potentialAction":[{"@type":"SearchAction","target":{"@type":"EntryPoint","urlTemplate":"https:\/\/www.visit-ulcinj.com\/blog\/?s={search_term_string}"},"query-input":"required name=search_term_string"}],"inLanguage":"en-US"},{"@type":"ImageObject","inLanguage":"en-US","@id":"https:\/\/www.visit-ulcinj.com\/blog\/2013\/05\/07\/pike-kalimi-ne-sukobine-do-te-shnderrohet-edhe-ne-pike-komerciale\/#primaryimage","url":"https:\/\/www.visit-ulcinj.com\/blog\/wp-content\/uploads\/2013\/05\/Agim-Shahini-Nazif-Cungu-Ulqin.jpg","contentUrl":"https:\/\/www.visit-ulcinj.com\/blog\/wp-content\/uploads\/2013\/05\/Agim-Shahini-Nazif-Cungu-Ulqin.jpg","width":508,"height":247},{"@type":"WebPage","@id":"https:\/\/www.visit-ulcinj.com\/blog\/2013\/05\/07\/pike-kalimi-ne-sukobine-do-te-shnderrohet-edhe-ne-pike-komerciale\/#webpage","url":"https:\/\/www.visit-ulcinj.com\/blog\/2013\/05\/07\/pike-kalimi-ne-sukobine-do-te-shnderrohet-edhe-ne-pike-komerciale\/","name":"Pik\u00eb kalimi n\u00eb Sukobin\u00eb do t\u00eb shnd\u00ebrrohet edhe n\u00eb pik\u00eb komerciale - Lajme nga Ulqini","isPartOf":{"@id":"https:\/\/www.visit-ulcinj.com\/blog\/#website"},"primaryImageOfPage":{"@id":"https:\/\/www.visit-ulcinj.com\/blog\/2013\/05\/07\/pike-kalimi-ne-sukobine-do-te-shnderrohet-edhe-ne-pike-komerciale\/#primaryimage"},"datePublished":"2013-05-07T17:27:19+00:00","dateModified":"2013-05-07T17:27:19+00:00","author":{"@id":"https:\/\/www.visit-ulcinj.com\/blog\/#\/schema\/person\/dcab619c614d3038751c63bc2aadc06d"},"description":"Ulqin, 6 maj - Nj\u00eb delegacion i Aleanc\u00ebs Kosovare t\u00eb Bizneseve kan\u00eb takuar udh\u00ebheqjen e Komun\u00ebs s\u00eb Ulqinit, ku kan\u00eb biseduar lidhur me leht\u00ebsirat p\u00ebr","breadcrumb":{"@id":"https:\/\/www.visit-ulcinj.com\/blog\/2013\/05\/07\/pike-kalimi-ne-sukobine-do-te-shnderrohet-edhe-ne-pike-komerciale\/#breadcrumb"},"inLanguage":"en-US","potentialAction":[{"@type":"ReadAction","target":["https:\/\/www.visit-ulcinj.com\/blog\/2013\/05\/07\/pike-kalimi-ne-sukobine-do-te-shnderrohet-edhe-ne-pike-komerciale\/"]}]},{"@type":"BreadcrumbList","@id":"https:\/\/www.visit-ulcinj.com\/blog\/2013\/05\/07\/pike-kalimi-ne-sukobine-do-te-shnderrohet-edhe-ne-pike-komerciale\/#breadcrumb","itemListElement":[{"@type":"ListItem","position":1,"name":"Pik\u00eb kalimi n\u00eb Sukobin\u00eb do t\u00eb shnd\u00ebrrohet edhe n\u00eb pik\u00eb komerciale"}]},{"@type":"Person","@id":"https:\/\/www.visit-ulcinj.com\/blog\/#\/schema\/person\/dcab619c614d3038751c63bc2aadc06d","name":"ulqini","sameAs":["http:\/\/www.visit-ulcinj.com"],"url":"https:\/\/www.visit-ulcinj.com\/blog\/author\/admin\/"}]}},"jetpack_featured_media_url":"","jetpack_sharing_enabled":true,"jetpack_shortlink":"https:\/\/wp.me\/pe6lTn-ivy","_links":{"self":[{"href":"https:\/\/www.visit-ulcinj.com\/blog\/wp-json\/wp\/v2\/posts\/71148"}],"collection":[{"href":"https:\/\/www.visit-ulcinj.com\/blog\/wp-json\/wp\/v2\/posts"}],"about":[{"href":"https:\/\/www.visit-ulcinj.com\/blog\/wp-json\/wp\/v2\/types\/post"}],"author":[{"embeddable":true,"href":"https:\/\/www.visit-ulcinj.com\/blog\/wp-json\/wp\/v2\/users\/1"}],"replies":[{"embeddable":true,"href":"https:\/\/www.visit-ulcinj.com\/blog\/wp-json\/wp\/v2\/comments?post=71148"}],"version-history":[{"count":1,"href":"https:\/\/www.visit-ulcinj.com\/blog\/wp-json\/wp\/v2\/posts\/71148\/revisions"}],"predecessor-version":[{"id":71150,"href":"https:\/\/www.visit-ulcinj.com\/blog\/wp-json\/wp\/v2\/posts\/71148\/revisions\/71150"}],"wp:attachment":[{"href":"https:\/\/www.visit-ulcinj.com\/blog\/wp-json\/wp\/v2\/media?parent=71148"}],"wp:term":[{"taxonomy":"category","embeddable":true,"href":"https:\/\/www.visit-ulcinj.com\/blog\/wp-json\/wp\/v2\/categories?post=71148"},{"taxonomy":"post_tag","embeddable":true,"href":"https:\/\/www.visit-ulcinj.com\/blog\/wp-json\/wp\/v2\/tags?post=71148"}],"curies":[{"name":"wp","href":"https:\/\/api.w.org\/{rel}","templated":true}]}}