{"id":71151,"date":"2013-05-07T18:39:43","date_gmt":"2013-05-07T17:39:43","guid":{"rendered":"http:\/\/www.visit-ulcinj.com\/blog\/?p=71151"},"modified":"2013-05-07T18:39:43","modified_gmt":"2013-05-07T17:39:43","slug":"nimanbegu-forca-e-pa-kenaqur-me-koalicionin-me-pds-n","status":"publish","type":"post","link":"https:\/\/www.visit-ulcinj.com\/blog\/2013\/05\/07\/nimanbegu-forca-e-pa-kenaqur-me-koalicionin-me-pds-n\/","title":{"rendered":"Nimanbegu: Forca e pa k\u00ebnaqur me koalicionin me PDS-n"},"content":{"rendered":"<p><strong><a href=\"http:\/\/www.visit-ulcinj.com\/blog\/wp-content\/uploads\/2013\/05\/genci-nimanbegu-FORCA.jpg\"><img loading=\"lazy\" class=\"alignleft  wp-image-71152\" alt=\"genci-nimanbegu-FORCA\" src=\"http:\/\/www.visit-ulcinj.com\/blog\/wp-content\/uploads\/2013\/05\/genci-nimanbegu-FORCA.jpg\" width=\"508\" height=\"360\" \/><\/a>Nimanbegu: I pa k\u00ebnaqur me koalicionin me Partin demokratike t\u00eb socialist\u00ebve.<\/strong><\/p>\n<p>Deputeti i Forc\u00ebs Genci Nimanbegu ka thek\u00ebn se tani p\u00ebr tani nuk ka l\u00ebvizje kualitative n\u00eb respektimin e marr\u00ebveshjeve t\u00eb koalicionit n\u00eb PDS-n dhe se organet e Partis\u00eb s\u00eb shpejti do t\u00eb takohen lidhur p\u00ebr k\u00ebt\u00eb. \u201cPara 5 muajsh e kemi n\u00ebnshkruar marr\u00ebveshjen dhe ende nuk ka l\u00ebvizje kualitative n\u00eb bashk\u00ebpunim.<\/p>\n<p>Kjo shum\u00eb ngadal\u00eb mund t\u00eb realizohet \u201c ka th\u00ebn\u00eb\u00a0 Nimanbegu. Ai p\u00ebr Dnevne Novine\u201d ka th\u00ebn\u00eb se beson se zgjedhjet presidenciale ishin nj\u00eb nga shkaqet se pse \u00ebsht\u00eb prolonguar respektimi i marr\u00ebveshjes.\u00a0 Me marr\u00ebveshje \u00ebsht\u00eb parapar\u00eb p\u00ebrmir\u00ebsimi i statusit t\u00eb pakicave n\u00eb\u00a0Mal t\u00eb Zi dhe p\u00ebrparimi i kualitetit t\u00eb jetes\u00ebs n\u00eb Komunat e pa zhvilluara.<\/p>\n<p><strong>TVCG<\/strong><\/p>\n","protected":false},"excerpt":{"rendered":"<p>Nimanbegu: I pa k\u00ebnaqur me koalicionin me Partin demokratike t\u00eb socialist\u00ebve. Deputeti i Forc\u00ebs Genci Nimanbegu ka thek\u00ebn se tani p\u00ebr tani nuk ka l\u00ebvizje kualitative n\u00eb respektimin e marr\u00ebveshjeve t\u00eb koalicionit n\u00eb PDS-n dhe se organet e Partis\u00eb s\u00eb shpejti do t\u00eb takohen lidhur p\u00ebr k\u00ebt\u00eb. \u201cPara 5 muajsh e kemi n\u00ebnshkruar marr\u00ebveshjen dhe [&hellip;]<\/p>\n","protected":false},"author":1,"featured_media":0,"comment_status":"open","ping_status":"closed","sticky":false,"template":"","format":"standard","meta":{"spay_email":"","jetpack_publicize_message":"","jetpack_is_tweetstorm":false,"jetpack_publicize_feature_enabled":true},"categories":[6],"tags":[],"jetpack_publicize_connections":[],"yoast_head":"<!-- This site is optimized with the Yoast SEO plugin v19.1 - https:\/\/yoast.com\/wordpress\/plugins\/seo\/ -->\n<title>Nimanbegu: Forca e pa k\u00ebnaqur me koalicionin me PDS-n - Lajme nga Ulqini<\/title>\n<meta name=\"description\" content=\"Nimanbegu: I pa k\u00ebnaqur me koalicionin me Partin demokratike t\u00eb socialist\u00ebve. Deputeti i Forc\u00ebs Genci Nimanbegu ka thek\u00ebn se tani p\u00ebr tani nuk ka l\u00ebvizje\" \/>\n<meta name=\"robots\" content=\"index, follow, max-snippet:-1, max-image-preview:large, max-video-preview:-1\" \/>\n<link rel=\"canonical\" href=\"https:\/\/www.visit-ulcinj.com\/blog\/2013\/05\/07\/nimanbegu-forca-e-pa-kenaqur-me-koalicionin-me-pds-n\/\" \/>\n<meta property=\"og:locale\" content=\"en_US\" \/>\n<meta property=\"og:type\" content=\"article\" \/>\n<meta property=\"og:title\" content=\"Nimanbegu: Forca e pa k\u00ebnaqur me koalicionin me PDS-n - Lajme nga Ulqini\" \/>\n<meta property=\"og:description\" content=\"Nimanbegu: I pa k\u00ebnaqur me koalicionin me Partin demokratike t\u00eb socialist\u00ebve. Deputeti i Forc\u00ebs Genci Nimanbegu ka thek\u00ebn se tani p\u00ebr tani nuk ka l\u00ebvizje\" \/>\n<meta property=\"og:url\" content=\"https:\/\/www.visit-ulcinj.com\/blog\/2013\/05\/07\/nimanbegu-forca-e-pa-kenaqur-me-koalicionin-me-pds-n\/\" \/>\n<meta property=\"og:site_name\" content=\"Lajme nga Ulqini\" \/>\n<meta property=\"article:published_time\" content=\"2013-05-07T17:39:43+00:00\" \/>\n<meta property=\"og:image\" content=\"http:\/\/www.visit-ulcinj.com\/blog\/wp-content\/uploads\/2013\/05\/genci-nimanbegu-FORCA.jpg\" \/>\n<meta name=\"twitter:label1\" content=\"Written by\" \/>\n\t<meta name=\"twitter:data1\" content=\"ulqini\" \/>\n\t<meta name=\"twitter:label2\" content=\"Est. reading time\" \/>\n\t<meta name=\"twitter:data2\" content=\"1 minute\" \/>\n<script type=\"application\/ld+json\" class=\"yoast-schema-graph\">{\"@context\":\"https:\/\/schema.org\",\"@graph\":[{\"@type\":\"WebSite\",\"@id\":\"https:\/\/www.visit-ulcinj.com\/blog\/#website\",\"url\":\"https:\/\/www.visit-ulcinj.com\/blog\/\",\"name\":\"Lajme nga Ulqini\",\"description\":\"Lajme,Vijesti,Ulqini,Ulqin,Crna Gora,Mali i Zi\",\"potentialAction\":[{\"@type\":\"SearchAction\",\"target\":{\"@type\":\"EntryPoint\",\"urlTemplate\":\"https:\/\/www.visit-ulcinj.com\/blog\/?s={search_term_string}\"},\"query-input\":\"required name=search_term_string\"}],\"inLanguage\":\"en-US\"},{\"@type\":\"ImageObject\",\"inLanguage\":\"en-US\",\"@id\":\"https:\/\/www.visit-ulcinj.com\/blog\/2013\/05\/07\/nimanbegu-forca-e-pa-kenaqur-me-koalicionin-me-pds-n\/#primaryimage\",\"url\":\"https:\/\/www.visit-ulcinj.com\/blog\/wp-content\/uploads\/2013\/05\/genci-nimanbegu-FORCA.jpg\",\"contentUrl\":\"https:\/\/www.visit-ulcinj.com\/blog\/wp-content\/uploads\/2013\/05\/genci-nimanbegu-FORCA.jpg\",\"width\":508,\"height\":429},{\"@type\":\"WebPage\",\"@id\":\"https:\/\/www.visit-ulcinj.com\/blog\/2013\/05\/07\/nimanbegu-forca-e-pa-kenaqur-me-koalicionin-me-pds-n\/#webpage\",\"url\":\"https:\/\/www.visit-ulcinj.com\/blog\/2013\/05\/07\/nimanbegu-forca-e-pa-kenaqur-me-koalicionin-me-pds-n\/\",\"name\":\"Nimanbegu: Forca e pa k\u00ebnaqur me koalicionin me PDS-n - Lajme nga Ulqini\",\"isPartOf\":{\"@id\":\"https:\/\/www.visit-ulcinj.com\/blog\/#website\"},\"primaryImageOfPage\":{\"@id\":\"https:\/\/www.visit-ulcinj.com\/blog\/2013\/05\/07\/nimanbegu-forca-e-pa-kenaqur-me-koalicionin-me-pds-n\/#primaryimage\"},\"datePublished\":\"2013-05-07T17:39:43+00:00\",\"dateModified\":\"2013-05-07T17:39:43+00:00\",\"author\":{\"@id\":\"https:\/\/www.visit-ulcinj.com\/blog\/#\/schema\/person\/dcab619c614d3038751c63bc2aadc06d\"},\"description\":\"Nimanbegu: I pa k\u00ebnaqur me koalicionin me Partin demokratike t\u00eb socialist\u00ebve. Deputeti i Forc\u00ebs Genci Nimanbegu ka thek\u00ebn se tani p\u00ebr tani nuk ka l\u00ebvizje\",\"breadcrumb\":{\"@id\":\"https:\/\/www.visit-ulcinj.com\/blog\/2013\/05\/07\/nimanbegu-forca-e-pa-kenaqur-me-koalicionin-me-pds-n\/#breadcrumb\"},\"inLanguage\":\"en-US\",\"potentialAction\":[{\"@type\":\"ReadAction\",\"target\":[\"https:\/\/www.visit-ulcinj.com\/blog\/2013\/05\/07\/nimanbegu-forca-e-pa-kenaqur-me-koalicionin-me-pds-n\/\"]}]},{\"@type\":\"BreadcrumbList\",\"@id\":\"https:\/\/www.visit-ulcinj.com\/blog\/2013\/05\/07\/nimanbegu-forca-e-pa-kenaqur-me-koalicionin-me-pds-n\/#breadcrumb\",\"itemListElement\":[{\"@type\":\"ListItem\",\"position\":1,\"name\":\"Nimanbegu: Forca e pa k\u00ebnaqur me koalicionin me PDS-n\"}]},{\"@type\":\"Person\",\"@id\":\"https:\/\/www.visit-ulcinj.com\/blog\/#\/schema\/person\/dcab619c614d3038751c63bc2aadc06d\",\"name\":\"ulqini\",\"sameAs\":[\"http:\/\/www.visit-ulcinj.com\"],\"url\":\"https:\/\/www.visit-ulcinj.com\/blog\/author\/admin\/\"}]}<\/script>\n<!-- \/ Yoast SEO plugin. -->","yoast_head_json":{"title":"Nimanbegu: Forca e pa k\u00ebnaqur me koalicionin me PDS-n - Lajme nga Ulqini","description":"Nimanbegu: I pa k\u00ebnaqur me koalicionin me Partin demokratike t\u00eb socialist\u00ebve. Deputeti i Forc\u00ebs Genci Nimanbegu ka thek\u00ebn se tani p\u00ebr tani nuk ka l\u00ebvizje","robots":{"index":"index","follow":"follow","max-snippet":"max-snippet:-1","max-image-preview":"max-image-preview:large","max-video-preview":"max-video-preview:-1"},"canonical":"https:\/\/www.visit-ulcinj.com\/blog\/2013\/05\/07\/nimanbegu-forca-e-pa-kenaqur-me-koalicionin-me-pds-n\/","og_locale":"en_US","og_type":"article","og_title":"Nimanbegu: Forca e pa k\u00ebnaqur me koalicionin me PDS-n - Lajme nga Ulqini","og_description":"Nimanbegu: I pa k\u00ebnaqur me koalicionin me Partin demokratike t\u00eb socialist\u00ebve. Deputeti i Forc\u00ebs Genci Nimanbegu ka thek\u00ebn se tani p\u00ebr tani nuk ka l\u00ebvizje","og_url":"https:\/\/www.visit-ulcinj.com\/blog\/2013\/05\/07\/nimanbegu-forca-e-pa-kenaqur-me-koalicionin-me-pds-n\/","og_site_name":"Lajme nga Ulqini","article_published_time":"2013-05-07T17:39:43+00:00","og_image":[{"url":"http:\/\/www.visit-ulcinj.com\/blog\/wp-content\/uploads\/2013\/05\/genci-nimanbegu-FORCA.jpg"}],"twitter_misc":{"Written by":"ulqini","Est. reading time":"1 minute"},"schema":{"@context":"https:\/\/schema.org","@graph":[{"@type":"WebSite","@id":"https:\/\/www.visit-ulcinj.com\/blog\/#website","url":"https:\/\/www.visit-ulcinj.com\/blog\/","name":"Lajme nga Ulqini","description":"Lajme,Vijesti,Ulqini,Ulqin,Crna Gora,Mali i Zi","potentialAction":[{"@type":"SearchAction","target":{"@type":"EntryPoint","urlTemplate":"https:\/\/www.visit-ulcinj.com\/blog\/?s={search_term_string}"},"query-input":"required name=search_term_string"}],"inLanguage":"en-US"},{"@type":"ImageObject","inLanguage":"en-US","@id":"https:\/\/www.visit-ulcinj.com\/blog\/2013\/05\/07\/nimanbegu-forca-e-pa-kenaqur-me-koalicionin-me-pds-n\/#primaryimage","url":"https:\/\/www.visit-ulcinj.com\/blog\/wp-content\/uploads\/2013\/05\/genci-nimanbegu-FORCA.jpg","contentUrl":"https:\/\/www.visit-ulcinj.com\/blog\/wp-content\/uploads\/2013\/05\/genci-nimanbegu-FORCA.jpg","width":508,"height":429},{"@type":"WebPage","@id":"https:\/\/www.visit-ulcinj.com\/blog\/2013\/05\/07\/nimanbegu-forca-e-pa-kenaqur-me-koalicionin-me-pds-n\/#webpage","url":"https:\/\/www.visit-ulcinj.com\/blog\/2013\/05\/07\/nimanbegu-forca-e-pa-kenaqur-me-koalicionin-me-pds-n\/","name":"Nimanbegu: Forca e pa k\u00ebnaqur me koalicionin me PDS-n - Lajme nga Ulqini","isPartOf":{"@id":"https:\/\/www.visit-ulcinj.com\/blog\/#website"},"primaryImageOfPage":{"@id":"https:\/\/www.visit-ulcinj.com\/blog\/2013\/05\/07\/nimanbegu-forca-e-pa-kenaqur-me-koalicionin-me-pds-n\/#primaryimage"},"datePublished":"2013-05-07T17:39:43+00:00","dateModified":"2013-05-07T17:39:43+00:00","author":{"@id":"https:\/\/www.visit-ulcinj.com\/blog\/#\/schema\/person\/dcab619c614d3038751c63bc2aadc06d"},"description":"Nimanbegu: I pa k\u00ebnaqur me koalicionin me Partin demokratike t\u00eb socialist\u00ebve. Deputeti i Forc\u00ebs Genci Nimanbegu ka thek\u00ebn se tani p\u00ebr tani nuk ka l\u00ebvizje","breadcrumb":{"@id":"https:\/\/www.visit-ulcinj.com\/blog\/2013\/05\/07\/nimanbegu-forca-e-pa-kenaqur-me-koalicionin-me-pds-n\/#breadcrumb"},"inLanguage":"en-US","potentialAction":[{"@type":"ReadAction","target":["https:\/\/www.visit-ulcinj.com\/blog\/2013\/05\/07\/nimanbegu-forca-e-pa-kenaqur-me-koalicionin-me-pds-n\/"]}]},{"@type":"BreadcrumbList","@id":"https:\/\/www.visit-ulcinj.com\/blog\/2013\/05\/07\/nimanbegu-forca-e-pa-kenaqur-me-koalicionin-me-pds-n\/#breadcrumb","itemListElement":[{"@type":"ListItem","position":1,"name":"Nimanbegu: Forca e pa k\u00ebnaqur me koalicionin me PDS-n"}]},{"@type":"Person","@id":"https:\/\/www.visit-ulcinj.com\/blog\/#\/schema\/person\/dcab619c614d3038751c63bc2aadc06d","name":"ulqini","sameAs":["http:\/\/www.visit-ulcinj.com"],"url":"https:\/\/www.visit-ulcinj.com\/blog\/author\/admin\/"}]}},"jetpack_featured_media_url":"","jetpack_sharing_enabled":true,"jetpack_shortlink":"https:\/\/wp.me\/pe6lTn-ivB","_links":{"self":[{"href":"https:\/\/www.visit-ulcinj.com\/blog\/wp-json\/wp\/v2\/posts\/71151"}],"collection":[{"href":"https:\/\/www.visit-ulcinj.com\/blog\/wp-json\/wp\/v2\/posts"}],"about":[{"href":"https:\/\/www.visit-ulcinj.com\/blog\/wp-json\/wp\/v2\/types\/post"}],"author":[{"embeddable":true,"href":"https:\/\/www.visit-ulcinj.com\/blog\/wp-json\/wp\/v2\/users\/1"}],"replies":[{"embeddable":true,"href":"https:\/\/www.visit-ulcinj.com\/blog\/wp-json\/wp\/v2\/comments?post=71151"}],"version-history":[{"count":1,"href":"https:\/\/www.visit-ulcinj.com\/blog\/wp-json\/wp\/v2\/posts\/71151\/revisions"}],"predecessor-version":[{"id":71153,"href":"https:\/\/www.visit-ulcinj.com\/blog\/wp-json\/wp\/v2\/posts\/71151\/revisions\/71153"}],"wp:attachment":[{"href":"https:\/\/www.visit-ulcinj.com\/blog\/wp-json\/wp\/v2\/media?parent=71151"}],"wp:term":[{"taxonomy":"category","embeddable":true,"href":"https:\/\/www.visit-ulcinj.com\/blog\/wp-json\/wp\/v2\/categories?post=71151"},{"taxonomy":"post_tag","embeddable":true,"href":"https:\/\/www.visit-ulcinj.com\/blog\/wp-json\/wp\/v2\/tags?post=71151"}],"curies":[{"name":"wp","href":"https:\/\/api.w.org\/{rel}","templated":true}]}}