{"id":71174,"date":"2013-05-08T17:25:17","date_gmt":"2013-05-08T16:25:17","guid":{"rendered":"http:\/\/www.visit-ulcinj.com\/blog\/?p=71174"},"modified":"2013-05-08T17:25:38","modified_gmt":"2013-05-08T16:25:38","slug":"besa-kokdhima-nostalgjike-dhe-e-dashur","status":"publish","type":"post","link":"https:\/\/www.visit-ulcinj.com\/blog\/2013\/05\/08\/besa-kokdhima-nostalgjike-dhe-e-dashur\/","title":{"rendered":"Besa Kokdhima, nostalgjike dhe e dashur"},"content":{"rendered":"<p><a href=\"http:\/\/www.visit-ulcinj.com\/blog\/wp-content\/uploads\/2013\/05\/Besa-Kokdhima.jpg\"><img loading=\"lazy\" class=\"alignleft  wp-image-71175\" alt=\"Besa Kokdhima\" src=\"http:\/\/www.visit-ulcinj.com\/blog\/wp-content\/uploads\/2013\/05\/Besa-Kokdhima.jpg\" width=\"508\" height=\"360\" \/><\/a>Nuk e dim\u00eb se \u00e7far\u00eb ka p\u00ebrgatitur Besa p\u00ebr k\u00ebt\u00eb sezon , por nj\u00eb gj\u00eb mund ta themi me siguri hiti i radh\u00ebs do t\u00eb jet\u00eb i ve\u00e7ant\u00eb dhe i goditur si p\u00ebrher\u00eb.<\/p>\n<p>Besa, nj\u00eb nd\u00ebr k\u00ebng\u00ebtaret m\u00eb t\u00eb dashura p\u00ebr publikun, na sjell n\u00eb v\u00ebmendje koh\u00ebt e fundit n\u00ebp\u00ebrmjet facebook-ut t\u00eb saj kolazhe k\u00ebng\u00ebsh. T\u00eb cilat Besa i ka k\u00ebnduar nd\u00ebr vite, le t\u00eb p\u00ebrmendim k\u00ebtu \u201c fishekzjarr\u00eb\u201d, kolazhi me Aurela Ga\u00e7en 100 VJET muzik\u00eb\u00a0 etj.<\/p>\n<p>Besa duket se koh\u00ebt e fundit \u00ebsht\u00eb mjaft e z\u00ebn\u00eb me disa bashk\u00ebpunime q\u00eb ajo po realizon. Nuk e dim\u00eb se \u00e7far\u00eb ka p\u00ebrgatitur Besa p\u00ebr k\u00ebt\u00eb sezon , por nj\u00eb gj\u00eb mund ta themi me siguri hiti i radh\u00ebs do t\u00eb jet\u00eb i ve\u00e7ant\u00eb dhe i goditur si p\u00ebrher\u00eb. \u201cP\u00ebrsh\u00ebndetje miq!! Ja nj\u00eb kujtim i bukur muzikor nga 2012\u201d \u2013shkruan Besa n\u00eb facebook, duke i p\u00ebrsh\u00ebndetur t\u00eb gjith\u00eb fansat e saj me k\u00ebt\u00eb kolazh.<\/p>\n<p>&nbsp;<\/p>\n<p><strong>Burimi: Standard<\/strong><\/p>\n<!--YouTube Error: bad URL entered-->\n","protected":false},"excerpt":{"rendered":"<p>Nuk e dim\u00eb se \u00e7far\u00eb ka p\u00ebrgatitur Besa p\u00ebr k\u00ebt\u00eb sezon , por nj\u00eb gj\u00eb mund ta themi me siguri hiti i radh\u00ebs do t\u00eb jet\u00eb i ve\u00e7ant\u00eb dhe i goditur si p\u00ebrher\u00eb. Besa, nj\u00eb nd\u00ebr k\u00ebng\u00ebtaret m\u00eb t\u00eb dashura p\u00ebr publikun, na sjell n\u00eb v\u00ebmendje koh\u00ebt e fundit n\u00ebp\u00ebrmjet facebook-ut t\u00eb saj kolazhe k\u00ebng\u00ebsh. [&hellip;]<\/p>\n","protected":false},"author":1,"featured_media":0,"comment_status":"open","ping_status":"closed","sticky":false,"template":"","format":"standard","meta":{"spay_email":"","jetpack_publicize_message":"","jetpack_is_tweetstorm":false,"jetpack_publicize_feature_enabled":true},"categories":[1],"tags":[],"jetpack_publicize_connections":[],"yoast_head":"<!-- This site is optimized with the Yoast SEO plugin v19.1 - https:\/\/yoast.com\/wordpress\/plugins\/seo\/ -->\n<title>Besa Kokdhima, nostalgjike dhe e dashur - Lajme nga Ulqini<\/title>\n<meta name=\"description\" content=\"Nuk e dim\u00eb se \u00e7far\u00eb ka p\u00ebrgatitur Besa p\u00ebr k\u00ebt\u00eb sezon , por nj\u00eb gj\u00eb mund ta themi me siguri hiti i radh\u00ebs do t\u00eb jet\u00eb i ve\u00e7ant\u00eb dhe i goditur si p\u00ebrher\u00eb.\" \/>\n<meta name=\"robots\" content=\"index, follow, max-snippet:-1, max-image-preview:large, max-video-preview:-1\" \/>\n<link rel=\"canonical\" href=\"https:\/\/www.visit-ulcinj.com\/blog\/2013\/05\/08\/besa-kokdhima-nostalgjike-dhe-e-dashur\/\" \/>\n<meta property=\"og:locale\" content=\"en_US\" \/>\n<meta property=\"og:type\" content=\"article\" \/>\n<meta property=\"og:title\" content=\"Besa Kokdhima, nostalgjike dhe e dashur - Lajme nga Ulqini\" \/>\n<meta property=\"og:description\" content=\"Nuk e dim\u00eb se \u00e7far\u00eb ka p\u00ebrgatitur Besa p\u00ebr k\u00ebt\u00eb sezon , por nj\u00eb gj\u00eb mund ta themi me siguri hiti i radh\u00ebs do t\u00eb jet\u00eb i ve\u00e7ant\u00eb dhe i goditur si p\u00ebrher\u00eb.\" \/>\n<meta property=\"og:url\" content=\"https:\/\/www.visit-ulcinj.com\/blog\/2013\/05\/08\/besa-kokdhima-nostalgjike-dhe-e-dashur\/\" \/>\n<meta property=\"og:site_name\" content=\"Lajme nga Ulqini\" \/>\n<meta property=\"article:published_time\" content=\"2013-05-08T16:25:17+00:00\" \/>\n<meta property=\"article:modified_time\" content=\"2013-05-08T16:25:38+00:00\" \/>\n<meta property=\"og:image\" content=\"http:\/\/www.visit-ulcinj.com\/blog\/wp-content\/uploads\/2013\/05\/Besa-Kokdhima.jpg\" \/>\n<meta name=\"twitter:label1\" content=\"Written by\" \/>\n\t<meta name=\"twitter:data1\" content=\"ulqini\" \/>\n\t<meta name=\"twitter:label2\" content=\"Est. reading time\" \/>\n\t<meta name=\"twitter:data2\" content=\"1 minute\" \/>\n<script type=\"application\/ld+json\" class=\"yoast-schema-graph\">{\"@context\":\"https:\/\/schema.org\",\"@graph\":[{\"@type\":\"WebSite\",\"@id\":\"https:\/\/www.visit-ulcinj.com\/blog\/#website\",\"url\":\"https:\/\/www.visit-ulcinj.com\/blog\/\",\"name\":\"Lajme nga Ulqini\",\"description\":\"Lajme,Vijesti,Ulqini,Ulqin,Crna Gora,Mali i Zi\",\"potentialAction\":[{\"@type\":\"SearchAction\",\"target\":{\"@type\":\"EntryPoint\",\"urlTemplate\":\"https:\/\/www.visit-ulcinj.com\/blog\/?s={search_term_string}\"},\"query-input\":\"required name=search_term_string\"}],\"inLanguage\":\"en-US\"},{\"@type\":\"ImageObject\",\"inLanguage\":\"en-US\",\"@id\":\"https:\/\/www.visit-ulcinj.com\/blog\/2013\/05\/08\/besa-kokdhima-nostalgjike-dhe-e-dashur\/#primaryimage\",\"url\":\"http:\/\/www.visit-ulcinj.com\/blog\/wp-content\/uploads\/2013\/05\/Besa-Kokdhima.jpg\",\"contentUrl\":\"http:\/\/www.visit-ulcinj.com\/blog\/wp-content\/uploads\/2013\/05\/Besa-Kokdhima.jpg\"},{\"@type\":\"WebPage\",\"@id\":\"https:\/\/www.visit-ulcinj.com\/blog\/2013\/05\/08\/besa-kokdhima-nostalgjike-dhe-e-dashur\/#webpage\",\"url\":\"https:\/\/www.visit-ulcinj.com\/blog\/2013\/05\/08\/besa-kokdhima-nostalgjike-dhe-e-dashur\/\",\"name\":\"Besa Kokdhima, nostalgjike dhe e dashur - Lajme nga Ulqini\",\"isPartOf\":{\"@id\":\"https:\/\/www.visit-ulcinj.com\/blog\/#website\"},\"primaryImageOfPage\":{\"@id\":\"https:\/\/www.visit-ulcinj.com\/blog\/2013\/05\/08\/besa-kokdhima-nostalgjike-dhe-e-dashur\/#primaryimage\"},\"datePublished\":\"2013-05-08T16:25:17+00:00\",\"dateModified\":\"2013-05-08T16:25:38+00:00\",\"author\":{\"@id\":\"https:\/\/www.visit-ulcinj.com\/blog\/#\/schema\/person\/dcab619c614d3038751c63bc2aadc06d\"},\"description\":\"Nuk e dim\u00eb se \u00e7far\u00eb ka p\u00ebrgatitur Besa p\u00ebr k\u00ebt\u00eb sezon , por nj\u00eb gj\u00eb mund ta themi me siguri hiti i radh\u00ebs do t\u00eb jet\u00eb i ve\u00e7ant\u00eb dhe i goditur si p\u00ebrher\u00eb.\",\"breadcrumb\":{\"@id\":\"https:\/\/www.visit-ulcinj.com\/blog\/2013\/05\/08\/besa-kokdhima-nostalgjike-dhe-e-dashur\/#breadcrumb\"},\"inLanguage\":\"en-US\",\"potentialAction\":[{\"@type\":\"ReadAction\",\"target\":[\"https:\/\/www.visit-ulcinj.com\/blog\/2013\/05\/08\/besa-kokdhima-nostalgjike-dhe-e-dashur\/\"]}]},{\"@type\":\"BreadcrumbList\",\"@id\":\"https:\/\/www.visit-ulcinj.com\/blog\/2013\/05\/08\/besa-kokdhima-nostalgjike-dhe-e-dashur\/#breadcrumb\",\"itemListElement\":[{\"@type\":\"ListItem\",\"position\":1,\"name\":\"Besa Kokdhima, nostalgjike dhe e dashur\"}]},{\"@type\":\"Person\",\"@id\":\"https:\/\/www.visit-ulcinj.com\/blog\/#\/schema\/person\/dcab619c614d3038751c63bc2aadc06d\",\"name\":\"ulqini\",\"sameAs\":[\"http:\/\/www.visit-ulcinj.com\"],\"url\":\"https:\/\/www.visit-ulcinj.com\/blog\/author\/admin\/\"}]}<\/script>\n<!-- \/ Yoast SEO plugin. -->","yoast_head_json":{"title":"Besa Kokdhima, nostalgjike dhe e dashur - Lajme nga Ulqini","description":"Nuk e dim\u00eb se \u00e7far\u00eb ka p\u00ebrgatitur Besa p\u00ebr k\u00ebt\u00eb sezon , por nj\u00eb gj\u00eb mund ta themi me siguri hiti i radh\u00ebs do t\u00eb jet\u00eb i ve\u00e7ant\u00eb dhe i goditur si p\u00ebrher\u00eb.","robots":{"index":"index","follow":"follow","max-snippet":"max-snippet:-1","max-image-preview":"max-image-preview:large","max-video-preview":"max-video-preview:-1"},"canonical":"https:\/\/www.visit-ulcinj.com\/blog\/2013\/05\/08\/besa-kokdhima-nostalgjike-dhe-e-dashur\/","og_locale":"en_US","og_type":"article","og_title":"Besa Kokdhima, nostalgjike dhe e dashur - Lajme nga Ulqini","og_description":"Nuk e dim\u00eb se \u00e7far\u00eb ka p\u00ebrgatitur Besa p\u00ebr k\u00ebt\u00eb sezon , por nj\u00eb gj\u00eb mund ta themi me siguri hiti i radh\u00ebs do t\u00eb jet\u00eb i ve\u00e7ant\u00eb dhe i goditur si p\u00ebrher\u00eb.","og_url":"https:\/\/www.visit-ulcinj.com\/blog\/2013\/05\/08\/besa-kokdhima-nostalgjike-dhe-e-dashur\/","og_site_name":"Lajme nga Ulqini","article_published_time":"2013-05-08T16:25:17+00:00","article_modified_time":"2013-05-08T16:25:38+00:00","og_image":[{"url":"http:\/\/www.visit-ulcinj.com\/blog\/wp-content\/uploads\/2013\/05\/Besa-Kokdhima.jpg"}],"twitter_misc":{"Written by":"ulqini","Est. reading time":"1 minute"},"schema":{"@context":"https:\/\/schema.org","@graph":[{"@type":"WebSite","@id":"https:\/\/www.visit-ulcinj.com\/blog\/#website","url":"https:\/\/www.visit-ulcinj.com\/blog\/","name":"Lajme nga Ulqini","description":"Lajme,Vijesti,Ulqini,Ulqin,Crna Gora,Mali i Zi","potentialAction":[{"@type":"SearchAction","target":{"@type":"EntryPoint","urlTemplate":"https:\/\/www.visit-ulcinj.com\/blog\/?s={search_term_string}"},"query-input":"required name=search_term_string"}],"inLanguage":"en-US"},{"@type":"ImageObject","inLanguage":"en-US","@id":"https:\/\/www.visit-ulcinj.com\/blog\/2013\/05\/08\/besa-kokdhima-nostalgjike-dhe-e-dashur\/#primaryimage","url":"http:\/\/www.visit-ulcinj.com\/blog\/wp-content\/uploads\/2013\/05\/Besa-Kokdhima.jpg","contentUrl":"http:\/\/www.visit-ulcinj.com\/blog\/wp-content\/uploads\/2013\/05\/Besa-Kokdhima.jpg"},{"@type":"WebPage","@id":"https:\/\/www.visit-ulcinj.com\/blog\/2013\/05\/08\/besa-kokdhima-nostalgjike-dhe-e-dashur\/#webpage","url":"https:\/\/www.visit-ulcinj.com\/blog\/2013\/05\/08\/besa-kokdhima-nostalgjike-dhe-e-dashur\/","name":"Besa Kokdhima, nostalgjike dhe e dashur - Lajme nga Ulqini","isPartOf":{"@id":"https:\/\/www.visit-ulcinj.com\/blog\/#website"},"primaryImageOfPage":{"@id":"https:\/\/www.visit-ulcinj.com\/blog\/2013\/05\/08\/besa-kokdhima-nostalgjike-dhe-e-dashur\/#primaryimage"},"datePublished":"2013-05-08T16:25:17+00:00","dateModified":"2013-05-08T16:25:38+00:00","author":{"@id":"https:\/\/www.visit-ulcinj.com\/blog\/#\/schema\/person\/dcab619c614d3038751c63bc2aadc06d"},"description":"Nuk e dim\u00eb se \u00e7far\u00eb ka p\u00ebrgatitur Besa p\u00ebr k\u00ebt\u00eb sezon , por nj\u00eb gj\u00eb mund ta themi me siguri hiti i radh\u00ebs do t\u00eb jet\u00eb i ve\u00e7ant\u00eb dhe i goditur si p\u00ebrher\u00eb.","breadcrumb":{"@id":"https:\/\/www.visit-ulcinj.com\/blog\/2013\/05\/08\/besa-kokdhima-nostalgjike-dhe-e-dashur\/#breadcrumb"},"inLanguage":"en-US","potentialAction":[{"@type":"ReadAction","target":["https:\/\/www.visit-ulcinj.com\/blog\/2013\/05\/08\/besa-kokdhima-nostalgjike-dhe-e-dashur\/"]}]},{"@type":"BreadcrumbList","@id":"https:\/\/www.visit-ulcinj.com\/blog\/2013\/05\/08\/besa-kokdhima-nostalgjike-dhe-e-dashur\/#breadcrumb","itemListElement":[{"@type":"ListItem","position":1,"name":"Besa Kokdhima, nostalgjike dhe e dashur"}]},{"@type":"Person","@id":"https:\/\/www.visit-ulcinj.com\/blog\/#\/schema\/person\/dcab619c614d3038751c63bc2aadc06d","name":"ulqini","sameAs":["http:\/\/www.visit-ulcinj.com"],"url":"https:\/\/www.visit-ulcinj.com\/blog\/author\/admin\/"}]}},"jetpack_featured_media_url":"","jetpack_sharing_enabled":true,"jetpack_shortlink":"https:\/\/wp.me\/pe6lTn-ivY","_links":{"self":[{"href":"https:\/\/www.visit-ulcinj.com\/blog\/wp-json\/wp\/v2\/posts\/71174"}],"collection":[{"href":"https:\/\/www.visit-ulcinj.com\/blog\/wp-json\/wp\/v2\/posts"}],"about":[{"href":"https:\/\/www.visit-ulcinj.com\/blog\/wp-json\/wp\/v2\/types\/post"}],"author":[{"embeddable":true,"href":"https:\/\/www.visit-ulcinj.com\/blog\/wp-json\/wp\/v2\/users\/1"}],"replies":[{"embeddable":true,"href":"https:\/\/www.visit-ulcinj.com\/blog\/wp-json\/wp\/v2\/comments?post=71174"}],"version-history":[{"count":2,"href":"https:\/\/www.visit-ulcinj.com\/blog\/wp-json\/wp\/v2\/posts\/71174\/revisions"}],"predecessor-version":[{"id":71177,"href":"https:\/\/www.visit-ulcinj.com\/blog\/wp-json\/wp\/v2\/posts\/71174\/revisions\/71177"}],"wp:attachment":[{"href":"https:\/\/www.visit-ulcinj.com\/blog\/wp-json\/wp\/v2\/media?parent=71174"}],"wp:term":[{"taxonomy":"category","embeddable":true,"href":"https:\/\/www.visit-ulcinj.com\/blog\/wp-json\/wp\/v2\/categories?post=71174"},{"taxonomy":"post_tag","embeddable":true,"href":"https:\/\/www.visit-ulcinj.com\/blog\/wp-json\/wp\/v2\/tags?post=71174"}],"curies":[{"name":"wp","href":"https:\/\/api.w.org\/{rel}","templated":true}]}}