{"id":71181,"date":"2013-05-08T18:23:45","date_gmt":"2013-05-08T17:23:45","guid":{"rendered":"http:\/\/www.visit-ulcinj.com\/blog\/?p=71181"},"modified":"2013-05-08T18:24:04","modified_gmt":"2013-05-08T17:24:04","slug":"vasel-sinishtaj-fton-deputetet-shqiptare-te-braktisin-pushtetin","status":"publish","type":"post","link":"https:\/\/www.visit-ulcinj.com\/blog\/2013\/05\/08\/vasel-sinishtaj-fton-deputetet-shqiptare-te-braktisin-pushtetin\/","title":{"rendered":"Vasel Sinishtaj fton deputetet shqiptar\u00eb t\u00eb braktisin pushtetin"},"content":{"rendered":"<p><a href=\"http:\/\/www.visit-ulcinj.com\/blog\/wp-content\/uploads\/2013\/05\/Vaselj-Sinishtaj.jpg\"><img loading=\"lazy\" class=\"alignleft  wp-image-71182\" alt=\"Vaselj Sinishtaj\" src=\"http:\/\/www.visit-ulcinj.com\/blog\/wp-content\/uploads\/2013\/05\/Vaselj-Sinishtaj.jpg\" width=\"506\" height=\"360\" \/><\/a>Funksionari i Iniciativ\u00ebs Qytetare \u2013 Tuz, <strong>Vasel Sinishtaj<\/strong>, fton Forc\u00ebn t\u00eb braktisin qeverin\u00eb p\u00ebr arsye t\u00eb shkeljes s\u00eb aneks marr\u00ebveshjes t\u00eb cil\u00ebn ajo parti e ka n\u00ebnshkruar me\u00a0DPS-n\u00eb dhe t\u00eb anulojn\u00eb d\u00ebgjueshm\u00ebrin\u00eb ndaj kryeministrit Milo Djukanovic.<\/p>\n<p>\u201cPasi nuk respektohet aneks marr\u00ebveshja, kam pritur q\u00eb <strong>Forca<\/strong> t\u00eb braktisin qeverin\u00eb. Ata nuk duhet ta zvarrisin k\u00ebt\u00eb hap, sepse ata mir\u00eb e din\u00eb se ajo q\u00eb \u00ebsht\u00eb n\u00ebnshkruar nuk po respektohet\u201d, deklaroi Sinishtaj p\u00ebr \u201cDan\u201d.<\/p>\n<p>Ai theksoi se nuk pret q\u00eb nga qeveria t\u00eb largohet Partia Demokratike e<strong> Fatmir Gjek\u00ebs<\/strong>, sepse si\u00e7 tha ai, ata jan\u00eb z\u00ebvend\u00ebsues t\u00eb <strong>Unionit Demokratik t\u00eb Shqiptar\u00ebve<\/strong>.<br \/>\n\u201cPartia Demokratike pas zgjedhjeve parlamentare i dha p\u00ebrkrahje t\u00eb parezerv\u00eb qeveris\u00eb s\u00eb Milo Djukanovic. Gjeka pati q\u00ebllimin t\u00eb b\u00ebhet deputet, e sikur t\u00eb kishte marr\u00eb m\u00eb shum\u00eb vota do t\u00eb b\u00ebhej minist\u00ebr dhe nuk do t\u00eb konsultohej me an\u00ebtar\u00ebt dhe votuesit e tij p\u00ebr asgj\u00eb\u201d, tha Sinishtaj.<\/p>\n<p>Ai vuri ne dukje se statusi i shqiptar\u00ebve n\u00eb Mal t\u00eb Zi \u00ebsht\u00eb duke u p\u00ebrkeq\u00ebsuar n\u00eb vend se ai t\u00eb p\u00ebrmir\u00ebsohet.<br \/>\n\u201cShqiptar\u00ebt humben edhe ata q\u00eb kishin, para s\u00eb gjithash mendoj n\u00eb numrin e mandateve parlamentare. Kam pritur q\u00eb t\u00eb pakt\u00ebn opozita t\u00eb jap\u00eb mb\u00ebshtetjen n\u00eb k\u00ebt\u00eb drejtim dhe t\u00eb fillojn\u00eb ndryshimin e ligjit zgjedhor dhe at\u00eb t\u00eb organizimit territorial. N\u00eb k\u00ebt\u00eb m\u00ebnyr\u00eb ata do t\u00eb kishin hapur rrug\u00ebn p\u00ebr nj\u00eb mb\u00ebshtetje t\u00eb kandidatit t\u00eb tyre, Miodrag Lekic, dhe kjo \u00ebsht\u00eb arsyeja pse kam th\u00ebn\u00eb para zgjedhjeve se as opozita nuk meriton p\u00ebrkrahjen e shqiptar\u00ebve\u201d, deklaroi Sinishtaj.<\/p>\n<p>Afera \u201cSnimak\u201d, si\u00e7 tha ai, pasqyron m\u00ebnyr\u00ebn se n\u00eb \u00e7far\u00eb metode DPS mori votat edhe n\u00eb zonat me shumic\u00eb shqiptare, e cila sipas tij, \u00ebsht\u00eb shembulli m\u00eb i qart\u00eb i abuzimit t\u00eb burimeve shtet\u00ebrore p\u00ebr q\u00ebllime elektorale.<\/p>\n<p>Deputeti i Forc\u00ebs, <strong>Genci Nimanbegu<\/strong>, dje ka shpreh\u00eb pak\u00ebnaq\u00ebsi n\u00eb lidhje me zbatimin e marr\u00ebveshjes s\u00eb n\u00ebnshkruar me DPS-n\u00eb dhe q\u00eb s\u00eb shpejti organet e partis\u00eb do t\u00eb shqyrtojn\u00eb hapat e ardhsh\u00ebm n\u00eb lidhje me pjes\u00ebmarrjen n\u00eb qeveri.<\/p>\n<p>Pes\u00eb muaj m\u00eb par\u00eb ne kemi n\u00ebnshkruar nj\u00eb marr\u00ebveshje dhe ende nuk ka p\u00ebrmir\u00ebsime cil\u00ebsore n\u00eb bashk\u00ebpunim. Procesi po ec\u00ebn shum\u00eb ngadal\u00eb, kishte th\u00ebn\u00eb Nimanbegu.<\/p>\n<p>\/MALESIA.ORG\/<\/p>\n","protected":false},"excerpt":{"rendered":"<p>Funksionari i Iniciativ\u00ebs Qytetare \u2013 Tuz, Vasel Sinishtaj, fton Forc\u00ebn t\u00eb braktisin qeverin\u00eb p\u00ebr arsye t\u00eb shkeljes s\u00eb aneks marr\u00ebveshjes t\u00eb cil\u00ebn ajo parti e ka n\u00ebnshkruar me\u00a0DPS-n\u00eb dhe t\u00eb anulojn\u00eb d\u00ebgjueshm\u00ebrin\u00eb ndaj kryeministrit Milo Djukanovic. \u201cPasi nuk respektohet aneks marr\u00ebveshja, kam pritur q\u00eb Forca t\u00eb braktisin qeverin\u00eb. Ata nuk duhet ta zvarrisin k\u00ebt\u00eb hap, [&hellip;]<\/p>\n","protected":false},"author":1,"featured_media":0,"comment_status":"open","ping_status":"closed","sticky":false,"template":"","format":"standard","meta":{"spay_email":"","jetpack_publicize_message":"","jetpack_is_tweetstorm":false,"jetpack_publicize_feature_enabled":true},"categories":[14],"tags":[],"jetpack_publicize_connections":[],"yoast_head":"<!-- This site is optimized with the Yoast SEO plugin v19.1 - https:\/\/yoast.com\/wordpress\/plugins\/seo\/ -->\n<title>Vasel Sinishtaj fton deputetet shqiptar\u00eb t\u00eb braktisin pushtetin - Lajme nga Ulqini<\/title>\n<meta name=\"description\" content=\"Funksionari i Iniciativ\u00ebs Qytetare \u2013 Tuz, Vasel Sinishtaj, fton Forc\u00ebn t\u00eb braktisin qeverin\u00eb p\u00ebr arsye t\u00eb shkeljes s\u00eb aneks marr\u00ebveshjes t\u00eb cil\u00ebn ajo\" \/>\n<meta name=\"robots\" content=\"index, follow, max-snippet:-1, max-image-preview:large, max-video-preview:-1\" \/>\n<link rel=\"canonical\" href=\"https:\/\/www.visit-ulcinj.com\/blog\/2013\/05\/08\/vasel-sinishtaj-fton-deputetet-shqiptare-te-braktisin-pushtetin\/\" \/>\n<meta property=\"og:locale\" content=\"en_US\" \/>\n<meta property=\"og:type\" content=\"article\" \/>\n<meta property=\"og:title\" content=\"Vasel Sinishtaj fton deputetet shqiptar\u00eb t\u00eb braktisin pushtetin - Lajme nga Ulqini\" \/>\n<meta property=\"og:description\" content=\"Funksionari i Iniciativ\u00ebs Qytetare \u2013 Tuz, Vasel Sinishtaj, fton Forc\u00ebn t\u00eb braktisin qeverin\u00eb p\u00ebr arsye t\u00eb shkeljes s\u00eb aneks marr\u00ebveshjes t\u00eb cil\u00ebn ajo\" \/>\n<meta property=\"og:url\" content=\"https:\/\/www.visit-ulcinj.com\/blog\/2013\/05\/08\/vasel-sinishtaj-fton-deputetet-shqiptare-te-braktisin-pushtetin\/\" \/>\n<meta property=\"og:site_name\" content=\"Lajme nga Ulqini\" \/>\n<meta property=\"article:published_time\" content=\"2013-05-08T17:23:45+00:00\" \/>\n<meta property=\"article:modified_time\" content=\"2013-05-08T17:24:04+00:00\" \/>\n<meta property=\"og:image\" content=\"http:\/\/www.visit-ulcinj.com\/blog\/wp-content\/uploads\/2013\/05\/Vaselj-Sinishtaj.jpg\" \/>\n<meta name=\"twitter:label1\" content=\"Written by\" \/>\n\t<meta name=\"twitter:data1\" content=\"ulqini\" \/>\n\t<meta name=\"twitter:label2\" content=\"Est. reading time\" \/>\n\t<meta name=\"twitter:data2\" content=\"2 minutes\" \/>\n<script type=\"application\/ld+json\" class=\"yoast-schema-graph\">{\"@context\":\"https:\/\/schema.org\",\"@graph\":[{\"@type\":\"WebSite\",\"@id\":\"https:\/\/www.visit-ulcinj.com\/blog\/#website\",\"url\":\"https:\/\/www.visit-ulcinj.com\/blog\/\",\"name\":\"Lajme nga Ulqini\",\"description\":\"Lajme,Vijesti,Ulqini,Ulqin,Crna Gora,Mali i Zi\",\"potentialAction\":[{\"@type\":\"SearchAction\",\"target\":{\"@type\":\"EntryPoint\",\"urlTemplate\":\"https:\/\/www.visit-ulcinj.com\/blog\/?s={search_term_string}\"},\"query-input\":\"required name=search_term_string\"}],\"inLanguage\":\"en-US\"},{\"@type\":\"ImageObject\",\"inLanguage\":\"en-US\",\"@id\":\"https:\/\/www.visit-ulcinj.com\/blog\/2013\/05\/08\/vasel-sinishtaj-fton-deputetet-shqiptare-te-braktisin-pushtetin\/#primaryimage\",\"url\":\"https:\/\/www.visit-ulcinj.com\/blog\/wp-content\/uploads\/2013\/05\/Vaselj-Sinishtaj.jpg\",\"contentUrl\":\"https:\/\/www.visit-ulcinj.com\/blog\/wp-content\/uploads\/2013\/05\/Vaselj-Sinishtaj.jpg\",\"width\":960,\"height\":715},{\"@type\":\"WebPage\",\"@id\":\"https:\/\/www.visit-ulcinj.com\/blog\/2013\/05\/08\/vasel-sinishtaj-fton-deputetet-shqiptare-te-braktisin-pushtetin\/#webpage\",\"url\":\"https:\/\/www.visit-ulcinj.com\/blog\/2013\/05\/08\/vasel-sinishtaj-fton-deputetet-shqiptare-te-braktisin-pushtetin\/\",\"name\":\"Vasel Sinishtaj fton deputetet shqiptar\u00eb t\u00eb braktisin pushtetin - Lajme nga Ulqini\",\"isPartOf\":{\"@id\":\"https:\/\/www.visit-ulcinj.com\/blog\/#website\"},\"primaryImageOfPage\":{\"@id\":\"https:\/\/www.visit-ulcinj.com\/blog\/2013\/05\/08\/vasel-sinishtaj-fton-deputetet-shqiptare-te-braktisin-pushtetin\/#primaryimage\"},\"datePublished\":\"2013-05-08T17:23:45+00:00\",\"dateModified\":\"2013-05-08T17:24:04+00:00\",\"author\":{\"@id\":\"https:\/\/www.visit-ulcinj.com\/blog\/#\/schema\/person\/dcab619c614d3038751c63bc2aadc06d\"},\"description\":\"Funksionari i Iniciativ\u00ebs Qytetare \u2013 Tuz, Vasel Sinishtaj, fton Forc\u00ebn t\u00eb braktisin qeverin\u00eb p\u00ebr arsye t\u00eb shkeljes s\u00eb aneks marr\u00ebveshjes t\u00eb cil\u00ebn ajo\",\"breadcrumb\":{\"@id\":\"https:\/\/www.visit-ulcinj.com\/blog\/2013\/05\/08\/vasel-sinishtaj-fton-deputetet-shqiptare-te-braktisin-pushtetin\/#breadcrumb\"},\"inLanguage\":\"en-US\",\"potentialAction\":[{\"@type\":\"ReadAction\",\"target\":[\"https:\/\/www.visit-ulcinj.com\/blog\/2013\/05\/08\/vasel-sinishtaj-fton-deputetet-shqiptare-te-braktisin-pushtetin\/\"]}]},{\"@type\":\"BreadcrumbList\",\"@id\":\"https:\/\/www.visit-ulcinj.com\/blog\/2013\/05\/08\/vasel-sinishtaj-fton-deputetet-shqiptare-te-braktisin-pushtetin\/#breadcrumb\",\"itemListElement\":[{\"@type\":\"ListItem\",\"position\":1,\"name\":\"Vasel Sinishtaj fton deputetet shqiptar\u00eb t\u00eb braktisin pushtetin\"}]},{\"@type\":\"Person\",\"@id\":\"https:\/\/www.visit-ulcinj.com\/blog\/#\/schema\/person\/dcab619c614d3038751c63bc2aadc06d\",\"name\":\"ulqini\",\"sameAs\":[\"http:\/\/www.visit-ulcinj.com\"],\"url\":\"https:\/\/www.visit-ulcinj.com\/blog\/author\/admin\/\"}]}<\/script>\n<!-- \/ Yoast SEO plugin. -->","yoast_head_json":{"title":"Vasel Sinishtaj fton deputetet shqiptar\u00eb t\u00eb braktisin pushtetin - Lajme nga Ulqini","description":"Funksionari i Iniciativ\u00ebs Qytetare \u2013 Tuz, Vasel Sinishtaj, fton Forc\u00ebn t\u00eb braktisin qeverin\u00eb p\u00ebr arsye t\u00eb shkeljes s\u00eb aneks marr\u00ebveshjes t\u00eb cil\u00ebn ajo","robots":{"index":"index","follow":"follow","max-snippet":"max-snippet:-1","max-image-preview":"max-image-preview:large","max-video-preview":"max-video-preview:-1"},"canonical":"https:\/\/www.visit-ulcinj.com\/blog\/2013\/05\/08\/vasel-sinishtaj-fton-deputetet-shqiptare-te-braktisin-pushtetin\/","og_locale":"en_US","og_type":"article","og_title":"Vasel Sinishtaj fton deputetet shqiptar\u00eb t\u00eb braktisin pushtetin - Lajme nga Ulqini","og_description":"Funksionari i Iniciativ\u00ebs Qytetare \u2013 Tuz, Vasel Sinishtaj, fton Forc\u00ebn t\u00eb braktisin qeverin\u00eb p\u00ebr arsye t\u00eb shkeljes s\u00eb aneks marr\u00ebveshjes t\u00eb cil\u00ebn ajo","og_url":"https:\/\/www.visit-ulcinj.com\/blog\/2013\/05\/08\/vasel-sinishtaj-fton-deputetet-shqiptare-te-braktisin-pushtetin\/","og_site_name":"Lajme nga Ulqini","article_published_time":"2013-05-08T17:23:45+00:00","article_modified_time":"2013-05-08T17:24:04+00:00","og_image":[{"url":"http:\/\/www.visit-ulcinj.com\/blog\/wp-content\/uploads\/2013\/05\/Vaselj-Sinishtaj.jpg"}],"twitter_misc":{"Written by":"ulqini","Est. reading time":"2 minutes"},"schema":{"@context":"https:\/\/schema.org","@graph":[{"@type":"WebSite","@id":"https:\/\/www.visit-ulcinj.com\/blog\/#website","url":"https:\/\/www.visit-ulcinj.com\/blog\/","name":"Lajme nga Ulqini","description":"Lajme,Vijesti,Ulqini,Ulqin,Crna Gora,Mali i Zi","potentialAction":[{"@type":"SearchAction","target":{"@type":"EntryPoint","urlTemplate":"https:\/\/www.visit-ulcinj.com\/blog\/?s={search_term_string}"},"query-input":"required name=search_term_string"}],"inLanguage":"en-US"},{"@type":"ImageObject","inLanguage":"en-US","@id":"https:\/\/www.visit-ulcinj.com\/blog\/2013\/05\/08\/vasel-sinishtaj-fton-deputetet-shqiptare-te-braktisin-pushtetin\/#primaryimage","url":"https:\/\/www.visit-ulcinj.com\/blog\/wp-content\/uploads\/2013\/05\/Vaselj-Sinishtaj.jpg","contentUrl":"https:\/\/www.visit-ulcinj.com\/blog\/wp-content\/uploads\/2013\/05\/Vaselj-Sinishtaj.jpg","width":960,"height":715},{"@type":"WebPage","@id":"https:\/\/www.visit-ulcinj.com\/blog\/2013\/05\/08\/vasel-sinishtaj-fton-deputetet-shqiptare-te-braktisin-pushtetin\/#webpage","url":"https:\/\/www.visit-ulcinj.com\/blog\/2013\/05\/08\/vasel-sinishtaj-fton-deputetet-shqiptare-te-braktisin-pushtetin\/","name":"Vasel Sinishtaj fton deputetet shqiptar\u00eb t\u00eb braktisin pushtetin - Lajme nga Ulqini","isPartOf":{"@id":"https:\/\/www.visit-ulcinj.com\/blog\/#website"},"primaryImageOfPage":{"@id":"https:\/\/www.visit-ulcinj.com\/blog\/2013\/05\/08\/vasel-sinishtaj-fton-deputetet-shqiptare-te-braktisin-pushtetin\/#primaryimage"},"datePublished":"2013-05-08T17:23:45+00:00","dateModified":"2013-05-08T17:24:04+00:00","author":{"@id":"https:\/\/www.visit-ulcinj.com\/blog\/#\/schema\/person\/dcab619c614d3038751c63bc2aadc06d"},"description":"Funksionari i Iniciativ\u00ebs Qytetare \u2013 Tuz, Vasel Sinishtaj, fton Forc\u00ebn t\u00eb braktisin qeverin\u00eb p\u00ebr arsye t\u00eb shkeljes s\u00eb aneks marr\u00ebveshjes t\u00eb cil\u00ebn ajo","breadcrumb":{"@id":"https:\/\/www.visit-ulcinj.com\/blog\/2013\/05\/08\/vasel-sinishtaj-fton-deputetet-shqiptare-te-braktisin-pushtetin\/#breadcrumb"},"inLanguage":"en-US","potentialAction":[{"@type":"ReadAction","target":["https:\/\/www.visit-ulcinj.com\/blog\/2013\/05\/08\/vasel-sinishtaj-fton-deputetet-shqiptare-te-braktisin-pushtetin\/"]}]},{"@type":"BreadcrumbList","@id":"https:\/\/www.visit-ulcinj.com\/blog\/2013\/05\/08\/vasel-sinishtaj-fton-deputetet-shqiptare-te-braktisin-pushtetin\/#breadcrumb","itemListElement":[{"@type":"ListItem","position":1,"name":"Vasel Sinishtaj fton deputetet shqiptar\u00eb t\u00eb braktisin pushtetin"}]},{"@type":"Person","@id":"https:\/\/www.visit-ulcinj.com\/blog\/#\/schema\/person\/dcab619c614d3038751c63bc2aadc06d","name":"ulqini","sameAs":["http:\/\/www.visit-ulcinj.com"],"url":"https:\/\/www.visit-ulcinj.com\/blog\/author\/admin\/"}]}},"jetpack_featured_media_url":"","jetpack_sharing_enabled":true,"jetpack_shortlink":"https:\/\/wp.me\/pe6lTn-iw5","_links":{"self":[{"href":"https:\/\/www.visit-ulcinj.com\/blog\/wp-json\/wp\/v2\/posts\/71181"}],"collection":[{"href":"https:\/\/www.visit-ulcinj.com\/blog\/wp-json\/wp\/v2\/posts"}],"about":[{"href":"https:\/\/www.visit-ulcinj.com\/blog\/wp-json\/wp\/v2\/types\/post"}],"author":[{"embeddable":true,"href":"https:\/\/www.visit-ulcinj.com\/blog\/wp-json\/wp\/v2\/users\/1"}],"replies":[{"embeddable":true,"href":"https:\/\/www.visit-ulcinj.com\/blog\/wp-json\/wp\/v2\/comments?post=71181"}],"version-history":[{"count":2,"href":"https:\/\/www.visit-ulcinj.com\/blog\/wp-json\/wp\/v2\/posts\/71181\/revisions"}],"predecessor-version":[{"id":71184,"href":"https:\/\/www.visit-ulcinj.com\/blog\/wp-json\/wp\/v2\/posts\/71181\/revisions\/71184"}],"wp:attachment":[{"href":"https:\/\/www.visit-ulcinj.com\/blog\/wp-json\/wp\/v2\/media?parent=71181"}],"wp:term":[{"taxonomy":"category","embeddable":true,"href":"https:\/\/www.visit-ulcinj.com\/blog\/wp-json\/wp\/v2\/categories?post=71181"},{"taxonomy":"post_tag","embeddable":true,"href":"https:\/\/www.visit-ulcinj.com\/blog\/wp-json\/wp\/v2\/tags?post=71181"}],"curies":[{"name":"wp","href":"https:\/\/api.w.org\/{rel}","templated":true}]}}