{"id":71185,"date":"2013-05-08T18:31:27","date_gmt":"2013-05-08T17:31:27","guid":{"rendered":"http:\/\/www.visit-ulcinj.com\/blog\/?p=71185"},"modified":"2013-05-08T18:31:41","modified_gmt":"2013-05-08T17:31:41","slug":"danilloviq-fton-partine-liberaleboshnjake-dhe-forcen-qe-ti-bashkohen-frontit","status":"publish","type":"post","link":"https:\/\/www.visit-ulcinj.com\/blog\/2013\/05\/08\/danilloviq-fton-partine-liberaleboshnjake-dhe-forcen-qe-ti-bashkohen-frontit\/","title":{"rendered":"Danilloviq fton Partin\u00eb liberale,boshnjake dhe Forc\u00ebn q\u00eb ti bashkohen Frontit"},"content":{"rendered":"<p><a href=\"http:\/\/www.visit-ulcinj.com\/blog\/wp-content\/uploads\/2013\/05\/Goran-Danillovic.jpg\"><img loading=\"lazy\" class=\"alignleft  wp-image-71186\" alt=\"Goran Danillovic\" src=\"http:\/\/www.visit-ulcinj.com\/blog\/wp-content\/uploads\/2013\/05\/Goran-Danillovic.jpg\" width=\"508\" height=\"360\" \/><\/a>Funksionari i Frontit demokratik Goran Danilloviq,\u00a0 ka ftuar partin\u00eb Liberal, partin\u00eb Boshnjake dhe Forcen q\u00eb ti bashk\u00ebngjit\u00ebn k\u00ebsaj aleance politike, pasi q\u00eb partit\u00eb kan\u00eb kumtuar se jan\u00eb t\u00eb pa k\u00ebnaqura me respektimin e marr\u00ebveshjes s\u00eb koalicionit me Partin\u00eb Demokratike t\u00eb socialist\u00ebve. Partia boshnjake ka rekomanduar se \u00ebsht\u00eb e pa k\u00ebnaqur me realizimin e marr\u00ebveshjes s\u00eb koalicionit me partin\u00eb demokratike t\u00eb socialist\u00ebve , nd\u00ebrkaq Partia liberale p\u00ebrkoh\u00ebsisht e ka shk\u00ebputur koalicionin p\u00ebr shkak t\u00eb mosrespektimit t\u00eb marr\u00ebveshjes. Deputeti i Forc\u00ebs Genci Nimanbegu ka th\u00ebn\u00eb se tani p\u00ebr tani nuk ka l\u00ebvizje kualitative n\u00eb respektimin e marr\u00ebveshjes s\u00eb koalicionit.<\/p>\n<p>&nbsp;<\/p>\n<p>TVCG<\/p>\n","protected":false},"excerpt":{"rendered":"<p>Funksionari i Frontit demokratik Goran Danilloviq,\u00a0 ka ftuar partin\u00eb Liberal, partin\u00eb Boshnjake dhe Forcen q\u00eb ti bashk\u00ebngjit\u00ebn k\u00ebsaj aleance politike, pasi q\u00eb partit\u00eb kan\u00eb kumtuar se jan\u00eb t\u00eb pa k\u00ebnaqura me respektimin e marr\u00ebveshjes s\u00eb koalicionit me Partin\u00eb Demokratike t\u00eb socialist\u00ebve. Partia boshnjake ka rekomanduar se \u00ebsht\u00eb e pa k\u00ebnaqur me realizimin e marr\u00ebveshjes s\u00eb [&hellip;]<\/p>\n","protected":false},"author":1,"featured_media":0,"comment_status":"open","ping_status":"closed","sticky":false,"template":"","format":"standard","meta":{"spay_email":"","jetpack_publicize_message":"","jetpack_is_tweetstorm":false,"jetpack_publicize_feature_enabled":true},"categories":[6950],"tags":[],"jetpack_publicize_connections":[],"yoast_head":"<!-- This site is optimized with the Yoast SEO plugin v19.1 - https:\/\/yoast.com\/wordpress\/plugins\/seo\/ -->\n<title>Danilloviq fton Partin\u00eb liberale,boshnjake dhe Forc\u00ebn q\u00eb ti bashkohen Frontit - Lajme nga Ulqini<\/title>\n<meta name=\"description\" content=\"Funksionari i Frontit demokratik Goran Danilloviq,\u00a0 ka ftuar partin\u00eb Liberal, partin\u00eb Boshnjake dhe Forcen q\u00eb ti bashk\u00ebngjit\u00ebn k\u00ebsaj aleance politike,\" \/>\n<meta name=\"robots\" content=\"index, follow, max-snippet:-1, max-image-preview:large, max-video-preview:-1\" \/>\n<link rel=\"canonical\" href=\"https:\/\/www.visit-ulcinj.com\/blog\/2013\/05\/08\/danilloviq-fton-partine-liberaleboshnjake-dhe-forcen-qe-ti-bashkohen-frontit\/\" \/>\n<meta property=\"og:locale\" content=\"en_US\" \/>\n<meta property=\"og:type\" content=\"article\" \/>\n<meta property=\"og:title\" content=\"Danilloviq fton Partin\u00eb liberale,boshnjake dhe Forc\u00ebn q\u00eb ti bashkohen Frontit - Lajme nga Ulqini\" \/>\n<meta property=\"og:description\" content=\"Funksionari i Frontit demokratik Goran Danilloviq,\u00a0 ka ftuar partin\u00eb Liberal, partin\u00eb Boshnjake dhe Forcen q\u00eb ti bashk\u00ebngjit\u00ebn k\u00ebsaj aleance politike,\" \/>\n<meta property=\"og:url\" content=\"https:\/\/www.visit-ulcinj.com\/blog\/2013\/05\/08\/danilloviq-fton-partine-liberaleboshnjake-dhe-forcen-qe-ti-bashkohen-frontit\/\" \/>\n<meta property=\"og:site_name\" content=\"Lajme nga Ulqini\" \/>\n<meta property=\"article:published_time\" content=\"2013-05-08T17:31:27+00:00\" \/>\n<meta property=\"article:modified_time\" content=\"2013-05-08T17:31:41+00:00\" \/>\n<meta property=\"og:image\" content=\"http:\/\/www.visit-ulcinj.com\/blog\/wp-content\/uploads\/2013\/05\/Goran-Danillovic.jpg\" \/>\n<meta name=\"twitter:label1\" content=\"Written by\" \/>\n\t<meta name=\"twitter:data1\" content=\"ulqini\" \/>\n\t<meta name=\"twitter:label2\" content=\"Est. reading time\" \/>\n\t<meta name=\"twitter:data2\" content=\"1 minute\" \/>\n<script type=\"application\/ld+json\" class=\"yoast-schema-graph\">{\"@context\":\"https:\/\/schema.org\",\"@graph\":[{\"@type\":\"WebSite\",\"@id\":\"https:\/\/www.visit-ulcinj.com\/blog\/#website\",\"url\":\"https:\/\/www.visit-ulcinj.com\/blog\/\",\"name\":\"Lajme nga Ulqini\",\"description\":\"Lajme,Vijesti,Ulqini,Ulqin,Crna Gora,Mali i Zi\",\"potentialAction\":[{\"@type\":\"SearchAction\",\"target\":{\"@type\":\"EntryPoint\",\"urlTemplate\":\"https:\/\/www.visit-ulcinj.com\/blog\/?s={search_term_string}\"},\"query-input\":\"required name=search_term_string\"}],\"inLanguage\":\"en-US\"},{\"@type\":\"ImageObject\",\"inLanguage\":\"en-US\",\"@id\":\"https:\/\/www.visit-ulcinj.com\/blog\/2013\/05\/08\/danilloviq-fton-partine-liberaleboshnjake-dhe-forcen-qe-ti-bashkohen-frontit\/#primaryimage\",\"url\":\"https:\/\/www.visit-ulcinj.com\/blog\/wp-content\/uploads\/2013\/05\/Goran-Danillovic.jpg\",\"contentUrl\":\"https:\/\/www.visit-ulcinj.com\/blog\/wp-content\/uploads\/2013\/05\/Goran-Danillovic.jpg\",\"width\":527,\"height\":395},{\"@type\":\"WebPage\",\"@id\":\"https:\/\/www.visit-ulcinj.com\/blog\/2013\/05\/08\/danilloviq-fton-partine-liberaleboshnjake-dhe-forcen-qe-ti-bashkohen-frontit\/#webpage\",\"url\":\"https:\/\/www.visit-ulcinj.com\/blog\/2013\/05\/08\/danilloviq-fton-partine-liberaleboshnjake-dhe-forcen-qe-ti-bashkohen-frontit\/\",\"name\":\"Danilloviq fton Partin\u00eb liberale,boshnjake dhe Forc\u00ebn q\u00eb ti bashkohen Frontit - Lajme nga Ulqini\",\"isPartOf\":{\"@id\":\"https:\/\/www.visit-ulcinj.com\/blog\/#website\"},\"primaryImageOfPage\":{\"@id\":\"https:\/\/www.visit-ulcinj.com\/blog\/2013\/05\/08\/danilloviq-fton-partine-liberaleboshnjake-dhe-forcen-qe-ti-bashkohen-frontit\/#primaryimage\"},\"datePublished\":\"2013-05-08T17:31:27+00:00\",\"dateModified\":\"2013-05-08T17:31:41+00:00\",\"author\":{\"@id\":\"https:\/\/www.visit-ulcinj.com\/blog\/#\/schema\/person\/dcab619c614d3038751c63bc2aadc06d\"},\"description\":\"Funksionari i Frontit demokratik Goran Danilloviq,\u00a0 ka ftuar partin\u00eb Liberal, partin\u00eb Boshnjake dhe Forcen q\u00eb ti bashk\u00ebngjit\u00ebn k\u00ebsaj aleance politike,\",\"breadcrumb\":{\"@id\":\"https:\/\/www.visit-ulcinj.com\/blog\/2013\/05\/08\/danilloviq-fton-partine-liberaleboshnjake-dhe-forcen-qe-ti-bashkohen-frontit\/#breadcrumb\"},\"inLanguage\":\"en-US\",\"potentialAction\":[{\"@type\":\"ReadAction\",\"target\":[\"https:\/\/www.visit-ulcinj.com\/blog\/2013\/05\/08\/danilloviq-fton-partine-liberaleboshnjake-dhe-forcen-qe-ti-bashkohen-frontit\/\"]}]},{\"@type\":\"BreadcrumbList\",\"@id\":\"https:\/\/www.visit-ulcinj.com\/blog\/2013\/05\/08\/danilloviq-fton-partine-liberaleboshnjake-dhe-forcen-qe-ti-bashkohen-frontit\/#breadcrumb\",\"itemListElement\":[{\"@type\":\"ListItem\",\"position\":1,\"name\":\"Danilloviq fton Partin\u00eb liberale,boshnjake dhe Forc\u00ebn q\u00eb ti bashkohen Frontit\"}]},{\"@type\":\"Person\",\"@id\":\"https:\/\/www.visit-ulcinj.com\/blog\/#\/schema\/person\/dcab619c614d3038751c63bc2aadc06d\",\"name\":\"ulqini\",\"sameAs\":[\"http:\/\/www.visit-ulcinj.com\"],\"url\":\"https:\/\/www.visit-ulcinj.com\/blog\/author\/admin\/\"}]}<\/script>\n<!-- \/ Yoast SEO plugin. -->","yoast_head_json":{"title":"Danilloviq fton Partin\u00eb liberale,boshnjake dhe Forc\u00ebn q\u00eb ti bashkohen Frontit - Lajme nga Ulqini","description":"Funksionari i Frontit demokratik Goran Danilloviq,\u00a0 ka ftuar partin\u00eb Liberal, partin\u00eb Boshnjake dhe Forcen q\u00eb ti bashk\u00ebngjit\u00ebn k\u00ebsaj aleance politike,","robots":{"index":"index","follow":"follow","max-snippet":"max-snippet:-1","max-image-preview":"max-image-preview:large","max-video-preview":"max-video-preview:-1"},"canonical":"https:\/\/www.visit-ulcinj.com\/blog\/2013\/05\/08\/danilloviq-fton-partine-liberaleboshnjake-dhe-forcen-qe-ti-bashkohen-frontit\/","og_locale":"en_US","og_type":"article","og_title":"Danilloviq fton Partin\u00eb liberale,boshnjake dhe Forc\u00ebn q\u00eb ti bashkohen Frontit - Lajme nga Ulqini","og_description":"Funksionari i Frontit demokratik Goran Danilloviq,\u00a0 ka ftuar partin\u00eb Liberal, partin\u00eb Boshnjake dhe Forcen q\u00eb ti bashk\u00ebngjit\u00ebn k\u00ebsaj aleance politike,","og_url":"https:\/\/www.visit-ulcinj.com\/blog\/2013\/05\/08\/danilloviq-fton-partine-liberaleboshnjake-dhe-forcen-qe-ti-bashkohen-frontit\/","og_site_name":"Lajme nga Ulqini","article_published_time":"2013-05-08T17:31:27+00:00","article_modified_time":"2013-05-08T17:31:41+00:00","og_image":[{"url":"http:\/\/www.visit-ulcinj.com\/blog\/wp-content\/uploads\/2013\/05\/Goran-Danillovic.jpg"}],"twitter_misc":{"Written by":"ulqini","Est. reading time":"1 minute"},"schema":{"@context":"https:\/\/schema.org","@graph":[{"@type":"WebSite","@id":"https:\/\/www.visit-ulcinj.com\/blog\/#website","url":"https:\/\/www.visit-ulcinj.com\/blog\/","name":"Lajme nga Ulqini","description":"Lajme,Vijesti,Ulqini,Ulqin,Crna Gora,Mali i Zi","potentialAction":[{"@type":"SearchAction","target":{"@type":"EntryPoint","urlTemplate":"https:\/\/www.visit-ulcinj.com\/blog\/?s={search_term_string}"},"query-input":"required name=search_term_string"}],"inLanguage":"en-US"},{"@type":"ImageObject","inLanguage":"en-US","@id":"https:\/\/www.visit-ulcinj.com\/blog\/2013\/05\/08\/danilloviq-fton-partine-liberaleboshnjake-dhe-forcen-qe-ti-bashkohen-frontit\/#primaryimage","url":"https:\/\/www.visit-ulcinj.com\/blog\/wp-content\/uploads\/2013\/05\/Goran-Danillovic.jpg","contentUrl":"https:\/\/www.visit-ulcinj.com\/blog\/wp-content\/uploads\/2013\/05\/Goran-Danillovic.jpg","width":527,"height":395},{"@type":"WebPage","@id":"https:\/\/www.visit-ulcinj.com\/blog\/2013\/05\/08\/danilloviq-fton-partine-liberaleboshnjake-dhe-forcen-qe-ti-bashkohen-frontit\/#webpage","url":"https:\/\/www.visit-ulcinj.com\/blog\/2013\/05\/08\/danilloviq-fton-partine-liberaleboshnjake-dhe-forcen-qe-ti-bashkohen-frontit\/","name":"Danilloviq fton Partin\u00eb liberale,boshnjake dhe Forc\u00ebn q\u00eb ti bashkohen Frontit - Lajme nga Ulqini","isPartOf":{"@id":"https:\/\/www.visit-ulcinj.com\/blog\/#website"},"primaryImageOfPage":{"@id":"https:\/\/www.visit-ulcinj.com\/blog\/2013\/05\/08\/danilloviq-fton-partine-liberaleboshnjake-dhe-forcen-qe-ti-bashkohen-frontit\/#primaryimage"},"datePublished":"2013-05-08T17:31:27+00:00","dateModified":"2013-05-08T17:31:41+00:00","author":{"@id":"https:\/\/www.visit-ulcinj.com\/blog\/#\/schema\/person\/dcab619c614d3038751c63bc2aadc06d"},"description":"Funksionari i Frontit demokratik Goran Danilloviq,\u00a0 ka ftuar partin\u00eb Liberal, partin\u00eb Boshnjake dhe Forcen q\u00eb ti bashk\u00ebngjit\u00ebn k\u00ebsaj aleance politike,","breadcrumb":{"@id":"https:\/\/www.visit-ulcinj.com\/blog\/2013\/05\/08\/danilloviq-fton-partine-liberaleboshnjake-dhe-forcen-qe-ti-bashkohen-frontit\/#breadcrumb"},"inLanguage":"en-US","potentialAction":[{"@type":"ReadAction","target":["https:\/\/www.visit-ulcinj.com\/blog\/2013\/05\/08\/danilloviq-fton-partine-liberaleboshnjake-dhe-forcen-qe-ti-bashkohen-frontit\/"]}]},{"@type":"BreadcrumbList","@id":"https:\/\/www.visit-ulcinj.com\/blog\/2013\/05\/08\/danilloviq-fton-partine-liberaleboshnjake-dhe-forcen-qe-ti-bashkohen-frontit\/#breadcrumb","itemListElement":[{"@type":"ListItem","position":1,"name":"Danilloviq fton Partin\u00eb liberale,boshnjake dhe Forc\u00ebn q\u00eb ti bashkohen Frontit"}]},{"@type":"Person","@id":"https:\/\/www.visit-ulcinj.com\/blog\/#\/schema\/person\/dcab619c614d3038751c63bc2aadc06d","name":"ulqini","sameAs":["http:\/\/www.visit-ulcinj.com"],"url":"https:\/\/www.visit-ulcinj.com\/blog\/author\/admin\/"}]}},"jetpack_featured_media_url":"","jetpack_sharing_enabled":true,"jetpack_shortlink":"https:\/\/wp.me\/pe6lTn-iw9","_links":{"self":[{"href":"https:\/\/www.visit-ulcinj.com\/blog\/wp-json\/wp\/v2\/posts\/71185"}],"collection":[{"href":"https:\/\/www.visit-ulcinj.com\/blog\/wp-json\/wp\/v2\/posts"}],"about":[{"href":"https:\/\/www.visit-ulcinj.com\/blog\/wp-json\/wp\/v2\/types\/post"}],"author":[{"embeddable":true,"href":"https:\/\/www.visit-ulcinj.com\/blog\/wp-json\/wp\/v2\/users\/1"}],"replies":[{"embeddable":true,"href":"https:\/\/www.visit-ulcinj.com\/blog\/wp-json\/wp\/v2\/comments?post=71185"}],"version-history":[{"count":2,"href":"https:\/\/www.visit-ulcinj.com\/blog\/wp-json\/wp\/v2\/posts\/71185\/revisions"}],"predecessor-version":[{"id":71188,"href":"https:\/\/www.visit-ulcinj.com\/blog\/wp-json\/wp\/v2\/posts\/71185\/revisions\/71188"}],"wp:attachment":[{"href":"https:\/\/www.visit-ulcinj.com\/blog\/wp-json\/wp\/v2\/media?parent=71185"}],"wp:term":[{"taxonomy":"category","embeddable":true,"href":"https:\/\/www.visit-ulcinj.com\/blog\/wp-json\/wp\/v2\/categories?post=71185"},{"taxonomy":"post_tag","embeddable":true,"href":"https:\/\/www.visit-ulcinj.com\/blog\/wp-json\/wp\/v2\/tags?post=71185"}],"curies":[{"name":"wp","href":"https:\/\/api.w.org\/{rel}","templated":true}]}}