{"id":71216,"date":"2013-05-10T14:40:12","date_gmt":"2013-05-10T13:40:12","guid":{"rendered":"http:\/\/www.visit-ulcinj.com\/blog\/?p=71216"},"modified":"2013-05-10T14:40:12","modified_gmt":"2013-05-10T13:40:12","slug":"albanske-partije-praznih-ruku","status":"publish","type":"post","link":"https:\/\/www.visit-ulcinj.com\/blog\/2013\/05\/10\/albanske-partije-praznih-ruku\/","title":{"rendered":"Albanske partije praznih ruku"},"content":{"rendered":"<p><a href=\"http:\/\/www.visit-ulcinj.com\/blog\/wp-content\/uploads\/2013\/05\/Albanske-partije-praznih-ruku-_Nazif-Cungu-i-Fatmir-Djeka-ulcinj.jpg\"><img loading=\"lazy\" class=\"alignleft  wp-image-71217\" alt=\"Albanske partije praznih ruku _Nazif Cungu i Fatmir Djeka-ulcinj\" src=\"http:\/\/www.visit-ulcinj.com\/blog\/wp-content\/uploads\/2013\/05\/Albanske-partije-praznih-ruku-_Nazif-Cungu-i-Fatmir-Djeka-ulcinj.jpg\" width=\"508\" height=\"360\" \/><\/a>Albanci iz stranaka vladaju\u0107e ve\u0107ine nijesu dobili nijednu funkciju u Vladi, iako su ranije dr\u017eali ministarstvo za za\u0161titu manjinskih prava. Prilikom ulaska u vlast obe\u0107avana su im po tri mjesta pomo\u0107nika i savjetnika ministara, kao i mjesta u konzularnim predstavni\u0161tvima. Nakon prijetnji da \u0107e bojkotovati predsjedni\u010dke izbore, DPS je albanskim partijama obe\u0107ao odr\u017eavanje konsultativnog referenduma za op\u0161tinu Tuzi u septembru.<\/p>\n<p>Camaj smatra da se albanski politi\u010dari sada poku\u0161avaju da distanciraju od DPS-a i pripreme za lokalne izbore:<\/p>\n<p>\u201cJasno im je da su kod bira\u010da izgubili kredibilitet, jer su u\u0161li u vlast iako su kampanju zasnivali na pri\u010di o antialbanskoj politici DPS-a. Sada te prevarene glasa\u010de poku\u0161avaju da vrate\u201d.<\/p>\n<p>Popovi\u0107 ve\u0107 ima problem u LP, a vlast bi prijetnjom vanrednim izborima u Ulcinju mogla primiri i Nazifa Cungua. Camaj, me\u0111utim, smatra da je malo vjerovatno da \u0107e im \u0110ukanovi\u0107 dozvoliti izlazak iz vlasti. Time bi, smatra Camaj, vlast ugrozila gra\u0111anski imid\u017e.<\/p>\n<p>\u201c\u0110ukanovi\u0107u je va\u017eno da mo\u017ee da se pohvali kako su u vlasti i nacionalne manjine. Tako mogu pred me\u0111unarodnom zajednicom da tvrde kako nijesu nacionalisti\u010dki, niti totatlitarni re\u017eim\u201d, tvrdi on.<br \/>\n<a href=\"http:\/\/www.visit-ulcinj.com\/blog\/wp-content\/uploads\/2013\/05\/djukanovic-husovic-vucinovic-cungu-gjeka.jpg\"><img loading=\"lazy\" class=\"alignleft  wp-image-71218\" alt=\"djukanovic-husovic-vucinovic-cungu-gjeka\" src=\"http:\/\/www.visit-ulcinj.com\/blog\/wp-content\/uploads\/2013\/05\/djukanovic-husovic-vucinovic-cungu-gjeka.jpg\" width=\"508\" height=\"300\" \/><\/a><\/p>\n<p><strong>Stvari koje nije lako prevazi\u0107i<\/strong><\/p>\n<p>Dok Popovi\u0107 tvrdi da DPS, i pored brojnih razgovora, prolongira dogovor o funkcijama, Genci Nimanbegu (Forca) tvrdi da pet mjeseci nije bilo ni jednog imenovanja po sporazumu. On navodi da problem nijesu samo funkcije jer se ne po\u0161tuje ni dio koji se odnosi na decentralizaciju, upotrebu nacionalnih simbola.<\/p>\n<p>Nimanbegu tvdi da albanske stranke ne\u0107e razmatrati eventulanu koaliciju sa opozicijom, jer se sa njima ne sla\u017eu u brojnim stvarima, navode\u0107i kao primjer NATO integracije.<\/p>\n<p>&#8220;To su stvari koje nije lako prevazi\u0107i. Ve\u0107 su otpo\u010deti razgovori sa DPS-om, a \u0161to se mo\u017ee desiti ne bih prejudicirati. Ne\u0107emo odustajati od principa pa makar to i zna\u010dilo da u jednom monetu istupimo iz Vlade&#8221;, kazao je on.<\/p>\n<p>Dok je poslanik BS Amer Kala\u010d kazao da se kasni sa ispunjenjem sporazuma, Funkcioner Demokratskog fronta Goran Danilovi\u0107 poru\u010dio je da jo\u0161 va\u017ei ponuda tog politi\u010dkog saveza manjinskim strankama i LP da formiraju vlast sa opozicijom i zauzmu najzna\u010dajnije i centralne uloge u Vladi.<\/p>\n<p><a href=\"http:\/\/www.vijesti.me\/vijesti\/dps-partneri-u-vlasti-zbog-mrvica-nade-clanak-127486\" target=\"_blank\"><strong>Samir Kajo\u0161evi\u0107, Darvin Muri\u0107<\/strong><\/a><br \/>\n<a href=\"http:\/\/www.vijesti.me\/vijesti\/dps-partneri-u-vlasti-zbog-mrvica-nade-clanak-127486\" target=\"_blank\"><strong>Vijesti Online<\/strong><\/a><\/p>\n","protected":false},"excerpt":{"rendered":"<p>Albanci iz stranaka vladaju\u0107e ve\u0107ine nijesu dobili nijednu funkciju u Vladi, iako su ranije dr\u017eali ministarstvo za za\u0161titu manjinskih prava. Prilikom ulaska u vlast obe\u0107avana su im po tri mjesta pomo\u0107nika i savjetnika ministara, kao i mjesta u konzularnim predstavni\u0161tvima. Nakon prijetnji da \u0107e bojkotovati predsjedni\u010dke izbore, DPS je albanskim partijama obe\u0107ao odr\u017eavanje konsultativnog referenduma [&hellip;]<\/p>\n","protected":false},"author":1,"featured_media":0,"comment_status":"open","ping_status":"closed","sticky":false,"template":"","format":"standard","meta":{"spay_email":"","jetpack_publicize_message":"","jetpack_is_tweetstorm":false,"jetpack_publicize_feature_enabled":true},"categories":[8337],"tags":[],"jetpack_publicize_connections":[],"yoast_head":"<!-- This site is optimized with the Yoast SEO plugin v19.1 - https:\/\/yoast.com\/wordpress\/plugins\/seo\/ -->\n<title>Albanske partije praznih ruku - Lajme nga Ulqini<\/title>\n<meta name=\"description\" content=\"Albanci iz stranaka vladaju\u0107e ve\u0107ine nijesu dobili nijednu funkciju u Vladi, iako su ranije dr\u017eali ministarstvo za za\u0161titu manjinskih prava. Prilikom\" \/>\n<meta name=\"robots\" content=\"index, follow, max-snippet:-1, max-image-preview:large, max-video-preview:-1\" \/>\n<link rel=\"canonical\" href=\"https:\/\/www.visit-ulcinj.com\/blog\/2013\/05\/10\/albanske-partije-praznih-ruku\/\" \/>\n<meta property=\"og:locale\" content=\"en_US\" \/>\n<meta property=\"og:type\" content=\"article\" \/>\n<meta property=\"og:title\" content=\"Albanske partije praznih ruku - Lajme nga Ulqini\" \/>\n<meta property=\"og:description\" content=\"Albanci iz stranaka vladaju\u0107e ve\u0107ine nijesu dobili nijednu funkciju u Vladi, iako su ranije dr\u017eali ministarstvo za za\u0161titu manjinskih prava. Prilikom\" \/>\n<meta property=\"og:url\" content=\"https:\/\/www.visit-ulcinj.com\/blog\/2013\/05\/10\/albanske-partije-praznih-ruku\/\" \/>\n<meta property=\"og:site_name\" content=\"Lajme nga Ulqini\" \/>\n<meta property=\"article:published_time\" content=\"2013-05-10T13:40:12+00:00\" \/>\n<meta property=\"og:image\" content=\"http:\/\/www.visit-ulcinj.com\/blog\/wp-content\/uploads\/2013\/05\/Albanske-partije-praznih-ruku-_Nazif-Cungu-i-Fatmir-Djeka-ulcinj.jpg\" \/>\n<meta name=\"twitter:label1\" content=\"Written by\" \/>\n\t<meta name=\"twitter:data1\" content=\"ulqini\" \/>\n\t<meta name=\"twitter:label2\" content=\"Est. reading time\" \/>\n\t<meta name=\"twitter:data2\" content=\"2 minutes\" \/>\n<script type=\"application\/ld+json\" class=\"yoast-schema-graph\">{\"@context\":\"https:\/\/schema.org\",\"@graph\":[{\"@type\":\"WebSite\",\"@id\":\"https:\/\/www.visit-ulcinj.com\/blog\/#website\",\"url\":\"https:\/\/www.visit-ulcinj.com\/blog\/\",\"name\":\"Lajme nga Ulqini\",\"description\":\"Lajme,Vijesti,Ulqini,Ulqin,Crna Gora,Mali i Zi\",\"potentialAction\":[{\"@type\":\"SearchAction\",\"target\":{\"@type\":\"EntryPoint\",\"urlTemplate\":\"https:\/\/www.visit-ulcinj.com\/blog\/?s={search_term_string}\"},\"query-input\":\"required name=search_term_string\"}],\"inLanguage\":\"en-US\"},{\"@type\":\"ImageObject\",\"inLanguage\":\"en-US\",\"@id\":\"https:\/\/www.visit-ulcinj.com\/blog\/2013\/05\/10\/albanske-partije-praznih-ruku\/#primaryimage\",\"url\":\"https:\/\/www.visit-ulcinj.com\/blog\/wp-content\/uploads\/2013\/05\/Albanske-partije-praznih-ruku-_Nazif-Cungu-i-Fatmir-Djeka-ulcinj.jpg\",\"contentUrl\":\"https:\/\/www.visit-ulcinj.com\/blog\/wp-content\/uploads\/2013\/05\/Albanske-partije-praznih-ruku-_Nazif-Cungu-i-Fatmir-Djeka-ulcinj.jpg\",\"width\":672,\"height\":576},{\"@type\":\"WebPage\",\"@id\":\"https:\/\/www.visit-ulcinj.com\/blog\/2013\/05\/10\/albanske-partije-praznih-ruku\/#webpage\",\"url\":\"https:\/\/www.visit-ulcinj.com\/blog\/2013\/05\/10\/albanske-partije-praznih-ruku\/\",\"name\":\"Albanske partije praznih ruku - Lajme nga Ulqini\",\"isPartOf\":{\"@id\":\"https:\/\/www.visit-ulcinj.com\/blog\/#website\"},\"primaryImageOfPage\":{\"@id\":\"https:\/\/www.visit-ulcinj.com\/blog\/2013\/05\/10\/albanske-partije-praznih-ruku\/#primaryimage\"},\"datePublished\":\"2013-05-10T13:40:12+00:00\",\"dateModified\":\"2013-05-10T13:40:12+00:00\",\"author\":{\"@id\":\"https:\/\/www.visit-ulcinj.com\/blog\/#\/schema\/person\/dcab619c614d3038751c63bc2aadc06d\"},\"description\":\"Albanci iz stranaka vladaju\u0107e ve\u0107ine nijesu dobili nijednu funkciju u Vladi, iako su ranije dr\u017eali ministarstvo za za\u0161titu manjinskih prava. Prilikom\",\"breadcrumb\":{\"@id\":\"https:\/\/www.visit-ulcinj.com\/blog\/2013\/05\/10\/albanske-partije-praznih-ruku\/#breadcrumb\"},\"inLanguage\":\"en-US\",\"potentialAction\":[{\"@type\":\"ReadAction\",\"target\":[\"https:\/\/www.visit-ulcinj.com\/blog\/2013\/05\/10\/albanske-partije-praznih-ruku\/\"]}]},{\"@type\":\"BreadcrumbList\",\"@id\":\"https:\/\/www.visit-ulcinj.com\/blog\/2013\/05\/10\/albanske-partije-praznih-ruku\/#breadcrumb\",\"itemListElement\":[{\"@type\":\"ListItem\",\"position\":1,\"name\":\"Albanske partije praznih ruku\"}]},{\"@type\":\"Person\",\"@id\":\"https:\/\/www.visit-ulcinj.com\/blog\/#\/schema\/person\/dcab619c614d3038751c63bc2aadc06d\",\"name\":\"ulqini\",\"sameAs\":[\"http:\/\/www.visit-ulcinj.com\"],\"url\":\"https:\/\/www.visit-ulcinj.com\/blog\/author\/admin\/\"}]}<\/script>\n<!-- \/ Yoast SEO plugin. -->","yoast_head_json":{"title":"Albanske partije praznih ruku - Lajme nga Ulqini","description":"Albanci iz stranaka vladaju\u0107e ve\u0107ine nijesu dobili nijednu funkciju u Vladi, iako su ranije dr\u017eali ministarstvo za za\u0161titu manjinskih prava. Prilikom","robots":{"index":"index","follow":"follow","max-snippet":"max-snippet:-1","max-image-preview":"max-image-preview:large","max-video-preview":"max-video-preview:-1"},"canonical":"https:\/\/www.visit-ulcinj.com\/blog\/2013\/05\/10\/albanske-partije-praznih-ruku\/","og_locale":"en_US","og_type":"article","og_title":"Albanske partije praznih ruku - Lajme nga Ulqini","og_description":"Albanci iz stranaka vladaju\u0107e ve\u0107ine nijesu dobili nijednu funkciju u Vladi, iako su ranije dr\u017eali ministarstvo za za\u0161titu manjinskih prava. Prilikom","og_url":"https:\/\/www.visit-ulcinj.com\/blog\/2013\/05\/10\/albanske-partije-praznih-ruku\/","og_site_name":"Lajme nga Ulqini","article_published_time":"2013-05-10T13:40:12+00:00","og_image":[{"url":"http:\/\/www.visit-ulcinj.com\/blog\/wp-content\/uploads\/2013\/05\/Albanske-partije-praznih-ruku-_Nazif-Cungu-i-Fatmir-Djeka-ulcinj.jpg"}],"twitter_misc":{"Written by":"ulqini","Est. reading time":"2 minutes"},"schema":{"@context":"https:\/\/schema.org","@graph":[{"@type":"WebSite","@id":"https:\/\/www.visit-ulcinj.com\/blog\/#website","url":"https:\/\/www.visit-ulcinj.com\/blog\/","name":"Lajme nga Ulqini","description":"Lajme,Vijesti,Ulqini,Ulqin,Crna Gora,Mali i Zi","potentialAction":[{"@type":"SearchAction","target":{"@type":"EntryPoint","urlTemplate":"https:\/\/www.visit-ulcinj.com\/blog\/?s={search_term_string}"},"query-input":"required name=search_term_string"}],"inLanguage":"en-US"},{"@type":"ImageObject","inLanguage":"en-US","@id":"https:\/\/www.visit-ulcinj.com\/blog\/2013\/05\/10\/albanske-partije-praznih-ruku\/#primaryimage","url":"https:\/\/www.visit-ulcinj.com\/blog\/wp-content\/uploads\/2013\/05\/Albanske-partije-praznih-ruku-_Nazif-Cungu-i-Fatmir-Djeka-ulcinj.jpg","contentUrl":"https:\/\/www.visit-ulcinj.com\/blog\/wp-content\/uploads\/2013\/05\/Albanske-partije-praznih-ruku-_Nazif-Cungu-i-Fatmir-Djeka-ulcinj.jpg","width":672,"height":576},{"@type":"WebPage","@id":"https:\/\/www.visit-ulcinj.com\/blog\/2013\/05\/10\/albanske-partije-praznih-ruku\/#webpage","url":"https:\/\/www.visit-ulcinj.com\/blog\/2013\/05\/10\/albanske-partije-praznih-ruku\/","name":"Albanske partije praznih ruku - Lajme nga Ulqini","isPartOf":{"@id":"https:\/\/www.visit-ulcinj.com\/blog\/#website"},"primaryImageOfPage":{"@id":"https:\/\/www.visit-ulcinj.com\/blog\/2013\/05\/10\/albanske-partije-praznih-ruku\/#primaryimage"},"datePublished":"2013-05-10T13:40:12+00:00","dateModified":"2013-05-10T13:40:12+00:00","author":{"@id":"https:\/\/www.visit-ulcinj.com\/blog\/#\/schema\/person\/dcab619c614d3038751c63bc2aadc06d"},"description":"Albanci iz stranaka vladaju\u0107e ve\u0107ine nijesu dobili nijednu funkciju u Vladi, iako su ranije dr\u017eali ministarstvo za za\u0161titu manjinskih prava. Prilikom","breadcrumb":{"@id":"https:\/\/www.visit-ulcinj.com\/blog\/2013\/05\/10\/albanske-partije-praznih-ruku\/#breadcrumb"},"inLanguage":"en-US","potentialAction":[{"@type":"ReadAction","target":["https:\/\/www.visit-ulcinj.com\/blog\/2013\/05\/10\/albanske-partije-praznih-ruku\/"]}]},{"@type":"BreadcrumbList","@id":"https:\/\/www.visit-ulcinj.com\/blog\/2013\/05\/10\/albanske-partije-praznih-ruku\/#breadcrumb","itemListElement":[{"@type":"ListItem","position":1,"name":"Albanske partije praznih ruku"}]},{"@type":"Person","@id":"https:\/\/www.visit-ulcinj.com\/blog\/#\/schema\/person\/dcab619c614d3038751c63bc2aadc06d","name":"ulqini","sameAs":["http:\/\/www.visit-ulcinj.com"],"url":"https:\/\/www.visit-ulcinj.com\/blog\/author\/admin\/"}]}},"jetpack_featured_media_url":"","jetpack_sharing_enabled":true,"jetpack_shortlink":"https:\/\/wp.me\/pe6lTn-iwE","_links":{"self":[{"href":"https:\/\/www.visit-ulcinj.com\/blog\/wp-json\/wp\/v2\/posts\/71216"}],"collection":[{"href":"https:\/\/www.visit-ulcinj.com\/blog\/wp-json\/wp\/v2\/posts"}],"about":[{"href":"https:\/\/www.visit-ulcinj.com\/blog\/wp-json\/wp\/v2\/types\/post"}],"author":[{"embeddable":true,"href":"https:\/\/www.visit-ulcinj.com\/blog\/wp-json\/wp\/v2\/users\/1"}],"replies":[{"embeddable":true,"href":"https:\/\/www.visit-ulcinj.com\/blog\/wp-json\/wp\/v2\/comments?post=71216"}],"version-history":[{"count":1,"href":"https:\/\/www.visit-ulcinj.com\/blog\/wp-json\/wp\/v2\/posts\/71216\/revisions"}],"predecessor-version":[{"id":71219,"href":"https:\/\/www.visit-ulcinj.com\/blog\/wp-json\/wp\/v2\/posts\/71216\/revisions\/71219"}],"wp:attachment":[{"href":"https:\/\/www.visit-ulcinj.com\/blog\/wp-json\/wp\/v2\/media?parent=71216"}],"wp:term":[{"taxonomy":"category","embeddable":true,"href":"https:\/\/www.visit-ulcinj.com\/blog\/wp-json\/wp\/v2\/categories?post=71216"},{"taxonomy":"post_tag","embeddable":true,"href":"https:\/\/www.visit-ulcinj.com\/blog\/wp-json\/wp\/v2\/tags?post=71216"}],"curies":[{"name":"wp","href":"https:\/\/api.w.org\/{rel}","templated":true}]}}