{"id":7125,"date":"2008-12-12T11:18:59","date_gmt":"2008-12-12T10:18:59","guid":{"rendered":"http:\/\/www.visit-ulcinj.com\/blog\/?p=7125"},"modified":"2008-12-11T21:21:00","modified_gmt":"2008-12-11T20:21:00","slug":"%e2%80%9cnrg-band%e2%80%9d-gati-me-drenushen","status":"publish","type":"post","link":"https:\/\/www.visit-ulcinj.com\/blog\/2008\/12\/12\/%e2%80%9cnrg-band%e2%80%9d-gati-me-drenushen\/","title":{"rendered":"\u201cNRG Band\u201d gati me Drenush\u00ebn"},"content":{"rendered":"<p><a href=\"http:\/\/www.visit-ulcinj.com\/blog\/wp-content\/uploads\/2008\/12\/nrg-bande2809d.jpg\"><img loading=\"lazy\" class=\"alignleft size-medium wp-image-7126\" title=\"nrg-bande2809d\" src=\"http:\/\/www.visit-ulcinj.com\/blog\/wp-content\/uploads\/2008\/12\/nrg-bande2809d-240x300.jpg\" alt=\"\" width=\"313\" height=\"300\" \/><\/a>\u201cNRG Band\u201d, ka p\u00ebrpunuar k\u00ebng\u00ebn \u201cDrenusha\u201d t\u00eb roker\u00ebve legjendar\u00eb t\u00eb grupit \u201cMinatori\u201d. P\u00ebr realizimin e k\u00ebng\u00ebs an\u00ebtar\u00ebt e \u201cNRG Band\u201d kan\u00eb bashk\u00ebpunuar me kompozitorin Florent Boshnjaku, nj\u00eb prej artist\u00ebve m\u00eb t\u00eb klikuar ky t\u00eb momentit. Solisti i grupit, Besnik Qaka, ka th\u00ebn\u00eb se motivi i k\u00ebng\u00ebs ka mbetur origjinali, por q\u00eb k\u00ebng\u00ebs i \u00ebsht\u00eb dh\u00ebn\u00eb nj\u00eb stil modern. \u201cNRG Band\u201d tashm\u00eb ka punuar edhe klipin e k\u00ebng\u00ebs, t\u00eb cilin e kan\u00eb realizuar me produksionin \u201cVideoart\u201d nga Gjilani.<br \/>\n<strong><\/strong><\/p>\n<p><strong>Bluetooth<\/strong><\/p>\n<!--YouTube Error: bad URL entered-->\n","protected":false},"excerpt":{"rendered":"<p>\u201cNRG Band\u201d, ka p\u00ebrpunuar k\u00ebng\u00ebn \u201cDrenusha\u201d t\u00eb roker\u00ebve legjendar\u00eb t\u00eb grupit \u201cMinatori\u201d. P\u00ebr realizimin e k\u00ebng\u00ebs an\u00ebtar\u00ebt e \u201cNRG Band\u201d kan\u00eb bashk\u00ebpunuar me kompozitorin Florent Boshnjaku, nj\u00eb prej artist\u00ebve m\u00eb t\u00eb klikuar ky t\u00eb momentit. Solisti i grupit, Besnik Qaka, ka th\u00ebn\u00eb se motivi i k\u00ebng\u00ebs ka mbetur origjinali, por q\u00eb k\u00ebng\u00ebs i \u00ebsht\u00eb dh\u00ebn\u00eb [&hellip;]<\/p>\n","protected":false},"author":1,"featured_media":0,"comment_status":"open","ping_status":"closed","sticky":false,"template":"","format":"standard","meta":{"spay_email":"","jetpack_publicize_message":"","jetpack_is_tweetstorm":false,"jetpack_publicize_feature_enabled":true},"categories":[1],"tags":[5206],"jetpack_publicize_connections":[],"yoast_head":"<!-- This site is optimized with the Yoast SEO plugin v19.1 - https:\/\/yoast.com\/wordpress\/plugins\/seo\/ -->\n<title>\u201cNRG Band\u201d gati me Drenush\u00ebn - Lajme nga Ulqini<\/title>\n<meta name=\"description\" content=\"\u201cNRG Band\u201d, ka p\u00ebrpunuar k\u00ebng\u00ebn \u201cDrenusha\u201d t\u00eb roker\u00ebve legjendar\u00eb t\u00eb grupit \u201cMinatori\u201d. P\u00ebr realizimin e k\u00ebng\u00ebs an\u00ebtar\u00ebt e \u201cNRG Band\u201d kan\u00eb bashk\u00ebpunuar me\" \/>\n<meta name=\"robots\" content=\"index, follow, max-snippet:-1, max-image-preview:large, max-video-preview:-1\" \/>\n<link rel=\"canonical\" href=\"https:\/\/www.visit-ulcinj.com\/blog\/2008\/12\/12\/\u201cnrg-band\u201d-gati-me-drenushen\/\" \/>\n<meta property=\"og:locale\" content=\"en_US\" \/>\n<meta property=\"og:type\" content=\"article\" \/>\n<meta property=\"og:title\" content=\"\u201cNRG Band\u201d gati me Drenush\u00ebn - Lajme nga Ulqini\" \/>\n<meta property=\"og:description\" content=\"\u201cNRG Band\u201d, ka p\u00ebrpunuar k\u00ebng\u00ebn \u201cDrenusha\u201d t\u00eb roker\u00ebve legjendar\u00eb t\u00eb grupit \u201cMinatori\u201d. P\u00ebr realizimin e k\u00ebng\u00ebs an\u00ebtar\u00ebt e \u201cNRG Band\u201d kan\u00eb bashk\u00ebpunuar me\" \/>\n<meta property=\"og:url\" content=\"https:\/\/www.visit-ulcinj.com\/blog\/2008\/12\/12\/\u201cnrg-band\u201d-gati-me-drenushen\/\" \/>\n<meta property=\"og:site_name\" content=\"Lajme nga Ulqini\" \/>\n<meta property=\"article:published_time\" content=\"2008-12-12T10:18:59+00:00\" \/>\n<meta property=\"article:modified_time\" content=\"2008-12-11T20:21:00+00:00\" \/>\n<meta property=\"og:image\" content=\"http:\/\/www.visit-ulcinj.com\/blog\/wp-content\/uploads\/2008\/12\/nrg-bande2809d-240x300.jpg\" \/>\n<meta name=\"twitter:label1\" content=\"Written by\" \/>\n\t<meta name=\"twitter:data1\" content=\"ulqini\" \/>\n\t<meta name=\"twitter:label2\" content=\"Est. reading time\" \/>\n\t<meta name=\"twitter:data2\" content=\"1 minute\" \/>\n<script type=\"application\/ld+json\" class=\"yoast-schema-graph\">{\"@context\":\"https:\/\/schema.org\",\"@graph\":[{\"@type\":\"WebSite\",\"@id\":\"https:\/\/www.visit-ulcinj.com\/blog\/#website\",\"url\":\"https:\/\/www.visit-ulcinj.com\/blog\/\",\"name\":\"Lajme nga Ulqini\",\"description\":\"Lajme,Vijesti,Ulqini,Ulqin,Crna Gora,Mali i Zi\",\"potentialAction\":[{\"@type\":\"SearchAction\",\"target\":{\"@type\":\"EntryPoint\",\"urlTemplate\":\"https:\/\/www.visit-ulcinj.com\/blog\/?s={search_term_string}\"},\"query-input\":\"required name=search_term_string\"}],\"inLanguage\":\"en-US\"},{\"@type\":\"ImageObject\",\"inLanguage\":\"en-US\",\"@id\":\"https:\/\/www.visit-ulcinj.com\/blog\/2008\/12\/12\/%e2%80%9cnrg-band%e2%80%9d-gati-me-drenushen\/#primaryimage\",\"url\":\"http:\/\/www.visit-ulcinj.com\/blog\/wp-content\/uploads\/2008\/12\/nrg-bande2809d-240x300.jpg\",\"contentUrl\":\"http:\/\/www.visit-ulcinj.com\/blog\/wp-content\/uploads\/2008\/12\/nrg-bande2809d-240x300.jpg\"},{\"@type\":\"WebPage\",\"@id\":\"https:\/\/www.visit-ulcinj.com\/blog\/2008\/12\/12\/%e2%80%9cnrg-band%e2%80%9d-gati-me-drenushen\/#webpage\",\"url\":\"https:\/\/www.visit-ulcinj.com\/blog\/2008\/12\/12\/%e2%80%9cnrg-band%e2%80%9d-gati-me-drenushen\/\",\"name\":\"\u201cNRG Band\u201d gati me Drenush\u00ebn - Lajme nga Ulqini\",\"isPartOf\":{\"@id\":\"https:\/\/www.visit-ulcinj.com\/blog\/#website\"},\"primaryImageOfPage\":{\"@id\":\"https:\/\/www.visit-ulcinj.com\/blog\/2008\/12\/12\/%e2%80%9cnrg-band%e2%80%9d-gati-me-drenushen\/#primaryimage\"},\"datePublished\":\"2008-12-12T10:18:59+00:00\",\"dateModified\":\"2008-12-11T20:21:00+00:00\",\"author\":{\"@id\":\"https:\/\/www.visit-ulcinj.com\/blog\/#\/schema\/person\/dcab619c614d3038751c63bc2aadc06d\"},\"description\":\"\u201cNRG Band\u201d, ka p\u00ebrpunuar k\u00ebng\u00ebn \u201cDrenusha\u201d t\u00eb roker\u00ebve legjendar\u00eb t\u00eb grupit \u201cMinatori\u201d. P\u00ebr realizimin e k\u00ebng\u00ebs an\u00ebtar\u00ebt e \u201cNRG Band\u201d kan\u00eb bashk\u00ebpunuar me\",\"breadcrumb\":{\"@id\":\"https:\/\/www.visit-ulcinj.com\/blog\/2008\/12\/12\/%e2%80%9cnrg-band%e2%80%9d-gati-me-drenushen\/#breadcrumb\"},\"inLanguage\":\"en-US\",\"potentialAction\":[{\"@type\":\"ReadAction\",\"target\":[\"https:\/\/www.visit-ulcinj.com\/blog\/2008\/12\/12\/%e2%80%9cnrg-band%e2%80%9d-gati-me-drenushen\/\"]}]},{\"@type\":\"BreadcrumbList\",\"@id\":\"https:\/\/www.visit-ulcinj.com\/blog\/2008\/12\/12\/%e2%80%9cnrg-band%e2%80%9d-gati-me-drenushen\/#breadcrumb\",\"itemListElement\":[{\"@type\":\"ListItem\",\"position\":1,\"name\":\"\u201cNRG Band\u201d gati me Drenush\u00ebn\"}]},{\"@type\":\"Person\",\"@id\":\"https:\/\/www.visit-ulcinj.com\/blog\/#\/schema\/person\/dcab619c614d3038751c63bc2aadc06d\",\"name\":\"ulqini\",\"sameAs\":[\"http:\/\/www.visit-ulcinj.com\"],\"url\":\"https:\/\/www.visit-ulcinj.com\/blog\/author\/admin\/\"}]}<\/script>\n<!-- \/ Yoast SEO plugin. -->","yoast_head_json":{"title":"\u201cNRG Band\u201d gati me Drenush\u00ebn - Lajme nga Ulqini","description":"\u201cNRG Band\u201d, ka p\u00ebrpunuar k\u00ebng\u00ebn \u201cDrenusha\u201d t\u00eb roker\u00ebve legjendar\u00eb t\u00eb grupit \u201cMinatori\u201d. P\u00ebr realizimin e k\u00ebng\u00ebs an\u00ebtar\u00ebt e \u201cNRG Band\u201d kan\u00eb bashk\u00ebpunuar me","robots":{"index":"index","follow":"follow","max-snippet":"max-snippet:-1","max-image-preview":"max-image-preview:large","max-video-preview":"max-video-preview:-1"},"canonical":"https:\/\/www.visit-ulcinj.com\/blog\/2008\/12\/12\/\u201cnrg-band\u201d-gati-me-drenushen\/","og_locale":"en_US","og_type":"article","og_title":"\u201cNRG Band\u201d gati me Drenush\u00ebn - Lajme nga Ulqini","og_description":"\u201cNRG Band\u201d, ka p\u00ebrpunuar k\u00ebng\u00ebn \u201cDrenusha\u201d t\u00eb roker\u00ebve legjendar\u00eb t\u00eb grupit \u201cMinatori\u201d. P\u00ebr realizimin e k\u00ebng\u00ebs an\u00ebtar\u00ebt e \u201cNRG Band\u201d kan\u00eb bashk\u00ebpunuar me","og_url":"https:\/\/www.visit-ulcinj.com\/blog\/2008\/12\/12\/\u201cnrg-band\u201d-gati-me-drenushen\/","og_site_name":"Lajme nga Ulqini","article_published_time":"2008-12-12T10:18:59+00:00","article_modified_time":"2008-12-11T20:21:00+00:00","og_image":[{"url":"http:\/\/www.visit-ulcinj.com\/blog\/wp-content\/uploads\/2008\/12\/nrg-bande2809d-240x300.jpg"}],"twitter_misc":{"Written by":"ulqini","Est. reading time":"1 minute"},"schema":{"@context":"https:\/\/schema.org","@graph":[{"@type":"WebSite","@id":"https:\/\/www.visit-ulcinj.com\/blog\/#website","url":"https:\/\/www.visit-ulcinj.com\/blog\/","name":"Lajme nga Ulqini","description":"Lajme,Vijesti,Ulqini,Ulqin,Crna Gora,Mali i Zi","potentialAction":[{"@type":"SearchAction","target":{"@type":"EntryPoint","urlTemplate":"https:\/\/www.visit-ulcinj.com\/blog\/?s={search_term_string}"},"query-input":"required name=search_term_string"}],"inLanguage":"en-US"},{"@type":"ImageObject","inLanguage":"en-US","@id":"https:\/\/www.visit-ulcinj.com\/blog\/2008\/12\/12\/%e2%80%9cnrg-band%e2%80%9d-gati-me-drenushen\/#primaryimage","url":"http:\/\/www.visit-ulcinj.com\/blog\/wp-content\/uploads\/2008\/12\/nrg-bande2809d-240x300.jpg","contentUrl":"http:\/\/www.visit-ulcinj.com\/blog\/wp-content\/uploads\/2008\/12\/nrg-bande2809d-240x300.jpg"},{"@type":"WebPage","@id":"https:\/\/www.visit-ulcinj.com\/blog\/2008\/12\/12\/%e2%80%9cnrg-band%e2%80%9d-gati-me-drenushen\/#webpage","url":"https:\/\/www.visit-ulcinj.com\/blog\/2008\/12\/12\/%e2%80%9cnrg-band%e2%80%9d-gati-me-drenushen\/","name":"\u201cNRG Band\u201d gati me Drenush\u00ebn - Lajme nga Ulqini","isPartOf":{"@id":"https:\/\/www.visit-ulcinj.com\/blog\/#website"},"primaryImageOfPage":{"@id":"https:\/\/www.visit-ulcinj.com\/blog\/2008\/12\/12\/%e2%80%9cnrg-band%e2%80%9d-gati-me-drenushen\/#primaryimage"},"datePublished":"2008-12-12T10:18:59+00:00","dateModified":"2008-12-11T20:21:00+00:00","author":{"@id":"https:\/\/www.visit-ulcinj.com\/blog\/#\/schema\/person\/dcab619c614d3038751c63bc2aadc06d"},"description":"\u201cNRG Band\u201d, ka p\u00ebrpunuar k\u00ebng\u00ebn \u201cDrenusha\u201d t\u00eb roker\u00ebve legjendar\u00eb t\u00eb grupit \u201cMinatori\u201d. P\u00ebr realizimin e k\u00ebng\u00ebs an\u00ebtar\u00ebt e \u201cNRG Band\u201d kan\u00eb bashk\u00ebpunuar me","breadcrumb":{"@id":"https:\/\/www.visit-ulcinj.com\/blog\/2008\/12\/12\/%e2%80%9cnrg-band%e2%80%9d-gati-me-drenushen\/#breadcrumb"},"inLanguage":"en-US","potentialAction":[{"@type":"ReadAction","target":["https:\/\/www.visit-ulcinj.com\/blog\/2008\/12\/12\/%e2%80%9cnrg-band%e2%80%9d-gati-me-drenushen\/"]}]},{"@type":"BreadcrumbList","@id":"https:\/\/www.visit-ulcinj.com\/blog\/2008\/12\/12\/%e2%80%9cnrg-band%e2%80%9d-gati-me-drenushen\/#breadcrumb","itemListElement":[{"@type":"ListItem","position":1,"name":"\u201cNRG Band\u201d gati me Drenush\u00ebn"}]},{"@type":"Person","@id":"https:\/\/www.visit-ulcinj.com\/blog\/#\/schema\/person\/dcab619c614d3038751c63bc2aadc06d","name":"ulqini","sameAs":["http:\/\/www.visit-ulcinj.com"],"url":"https:\/\/www.visit-ulcinj.com\/blog\/author\/admin\/"}]}},"jetpack_featured_media_url":"","jetpack_sharing_enabled":true,"jetpack_shortlink":"https:\/\/wp.me\/pe6lTn-1QV","_links":{"self":[{"href":"https:\/\/www.visit-ulcinj.com\/blog\/wp-json\/wp\/v2\/posts\/7125"}],"collection":[{"href":"https:\/\/www.visit-ulcinj.com\/blog\/wp-json\/wp\/v2\/posts"}],"about":[{"href":"https:\/\/www.visit-ulcinj.com\/blog\/wp-json\/wp\/v2\/types\/post"}],"author":[{"embeddable":true,"href":"https:\/\/www.visit-ulcinj.com\/blog\/wp-json\/wp\/v2\/users\/1"}],"replies":[{"embeddable":true,"href":"https:\/\/www.visit-ulcinj.com\/blog\/wp-json\/wp\/v2\/comments?post=7125"}],"version-history":[{"count":0,"href":"https:\/\/www.visit-ulcinj.com\/blog\/wp-json\/wp\/v2\/posts\/7125\/revisions"}],"wp:attachment":[{"href":"https:\/\/www.visit-ulcinj.com\/blog\/wp-json\/wp\/v2\/media?parent=7125"}],"wp:term":[{"taxonomy":"category","embeddable":true,"href":"https:\/\/www.visit-ulcinj.com\/blog\/wp-json\/wp\/v2\/categories?post=7125"},{"taxonomy":"post_tag","embeddable":true,"href":"https:\/\/www.visit-ulcinj.com\/blog\/wp-json\/wp\/v2\/tags?post=7125"}],"curies":[{"name":"wp","href":"https:\/\/api.w.org\/{rel}","templated":true}]}}