{"id":71262,"date":"2013-05-12T17:59:32","date_gmt":"2013-05-12T16:59:32","guid":{"rendered":"http:\/\/www.visit-ulcinj.com\/blog\/?p=71262"},"modified":"2013-05-12T17:59:57","modified_gmt":"2013-05-12T16:59:57","slug":"u-slobodnom-padu","status":"publish","type":"post","link":"https:\/\/www.visit-ulcinj.com\/blog\/2013\/05\/12\/u-slobodnom-padu\/","title":{"rendered":"U slobodnom padu"},"content":{"rendered":"<p>Malo je izgleda da \u0107e turisti\u010dka sezona na ulcinjskoj rivijeri biti onakva kakvom je predvi\u0111aju njezini zvani\u010dnici. Gostiju ima manje nego lani, njihova potro\u0161nja je na jo\u0161 ni\u017eem nivou, dok je evidentna spremnost doma\u0107ina da im nude veoma jeftin smje\u0161taj. Ovih se dana u Ulcinju, na Pristanu, na nekoliko desetina metara od mora, moglo preno\u0107iti za samo pet eura. Dakle, predstoje\u0107a sezona bi\u0107e nalik onima koje imamo ve\u0107 2,5 decenije, iako de\u017eurni optimisti u vlasti tvrde druga\u010dije.<\/p>\n<p><a href=\"http:\/\/www.visit-ulcinj.com\/blog\/wp-content\/uploads\/2013\/05\/Nazif-cungu_Ulcinj-Ulqini.jpg\"><img loading=\"lazy\" class=\"alignleft  wp-image-71264\" alt=\"Nazif cungu_Ulcinj-Ulqini\" src=\"http:\/\/www.visit-ulcinj.com\/blog\/wp-content\/uploads\/2013\/05\/Nazif-cungu_Ulcinj-Ulqini.jpg\" width=\"508\" height=\"360\" \/><\/a>Po\u010detak maja pokazao je nespremnost lokalne vlasti da se suo\u010di s izazovima, te \u017eelju centralnih vlasti, oli\u010denih u ,,kaznenim ekspedicijama inspektora&#8221; da bar malo pripomognu punjenju bankrotirane dr\u017eavne kase. To nije ni\u0161ta neo\u010dekivano ukoliko se zna tu\u017eno stanje u ulcinjskoj op\u0161tini. Ve\u0107 tri mjeseca lokalna uprava, nakon ostavke Jakupa Muratija, nema glavnog administratora, \u0161to je nepojmljivo u ovakvom sistemu organizovanja op\u0161tine. Nema nikakve informacije da li se ikad sastao Koordinacioni odbor za pripremu sezone, ni kada \u0107e biti otvoren most na kanalu Port Milena. To je trebalo da bude ura\u0111eno jo\u0161 pro\u0161le godine, za Dan nezavisnosti, pa krajem aprila ove godine.<\/p>\n<p>I kada most bude zavr\u0161en problem s gu\u017evama u saobra\u0107aju od grada prema Velikoj pla\u017ei i Adi Bojani, te obratno, osta\u0107e prakti\u010dno isti. Dr\u017eavni organi su se pokazali nemo\u0107nim da rije\u0161e problem adekvatnog pristupa vozilima mostu s isto\u010dne strane. On ne\u0107e imati mehanizam za otvaranje, iako su iz Vlade \u017eestoko ubje\u0111ivali Ulcinjane da toliko mnogo ko\u0161ta samo zbog toga da bi omogu\u0107io slobodnu plovidbu jahtama i drugim plovilima po Port Mileni. Iako tog mehanizma nema cijena izgradnje mosta ostala je ista: \u010dak 14 miliona eura. Stoga, sve vi\u0161e pri\u010da oko mosta na Port Mileni po\u010dinje da li\u010di marini ispod Starog grada koja je mo\u017eda lijepa za vidjeti, ali sasvim nefunkcionalna.<\/p>\n<p>Veliko je pitanje tako\u0111e kakvo \u0107e biti snabdijevanje vodom, jer je situacija u op\u0161tinskom JP Vodovod katastrofalna, dok je sve lo\u0161ije stanje i u JP Komunalne djelatnosti, koje odr\u017eava \u010disto\u0107u u op\u0161tini. Prema tim preduze\u0107ima izdvajanja iz ulcinjskog bud\u017eeta su veoma mala.<\/p>\n<p>Da su problemi u funkcionisanju op\u0161tine ogromni pokazuje i \u010dinjenica da zaposlenima plate kasne ve\u0107 pola godine, pa su iz sindikalne organizacije u organima lokalne samouprave najavili da \u0107e od 6. maja stupiti u \u0161trajk. \u010celnici op\u0161tine obe\u0107ali su sindikalcima da \u0107e jednu platu primiti do sredine ovog mjeseca, a ostale zarade do kraja jula. Radnici ka\u017eu da na to ne pristaju, ve\u0107 tra\u017ee da im se sva dugovanja isplate do kraja juna.<\/p>\n<p>Jo\u0161 je te\u017ee stanje u preduze\u0107ima \u010diji je osniva\u010d lokalna samouprava, a gdje zarada nema i do 15 mjeseci. ,,Osim plata, skoro svima po godinu i po nijesu upla\u0107ivani doprinosi. Sumorna slika i porazni podaci u svakom pogledu. Ljudi svakodnevno dolaze i tra\u017ee pomo\u0107, ali mi malo\u0161ta mo\u017eemo da u\u010dinimo&#8221;, ka\u017ee op\u0161tinski sindikalni povjerenik \u0160efkija-Keko Ljamovi\u0107. Plata \u0107e za op\u0161tinare biti jedino ako op\u0161tina dobije novi kredit. To zna\u010di da Ulcinj nezadr\u017eivo pove\u0107ava svoj dug. Prema podacima Ministarstva finansija, krajem 2011. godine on je iznosio 2,4 miliona, a samo godinu kasnije \u010dak 6,2. No, predsjednik op\u0161tine Nazif Cungu tvrdi da ukupna dugovanja lokalne samouprave i njezinih javnih preduze\u0107a iznose fantasti\u010dnih 22,9 miliona eura, \u0161to je \u010dak \u010detiri ostvarena godi\u0161nja bud\u017eeta Ulcinja. U dugove on ra\u010duna i ,,o\u010dekivane obaveze po sudskim sporovima&#8221; koje prema\u0161uju 11 miliona eura, iako pred sudovima op\u0161tinski predstavnici osporavaju ta potra\u017eivanja.<br \/>\n<a href=\"http:\/\/www.visit-ulcinj.com\/blog\/wp-content\/uploads\/2013\/05\/Opstina-Ulcinj-pred-bankrotom.jpg\"><img loading=\"lazy\" class=\"alignleft  wp-image-71265\" alt=\"Opstina Ulcinj pred bankrotom\" src=\"http:\/\/www.visit-ulcinj.com\/blog\/wp-content\/uploads\/2013\/05\/Opstina-Ulcinj-pred-bankrotom.jpg\" width=\"508\" height=\"334\" \/><\/a><\/p>\n<p>\u010cinjenice nedvosmisleno potvr\u0111uju da je stanje u Ulcinju sve lo\u0161ije. Podaci Monstata pokazuju da gra\u0111ani Ulcinja imaju najni\u017eu prosje\u010dnu platu u zemlji i da ona iznosi 375 eura. U Baru je prosje\u010dna mjese\u010dna zarada ve\u0107a za 65 eura, u Budvi za sto, a u Podgorici za 130 eura nego u Ulcinju. Istovremeno u ovom gradu danas tek dvije hiljade ljudi ima stalni radni odnos, \u0161to je tek 40 odsto od onih koji su bili stalno zapo\u0161ljeni 1990. godine.<\/p>\n<p>Upravo je toliko upisanih bira\u010da glasalo na posljednim predsjedni\u010dkim izborima, \u0161to je bila najmanja izlaznost u zemlji. A i od njih je \u010dak deset odsto poni\u0161tilo glasa\u010dki listi\u0107, iskazuju\u0107i time prije svega protest zbog nedosljedne i kratkovide politike albanskih nacionalnih stranaka. Umjesto da tu poruku gra\u0111ana i bira\u010da ispravno shvati, op\u0161tinska vlast u Ulcinju i dalje nezaustavljivo srlja, \u0161to najbolje pokazuju blijedi i nemu\u0161ti zaklju\u010dci lokalne Skup\u0161tine u vezi Valdanosa, pitanja oko kojeg je te\u0161kom mukom postignuta puna saglasnost lokalne zajednice.<\/p>\n<p>Bi\u0107e tu mo\u017eda prilike za popravni. Uskoro \u0107e se pred lokalnom vla\u0161\u0107u na\u0107i nacrt prostorno-urbanisti\u010dkog plana op\u0161tine, kojeg na osnovu dogovora s prethodnom op\u0161tinskom upravom iz jula 2009. godine, radi centralna vlast. Kako saznajemo, tim planom se predvi\u0111a izgradnja ogromnog turisti\u010dkog naselja u Valdanosu, po projekcijama iz dr\u017eavne Studije lokacije iz 2010. Niko jo\u0161 ne zna \u0161to se s Valdanosom predvi\u0111a strate\u0161kim planom op\u0161tine, koji op\u0161tinska uprava nije sposobna da donese ve\u0107 punih 18 mjeseci! U svakom slu\u010daju, trenutna administracija nije ispunila o\u010dekivanja gra\u0111ana. Ljudi su prepu\u0161teni sebi i snala\u017eenju, a grad je ponovo u slobodnom padu. Pribli\u017eavanjem ljeta nervoza narasta, a prostora i vremena za djelovanje je sve manje. Rezultati olako obe\u0107ane brzine do\u0161li su na naplatu.<br \/>\n<a href=\"http:\/\/www.monitor.co.me\/index.php?option=com_content&amp;view=article&amp;id=4309%3Au-slobodnom-padu&amp;catid=2924%3Abroj-1176&amp;Itemid=4166\" target=\"_blank\"><strong>Mustafa CANKA<\/strong><\/a><br \/>\n<a href=\"http:\/\/www.monitor.co.me\/index.php?option=com_content&amp;view=article&amp;id=4309%3Au-slobodnom-padu&amp;catid=2924%3Abroj-1176&amp;Itemid=4166\" target=\"_blank\"><strong>Izvor: MONITOR<\/strong><\/a><\/p>\n","protected":false},"excerpt":{"rendered":"<p>Malo je izgleda da \u0107e turisti\u010dka sezona na ulcinjskoj rivijeri biti onakva kakvom je predvi\u0111aju njezini zvani\u010dnici. Gostiju ima manje nego lani, njihova potro\u0161nja je na jo\u0161 ni\u017eem nivou, dok je evidentna spremnost doma\u0107ina da im nude veoma jeftin smje\u0161taj. Ovih se dana u Ulcinju, na Pristanu, na nekoliko desetina metara od mora, moglo preno\u0107iti [&hellip;]<\/p>\n","protected":false},"author":1,"featured_media":0,"comment_status":"open","ping_status":"closed","sticky":false,"template":"","format":"standard","meta":{"spay_email":"","jetpack_publicize_message":"","jetpack_is_tweetstorm":false,"jetpack_publicize_feature_enabled":true},"categories":[8337],"tags":[],"jetpack_publicize_connections":[],"yoast_head":"<!-- This site is optimized with the Yoast SEO plugin v19.1 - https:\/\/yoast.com\/wordpress\/plugins\/seo\/ -->\n<title>U slobodnom padu - Lajme nga Ulqini<\/title>\n<meta name=\"description\" content=\"Malo je izgleda da \u0107e turisti\u010dka sezona na ulcinjskoj rivijeri biti onakva kakvom je predvi\u0111aju njezini zvani\u010dnici. Gostiju ima manje nego lani, njihova\" \/>\n<meta name=\"robots\" content=\"index, follow, max-snippet:-1, max-image-preview:large, max-video-preview:-1\" \/>\n<link rel=\"canonical\" href=\"https:\/\/www.visit-ulcinj.com\/blog\/2013\/05\/12\/u-slobodnom-padu\/\" \/>\n<meta property=\"og:locale\" content=\"en_US\" \/>\n<meta property=\"og:type\" content=\"article\" \/>\n<meta property=\"og:title\" content=\"U slobodnom padu - Lajme nga Ulqini\" \/>\n<meta property=\"og:description\" content=\"Malo je izgleda da \u0107e turisti\u010dka sezona na ulcinjskoj rivijeri biti onakva kakvom je predvi\u0111aju njezini zvani\u010dnici. Gostiju ima manje nego lani, njihova\" \/>\n<meta property=\"og:url\" content=\"https:\/\/www.visit-ulcinj.com\/blog\/2013\/05\/12\/u-slobodnom-padu\/\" \/>\n<meta property=\"og:site_name\" content=\"Lajme nga Ulqini\" \/>\n<meta property=\"article:published_time\" content=\"2013-05-12T16:59:32+00:00\" \/>\n<meta property=\"article:modified_time\" content=\"2013-05-12T16:59:57+00:00\" \/>\n<meta property=\"og:image\" content=\"http:\/\/www.visit-ulcinj.com\/blog\/wp-content\/uploads\/2013\/05\/Nazif-cungu_Ulcinj-Ulqini.jpg\" \/>\n<meta name=\"twitter:label1\" content=\"Written by\" \/>\n\t<meta name=\"twitter:data1\" content=\"ulqini\" \/>\n\t<meta name=\"twitter:label2\" content=\"Est. reading time\" \/>\n\t<meta name=\"twitter:data2\" content=\"5 minutes\" \/>\n<script type=\"application\/ld+json\" class=\"yoast-schema-graph\">{\"@context\":\"https:\/\/schema.org\",\"@graph\":[{\"@type\":\"WebSite\",\"@id\":\"https:\/\/www.visit-ulcinj.com\/blog\/#website\",\"url\":\"https:\/\/www.visit-ulcinj.com\/blog\/\",\"name\":\"Lajme nga Ulqini\",\"description\":\"Lajme,Vijesti,Ulqini,Ulqin,Crna Gora,Mali i Zi\",\"potentialAction\":[{\"@type\":\"SearchAction\",\"target\":{\"@type\":\"EntryPoint\",\"urlTemplate\":\"https:\/\/www.visit-ulcinj.com\/blog\/?s={search_term_string}\"},\"query-input\":\"required name=search_term_string\"}],\"inLanguage\":\"en-US\"},{\"@type\":\"ImageObject\",\"inLanguage\":\"en-US\",\"@id\":\"https:\/\/www.visit-ulcinj.com\/blog\/2013\/05\/12\/u-slobodnom-padu\/#primaryimage\",\"url\":\"https:\/\/www.visit-ulcinj.com\/blog\/wp-content\/uploads\/2013\/05\/Nazif-cungu_Ulcinj-Ulqini.jpg\",\"contentUrl\":\"https:\/\/www.visit-ulcinj.com\/blog\/wp-content\/uploads\/2013\/05\/Nazif-cungu_Ulcinj-Ulqini.jpg\",\"width\":1000,\"height\":667},{\"@type\":\"WebPage\",\"@id\":\"https:\/\/www.visit-ulcinj.com\/blog\/2013\/05\/12\/u-slobodnom-padu\/#webpage\",\"url\":\"https:\/\/www.visit-ulcinj.com\/blog\/2013\/05\/12\/u-slobodnom-padu\/\",\"name\":\"U slobodnom padu - Lajme nga Ulqini\",\"isPartOf\":{\"@id\":\"https:\/\/www.visit-ulcinj.com\/blog\/#website\"},\"primaryImageOfPage\":{\"@id\":\"https:\/\/www.visit-ulcinj.com\/blog\/2013\/05\/12\/u-slobodnom-padu\/#primaryimage\"},\"datePublished\":\"2013-05-12T16:59:32+00:00\",\"dateModified\":\"2013-05-12T16:59:57+00:00\",\"author\":{\"@id\":\"https:\/\/www.visit-ulcinj.com\/blog\/#\/schema\/person\/dcab619c614d3038751c63bc2aadc06d\"},\"description\":\"Malo je izgleda da \u0107e turisti\u010dka sezona na ulcinjskoj rivijeri biti onakva kakvom je predvi\u0111aju njezini zvani\u010dnici. Gostiju ima manje nego lani, njihova\",\"breadcrumb\":{\"@id\":\"https:\/\/www.visit-ulcinj.com\/blog\/2013\/05\/12\/u-slobodnom-padu\/#breadcrumb\"},\"inLanguage\":\"en-US\",\"potentialAction\":[{\"@type\":\"ReadAction\",\"target\":[\"https:\/\/www.visit-ulcinj.com\/blog\/2013\/05\/12\/u-slobodnom-padu\/\"]}]},{\"@type\":\"BreadcrumbList\",\"@id\":\"https:\/\/www.visit-ulcinj.com\/blog\/2013\/05\/12\/u-slobodnom-padu\/#breadcrumb\",\"itemListElement\":[{\"@type\":\"ListItem\",\"position\":1,\"name\":\"U slobodnom padu\"}]},{\"@type\":\"Person\",\"@id\":\"https:\/\/www.visit-ulcinj.com\/blog\/#\/schema\/person\/dcab619c614d3038751c63bc2aadc06d\",\"name\":\"ulqini\",\"sameAs\":[\"http:\/\/www.visit-ulcinj.com\"],\"url\":\"https:\/\/www.visit-ulcinj.com\/blog\/author\/admin\/\"}]}<\/script>\n<!-- \/ Yoast SEO plugin. -->","yoast_head_json":{"title":"U slobodnom padu - Lajme nga Ulqini","description":"Malo je izgleda da \u0107e turisti\u010dka sezona na ulcinjskoj rivijeri biti onakva kakvom je predvi\u0111aju njezini zvani\u010dnici. Gostiju ima manje nego lani, njihova","robots":{"index":"index","follow":"follow","max-snippet":"max-snippet:-1","max-image-preview":"max-image-preview:large","max-video-preview":"max-video-preview:-1"},"canonical":"https:\/\/www.visit-ulcinj.com\/blog\/2013\/05\/12\/u-slobodnom-padu\/","og_locale":"en_US","og_type":"article","og_title":"U slobodnom padu - Lajme nga Ulqini","og_description":"Malo je izgleda da \u0107e turisti\u010dka sezona na ulcinjskoj rivijeri biti onakva kakvom je predvi\u0111aju njezini zvani\u010dnici. Gostiju ima manje nego lani, njihova","og_url":"https:\/\/www.visit-ulcinj.com\/blog\/2013\/05\/12\/u-slobodnom-padu\/","og_site_name":"Lajme nga Ulqini","article_published_time":"2013-05-12T16:59:32+00:00","article_modified_time":"2013-05-12T16:59:57+00:00","og_image":[{"url":"http:\/\/www.visit-ulcinj.com\/blog\/wp-content\/uploads\/2013\/05\/Nazif-cungu_Ulcinj-Ulqini.jpg"}],"twitter_misc":{"Written by":"ulqini","Est. reading time":"5 minutes"},"schema":{"@context":"https:\/\/schema.org","@graph":[{"@type":"WebSite","@id":"https:\/\/www.visit-ulcinj.com\/blog\/#website","url":"https:\/\/www.visit-ulcinj.com\/blog\/","name":"Lajme nga Ulqini","description":"Lajme,Vijesti,Ulqini,Ulqin,Crna Gora,Mali i Zi","potentialAction":[{"@type":"SearchAction","target":{"@type":"EntryPoint","urlTemplate":"https:\/\/www.visit-ulcinj.com\/blog\/?s={search_term_string}"},"query-input":"required name=search_term_string"}],"inLanguage":"en-US"},{"@type":"ImageObject","inLanguage":"en-US","@id":"https:\/\/www.visit-ulcinj.com\/blog\/2013\/05\/12\/u-slobodnom-padu\/#primaryimage","url":"https:\/\/www.visit-ulcinj.com\/blog\/wp-content\/uploads\/2013\/05\/Nazif-cungu_Ulcinj-Ulqini.jpg","contentUrl":"https:\/\/www.visit-ulcinj.com\/blog\/wp-content\/uploads\/2013\/05\/Nazif-cungu_Ulcinj-Ulqini.jpg","width":1000,"height":667},{"@type":"WebPage","@id":"https:\/\/www.visit-ulcinj.com\/blog\/2013\/05\/12\/u-slobodnom-padu\/#webpage","url":"https:\/\/www.visit-ulcinj.com\/blog\/2013\/05\/12\/u-slobodnom-padu\/","name":"U slobodnom padu - Lajme nga Ulqini","isPartOf":{"@id":"https:\/\/www.visit-ulcinj.com\/blog\/#website"},"primaryImageOfPage":{"@id":"https:\/\/www.visit-ulcinj.com\/blog\/2013\/05\/12\/u-slobodnom-padu\/#primaryimage"},"datePublished":"2013-05-12T16:59:32+00:00","dateModified":"2013-05-12T16:59:57+00:00","author":{"@id":"https:\/\/www.visit-ulcinj.com\/blog\/#\/schema\/person\/dcab619c614d3038751c63bc2aadc06d"},"description":"Malo je izgleda da \u0107e turisti\u010dka sezona na ulcinjskoj rivijeri biti onakva kakvom je predvi\u0111aju njezini zvani\u010dnici. Gostiju ima manje nego lani, njihova","breadcrumb":{"@id":"https:\/\/www.visit-ulcinj.com\/blog\/2013\/05\/12\/u-slobodnom-padu\/#breadcrumb"},"inLanguage":"en-US","potentialAction":[{"@type":"ReadAction","target":["https:\/\/www.visit-ulcinj.com\/blog\/2013\/05\/12\/u-slobodnom-padu\/"]}]},{"@type":"BreadcrumbList","@id":"https:\/\/www.visit-ulcinj.com\/blog\/2013\/05\/12\/u-slobodnom-padu\/#breadcrumb","itemListElement":[{"@type":"ListItem","position":1,"name":"U slobodnom padu"}]},{"@type":"Person","@id":"https:\/\/www.visit-ulcinj.com\/blog\/#\/schema\/person\/dcab619c614d3038751c63bc2aadc06d","name":"ulqini","sameAs":["http:\/\/www.visit-ulcinj.com"],"url":"https:\/\/www.visit-ulcinj.com\/blog\/author\/admin\/"}]}},"jetpack_featured_media_url":"","jetpack_sharing_enabled":true,"jetpack_shortlink":"https:\/\/wp.me\/pe6lTn-ixo","_links":{"self":[{"href":"https:\/\/www.visit-ulcinj.com\/blog\/wp-json\/wp\/v2\/posts\/71262"}],"collection":[{"href":"https:\/\/www.visit-ulcinj.com\/blog\/wp-json\/wp\/v2\/posts"}],"about":[{"href":"https:\/\/www.visit-ulcinj.com\/blog\/wp-json\/wp\/v2\/types\/post"}],"author":[{"embeddable":true,"href":"https:\/\/www.visit-ulcinj.com\/blog\/wp-json\/wp\/v2\/users\/1"}],"replies":[{"embeddable":true,"href":"https:\/\/www.visit-ulcinj.com\/blog\/wp-json\/wp\/v2\/comments?post=71262"}],"version-history":[{"count":2,"href":"https:\/\/www.visit-ulcinj.com\/blog\/wp-json\/wp\/v2\/posts\/71262\/revisions"}],"predecessor-version":[{"id":71267,"href":"https:\/\/www.visit-ulcinj.com\/blog\/wp-json\/wp\/v2\/posts\/71262\/revisions\/71267"}],"wp:attachment":[{"href":"https:\/\/www.visit-ulcinj.com\/blog\/wp-json\/wp\/v2\/media?parent=71262"}],"wp:term":[{"taxonomy":"category","embeddable":true,"href":"https:\/\/www.visit-ulcinj.com\/blog\/wp-json\/wp\/v2\/categories?post=71262"},{"taxonomy":"post_tag","embeddable":true,"href":"https:\/\/www.visit-ulcinj.com\/blog\/wp-json\/wp\/v2\/tags?post=71262"}],"curies":[{"name":"wp","href":"https:\/\/api.w.org\/{rel}","templated":true}]}}