{"id":71268,"date":"2013-05-12T18:57:41","date_gmt":"2013-05-12T17:57:41","guid":{"rendered":"http:\/\/www.visit-ulcinj.com\/blog\/?p=71268"},"modified":"2013-05-14T08:47:05","modified_gmt":"2013-05-14T07:47:05","slug":"ulcinjsko-cudo-prirode","status":"publish","type":"post","link":"https:\/\/www.visit-ulcinj.com\/blog\/2013\/05\/12\/ulcinjsko-cudo-prirode\/","title":{"rendered":"Ulcinjsko \u010dudo prirode"},"content":{"rendered":"<p><a href=\"http:\/\/www.visit-ulcinj.com\/blog\/wp-content\/uploads\/2013\/05\/Mineral-Springs-in-ulcinj-montenegro.jpg\"><img loading=\"lazy\" class=\"alignleft  wp-image-71269\" alt=\"Mineral Springs in ulcinj montenegro\" src=\"http:\/\/www.visit-ulcinj.com\/blog\/wp-content\/uploads\/2013\/05\/Mineral-Springs-in-ulcinj-montenegro.jpg\" width=\"508\" height=\"360\" \/><\/a><br \/>\n<strong>Foto: Ismet Karamanaga<\/strong><br \/>\nUvala Valdanos za Ulcinjane je uvijek predstavljala izvor nadahnu\u0107a i mitsko mjesto. Ime mu, prema mi\u0161ljenju lingviste dr Ru\u017edi U\u0161akua, dolazi od albanske kovanice \u201evallja e nuses&#8221;, \u0161to se na crnogorskom prevodi kao igra nevjeste, odnosno vile ili morske sirene. U tom je kontekstu razumljivo \u0161to se na tom prostoru sa 18 hiljada blagoslovljenih stabala masline nalaze \u010dudotvorne Viline vode i Vilina greda, kao i \u0161to se uz taj prostor ve\u017eu nebrojene pri\u010de i legende. Pomorci su ga nazivali \u201euvalom spasa&#8221; ili \u201euvalom ti\u0161ine&#8221;, jer je za\u0161ti\u0107en od ju\u017enih vjetrova, a u vrijeme Osmanske imperije u njemu se nalazio karantin.<\/p>\n<p>Zbog jedinstvene ljepote te uvale, iz Monitoring grupe Ulcinj (MOGUL) nedavno su predlo\u017eili da Valdanos postane Me\u0111unarodni ekolo\u0161ki centar, oaza bez betona, podru\u010dje odr\u017eivog razvoja kroz su\u017eivot \u010dovjeka i prirode. \u201eOn treba biti uvr\u0161ten u za\u0161ti\u0107ena podru\u010dja Mediterana i u mre\u017eu NATURA 2000, a zbog svoje bioraznolikosti trebalo bi ga proglasiti parkom prirode ili podvodnim parkom prirode&#8221;, ka\u017eu u toj organizaciji i navode da u toj rajskoj uvali raste biljka koja se naziva Zostera marina ili ,,morska svilina&#8221;, poznata u narodu i kao morska trava. Rije\u010d je o endemskoj mediteranskoj vrsti, \u0161to zna\u010di da ona \u017eivi samo u Sredozemnom moru i ni\u0111e drugdje! Livade sviline podru\u010dja su najve\u0107e biolo\u0161ke raznolikosti, dokaz \u010disto\u0107e mora i bogatstva ribom. One su prvenstveno zna\u010dajne zbog za\u0161tite obale od ve\u0107ih talasa koje u Valdanosu stvara punenat (zapadni vjetar), stabilizacije podloge, talo\u017eenja i konsolidacije sedimenata kojim ujedno i lokalno pre\u010di\u0161\u0107ava vodu, te strujanja i predatora koju pru\u017eaju ribama i malim beski\u010dmenjacima. Ta trava godi\u0161nje raste samo jedan centimetar, \u0161to zna\u010di da u Valdanosu postoje biljke i u moru i na kopnu starije od 800 godina. To je dovoljna pouka i znak za razumom obdarene da shvate da u pore\u0111enju s tom travom i stoljetnim maslinama, mi, ljudi, veoma kratko boravimo na ovom svijetu.<\/p>\n<p>Zanimljivo je napomenuti da su listove ,,morske sviline&#8221; Ulcinjani tokom istorije koristili za punjenje jastuka, a velike koli\u010dine ove cvje\u0107nice koje bi talasi izbacili na morsku obalu koristili su kao prirodno gnojivo.<\/p>\n<p>Pravo ulcinjsko \u010dudo prirode je Bojana (duga 44 kilometra), jedina rijeka u svijetu koja ponekad te\u010de uzvodno. I pored velikog proticaja (Bojana donosi u Mediteran najvi\u0161e vode poslije Nila i Poa), morska voda prodire duboko uzvodno kroz njezino korito. Tako nastaje prva od \u010detiri karakteristi\u010dne dvojnosti rijeke Bojane. Naime, u njezinom koritu nalaze se i morska slana i slatka rije\u010dna voda. Morska voda, kao te\u017ea, prodire dnom korita rijeke Bojane sve do oko Svetog \u0110or\u0111a, odnosno na oko osam kilometara uzvodno od u\u0161\u0107a.<\/p>\n<p>Druga dvojnost ove rijeke je izra\u017eena u njezinom podzemnom vodotoku. Istra\u017eivanja eksperata pokazala su da je nekada\u0161nje korito Bojane bilo za oko 40 metara vi\u0161e u odnosu na dana\u0161nji teren osnovne stijene kod Fraskanjela. Rijeka Bojana zasula je svoje staro korito \u0161ljunkom. Preko \u0161ljunka natalo\u017eeni su glinoviti vodonepropusni sedimenti u kojima je usje\u010deno dana\u0161nje korito rijeke Bojane. Tako danas, u istom smjeru, jedan iznad drugog prema moru, teku povr\u0161inski vodotok rijeke Bojane, a na dubini od oko 10 do 15 metara podzemni vodotok rijeke Bojane.<\/p>\n<p>Podzemni vodotok se kre\u0107e, tako\u0111e, od sjevera prema jugu i mo\u017ee se predstaviti kao kretanje vode kroz podzemnu cijev ispunjenu \u0161ljunkom. Podzemni vodotok je poznat po izvori\u0161tu Lisna-Bori, iz kojeg Ulcinj dobija najve\u0107i dio vode. Tre\u0107a dvojnost ostvaruje se u delti Bojane \u2013 ova se rijeka ra\u010dva na dva dijela koji se kao posebni vodotoci ulivaju u more, dok se \u010detvrta dvojnost rijeke Bojane ogleda u dvojnim oscilacijama njezinog vodostaja. \u201eDvojnost karakteristika ne mora uvijek da poja\u010dava kvalitet prirodne pojave, ali dvojne karakteristike rijeke Bojane pove\u0107avaju bogatstvo strukture njezinih karakteristika, pa time i njezinu ukupnu vrijednost kao prirodnog fenomena&#8221;, ka\u017ee profesor Mihailo Buri\u0107.<br \/>\n<a href=\"http:\/\/www.visit-ulcinj.com\/blog\/wp-content\/uploads\/2013\/05\/Mineral-Springs-in-Valdanos-ulcinj-montenegro.jpg\"><img loading=\"lazy\" class=\"alignleft  wp-image-71270\" alt=\"Mineral-Springs-in-Valdanos -ulcinj-montenegro\" src=\"http:\/\/www.visit-ulcinj.com\/blog\/wp-content\/uploads\/2013\/05\/Mineral-Springs-in-Valdanos-ulcinj-montenegro.jpg\" width=\"508\" height=\"340\" \/><\/a><br \/>\n<strong>Foto: Ismet Karamanaga<\/strong><br \/>\nA u Limanu, tik pored zapadnih zidina Starog grada, pri nailasku juga ili promjene vremena, osje\u0107a se karakteristi\u010dan miris uvelih algi i more promijeni boju u zelenu. Ulcinjane to uvijek podsje\u0107a na neku nepogodu, obi\u010dno zemljotres, jer je ta pojava naro\u010dito bila izra\u017eena u prolje\u0107e 1979. godine. Samo nekoliko sekundi nakon tog katastrofalnog potresa na povr\u0161inu mora u Limanu je izbilo pravo sumporno vrelo, a more u zalivu je poprimilo zeleno-pepeljasti sjaj.<\/p>\n<p>U Ulcinju je jo\u0161 \u017eivo predanje koje govori da je zapadno od Starog grada, u zalivu Liman, izvirala divna zelena voda. Iznad izvora izrasla su sve do mora mnogobrojna stabla agava, palmi i drugog mediteranskog rastinja. Prema predanju, boja mora u sjenci tih mediteranskih biljaka oslikavala se u uvali kao sivozelena. Kupaju\u0107i se u neobi\u010dnoj zelenoj boji Limana, \u017eene su vremenom postajale ljep\u0161e. \u010cak su i starije \u017eene, koje su ovdje dolazile da se kupaju, postajale vitalnije. Stoga je ovaj zaliv postao banja za sve \u017eene iz grada i okoline. Hroni\u010dari navode da su \u017eene iz uglednih vlastelinskih i bogatih porodica nerado prihvatale da se na ovom sku\u010denom prostoru (pla\u017ea je \u0161iroka nekoliko metara) mije\u0161aju sa \u017eenama ulcinjskog puka. Zato je Liman postao lje\u010diliste i kupali\u0161te samo za pripadnice ,,ljep\u0161eg pola&#8221; iz familija plemi\u0107a, dok su \u017eene ili djevojke iz porodica plebsa odlazile da se kupaju i lije\u010de u Pinje\u0161kom zalivu, odnosno na \u201e\u017denskoj pla\u017ei&#8221;.<\/p>\n<p>Interesantno je da na \u0161irem prostoru izme\u0111u rijeke Bojane i Solane, u zale\u0111u Velike pla\u017ee, postoje mnogobrojna mala jezerca sa slatkom vodom. U njima postoje rupe iz kojih izbija voda, a narod ih naziva \u201eizvori bez dna&#8221;. Jo\u0161 je mo\u017eda \u010dudniji jedan izvor u Valdanosu, ispod Viline grede, iz kojeg ponekad izbija voda za pi\u0107e, a nekada se on transformi\u0161e u vrelo sumporne vode.<\/p>\n<p><strong>Mustafa CANKA<br \/>\nIzvor: Monitor<\/strong><\/p>\n","protected":false},"excerpt":{"rendered":"<p>Foto: Ismet Karamanaga Uvala Valdanos za Ulcinjane je uvijek predstavljala izvor nadahnu\u0107a i mitsko mjesto. Ime mu, prema mi\u0161ljenju lingviste dr Ru\u017edi U\u0161akua, dolazi od albanske kovanice \u201evallja e nuses&#8221;, \u0161to se na crnogorskom prevodi kao igra nevjeste, odnosno vile ili morske sirene. U tom je kontekstu razumljivo \u0161to se na tom prostoru sa 18 [&hellip;]<\/p>\n","protected":false},"author":1,"featured_media":0,"comment_status":"open","ping_status":"closed","sticky":false,"template":"","format":"standard","meta":{"spay_email":"","jetpack_publicize_message":"","jetpack_is_tweetstorm":false,"jetpack_publicize_feature_enabled":true},"categories":[7],"tags":[],"jetpack_publicize_connections":[],"yoast_head":"<!-- This site is optimized with the Yoast SEO plugin v19.1 - https:\/\/yoast.com\/wordpress\/plugins\/seo\/ -->\n<title>Ulcinjsko \u010dudo prirode - Lajme nga Ulqini<\/title>\n<meta name=\"description\" content=\"Foto: Ismet Karamanaga Uvala Valdanos za Ulcinjane je uvijek predstavljala izvor nadahnu\u0107a i mitsko mjesto. Ime mu, prema mi\u0161ljenju lingviste dr Ru\u017edi\" \/>\n<meta name=\"robots\" content=\"index, follow, max-snippet:-1, max-image-preview:large, max-video-preview:-1\" \/>\n<link rel=\"canonical\" href=\"https:\/\/www.visit-ulcinj.com\/blog\/2013\/05\/12\/ulcinjsko-cudo-prirode\/\" \/>\n<meta property=\"og:locale\" content=\"en_US\" \/>\n<meta property=\"og:type\" content=\"article\" \/>\n<meta property=\"og:title\" content=\"Ulcinjsko \u010dudo prirode - Lajme nga Ulqini\" \/>\n<meta property=\"og:description\" content=\"Foto: Ismet Karamanaga Uvala Valdanos za Ulcinjane je uvijek predstavljala izvor nadahnu\u0107a i mitsko mjesto. Ime mu, prema mi\u0161ljenju lingviste dr Ru\u017edi\" \/>\n<meta property=\"og:url\" content=\"https:\/\/www.visit-ulcinj.com\/blog\/2013\/05\/12\/ulcinjsko-cudo-prirode\/\" \/>\n<meta property=\"og:site_name\" content=\"Lajme nga Ulqini\" \/>\n<meta property=\"article:published_time\" content=\"2013-05-12T17:57:41+00:00\" \/>\n<meta property=\"article:modified_time\" content=\"2013-05-14T07:47:05+00:00\" \/>\n<meta property=\"og:image\" content=\"http:\/\/www.visit-ulcinj.com\/blog\/wp-content\/uploads\/2013\/05\/Mineral-Springs-in-ulcinj-montenegro.jpg\" \/>\n<meta name=\"twitter:label1\" content=\"Written by\" \/>\n\t<meta name=\"twitter:data1\" content=\"ulqini\" \/>\n\t<meta name=\"twitter:label2\" content=\"Est. reading time\" \/>\n\t<meta name=\"twitter:data2\" content=\"5 minutes\" \/>\n<script type=\"application\/ld+json\" class=\"yoast-schema-graph\">{\"@context\":\"https:\/\/schema.org\",\"@graph\":[{\"@type\":\"WebSite\",\"@id\":\"https:\/\/www.visit-ulcinj.com\/blog\/#website\",\"url\":\"https:\/\/www.visit-ulcinj.com\/blog\/\",\"name\":\"Lajme nga Ulqini\",\"description\":\"Lajme,Vijesti,Ulqini,Ulqin,Crna Gora,Mali i Zi\",\"potentialAction\":[{\"@type\":\"SearchAction\",\"target\":{\"@type\":\"EntryPoint\",\"urlTemplate\":\"https:\/\/www.visit-ulcinj.com\/blog\/?s={search_term_string}\"},\"query-input\":\"required name=search_term_string\"}],\"inLanguage\":\"en-US\"},{\"@type\":\"ImageObject\",\"inLanguage\":\"en-US\",\"@id\":\"https:\/\/www.visit-ulcinj.com\/blog\/2013\/05\/12\/ulcinjsko-cudo-prirode\/#primaryimage\",\"url\":\"https:\/\/www.visit-ulcinj.com\/blog\/wp-content\/uploads\/2013\/05\/Mineral-Springs-in-ulcinj-montenegro.jpg\",\"contentUrl\":\"https:\/\/www.visit-ulcinj.com\/blog\/wp-content\/uploads\/2013\/05\/Mineral-Springs-in-ulcinj-montenegro.jpg\",\"width\":960,\"height\":720},{\"@type\":\"WebPage\",\"@id\":\"https:\/\/www.visit-ulcinj.com\/blog\/2013\/05\/12\/ulcinjsko-cudo-prirode\/#webpage\",\"url\":\"https:\/\/www.visit-ulcinj.com\/blog\/2013\/05\/12\/ulcinjsko-cudo-prirode\/\",\"name\":\"Ulcinjsko \u010dudo prirode - Lajme nga Ulqini\",\"isPartOf\":{\"@id\":\"https:\/\/www.visit-ulcinj.com\/blog\/#website\"},\"primaryImageOfPage\":{\"@id\":\"https:\/\/www.visit-ulcinj.com\/blog\/2013\/05\/12\/ulcinjsko-cudo-prirode\/#primaryimage\"},\"datePublished\":\"2013-05-12T17:57:41+00:00\",\"dateModified\":\"2013-05-14T07:47:05+00:00\",\"author\":{\"@id\":\"https:\/\/www.visit-ulcinj.com\/blog\/#\/schema\/person\/dcab619c614d3038751c63bc2aadc06d\"},\"description\":\"Foto: Ismet Karamanaga Uvala Valdanos za Ulcinjane je uvijek predstavljala izvor nadahnu\u0107a i mitsko mjesto. Ime mu, prema mi\u0161ljenju lingviste dr Ru\u017edi\",\"breadcrumb\":{\"@id\":\"https:\/\/www.visit-ulcinj.com\/blog\/2013\/05\/12\/ulcinjsko-cudo-prirode\/#breadcrumb\"},\"inLanguage\":\"en-US\",\"potentialAction\":[{\"@type\":\"ReadAction\",\"target\":[\"https:\/\/www.visit-ulcinj.com\/blog\/2013\/05\/12\/ulcinjsko-cudo-prirode\/\"]}]},{\"@type\":\"BreadcrumbList\",\"@id\":\"https:\/\/www.visit-ulcinj.com\/blog\/2013\/05\/12\/ulcinjsko-cudo-prirode\/#breadcrumb\",\"itemListElement\":[{\"@type\":\"ListItem\",\"position\":1,\"name\":\"Ulcinjsko \u010dudo prirode\"}]},{\"@type\":\"Person\",\"@id\":\"https:\/\/www.visit-ulcinj.com\/blog\/#\/schema\/person\/dcab619c614d3038751c63bc2aadc06d\",\"name\":\"ulqini\",\"sameAs\":[\"http:\/\/www.visit-ulcinj.com\"],\"url\":\"https:\/\/www.visit-ulcinj.com\/blog\/author\/admin\/\"}]}<\/script>\n<!-- \/ Yoast SEO plugin. -->","yoast_head_json":{"title":"Ulcinjsko \u010dudo prirode - Lajme nga Ulqini","description":"Foto: Ismet Karamanaga Uvala Valdanos za Ulcinjane je uvijek predstavljala izvor nadahnu\u0107a i mitsko mjesto. Ime mu, prema mi\u0161ljenju lingviste dr Ru\u017edi","robots":{"index":"index","follow":"follow","max-snippet":"max-snippet:-1","max-image-preview":"max-image-preview:large","max-video-preview":"max-video-preview:-1"},"canonical":"https:\/\/www.visit-ulcinj.com\/blog\/2013\/05\/12\/ulcinjsko-cudo-prirode\/","og_locale":"en_US","og_type":"article","og_title":"Ulcinjsko \u010dudo prirode - Lajme nga Ulqini","og_description":"Foto: Ismet Karamanaga Uvala Valdanos za Ulcinjane je uvijek predstavljala izvor nadahnu\u0107a i mitsko mjesto. Ime mu, prema mi\u0161ljenju lingviste dr Ru\u017edi","og_url":"https:\/\/www.visit-ulcinj.com\/blog\/2013\/05\/12\/ulcinjsko-cudo-prirode\/","og_site_name":"Lajme nga Ulqini","article_published_time":"2013-05-12T17:57:41+00:00","article_modified_time":"2013-05-14T07:47:05+00:00","og_image":[{"url":"http:\/\/www.visit-ulcinj.com\/blog\/wp-content\/uploads\/2013\/05\/Mineral-Springs-in-ulcinj-montenegro.jpg"}],"twitter_misc":{"Written by":"ulqini","Est. reading time":"5 minutes"},"schema":{"@context":"https:\/\/schema.org","@graph":[{"@type":"WebSite","@id":"https:\/\/www.visit-ulcinj.com\/blog\/#website","url":"https:\/\/www.visit-ulcinj.com\/blog\/","name":"Lajme nga Ulqini","description":"Lajme,Vijesti,Ulqini,Ulqin,Crna Gora,Mali i Zi","potentialAction":[{"@type":"SearchAction","target":{"@type":"EntryPoint","urlTemplate":"https:\/\/www.visit-ulcinj.com\/blog\/?s={search_term_string}"},"query-input":"required name=search_term_string"}],"inLanguage":"en-US"},{"@type":"ImageObject","inLanguage":"en-US","@id":"https:\/\/www.visit-ulcinj.com\/blog\/2013\/05\/12\/ulcinjsko-cudo-prirode\/#primaryimage","url":"https:\/\/www.visit-ulcinj.com\/blog\/wp-content\/uploads\/2013\/05\/Mineral-Springs-in-ulcinj-montenegro.jpg","contentUrl":"https:\/\/www.visit-ulcinj.com\/blog\/wp-content\/uploads\/2013\/05\/Mineral-Springs-in-ulcinj-montenegro.jpg","width":960,"height":720},{"@type":"WebPage","@id":"https:\/\/www.visit-ulcinj.com\/blog\/2013\/05\/12\/ulcinjsko-cudo-prirode\/#webpage","url":"https:\/\/www.visit-ulcinj.com\/blog\/2013\/05\/12\/ulcinjsko-cudo-prirode\/","name":"Ulcinjsko \u010dudo prirode - Lajme nga Ulqini","isPartOf":{"@id":"https:\/\/www.visit-ulcinj.com\/blog\/#website"},"primaryImageOfPage":{"@id":"https:\/\/www.visit-ulcinj.com\/blog\/2013\/05\/12\/ulcinjsko-cudo-prirode\/#primaryimage"},"datePublished":"2013-05-12T17:57:41+00:00","dateModified":"2013-05-14T07:47:05+00:00","author":{"@id":"https:\/\/www.visit-ulcinj.com\/blog\/#\/schema\/person\/dcab619c614d3038751c63bc2aadc06d"},"description":"Foto: Ismet Karamanaga Uvala Valdanos za Ulcinjane je uvijek predstavljala izvor nadahnu\u0107a i mitsko mjesto. Ime mu, prema mi\u0161ljenju lingviste dr Ru\u017edi","breadcrumb":{"@id":"https:\/\/www.visit-ulcinj.com\/blog\/2013\/05\/12\/ulcinjsko-cudo-prirode\/#breadcrumb"},"inLanguage":"en-US","potentialAction":[{"@type":"ReadAction","target":["https:\/\/www.visit-ulcinj.com\/blog\/2013\/05\/12\/ulcinjsko-cudo-prirode\/"]}]},{"@type":"BreadcrumbList","@id":"https:\/\/www.visit-ulcinj.com\/blog\/2013\/05\/12\/ulcinjsko-cudo-prirode\/#breadcrumb","itemListElement":[{"@type":"ListItem","position":1,"name":"Ulcinjsko \u010dudo prirode"}]},{"@type":"Person","@id":"https:\/\/www.visit-ulcinj.com\/blog\/#\/schema\/person\/dcab619c614d3038751c63bc2aadc06d","name":"ulqini","sameAs":["http:\/\/www.visit-ulcinj.com"],"url":"https:\/\/www.visit-ulcinj.com\/blog\/author\/admin\/"}]}},"jetpack_featured_media_url":"","jetpack_sharing_enabled":true,"jetpack_shortlink":"https:\/\/wp.me\/pe6lTn-ixu","_links":{"self":[{"href":"https:\/\/www.visit-ulcinj.com\/blog\/wp-json\/wp\/v2\/posts\/71268"}],"collection":[{"href":"https:\/\/www.visit-ulcinj.com\/blog\/wp-json\/wp\/v2\/posts"}],"about":[{"href":"https:\/\/www.visit-ulcinj.com\/blog\/wp-json\/wp\/v2\/types\/post"}],"author":[{"embeddable":true,"href":"https:\/\/www.visit-ulcinj.com\/blog\/wp-json\/wp\/v2\/users\/1"}],"replies":[{"embeddable":true,"href":"https:\/\/www.visit-ulcinj.com\/blog\/wp-json\/wp\/v2\/comments?post=71268"}],"version-history":[{"count":5,"href":"https:\/\/www.visit-ulcinj.com\/blog\/wp-json\/wp\/v2\/posts\/71268\/revisions"}],"predecessor-version":[{"id":71361,"href":"https:\/\/www.visit-ulcinj.com\/blog\/wp-json\/wp\/v2\/posts\/71268\/revisions\/71361"}],"wp:attachment":[{"href":"https:\/\/www.visit-ulcinj.com\/blog\/wp-json\/wp\/v2\/media?parent=71268"}],"wp:term":[{"taxonomy":"category","embeddable":true,"href":"https:\/\/www.visit-ulcinj.com\/blog\/wp-json\/wp\/v2\/categories?post=71268"},{"taxonomy":"post_tag","embeddable":true,"href":"https:\/\/www.visit-ulcinj.com\/blog\/wp-json\/wp\/v2\/tags?post=71268"}],"curies":[{"name":"wp","href":"https:\/\/api.w.org\/{rel}","templated":true}]}}