{"id":71273,"date":"2013-05-12T20:26:53","date_gmt":"2013-05-12T19:26:53","guid":{"rendered":"http:\/\/www.visit-ulcinj.com\/blog\/?p=71273"},"modified":"2013-05-14T22:19:46","modified_gmt":"2013-05-14T21:19:46","slug":"eliza-dushku-vjen-ne-ulqin-e-pa-pritur","status":"publish","type":"post","link":"https:\/\/www.visit-ulcinj.com\/blog\/2013\/05\/12\/eliza-dushku-vjen-ne-ulqin-e-pa-pritur\/","title":{"rendered":"Eliza Dushku vjen ne Ulqin e pa pritur"},"content":{"rendered":"<p><a href=\"http:\/\/www.visit-ulcinj.com\/blog\/wp-content\/uploads\/2013\/05\/Eliza-Dishku-vjen-ne-Ulqin-ne-Hotelin-Senator.1.jpg\"><img loading=\"lazy\" class=\"alignleft  wp-image-71274\" alt=\"Eliza Dishku vjen ne Ulqin ne Hotelin Senator.1\" src=\"http:\/\/www.visit-ulcinj.com\/blog\/wp-content\/uploads\/2013\/05\/Eliza-Dishku-vjen-ne-Ulqin-ne-Hotelin-Senator.1.jpg\" width=\"508\" height=\"360\" \/><\/a>Emocionet e para t\u00eb saj do t\u00eb ngelen n\u00eb hotelin Senator t\u00eb Ulqinit.<\/p>\n<p>A ishte p\u00ebrgjigjja q\u00eb t\u00eb gjith\u00eb e k\u00ebrkonin q\u00eb Eliza\u00a0 Dushku ka ndi p\u00ebr Ulqini. Jo Ulqinin nuk e ka par\u00eb asnj\u00ebher\u00eb, p\u00ebr t\u00eb vet\u00ebm ka d\u00ebgjuar nga Blerim Destani.\u00a0 Ka dashur t\u00eb jet\u00eb n\u00eb k\u00ebrkim t\u00eb s\u00eb shkuar\u00ebs s\u00eb larg\u00ebt dhe ti vizitoi gjitha trojet shqip\u00ebtare.<br \/>\n<a href=\"http:\/\/www.visit-ulcinj.com\/blog\/wp-content\/uploads\/2013\/05\/Eliza-Dishku-vjen-ne-Ulqin-ne-Hotelin-Senator.jpg\"><img loading=\"lazy\" class=\"alignleft  wp-image-71275\" alt=\"Eliza Dishku vjen ne Ulqin ne Hotelin Senator\" src=\"http:\/\/www.visit-ulcinj.com\/blog\/wp-content\/uploads\/2013\/05\/Eliza-Dishku-vjen-ne-Ulqin-ne-Hotelin-Senator.jpg\" width=\"508\" height=\"330\" \/><\/a><\/p>\n<p>P\u00ebrve\u00e7 mbushjes shpirt\u00ebrore k\u00ebrkon di\u00e7ka m\u00eb shum\u00eb shqiptare, por at\u00eb nuk e gjeti n\u00eb Ulqin sepse si\u00e7 thuhet n\u00eb intervist\u00eb n\u00eb hotelin Senator t\u00eb Ulqinit ajo erdhi n\u00eb fakt, t\u00eb bej\u00eb edhe disa xhirime te tjera te vendlindjes dhe shkurtuam disa xhirime te bera n\u00eb Ulqin dhe Maqedoni.<\/p>\n<p>A jeni e kenaqur me dokumentarin e perfunduar Eliza?<\/p>\n<p>A jam e kenaqur?!<\/p>\n<p>Po?<\/p>\n<p>Teper e kenaqur. Ndiej qe kemi xhiruar ato qe kishim planifikuar te xhironim. Ne fakt, u kthyem dhe beme edhe disa xhirime te tjera te vendlindjes dhe shkurtuam disa te bere ne Mal te Zi dhe ne Maqedoni. Sepse ne viziten e pare patem vizituar Maqedonine dhe Kosoven por s&#8217;kishim vizituar Malin e Zi. Dhe ne ishim per ta plotesuar para nje muaji e gjysem. Erdhen pa buje dhe ishim ne Ulqin dhe gjithashtu kaluam me shume kohe me familjen n\u00eb hotelin Senator.<\/p>\n<p><a href=\"http:\/\/www.visit-ulcinj.com\/blog\/wp-content\/uploads\/2013\/05\/Hotel-Senator-Ulqin.jpg\"><img loading=\"lazy\" class=\"alignleft  wp-image-71277\" alt=\"Hotel Senator Ulqin\" src=\"http:\/\/www.visit-ulcinj.com\/blog\/wp-content\/uploads\/2013\/05\/Hotel-Senator-Ulqin.jpg\" width=\"508\" height=\"330\" \/><\/a><\/p>\n<p>Dhe kjo ishte permbyllja e komplet dokumentarit. Jam ne ankth dhe shume e emocionuar sepse tashme eshte momenti i madh per t&#8217;ua treguar shqiptareve, miqve dhe personaliteteve dhe ne shpresojme qe do t&#8217;u pelqeje.<br \/>\n<a href=\"http:\/\/www.visit-ulcinj.com\/blog\/wp-content\/uploads\/2013\/05\/Blerim-Destani-n\u00eb-hotelin-Senator-Ulqin.jpg\"><img loading=\"lazy\" class=\"alignleft  wp-image-71278\" alt=\"Blerim Destani n\u00eb hotelin Senator Ulqin\" src=\"http:\/\/www.visit-ulcinj.com\/blog\/wp-content\/uploads\/2013\/05\/Blerim-Destani-n\u00eb-hotelin-Senator-Ulqin.jpg\" width=\"508\" height=\"330\" \/><\/a><\/p>\n<p>Eliza Dushku ishte e shoq\u00ebruar nga Fadil Berisha dhe Blerim Destani n\u00eb hotel Senator t\u00eb Ulqinit. Eliza rreth nje viti eshte vegjetariane, dhe tani qe jam ne Ulqin ha peshk u shpreh ajo.<\/p>\n<p>Intervista morri fund ku gazetari\u00a0 &#8220;Koha jone&#8221; shprehet: Ju falenderoj qe ishit ketu sonte me ne. Faleminderit per intervisten dhe shpresoj se heres tjeter kur te jesh ne Shqiperi do kemi me shume kohe per bashkebisedim me te gjate.<br \/>\n<a href=\"http:\/\/www.visit-ulcinj.com\/blog\/wp-content\/uploads\/2013\/05\/Intervista-me-Eliza-Dushkun-n\u00eb-Hotelin-Senator-Ulqin.jpg\"><img loading=\"lazy\" class=\"alignleft  wp-image-71276\" alt=\"Intervista me Eliza Dushkun n\u00eb Hotelin Senator Ulqin\" src=\"http:\/\/www.visit-ulcinj.com\/blog\/wp-content\/uploads\/2013\/05\/Intervista-me-Eliza-Dushkun-n\u00eb-Hotelin-Senator-Ulqin.jpg\" width=\"508\" height=\"330\" \/><\/a><a href=\"http:\/\/www.visit-ulcinj.com\/blog\/wp-content\/uploads\/2013\/05\/Eliza-Dishku-vjen-ne-Ulqin-ne-Hotelin-Senator.2.jpg\"><img loading=\"lazy\" class=\"alignleft  wp-image-71279\" alt=\"Eliza Dishku vjen ne Ulqin ne Hotelin Senator.2\" src=\"http:\/\/www.visit-ulcinj.com\/blog\/wp-content\/uploads\/2013\/05\/Eliza-Dishku-vjen-ne-Ulqin-ne-Hotelin-Senator.2.jpg\" width=\"508\" height=\"330\" \/><\/a><br \/>\nAbsolutisht po. Kisha kenaqesine e madhe qe isha e pranishme dhe bisedova me ju. Sic e thash ne fillim jam shume e emocionuar qe jam ketu. Dua te falenderoj te gjithe Shqiptaret. Te gjithe ata te cilet i takuam gjate udhetimit tone. Te gjithe ata qe na ndihmuan dhe qe pa ndihmen dhe dashamiresine e tyre s&#8217;do ia kishim dale. Shpresoj qe gjithsecili te jete krenar per kontributin ne realizimin e tij.<\/p>\n<p>Faleminderit shume.<\/p>\n<p><strong>Video nga Ulqini sot\u00eb<\/strong><br \/>\n<iframe loading=\"lazy\" src=\"http:\/\/www.youtube.com\/embed\/krenWSTS1dY\" height=\"360\" width=\"508\" allowfullscreen=\"\" frameborder=\"0\"><\/iframe><\/p>\n","protected":false},"excerpt":{"rendered":"<p>Emocionet e para t\u00eb saj do t\u00eb ngelen n\u00eb hotelin Senator t\u00eb Ulqinit. A ishte p\u00ebrgjigjja q\u00eb t\u00eb gjith\u00eb e k\u00ebrkonin q\u00eb Eliza\u00a0 Dushku ka ndi p\u00ebr Ulqini. Jo Ulqinin nuk e ka par\u00eb asnj\u00ebher\u00eb, p\u00ebr t\u00eb vet\u00ebm ka d\u00ebgjuar nga Blerim Destani.\u00a0 Ka dashur t\u00eb jet\u00eb n\u00eb k\u00ebrkim t\u00eb s\u00eb shkuar\u00ebs s\u00eb larg\u00ebt dhe [&hellip;]<\/p>\n","protected":false},"author":1,"featured_media":0,"comment_status":"open","ping_status":"closed","sticky":false,"template":"","format":"standard","meta":{"spay_email":"","jetpack_publicize_message":"","jetpack_is_tweetstorm":false,"jetpack_publicize_feature_enabled":true},"categories":[1],"tags":[],"jetpack_publicize_connections":[],"yoast_head":"<!-- This site is optimized with the Yoast SEO plugin v19.1 - https:\/\/yoast.com\/wordpress\/plugins\/seo\/ -->\n<title>Eliza Dushku vjen ne Ulqin e pa pritur - Lajme nga Ulqini<\/title>\n<meta name=\"description\" content=\"Emocionet e para t\u00eb saj do t\u00eb ngelen n\u00eb hotelin Senator t\u00eb Ulqinit. A ishte p\u00ebrgjigjja q\u00eb t\u00eb gjith\u00eb e k\u00ebrkonin q\u00eb Eliza\u00a0 Dushku ka ndi p\u00ebr Ulqini. Jo\" \/>\n<meta name=\"robots\" content=\"index, follow, max-snippet:-1, max-image-preview:large, max-video-preview:-1\" \/>\n<link rel=\"canonical\" href=\"https:\/\/www.visit-ulcinj.com\/blog\/2013\/05\/12\/eliza-dushku-vjen-ne-ulqin-e-pa-pritur\/\" \/>\n<meta property=\"og:locale\" content=\"en_US\" \/>\n<meta property=\"og:type\" content=\"article\" \/>\n<meta property=\"og:title\" content=\"Eliza Dushku vjen ne Ulqin e pa pritur - Lajme nga Ulqini\" \/>\n<meta property=\"og:description\" content=\"Emocionet e para t\u00eb saj do t\u00eb ngelen n\u00eb hotelin Senator t\u00eb Ulqinit. A ishte p\u00ebrgjigjja q\u00eb t\u00eb gjith\u00eb e k\u00ebrkonin q\u00eb Eliza\u00a0 Dushku ka ndi p\u00ebr Ulqini. Jo\" \/>\n<meta property=\"og:url\" content=\"https:\/\/www.visit-ulcinj.com\/blog\/2013\/05\/12\/eliza-dushku-vjen-ne-ulqin-e-pa-pritur\/\" \/>\n<meta property=\"og:site_name\" content=\"Lajme nga Ulqini\" \/>\n<meta property=\"article:published_time\" content=\"2013-05-12T19:26:53+00:00\" \/>\n<meta property=\"article:modified_time\" content=\"2013-05-14T21:19:46+00:00\" \/>\n<meta property=\"og:image\" content=\"http:\/\/www.visit-ulcinj.com\/blog\/wp-content\/uploads\/2013\/05\/Eliza-Dishku-vjen-ne-Ulqin-ne-Hotelin-Senator.1.jpg\" \/>\n<meta name=\"twitter:label1\" content=\"Written by\" \/>\n\t<meta name=\"twitter:data1\" content=\"ulqini\" \/>\n\t<meta name=\"twitter:label2\" content=\"Est. reading time\" \/>\n\t<meta name=\"twitter:data2\" content=\"2 minutes\" \/>\n<script type=\"application\/ld+json\" class=\"yoast-schema-graph\">{\"@context\":\"https:\/\/schema.org\",\"@graph\":[{\"@type\":\"WebSite\",\"@id\":\"https:\/\/www.visit-ulcinj.com\/blog\/#website\",\"url\":\"https:\/\/www.visit-ulcinj.com\/blog\/\",\"name\":\"Lajme nga Ulqini\",\"description\":\"Lajme,Vijesti,Ulqini,Ulqin,Crna Gora,Mali i Zi\",\"potentialAction\":[{\"@type\":\"SearchAction\",\"target\":{\"@type\":\"EntryPoint\",\"urlTemplate\":\"https:\/\/www.visit-ulcinj.com\/blog\/?s={search_term_string}\"},\"query-input\":\"required name=search_term_string\"}],\"inLanguage\":\"en-US\"},{\"@type\":\"ImageObject\",\"inLanguage\":\"en-US\",\"@id\":\"https:\/\/www.visit-ulcinj.com\/blog\/2013\/05\/12\/eliza-dushku-vjen-ne-ulqin-e-pa-pritur\/#primaryimage\",\"url\":\"https:\/\/www.visit-ulcinj.com\/blog\/wp-content\/uploads\/2013\/05\/Eliza-Dishku-vjen-ne-Ulqin-ne-Hotelin-Senator.1.jpg\",\"contentUrl\":\"https:\/\/www.visit-ulcinj.com\/blog\/wp-content\/uploads\/2013\/05\/Eliza-Dishku-vjen-ne-Ulqin-ne-Hotelin-Senator.1.jpg\",\"width\":960,\"height\":640},{\"@type\":\"WebPage\",\"@id\":\"https:\/\/www.visit-ulcinj.com\/blog\/2013\/05\/12\/eliza-dushku-vjen-ne-ulqin-e-pa-pritur\/#webpage\",\"url\":\"https:\/\/www.visit-ulcinj.com\/blog\/2013\/05\/12\/eliza-dushku-vjen-ne-ulqin-e-pa-pritur\/\",\"name\":\"Eliza Dushku vjen ne Ulqin e pa pritur - Lajme nga Ulqini\",\"isPartOf\":{\"@id\":\"https:\/\/www.visit-ulcinj.com\/blog\/#website\"},\"primaryImageOfPage\":{\"@id\":\"https:\/\/www.visit-ulcinj.com\/blog\/2013\/05\/12\/eliza-dushku-vjen-ne-ulqin-e-pa-pritur\/#primaryimage\"},\"datePublished\":\"2013-05-12T19:26:53+00:00\",\"dateModified\":\"2013-05-14T21:19:46+00:00\",\"author\":{\"@id\":\"https:\/\/www.visit-ulcinj.com\/blog\/#\/schema\/person\/dcab619c614d3038751c63bc2aadc06d\"},\"description\":\"Emocionet e para t\u00eb saj do t\u00eb ngelen n\u00eb hotelin Senator t\u00eb Ulqinit. A ishte p\u00ebrgjigjja q\u00eb t\u00eb gjith\u00eb e k\u00ebrkonin q\u00eb Eliza\u00a0 Dushku ka ndi p\u00ebr Ulqini. Jo\",\"breadcrumb\":{\"@id\":\"https:\/\/www.visit-ulcinj.com\/blog\/2013\/05\/12\/eliza-dushku-vjen-ne-ulqin-e-pa-pritur\/#breadcrumb\"},\"inLanguage\":\"en-US\",\"potentialAction\":[{\"@type\":\"ReadAction\",\"target\":[\"https:\/\/www.visit-ulcinj.com\/blog\/2013\/05\/12\/eliza-dushku-vjen-ne-ulqin-e-pa-pritur\/\"]}]},{\"@type\":\"BreadcrumbList\",\"@id\":\"https:\/\/www.visit-ulcinj.com\/blog\/2013\/05\/12\/eliza-dushku-vjen-ne-ulqin-e-pa-pritur\/#breadcrumb\",\"itemListElement\":[{\"@type\":\"ListItem\",\"position\":1,\"name\":\"Eliza Dushku vjen ne Ulqin e pa pritur\"}]},{\"@type\":\"Person\",\"@id\":\"https:\/\/www.visit-ulcinj.com\/blog\/#\/schema\/person\/dcab619c614d3038751c63bc2aadc06d\",\"name\":\"ulqini\",\"sameAs\":[\"http:\/\/www.visit-ulcinj.com\"],\"url\":\"https:\/\/www.visit-ulcinj.com\/blog\/author\/admin\/\"}]}<\/script>\n<!-- \/ Yoast SEO plugin. -->","yoast_head_json":{"title":"Eliza Dushku vjen ne Ulqin e pa pritur - Lajme nga Ulqini","description":"Emocionet e para t\u00eb saj do t\u00eb ngelen n\u00eb hotelin Senator t\u00eb Ulqinit. A ishte p\u00ebrgjigjja q\u00eb t\u00eb gjith\u00eb e k\u00ebrkonin q\u00eb Eliza\u00a0 Dushku ka ndi p\u00ebr Ulqini. Jo","robots":{"index":"index","follow":"follow","max-snippet":"max-snippet:-1","max-image-preview":"max-image-preview:large","max-video-preview":"max-video-preview:-1"},"canonical":"https:\/\/www.visit-ulcinj.com\/blog\/2013\/05\/12\/eliza-dushku-vjen-ne-ulqin-e-pa-pritur\/","og_locale":"en_US","og_type":"article","og_title":"Eliza Dushku vjen ne Ulqin e pa pritur - Lajme nga Ulqini","og_description":"Emocionet e para t\u00eb saj do t\u00eb ngelen n\u00eb hotelin Senator t\u00eb Ulqinit. A ishte p\u00ebrgjigjja q\u00eb t\u00eb gjith\u00eb e k\u00ebrkonin q\u00eb Eliza\u00a0 Dushku ka ndi p\u00ebr Ulqini. Jo","og_url":"https:\/\/www.visit-ulcinj.com\/blog\/2013\/05\/12\/eliza-dushku-vjen-ne-ulqin-e-pa-pritur\/","og_site_name":"Lajme nga Ulqini","article_published_time":"2013-05-12T19:26:53+00:00","article_modified_time":"2013-05-14T21:19:46+00:00","og_image":[{"url":"http:\/\/www.visit-ulcinj.com\/blog\/wp-content\/uploads\/2013\/05\/Eliza-Dishku-vjen-ne-Ulqin-ne-Hotelin-Senator.1.jpg"}],"twitter_misc":{"Written by":"ulqini","Est. reading time":"2 minutes"},"schema":{"@context":"https:\/\/schema.org","@graph":[{"@type":"WebSite","@id":"https:\/\/www.visit-ulcinj.com\/blog\/#website","url":"https:\/\/www.visit-ulcinj.com\/blog\/","name":"Lajme nga Ulqini","description":"Lajme,Vijesti,Ulqini,Ulqin,Crna Gora,Mali i Zi","potentialAction":[{"@type":"SearchAction","target":{"@type":"EntryPoint","urlTemplate":"https:\/\/www.visit-ulcinj.com\/blog\/?s={search_term_string}"},"query-input":"required name=search_term_string"}],"inLanguage":"en-US"},{"@type":"ImageObject","inLanguage":"en-US","@id":"https:\/\/www.visit-ulcinj.com\/blog\/2013\/05\/12\/eliza-dushku-vjen-ne-ulqin-e-pa-pritur\/#primaryimage","url":"https:\/\/www.visit-ulcinj.com\/blog\/wp-content\/uploads\/2013\/05\/Eliza-Dishku-vjen-ne-Ulqin-ne-Hotelin-Senator.1.jpg","contentUrl":"https:\/\/www.visit-ulcinj.com\/blog\/wp-content\/uploads\/2013\/05\/Eliza-Dishku-vjen-ne-Ulqin-ne-Hotelin-Senator.1.jpg","width":960,"height":640},{"@type":"WebPage","@id":"https:\/\/www.visit-ulcinj.com\/blog\/2013\/05\/12\/eliza-dushku-vjen-ne-ulqin-e-pa-pritur\/#webpage","url":"https:\/\/www.visit-ulcinj.com\/blog\/2013\/05\/12\/eliza-dushku-vjen-ne-ulqin-e-pa-pritur\/","name":"Eliza Dushku vjen ne Ulqin e pa pritur - Lajme nga Ulqini","isPartOf":{"@id":"https:\/\/www.visit-ulcinj.com\/blog\/#website"},"primaryImageOfPage":{"@id":"https:\/\/www.visit-ulcinj.com\/blog\/2013\/05\/12\/eliza-dushku-vjen-ne-ulqin-e-pa-pritur\/#primaryimage"},"datePublished":"2013-05-12T19:26:53+00:00","dateModified":"2013-05-14T21:19:46+00:00","author":{"@id":"https:\/\/www.visit-ulcinj.com\/blog\/#\/schema\/person\/dcab619c614d3038751c63bc2aadc06d"},"description":"Emocionet e para t\u00eb saj do t\u00eb ngelen n\u00eb hotelin Senator t\u00eb Ulqinit. A ishte p\u00ebrgjigjja q\u00eb t\u00eb gjith\u00eb e k\u00ebrkonin q\u00eb Eliza\u00a0 Dushku ka ndi p\u00ebr Ulqini. Jo","breadcrumb":{"@id":"https:\/\/www.visit-ulcinj.com\/blog\/2013\/05\/12\/eliza-dushku-vjen-ne-ulqin-e-pa-pritur\/#breadcrumb"},"inLanguage":"en-US","potentialAction":[{"@type":"ReadAction","target":["https:\/\/www.visit-ulcinj.com\/blog\/2013\/05\/12\/eliza-dushku-vjen-ne-ulqin-e-pa-pritur\/"]}]},{"@type":"BreadcrumbList","@id":"https:\/\/www.visit-ulcinj.com\/blog\/2013\/05\/12\/eliza-dushku-vjen-ne-ulqin-e-pa-pritur\/#breadcrumb","itemListElement":[{"@type":"ListItem","position":1,"name":"Eliza Dushku vjen ne Ulqin e pa pritur"}]},{"@type":"Person","@id":"https:\/\/www.visit-ulcinj.com\/blog\/#\/schema\/person\/dcab619c614d3038751c63bc2aadc06d","name":"ulqini","sameAs":["http:\/\/www.visit-ulcinj.com"],"url":"https:\/\/www.visit-ulcinj.com\/blog\/author\/admin\/"}]}},"jetpack_featured_media_url":"","jetpack_sharing_enabled":true,"jetpack_shortlink":"https:\/\/wp.me\/pe6lTn-ixz","_links":{"self":[{"href":"https:\/\/www.visit-ulcinj.com\/blog\/wp-json\/wp\/v2\/posts\/71273"}],"collection":[{"href":"https:\/\/www.visit-ulcinj.com\/blog\/wp-json\/wp\/v2\/posts"}],"about":[{"href":"https:\/\/www.visit-ulcinj.com\/blog\/wp-json\/wp\/v2\/types\/post"}],"author":[{"embeddable":true,"href":"https:\/\/www.visit-ulcinj.com\/blog\/wp-json\/wp\/v2\/users\/1"}],"replies":[{"embeddable":true,"href":"https:\/\/www.visit-ulcinj.com\/blog\/wp-json\/wp\/v2\/comments?post=71273"}],"version-history":[{"count":6,"href":"https:\/\/www.visit-ulcinj.com\/blog\/wp-json\/wp\/v2\/posts\/71273\/revisions"}],"predecessor-version":[{"id":71376,"href":"https:\/\/www.visit-ulcinj.com\/blog\/wp-json\/wp\/v2\/posts\/71273\/revisions\/71376"}],"wp:attachment":[{"href":"https:\/\/www.visit-ulcinj.com\/blog\/wp-json\/wp\/v2\/media?parent=71273"}],"wp:term":[{"taxonomy":"category","embeddable":true,"href":"https:\/\/www.visit-ulcinj.com\/blog\/wp-json\/wp\/v2\/categories?post=71273"},{"taxonomy":"post_tag","embeddable":true,"href":"https:\/\/www.visit-ulcinj.com\/blog\/wp-json\/wp\/v2\/tags?post=71273"}],"curies":[{"name":"wp","href":"https:\/\/api.w.org\/{rel}","templated":true}]}}