{"id":7129,"date":"2008-12-12T19:31:37","date_gmt":"2008-12-12T18:31:37","guid":{"rendered":"http:\/\/www.visit-ulcinj.com\/blog\/?p=7129"},"modified":"2008-12-13T07:40:28","modified_gmt":"2008-12-13T06:40:28","slug":"keshilli-i-bashkesise-islame-te-ulqinit-reagon-ndaj-organizimit-te-manifestimit-%e2%80%9cdyluftimi-i-desheve%e2%80%9d","status":"publish","type":"post","link":"https:\/\/www.visit-ulcinj.com\/blog\/2008\/12\/12\/keshilli-i-bashkesise-islame-te-ulqinit-reagon-ndaj-organizimit-te-manifestimit-%e2%80%9cdyluftimi-i-desheve%e2%80%9d\/","title":{"rendered":"K\u00ebshilli i Bashk\u00ebsis\u00eb Islame t\u00eb Ulqinit reagon ndaj organizimit t\u00eb manifestimit \u201cdyluftimi i desh\u00ebve\u201d"},"content":{"rendered":"<p><!--endif--><\/p>\n<p class=\"MsoNormal\"><strong><span style=\"font-size: 10pt; line-height: 115%; font-family: &quot;Arial&quot;,&quot;sans-serif&quot;;\"><a href=\"http:\/\/img59.imageshack.us\/img59\/8306\/logo7dd.gif\"><img loading=\"lazy\" class=\"alignleft\" src=\"http:\/\/img59.imageshack.us\/img59\/8306\/logo7dd.gif\" alt=\"\" width=\"117\" height=\"114\" \/><\/a>Manifestimi, asgj\u00eb t\u00eb p\u00ebrbashk\u00ebt me Islamin<\/span><\/strong><span style=\"font-size: 10pt; line-height: 115%; font-family: &quot;Arial&quot;,&quot;sans-serif&quot;;\"><br \/>\nUlqin &#8211; K\u00ebshilli i Bashk\u00ebsis\u00eb Islame &#8211; Ulqin \u00ebsht\u00eb distancuar nga Manifestimi \u201cDyluftimi i desh\u00ebve\u201d.<br \/>\nN\u00eb nj\u00eb kumtes\u00eb p\u00ebr opinion t\u00eb k\u00ebtij K\u00ebshilli thuhet se tradita \u201cDyluftimi i desh\u00ebve\u201d nuk ka asgj\u00eb t\u00eb p\u00ebrbashk\u00ebt me Islamin, por \u00ebsht\u00eb n\u00eb kund\u00ebrshti t\u00eb plot\u00eb me shpirtin dhe parimet islame, e hedhin posht\u00eb totemizmin dhe barbarizmin, elemente q\u00eb pasqyrojn\u00eb aktin e luft\u00ebs s\u00eb p\u00ebrmendur t\u00eb koh\u00ebs paraislame.<br \/>\n\u201cK\u00ebshilli i Bashk\u00ebsis\u00eb Islame, i cili kultivon parimet e m\u00ebsimet e besimit islam, i hedh posht\u00eb dhe distancohet nga k\u00ebto akte kudo q\u00eb paraqiten dhe proteston q\u00eb k\u00ebto organizime t\u00eb lidhen me aktin e lart\u00eb t\u00eb Kurbanit.<br \/>\nK\u00ebshilli i th\u00ebrret t\u00eb gjith\u00eb ata individ\u00eb, t\u00eb cil\u00ebt organizojn\u00eb ose marrin pjes\u00eb n\u00eb k\u00ebto manifestime q\u00eb n\u00eb em\u00ebr t\u00eb m\u00ebsimit human t\u00eb besimit islam nj\u00eb her\u00eb e p\u00ebrgjithmon\u00eb t\u00eb braktisin k\u00ebt\u00eb praktik\u00eb\u201d, thuhet nd\u00ebr t\u00eb tjera n\u00eb kumtes\u00ebn p\u00ebr opinion.<br \/>\n<strong>K\u00ebshilli i Bashk\u00ebsis\u00eb Islame<\/strong><\/span><\/p>\n","protected":false},"excerpt":{"rendered":"<p>Manifestimi, asgj\u00eb t\u00eb p\u00ebrbashk\u00ebt me Islamin Ulqin &#8211; K\u00ebshilli i Bashk\u00ebsis\u00eb Islame &#8211; Ulqin \u00ebsht\u00eb distancuar nga Manifestimi \u201cDyluftimi i desh\u00ebve\u201d. N\u00eb nj\u00eb kumtes\u00eb p\u00ebr opinion t\u00eb k\u00ebtij K\u00ebshilli thuhet se tradita \u201cDyluftimi i desh\u00ebve\u201d nuk ka asgj\u00eb t\u00eb p\u00ebrbashk\u00ebt me Islamin, por \u00ebsht\u00eb n\u00eb kund\u00ebrshti t\u00eb plot\u00eb me shpirtin dhe parimet islame, e hedhin [&hellip;]<\/p>\n","protected":false},"author":1,"featured_media":0,"comment_status":"open","ping_status":"closed","sticky":false,"template":"","format":"standard","meta":{"spay_email":"","jetpack_publicize_message":"","jetpack_is_tweetstorm":false,"jetpack_publicize_feature_enabled":true},"categories":[1],"tags":[5207,200,18],"jetpack_publicize_connections":[],"yoast_head":"<!-- This site is optimized with the Yoast SEO plugin v19.1 - https:\/\/yoast.com\/wordpress\/plugins\/seo\/ -->\n<title>K\u00ebshilli i Bashk\u00ebsis\u00eb Islame t\u00eb Ulqinit reagon ndaj organizimit t\u00eb manifestimit \u201cdyluftimi i desh\u00ebve\u201d - Lajme nga Ulqini<\/title>\n<meta name=\"description\" content=\"Manifestimi, asgj\u00eb t\u00eb p\u00ebrbashk\u00ebt me Islamin Ulqin - K\u00ebshilli i Bashk\u00ebsis\u00eb Islame - Ulqin \u00ebsht\u00eb distancuar nga Manifestimi \u201cDyluftimi i desh\u00ebve\u201d. N\u00eb nj\u00eb\" \/>\n<meta name=\"robots\" content=\"index, follow, max-snippet:-1, max-image-preview:large, max-video-preview:-1\" \/>\n<link rel=\"canonical\" href=\"https:\/\/www.visit-ulcinj.com\/blog\/2008\/12\/12\/keshilli-i-bashkesise-islame-te-ulqinit-reagon-ndaj-organizimit-te-manifestimit-\u201cdyluftimi-i-desheve\u201d\/\" \/>\n<meta property=\"og:locale\" content=\"en_US\" \/>\n<meta property=\"og:type\" content=\"article\" \/>\n<meta property=\"og:title\" content=\"K\u00ebshilli i Bashk\u00ebsis\u00eb Islame t\u00eb Ulqinit reagon ndaj organizimit t\u00eb manifestimit \u201cdyluftimi i desh\u00ebve\u201d - Lajme nga Ulqini\" \/>\n<meta property=\"og:description\" content=\"Manifestimi, asgj\u00eb t\u00eb p\u00ebrbashk\u00ebt me Islamin Ulqin - K\u00ebshilli i Bashk\u00ebsis\u00eb Islame - Ulqin \u00ebsht\u00eb distancuar nga Manifestimi \u201cDyluftimi i desh\u00ebve\u201d. N\u00eb nj\u00eb\" \/>\n<meta property=\"og:url\" content=\"https:\/\/www.visit-ulcinj.com\/blog\/2008\/12\/12\/keshilli-i-bashkesise-islame-te-ulqinit-reagon-ndaj-organizimit-te-manifestimit-\u201cdyluftimi-i-desheve\u201d\/\" \/>\n<meta property=\"og:site_name\" content=\"Lajme nga Ulqini\" \/>\n<meta property=\"article:published_time\" content=\"2008-12-12T18:31:37+00:00\" \/>\n<meta property=\"article:modified_time\" content=\"2008-12-13T06:40:28+00:00\" \/>\n<meta property=\"og:image\" content=\"http:\/\/img59.imageshack.us\/img59\/8306\/logo7dd.gif\" \/>\n<meta name=\"twitter:label1\" content=\"Written by\" \/>\n\t<meta name=\"twitter:data1\" content=\"ulqini\" \/>\n\t<meta name=\"twitter:label2\" content=\"Est. reading time\" \/>\n\t<meta name=\"twitter:data2\" content=\"1 minute\" \/>\n<script type=\"application\/ld+json\" class=\"yoast-schema-graph\">{\"@context\":\"https:\/\/schema.org\",\"@graph\":[{\"@type\":\"WebSite\",\"@id\":\"https:\/\/www.visit-ulcinj.com\/blog\/#website\",\"url\":\"https:\/\/www.visit-ulcinj.com\/blog\/\",\"name\":\"Lajme nga Ulqini\",\"description\":\"Lajme,Vijesti,Ulqini,Ulqin,Crna Gora,Mali i Zi\",\"potentialAction\":[{\"@type\":\"SearchAction\",\"target\":{\"@type\":\"EntryPoint\",\"urlTemplate\":\"https:\/\/www.visit-ulcinj.com\/blog\/?s={search_term_string}\"},\"query-input\":\"required name=search_term_string\"}],\"inLanguage\":\"en-US\"},{\"@type\":\"ImageObject\",\"inLanguage\":\"en-US\",\"@id\":\"https:\/\/www.visit-ulcinj.com\/blog\/2008\/12\/12\/keshilli-i-bashkesise-islame-te-ulqinit-reagon-ndaj-organizimit-te-manifestimit-%e2%80%9cdyluftimi-i-desheve%e2%80%9d\/#primaryimage\",\"url\":\"http:\/\/img59.imageshack.us\/img59\/8306\/logo7dd.gif\",\"contentUrl\":\"http:\/\/img59.imageshack.us\/img59\/8306\/logo7dd.gif\"},{\"@type\":\"WebPage\",\"@id\":\"https:\/\/www.visit-ulcinj.com\/blog\/2008\/12\/12\/keshilli-i-bashkesise-islame-te-ulqinit-reagon-ndaj-organizimit-te-manifestimit-%e2%80%9cdyluftimi-i-desheve%e2%80%9d\/#webpage\",\"url\":\"https:\/\/www.visit-ulcinj.com\/blog\/2008\/12\/12\/keshilli-i-bashkesise-islame-te-ulqinit-reagon-ndaj-organizimit-te-manifestimit-%e2%80%9cdyluftimi-i-desheve%e2%80%9d\/\",\"name\":\"K\u00ebshilli i Bashk\u00ebsis\u00eb Islame t\u00eb Ulqinit reagon ndaj organizimit t\u00eb manifestimit \u201cdyluftimi i desh\u00ebve\u201d - Lajme nga Ulqini\",\"isPartOf\":{\"@id\":\"https:\/\/www.visit-ulcinj.com\/blog\/#website\"},\"primaryImageOfPage\":{\"@id\":\"https:\/\/www.visit-ulcinj.com\/blog\/2008\/12\/12\/keshilli-i-bashkesise-islame-te-ulqinit-reagon-ndaj-organizimit-te-manifestimit-%e2%80%9cdyluftimi-i-desheve%e2%80%9d\/#primaryimage\"},\"datePublished\":\"2008-12-12T18:31:37+00:00\",\"dateModified\":\"2008-12-13T06:40:28+00:00\",\"author\":{\"@id\":\"https:\/\/www.visit-ulcinj.com\/blog\/#\/schema\/person\/dcab619c614d3038751c63bc2aadc06d\"},\"description\":\"Manifestimi, asgj\u00eb t\u00eb p\u00ebrbashk\u00ebt me Islamin Ulqin - K\u00ebshilli i Bashk\u00ebsis\u00eb Islame - Ulqin \u00ebsht\u00eb distancuar nga Manifestimi \u201cDyluftimi i desh\u00ebve\u201d. N\u00eb nj\u00eb\",\"breadcrumb\":{\"@id\":\"https:\/\/www.visit-ulcinj.com\/blog\/2008\/12\/12\/keshilli-i-bashkesise-islame-te-ulqinit-reagon-ndaj-organizimit-te-manifestimit-%e2%80%9cdyluftimi-i-desheve%e2%80%9d\/#breadcrumb\"},\"inLanguage\":\"en-US\",\"potentialAction\":[{\"@type\":\"ReadAction\",\"target\":[\"https:\/\/www.visit-ulcinj.com\/blog\/2008\/12\/12\/keshilli-i-bashkesise-islame-te-ulqinit-reagon-ndaj-organizimit-te-manifestimit-%e2%80%9cdyluftimi-i-desheve%e2%80%9d\/\"]}]},{\"@type\":\"BreadcrumbList\",\"@id\":\"https:\/\/www.visit-ulcinj.com\/blog\/2008\/12\/12\/keshilli-i-bashkesise-islame-te-ulqinit-reagon-ndaj-organizimit-te-manifestimit-%e2%80%9cdyluftimi-i-desheve%e2%80%9d\/#breadcrumb\",\"itemListElement\":[{\"@type\":\"ListItem\",\"position\":1,\"name\":\"K\u00ebshilli i Bashk\u00ebsis\u00eb Islame t\u00eb Ulqinit reagon ndaj organizimit t\u00eb manifestimit \u201cdyluftimi i desh\u00ebve\u201d\"}]},{\"@type\":\"Person\",\"@id\":\"https:\/\/www.visit-ulcinj.com\/blog\/#\/schema\/person\/dcab619c614d3038751c63bc2aadc06d\",\"name\":\"ulqini\",\"sameAs\":[\"http:\/\/www.visit-ulcinj.com\"],\"url\":\"https:\/\/www.visit-ulcinj.com\/blog\/author\/admin\/\"}]}<\/script>\n<!-- \/ Yoast SEO plugin. -->","yoast_head_json":{"title":"K\u00ebshilli i Bashk\u00ebsis\u00eb Islame t\u00eb Ulqinit reagon ndaj organizimit t\u00eb manifestimit \u201cdyluftimi i desh\u00ebve\u201d - Lajme nga Ulqini","description":"Manifestimi, asgj\u00eb t\u00eb p\u00ebrbashk\u00ebt me Islamin Ulqin - K\u00ebshilli i Bashk\u00ebsis\u00eb Islame - Ulqin \u00ebsht\u00eb distancuar nga Manifestimi \u201cDyluftimi i desh\u00ebve\u201d. N\u00eb nj\u00eb","robots":{"index":"index","follow":"follow","max-snippet":"max-snippet:-1","max-image-preview":"max-image-preview:large","max-video-preview":"max-video-preview:-1"},"canonical":"https:\/\/www.visit-ulcinj.com\/blog\/2008\/12\/12\/keshilli-i-bashkesise-islame-te-ulqinit-reagon-ndaj-organizimit-te-manifestimit-\u201cdyluftimi-i-desheve\u201d\/","og_locale":"en_US","og_type":"article","og_title":"K\u00ebshilli i Bashk\u00ebsis\u00eb Islame t\u00eb Ulqinit reagon ndaj organizimit t\u00eb manifestimit \u201cdyluftimi i desh\u00ebve\u201d - Lajme nga Ulqini","og_description":"Manifestimi, asgj\u00eb t\u00eb p\u00ebrbashk\u00ebt me Islamin Ulqin - K\u00ebshilli i Bashk\u00ebsis\u00eb Islame - Ulqin \u00ebsht\u00eb distancuar nga Manifestimi \u201cDyluftimi i desh\u00ebve\u201d. N\u00eb nj\u00eb","og_url":"https:\/\/www.visit-ulcinj.com\/blog\/2008\/12\/12\/keshilli-i-bashkesise-islame-te-ulqinit-reagon-ndaj-organizimit-te-manifestimit-\u201cdyluftimi-i-desheve\u201d\/","og_site_name":"Lajme nga Ulqini","article_published_time":"2008-12-12T18:31:37+00:00","article_modified_time":"2008-12-13T06:40:28+00:00","og_image":[{"url":"http:\/\/img59.imageshack.us\/img59\/8306\/logo7dd.gif"}],"twitter_misc":{"Written by":"ulqini","Est. reading time":"1 minute"},"schema":{"@context":"https:\/\/schema.org","@graph":[{"@type":"WebSite","@id":"https:\/\/www.visit-ulcinj.com\/blog\/#website","url":"https:\/\/www.visit-ulcinj.com\/blog\/","name":"Lajme nga Ulqini","description":"Lajme,Vijesti,Ulqini,Ulqin,Crna Gora,Mali i Zi","potentialAction":[{"@type":"SearchAction","target":{"@type":"EntryPoint","urlTemplate":"https:\/\/www.visit-ulcinj.com\/blog\/?s={search_term_string}"},"query-input":"required name=search_term_string"}],"inLanguage":"en-US"},{"@type":"ImageObject","inLanguage":"en-US","@id":"https:\/\/www.visit-ulcinj.com\/blog\/2008\/12\/12\/keshilli-i-bashkesise-islame-te-ulqinit-reagon-ndaj-organizimit-te-manifestimit-%e2%80%9cdyluftimi-i-desheve%e2%80%9d\/#primaryimage","url":"http:\/\/img59.imageshack.us\/img59\/8306\/logo7dd.gif","contentUrl":"http:\/\/img59.imageshack.us\/img59\/8306\/logo7dd.gif"},{"@type":"WebPage","@id":"https:\/\/www.visit-ulcinj.com\/blog\/2008\/12\/12\/keshilli-i-bashkesise-islame-te-ulqinit-reagon-ndaj-organizimit-te-manifestimit-%e2%80%9cdyluftimi-i-desheve%e2%80%9d\/#webpage","url":"https:\/\/www.visit-ulcinj.com\/blog\/2008\/12\/12\/keshilli-i-bashkesise-islame-te-ulqinit-reagon-ndaj-organizimit-te-manifestimit-%e2%80%9cdyluftimi-i-desheve%e2%80%9d\/","name":"K\u00ebshilli i Bashk\u00ebsis\u00eb Islame t\u00eb Ulqinit reagon ndaj organizimit t\u00eb manifestimit \u201cdyluftimi i desh\u00ebve\u201d - Lajme nga Ulqini","isPartOf":{"@id":"https:\/\/www.visit-ulcinj.com\/blog\/#website"},"primaryImageOfPage":{"@id":"https:\/\/www.visit-ulcinj.com\/blog\/2008\/12\/12\/keshilli-i-bashkesise-islame-te-ulqinit-reagon-ndaj-organizimit-te-manifestimit-%e2%80%9cdyluftimi-i-desheve%e2%80%9d\/#primaryimage"},"datePublished":"2008-12-12T18:31:37+00:00","dateModified":"2008-12-13T06:40:28+00:00","author":{"@id":"https:\/\/www.visit-ulcinj.com\/blog\/#\/schema\/person\/dcab619c614d3038751c63bc2aadc06d"},"description":"Manifestimi, asgj\u00eb t\u00eb p\u00ebrbashk\u00ebt me Islamin Ulqin - K\u00ebshilli i Bashk\u00ebsis\u00eb Islame - Ulqin \u00ebsht\u00eb distancuar nga Manifestimi \u201cDyluftimi i desh\u00ebve\u201d. N\u00eb nj\u00eb","breadcrumb":{"@id":"https:\/\/www.visit-ulcinj.com\/blog\/2008\/12\/12\/keshilli-i-bashkesise-islame-te-ulqinit-reagon-ndaj-organizimit-te-manifestimit-%e2%80%9cdyluftimi-i-desheve%e2%80%9d\/#breadcrumb"},"inLanguage":"en-US","potentialAction":[{"@type":"ReadAction","target":["https:\/\/www.visit-ulcinj.com\/blog\/2008\/12\/12\/keshilli-i-bashkesise-islame-te-ulqinit-reagon-ndaj-organizimit-te-manifestimit-%e2%80%9cdyluftimi-i-desheve%e2%80%9d\/"]}]},{"@type":"BreadcrumbList","@id":"https:\/\/www.visit-ulcinj.com\/blog\/2008\/12\/12\/keshilli-i-bashkesise-islame-te-ulqinit-reagon-ndaj-organizimit-te-manifestimit-%e2%80%9cdyluftimi-i-desheve%e2%80%9d\/#breadcrumb","itemListElement":[{"@type":"ListItem","position":1,"name":"K\u00ebshilli i Bashk\u00ebsis\u00eb Islame t\u00eb Ulqinit reagon ndaj organizimit t\u00eb manifestimit \u201cdyluftimi i desh\u00ebve\u201d"}]},{"@type":"Person","@id":"https:\/\/www.visit-ulcinj.com\/blog\/#\/schema\/person\/dcab619c614d3038751c63bc2aadc06d","name":"ulqini","sameAs":["http:\/\/www.visit-ulcinj.com"],"url":"https:\/\/www.visit-ulcinj.com\/blog\/author\/admin\/"}]}},"jetpack_featured_media_url":"","jetpack_sharing_enabled":true,"jetpack_shortlink":"https:\/\/wp.me\/pe6lTn-1QZ","_links":{"self":[{"href":"https:\/\/www.visit-ulcinj.com\/blog\/wp-json\/wp\/v2\/posts\/7129"}],"collection":[{"href":"https:\/\/www.visit-ulcinj.com\/blog\/wp-json\/wp\/v2\/posts"}],"about":[{"href":"https:\/\/www.visit-ulcinj.com\/blog\/wp-json\/wp\/v2\/types\/post"}],"author":[{"embeddable":true,"href":"https:\/\/www.visit-ulcinj.com\/blog\/wp-json\/wp\/v2\/users\/1"}],"replies":[{"embeddable":true,"href":"https:\/\/www.visit-ulcinj.com\/blog\/wp-json\/wp\/v2\/comments?post=7129"}],"version-history":[{"count":0,"href":"https:\/\/www.visit-ulcinj.com\/blog\/wp-json\/wp\/v2\/posts\/7129\/revisions"}],"wp:attachment":[{"href":"https:\/\/www.visit-ulcinj.com\/blog\/wp-json\/wp\/v2\/media?parent=7129"}],"wp:term":[{"taxonomy":"category","embeddable":true,"href":"https:\/\/www.visit-ulcinj.com\/blog\/wp-json\/wp\/v2\/categories?post=7129"},{"taxonomy":"post_tag","embeddable":true,"href":"https:\/\/www.visit-ulcinj.com\/blog\/wp-json\/wp\/v2\/tags?post=7129"}],"curies":[{"name":"wp","href":"https:\/\/api.w.org\/{rel}","templated":true}]}}