{"id":71313,"date":"2013-05-13T11:02:09","date_gmt":"2013-05-13T10:02:09","guid":{"rendered":"http:\/\/www.visit-ulcinj.com\/blog\/?p=71313"},"modified":"2013-05-13T11:02:28","modified_gmt":"2013-05-13T10:02:28","slug":"me-iniciativen-e-kryetarit-cungu-eshte-mbajtur-takimi-mbi-zhvillimin-e-ardhshem-te-kripores-se-ulqinit","status":"publish","type":"post","link":"https:\/\/www.visit-ulcinj.com\/blog\/2013\/05\/13\/me-iniciativen-e-kryetarit-cungu-eshte-mbajtur-takimi-mbi-zhvillimin-e-ardhshem-te-kripores-se-ulqinit\/","title":{"rendered":"Me iniciativ\u00ebn e kryetarit  Cungu \u00ebsht\u00eb mbajtur takimi  mbi zhvillimin e  ardhsh\u00ebm t\u00eb kripores s\u00eb Ulqinit"},"content":{"rendered":"<div>\n<p><a href=\"http:\/\/www.visit-ulcinj.com\/blog\/wp-content\/uploads\/2013\/05\/Nazif-Cungu-mbi-zhvillimin-e-ardhsh\u00ebm-t\u00eb-kripores-s\u00eb-Ulqinit.jpg\"><img loading=\"lazy\" class=\"alignleft  wp-image-71314\" alt=\"Nazif Cungu mbi zhvillimin e  ardhsh\u00ebm t\u00eb kripores s\u00eb Ulqinit\" src=\"http:\/\/www.visit-ulcinj.com\/blog\/wp-content\/uploads\/2013\/05\/Nazif-Cungu-mbi-zhvillimin-e-ardhsh\u00ebm-t\u00eb-kripores-s\u00eb-Ulqinit.jpg\" width=\"508\" height=\"360\" \/><\/a>Me iniciativ\u00ebn e kryetarit t\u00eb Komun\u00ebs s\u00eb Ulqinit, sot \u00ebsht\u00eb mbajtur nj\u00eb takim me tem\u00ebn: zhvillimi i ardhsh\u00ebm i kripores s\u00eb Ulqinit.<\/p>\n<\/div>\n<div>N\u00eb takim kan\u00eb marr\u00eb pjes\u00eb p\u00ebrfaq\u00ebsuesit e pronarit t\u00eb shumic\u00ebs Eurofond, sindikat\u00ebs s\u00eb Kripores, Qendr\u00ebs p\u00ebr mbrojtjen dhe studimin e shpez\u00ebve, NP p\u00ebr rritjen dhe mbrojtjen e\u00a0 eg\u00ebrsirave t\u00eb Komun\u00ebs s\u00eb Ulqinit dhe Ministris\u00eb s\u00eb pun\u00ebs dhe p\u00ebrkujdesjes sociale.<\/div>\n<div><a href=\"http:\/\/www.visit-ulcinj.com\/blog\/wp-content\/uploads\/2013\/05\/Nazif-Cungu-mbi-zhvillimin-e-ardhsh\u00ebm-t\u00eb-kripores-s\u00eb-Ulqinit.1.jpg\"><img loading=\"lazy\" class=\"alignleft  wp-image-71315\" alt=\"Nazif Cungu mbi zhvillimin e  ardhsh\u00ebm t\u00eb kripores s\u00eb Ulqinit.1\" src=\"http:\/\/www.visit-ulcinj.com\/blog\/wp-content\/uploads\/2013\/05\/Nazif-Cungu-mbi-zhvillimin-e-ardhsh\u00ebm-t\u00eb-kripores-s\u00eb-Ulqinit.1.jpg\" width=\"508\" height=\"330\" \/><\/a><\/div>\n<div>Kryetari Cungu ka th\u00ebn\u00eb q\u00eb ky \u00ebsht\u00eb edhe nj\u00eb takim n\u00eb vargun e takimeve q\u00eb kan\u00eb si objektiv hapjen e dialogut t\u00eb t\u00eb gjitha pal\u00ebve t\u00eb interesuara n\u00eb lidhje me kriporen e Ulqinit dhe ka theksuar q\u00eb \u00ebsht\u00eb n\u00eb interes t\u00eb t\u00eb gjith\u00ebve gjetja e nj\u00eb zgjidhjeje t\u00eb p\u00ebrbashk\u00ebt q\u00eb do t\u00eb jet\u00eb e q\u00ebndrueshme dhe do t\u2019i k\u00ebnaq t\u00eb gjitha pal\u00ebt.<\/div>\n<div>P\u00ebrfaq\u00ebsuesi i Eurofondit Bojsa Sotra i ka njoftuar t\u00eb pranishmit q\u00eb ata si pronar\u00eb t\u00eb shumic\u00ebs kan\u00eb b\u00ebr\u00eb konceptin e zhvillimit t\u00eb q\u00ebndruesh\u00ebm t\u00eb Kripores i cili parashikon vazhdimin e prodhimit t\u00eb krip\u00ebs por edhe nj\u00eb pjes\u00eb p\u00ebr v\u00ebzhgimin e zogjve, rezervuare p\u00ebr rritjen e peshkut, nj\u00eb pjes\u00eb p\u00ebr turiz\u00ebm dhe rekreacion, terren golfi etj.<\/div>\n<div><a href=\"http:\/\/www.visit-ulcinj.com\/blog\/wp-content\/uploads\/2013\/05\/Nazif-Cungu-mbi-zhvillimin-e-ardhsh\u00ebm-t\u00eb-kripores-s\u00eb-Ulqinit.2.jpg\"><img loading=\"lazy\" class=\"alignleft  wp-image-71316\" alt=\"Nazif Cungu mbi zhvillimin e  ardhsh\u00ebm t\u00eb kripores s\u00eb Ulqinit.2\" src=\"http:\/\/www.visit-ulcinj.com\/blog\/wp-content\/uploads\/2013\/05\/Nazif-Cungu-mbi-zhvillimin-e-ardhsh\u00ebm-t\u00eb-kripores-s\u00eb-Ulqinit.2.jpg\" width=\"508\" height=\"330\" \/><\/a><\/div>\n<div>Ai ka shtuar se p\u00ebrgatitjet p\u00ebr mbledhjen e sivjetme jan\u00eb n\u00eb vijim, q\u00eb mjetet p\u00ebr mbledhje jan\u00eb siguruar dhe se nuk do t\u00eb ket\u00eb pushime nga puna t\u00eb pun\u00ebtor\u00ebve.<\/div>\n<div>P\u00ebrfaq\u00ebsuesit e pun\u00ebtor\u00ebve kan\u00eb shprehur shqet\u00ebsimin p\u00ebr mos pages\u00ebn e kontributeve e posa\u00e7\u00ebrisht t\u00eb atyre q\u00eb p\u00ebr k\u00ebt\u00eb shkak nuk mund t\u00eb g\u00ebzojn\u00eb t\u00eb drejt\u00ebn p\u00ebr pension t\u00eb plot\u00eb.<\/div>\n<div>T\u00eb gjith\u00eb t\u00eb pranishmit kan\u00eb qen\u00eb dakord q\u00eb \u00ebsht\u00eb e domosdoshme t\u00eb punohet studimi i mbrojtjes s\u00eb Kripores i cili do t\u00eb determinoj\u00eb nivelin e mbrojtjes s\u00eb k\u00ebsaj zone.<\/div>\n<div><\/div>\n<div>Komuna e Ulqinit,<\/div>\n<div>Kabineti i Kryetarit<\/div>\n<div><\/div>\n<div><\/div>\n<div><strong>Op\u0161tina Ulcinj \/ Komuna e Ulqinit<\/strong><br \/>\nTel: +382 30 412 050<br \/>\nFax: +382 30 412 413<br \/>\nAdresa: Bul. Skenderbeu bb, 85360 Ulcinj, MNE<\/div>\n","protected":false},"excerpt":{"rendered":"<p>Me iniciativ\u00ebn e kryetarit t\u00eb Komun\u00ebs s\u00eb Ulqinit, sot \u00ebsht\u00eb mbajtur nj\u00eb takim me tem\u00ebn: zhvillimi i ardhsh\u00ebm i kripores s\u00eb Ulqinit. N\u00eb takim kan\u00eb marr\u00eb pjes\u00eb p\u00ebrfaq\u00ebsuesit e pronarit t\u00eb shumic\u00ebs Eurofond, sindikat\u00ebs s\u00eb Kripores, Qendr\u00ebs p\u00ebr mbrojtjen dhe studimin e shpez\u00ebve, NP p\u00ebr rritjen dhe mbrojtjen e\u00a0 eg\u00ebrsirave t\u00eb Komun\u00ebs s\u00eb Ulqinit dhe [&hellip;]<\/p>\n","protected":false},"author":1,"featured_media":0,"comment_status":"open","ping_status":"closed","sticky":false,"template":"","format":"standard","meta":{"spay_email":"","jetpack_publicize_message":"","jetpack_is_tweetstorm":false,"jetpack_publicize_feature_enabled":true},"categories":[10],"tags":[],"jetpack_publicize_connections":[],"yoast_head":"<!-- This site is optimized with the Yoast SEO plugin v19.1 - https:\/\/yoast.com\/wordpress\/plugins\/seo\/ -->\n<title>Me iniciativ\u00ebn e kryetarit Cungu \u00ebsht\u00eb mbajtur takimi mbi zhvillimin e ardhsh\u00ebm t\u00eb kripores s\u00eb Ulqinit - Lajme nga Ulqini<\/title>\n<meta name=\"description\" content=\"Me iniciativ\u00ebn e kryetarit t\u00eb Komun\u00ebs s\u00eb Ulqinit, sot \u00ebsht\u00eb mbajtur nj\u00eb takim me tem\u00ebn: zhvillimi i ardhsh\u00ebm i kripores s\u00eb Ulqinit. N\u00eb takim kan\u00eb marr\u00eb\" \/>\n<meta name=\"robots\" content=\"index, follow, max-snippet:-1, max-image-preview:large, max-video-preview:-1\" \/>\n<link rel=\"canonical\" href=\"https:\/\/www.visit-ulcinj.com\/blog\/2013\/05\/13\/me-iniciativen-e-kryetarit-cungu-eshte-mbajtur-takimi-mbi-zhvillimin-e-ardhshem-te-kripores-se-ulqinit\/\" \/>\n<meta property=\"og:locale\" content=\"en_US\" \/>\n<meta property=\"og:type\" content=\"article\" \/>\n<meta property=\"og:title\" content=\"Me iniciativ\u00ebn e kryetarit Cungu \u00ebsht\u00eb mbajtur takimi mbi zhvillimin e ardhsh\u00ebm t\u00eb kripores s\u00eb Ulqinit - Lajme nga Ulqini\" \/>\n<meta property=\"og:description\" content=\"Me iniciativ\u00ebn e kryetarit t\u00eb Komun\u00ebs s\u00eb Ulqinit, sot \u00ebsht\u00eb mbajtur nj\u00eb takim me tem\u00ebn: zhvillimi i ardhsh\u00ebm i kripores s\u00eb Ulqinit. N\u00eb takim kan\u00eb marr\u00eb\" \/>\n<meta property=\"og:url\" content=\"https:\/\/www.visit-ulcinj.com\/blog\/2013\/05\/13\/me-iniciativen-e-kryetarit-cungu-eshte-mbajtur-takimi-mbi-zhvillimin-e-ardhshem-te-kripores-se-ulqinit\/\" \/>\n<meta property=\"og:site_name\" content=\"Lajme nga Ulqini\" \/>\n<meta property=\"article:published_time\" content=\"2013-05-13T10:02:09+00:00\" \/>\n<meta property=\"article:modified_time\" content=\"2013-05-13T10:02:28+00:00\" \/>\n<meta name=\"twitter:label1\" content=\"Written by\" \/>\n\t<meta name=\"twitter:data1\" content=\"ulqini\" \/>\n\t<meta name=\"twitter:label2\" content=\"Est. reading time\" \/>\n\t<meta name=\"twitter:data2\" content=\"2 minutes\" \/>\n<script type=\"application\/ld+json\" class=\"yoast-schema-graph\">{\"@context\":\"https:\/\/schema.org\",\"@graph\":[{\"@type\":\"WebSite\",\"@id\":\"https:\/\/www.visit-ulcinj.com\/blog\/#website\",\"url\":\"https:\/\/www.visit-ulcinj.com\/blog\/\",\"name\":\"Lajme nga Ulqini\",\"description\":\"Lajme,Vijesti,Ulqini,Ulqin,Crna Gora,Mali i Zi\",\"potentialAction\":[{\"@type\":\"SearchAction\",\"target\":{\"@type\":\"EntryPoint\",\"urlTemplate\":\"https:\/\/www.visit-ulcinj.com\/blog\/?s={search_term_string}\"},\"query-input\":\"required name=search_term_string\"}],\"inLanguage\":\"en-US\"},{\"@type\":\"WebPage\",\"@id\":\"https:\/\/www.visit-ulcinj.com\/blog\/2013\/05\/13\/me-iniciativen-e-kryetarit-cungu-eshte-mbajtur-takimi-mbi-zhvillimin-e-ardhshem-te-kripores-se-ulqinit\/#webpage\",\"url\":\"https:\/\/www.visit-ulcinj.com\/blog\/2013\/05\/13\/me-iniciativen-e-kryetarit-cungu-eshte-mbajtur-takimi-mbi-zhvillimin-e-ardhshem-te-kripores-se-ulqinit\/\",\"name\":\"Me iniciativ\u00ebn e kryetarit Cungu \u00ebsht\u00eb mbajtur takimi mbi zhvillimin e ardhsh\u00ebm t\u00eb kripores s\u00eb Ulqinit - Lajme nga Ulqini\",\"isPartOf\":{\"@id\":\"https:\/\/www.visit-ulcinj.com\/blog\/#website\"},\"datePublished\":\"2013-05-13T10:02:09+00:00\",\"dateModified\":\"2013-05-13T10:02:28+00:00\",\"author\":{\"@id\":\"https:\/\/www.visit-ulcinj.com\/blog\/#\/schema\/person\/dcab619c614d3038751c63bc2aadc06d\"},\"description\":\"Me iniciativ\u00ebn e kryetarit t\u00eb Komun\u00ebs s\u00eb Ulqinit, sot \u00ebsht\u00eb mbajtur nj\u00eb takim me tem\u00ebn: zhvillimi i ardhsh\u00ebm i kripores s\u00eb Ulqinit. N\u00eb takim kan\u00eb marr\u00eb\",\"breadcrumb\":{\"@id\":\"https:\/\/www.visit-ulcinj.com\/blog\/2013\/05\/13\/me-iniciativen-e-kryetarit-cungu-eshte-mbajtur-takimi-mbi-zhvillimin-e-ardhshem-te-kripores-se-ulqinit\/#breadcrumb\"},\"inLanguage\":\"en-US\",\"potentialAction\":[{\"@type\":\"ReadAction\",\"target\":[\"https:\/\/www.visit-ulcinj.com\/blog\/2013\/05\/13\/me-iniciativen-e-kryetarit-cungu-eshte-mbajtur-takimi-mbi-zhvillimin-e-ardhshem-te-kripores-se-ulqinit\/\"]}]},{\"@type\":\"BreadcrumbList\",\"@id\":\"https:\/\/www.visit-ulcinj.com\/blog\/2013\/05\/13\/me-iniciativen-e-kryetarit-cungu-eshte-mbajtur-takimi-mbi-zhvillimin-e-ardhshem-te-kripores-se-ulqinit\/#breadcrumb\",\"itemListElement\":[{\"@type\":\"ListItem\",\"position\":1,\"name\":\"Me iniciativ\u00ebn e kryetarit Cungu \u00ebsht\u00eb mbajtur takimi mbi zhvillimin e ardhsh\u00ebm t\u00eb kripores s\u00eb Ulqinit\"}]},{\"@type\":\"Person\",\"@id\":\"https:\/\/www.visit-ulcinj.com\/blog\/#\/schema\/person\/dcab619c614d3038751c63bc2aadc06d\",\"name\":\"ulqini\",\"sameAs\":[\"http:\/\/www.visit-ulcinj.com\"],\"url\":\"https:\/\/www.visit-ulcinj.com\/blog\/author\/admin\/\"}]}<\/script>\n<!-- \/ Yoast SEO plugin. -->","yoast_head_json":{"title":"Me iniciativ\u00ebn e kryetarit Cungu \u00ebsht\u00eb mbajtur takimi mbi zhvillimin e ardhsh\u00ebm t\u00eb kripores s\u00eb Ulqinit - Lajme nga Ulqini","description":"Me iniciativ\u00ebn e kryetarit t\u00eb Komun\u00ebs s\u00eb Ulqinit, sot \u00ebsht\u00eb mbajtur nj\u00eb takim me tem\u00ebn: zhvillimi i ardhsh\u00ebm i kripores s\u00eb Ulqinit. N\u00eb takim kan\u00eb marr\u00eb","robots":{"index":"index","follow":"follow","max-snippet":"max-snippet:-1","max-image-preview":"max-image-preview:large","max-video-preview":"max-video-preview:-1"},"canonical":"https:\/\/www.visit-ulcinj.com\/blog\/2013\/05\/13\/me-iniciativen-e-kryetarit-cungu-eshte-mbajtur-takimi-mbi-zhvillimin-e-ardhshem-te-kripores-se-ulqinit\/","og_locale":"en_US","og_type":"article","og_title":"Me iniciativ\u00ebn e kryetarit Cungu \u00ebsht\u00eb mbajtur takimi mbi zhvillimin e ardhsh\u00ebm t\u00eb kripores s\u00eb Ulqinit - Lajme nga Ulqini","og_description":"Me iniciativ\u00ebn e kryetarit t\u00eb Komun\u00ebs s\u00eb Ulqinit, sot \u00ebsht\u00eb mbajtur nj\u00eb takim me tem\u00ebn: zhvillimi i ardhsh\u00ebm i kripores s\u00eb Ulqinit. N\u00eb takim kan\u00eb marr\u00eb","og_url":"https:\/\/www.visit-ulcinj.com\/blog\/2013\/05\/13\/me-iniciativen-e-kryetarit-cungu-eshte-mbajtur-takimi-mbi-zhvillimin-e-ardhshem-te-kripores-se-ulqinit\/","og_site_name":"Lajme nga Ulqini","article_published_time":"2013-05-13T10:02:09+00:00","article_modified_time":"2013-05-13T10:02:28+00:00","twitter_misc":{"Written by":"ulqini","Est. reading time":"2 minutes"},"schema":{"@context":"https:\/\/schema.org","@graph":[{"@type":"WebSite","@id":"https:\/\/www.visit-ulcinj.com\/blog\/#website","url":"https:\/\/www.visit-ulcinj.com\/blog\/","name":"Lajme nga Ulqini","description":"Lajme,Vijesti,Ulqini,Ulqin,Crna Gora,Mali i Zi","potentialAction":[{"@type":"SearchAction","target":{"@type":"EntryPoint","urlTemplate":"https:\/\/www.visit-ulcinj.com\/blog\/?s={search_term_string}"},"query-input":"required name=search_term_string"}],"inLanguage":"en-US"},{"@type":"WebPage","@id":"https:\/\/www.visit-ulcinj.com\/blog\/2013\/05\/13\/me-iniciativen-e-kryetarit-cungu-eshte-mbajtur-takimi-mbi-zhvillimin-e-ardhshem-te-kripores-se-ulqinit\/#webpage","url":"https:\/\/www.visit-ulcinj.com\/blog\/2013\/05\/13\/me-iniciativen-e-kryetarit-cungu-eshte-mbajtur-takimi-mbi-zhvillimin-e-ardhshem-te-kripores-se-ulqinit\/","name":"Me iniciativ\u00ebn e kryetarit Cungu \u00ebsht\u00eb mbajtur takimi mbi zhvillimin e ardhsh\u00ebm t\u00eb kripores s\u00eb Ulqinit - Lajme nga Ulqini","isPartOf":{"@id":"https:\/\/www.visit-ulcinj.com\/blog\/#website"},"datePublished":"2013-05-13T10:02:09+00:00","dateModified":"2013-05-13T10:02:28+00:00","author":{"@id":"https:\/\/www.visit-ulcinj.com\/blog\/#\/schema\/person\/dcab619c614d3038751c63bc2aadc06d"},"description":"Me iniciativ\u00ebn e kryetarit t\u00eb Komun\u00ebs s\u00eb Ulqinit, sot \u00ebsht\u00eb mbajtur nj\u00eb takim me tem\u00ebn: zhvillimi i ardhsh\u00ebm i kripores s\u00eb Ulqinit. N\u00eb takim kan\u00eb marr\u00eb","breadcrumb":{"@id":"https:\/\/www.visit-ulcinj.com\/blog\/2013\/05\/13\/me-iniciativen-e-kryetarit-cungu-eshte-mbajtur-takimi-mbi-zhvillimin-e-ardhshem-te-kripores-se-ulqinit\/#breadcrumb"},"inLanguage":"en-US","potentialAction":[{"@type":"ReadAction","target":["https:\/\/www.visit-ulcinj.com\/blog\/2013\/05\/13\/me-iniciativen-e-kryetarit-cungu-eshte-mbajtur-takimi-mbi-zhvillimin-e-ardhshem-te-kripores-se-ulqinit\/"]}]},{"@type":"BreadcrumbList","@id":"https:\/\/www.visit-ulcinj.com\/blog\/2013\/05\/13\/me-iniciativen-e-kryetarit-cungu-eshte-mbajtur-takimi-mbi-zhvillimin-e-ardhshem-te-kripores-se-ulqinit\/#breadcrumb","itemListElement":[{"@type":"ListItem","position":1,"name":"Me iniciativ\u00ebn e kryetarit Cungu \u00ebsht\u00eb mbajtur takimi mbi zhvillimin e ardhsh\u00ebm t\u00eb kripores s\u00eb Ulqinit"}]},{"@type":"Person","@id":"https:\/\/www.visit-ulcinj.com\/blog\/#\/schema\/person\/dcab619c614d3038751c63bc2aadc06d","name":"ulqini","sameAs":["http:\/\/www.visit-ulcinj.com"],"url":"https:\/\/www.visit-ulcinj.com\/blog\/author\/admin\/"}]}},"jetpack_featured_media_url":"","jetpack_sharing_enabled":true,"jetpack_shortlink":"https:\/\/wp.me\/pe6lTn-iyd","_links":{"self":[{"href":"https:\/\/www.visit-ulcinj.com\/blog\/wp-json\/wp\/v2\/posts\/71313"}],"collection":[{"href":"https:\/\/www.visit-ulcinj.com\/blog\/wp-json\/wp\/v2\/posts"}],"about":[{"href":"https:\/\/www.visit-ulcinj.com\/blog\/wp-json\/wp\/v2\/types\/post"}],"author":[{"embeddable":true,"href":"https:\/\/www.visit-ulcinj.com\/blog\/wp-json\/wp\/v2\/users\/1"}],"replies":[{"embeddable":true,"href":"https:\/\/www.visit-ulcinj.com\/blog\/wp-json\/wp\/v2\/comments?post=71313"}],"version-history":[{"count":2,"href":"https:\/\/www.visit-ulcinj.com\/blog\/wp-json\/wp\/v2\/posts\/71313\/revisions"}],"predecessor-version":[{"id":71318,"href":"https:\/\/www.visit-ulcinj.com\/blog\/wp-json\/wp\/v2\/posts\/71313\/revisions\/71318"}],"wp:attachment":[{"href":"https:\/\/www.visit-ulcinj.com\/blog\/wp-json\/wp\/v2\/media?parent=71313"}],"wp:term":[{"taxonomy":"category","embeddable":true,"href":"https:\/\/www.visit-ulcinj.com\/blog\/wp-json\/wp\/v2\/categories?post=71313"},{"taxonomy":"post_tag","embeddable":true,"href":"https:\/\/www.visit-ulcinj.com\/blog\/wp-json\/wp\/v2\/tags?post=71313"}],"curies":[{"name":"wp","href":"https:\/\/api.w.org\/{rel}","templated":true}]}}