{"id":71365,"date":"2013-05-14T16:44:28","date_gmt":"2013-05-14T15:44:28","guid":{"rendered":"http:\/\/www.visit-ulcinj.com\/blog\/?p=71365"},"modified":"2013-05-14T16:44:28","modified_gmt":"2013-05-14T15:44:28","slug":"kk-ulqini-i-suksesshem-edhe-ne-shkup","status":"publish","type":"post","link":"https:\/\/www.visit-ulcinj.com\/blog\/2013\/05\/14\/kk-ulqini-i-suksesshem-edhe-ne-shkup\/","title":{"rendered":"KK \u201cUlqini\u201d i suksessh\u00ebm edhe n\u00eb Shkup"},"content":{"rendered":"<p><a href=\"http:\/\/www.visit-ulcinj.com\/blog\/wp-content\/uploads\/2013\/05\/KK-Ulqini-i-suksessh\u00ebm-edhe-n\u00eb-Shkup.jpg\"><img loading=\"lazy\" class=\"alignleft  wp-image-71366\" alt=\"KK Ulqini i suksessh\u00ebm edhe n\u00eb Shkup\" src=\"http:\/\/www.visit-ulcinj.com\/blog\/wp-content\/uploads\/2013\/05\/KK-Ulqini-i-suksessh\u00ebm-edhe-n\u00eb-Shkup.jpg\" width=\"508\" height=\"360\" \/><\/a>M\u00eb 12 maj 2013 n\u00eb Shkup, Maqedoni, n\u00eb organizimin e klubit vendas t\u00eb karates\u00eb \u201cSolidarnost\u201d, u mbajt Turneu tradicional XIII nd\u00ebrkomb\u00ebtar i karates\u00eb \u201cSolidarnost Open\u201d, n\u00eb t\u00eb cilin mor\u00ebn pjes\u00eb 52 klube me mbi 450 garues nga pes\u00eb shtete: Kosova, Serbia, Maqedonia, Bullgaria dhe Mali i Zi. N\u00eb baz\u00eb t\u00eb rezultateve t\u00eb arritura n\u00eb k\u00ebt\u00eb gar\u00eb, klubi i karates\u00eb \u201cUlqini\u201d u rendit n\u00eb vend t\u00eb dyt\u00eb n\u00eb renditjen e p\u00ebrgjithshme, n\u00eb mesin e 52 klubeve t\u00eb tjer\u00eb pjes\u00ebmarr\u00ebse.<br \/>\n<a href=\"http:\/\/www.visit-ulcinj.com\/blog\/wp-content\/uploads\/2013\/05\/KK-ULQINI-ME-FITORE.jpg\"><img loading=\"lazy\" class=\"alignleft  wp-image-71367\" alt=\"KK ULQINI ME FITORE\" src=\"http:\/\/www.visit-ulcinj.com\/blog\/wp-content\/uploads\/2013\/05\/KK-ULQINI-ME-FITORE.jpg\" width=\"508\" height=\"600\" \/><\/a><\/p>\n<p>N\u00eb k\u00ebt\u00eb turne Klubi i karates\u00eb \u201cUlqini\u201d mori pjes\u00eb me 18 garues. Ata u kuror\u00ebzuan me gjithsej 29 medalje n\u00eb disiplinat individuale dhe ekipore, prej tyre 8 t\u00eb arta &#8211; 5 n\u00eb disiplinat individuale dhe 3 n\u00eb ato ekipore, 10 t\u00eb argjendta &#8211; 9 n\u00eb disiplinat individuale dhe 1 n\u00eb ekipore, 11 t\u00eb bronzta n\u00eb disiplinat individuale dhe 1 kup\u00eb p\u00ebr vendin e dyt\u00eb t\u00eb plasmanit gjeneral. Po ashtu, n\u00eb shenj\u00eb fal\u00ebnderimi p\u00ebr bashk\u00ebpunimin e mir\u00eb n\u00eb mes t\u00eb dy klubeve, nga klubi i karates\u00eb \u201cSolidarnost\u201d iu dor\u00ebzua klubit t\u00eb karates\u00eb \u201cUlqini\u201d nj\u00eb plaket\u00eb mir\u00ebnjohjeje. Nga Klubi i karates\u00eb \u201cUlqini\u201d n\u00eb k\u00ebt\u00eb turne me medalje u shp\u00ebrblyen shum\u00eb garues, si n\u00eb disiplinat individuale, ashtu edhe n\u00eb ato ekipore. Me medalje t\u00eb arta n\u00eb disiplinat individuale u kuror\u00ebzuan: Eliza Salihu, Antigona Rama, Katarina Marnikoviq, Venesa Nuhi dhe Hantije Ibro\u00e7i. N\u00eb disiplin\u00ebn ekipore kata me medalje t\u00eb arta u kuror\u00ebzuan 3 ekipe: ekipi i par\u00eb djemt\u00eb e gjenerat\u00ebs 2001\/2000 n\u00eb p\u00ebrb\u00ebrje Ronald Jacoviq, Gabriel Bytyqi dhe Pjeter Hota, ekipi i dyt\u00eb i gjenerat\u00ebs 2001\/2000 mix team i p\u00ebrb\u00ebr\u00eb nga Diell\u00ebza Rama, Eliza Salihu dhe Ronald Jacoviq, si dhe ekipi i gjenerat\u00ebs 1997\/1996 mix team i p\u00ebrb\u00ebr\u00eb nga Antigona Rama, Venesa Nuhi dhe Edin Kraja.<br \/>\n<a href=\"http:\/\/www.visit-ulcinj.com\/blog\/wp-content\/uploads\/2013\/05\/RUZHDI-RAMA-ME-TROFE.jpg\"><img loading=\"lazy\" class=\"alignleft  wp-image-71368\" alt=\"RUZHDI RAMA ME TROFE\" src=\"http:\/\/www.visit-ulcinj.com\/blog\/wp-content\/uploads\/2013\/05\/RUZHDI-RAMA-ME-TROFE.jpg\" width=\"508\" height=\"600\" \/><\/a><\/p>\n<p>P\u00ebrve\u00e7 k\u00ebtyre medaljeve k\u00ebta garues u kuror\u00ebzuan edhe me nga disa medalje t\u00eb tjera. Me nga disa medalje t\u00eb tjera t\u00eb argjendta dhe t\u00eb bronzta u kuror\u00ebzuan: Albert Rudoviq, Ensar Marshiq, Marko Daboviq, Christopher Rudoviq, Adnan Kuqi, Izabella Ivanoviq dhe Bylbyl Rexhepi. Udh\u00ebheq\u00ebsit e ekipit Ruzhdi Rama, Muzafer Salihu, Kujtim Sukaliqi dhe Liridon Elezi, t\u00eb cil\u00ebt udh\u00ebhoq\u00ebn garuesit n\u00eb k\u00ebt\u00eb turne, jan\u00eb shum\u00eb t\u00eb k\u00ebnaqur me rezultatet e arritura t\u00eb garuesve t\u00eb tyre, pasi q\u00eb gara ishte nj\u00eb gar\u00eb e nivelit t\u00eb lart\u00eb me nj\u00eb konkurrenc\u00eb shum\u00eb t\u00eb fuqishme. Udh\u00ebheq\u00ebsia e klubit t\u00eb karates\u00eb \u201cUlqini\u201d fal\u00ebnderon sponsor\u00ebt Christopher Apartaments me pronar Viktor Rudoviq dhe Burektoren \u201cPelivan\u201d, si dhe prind\u00ebrit e garuesve.<\/p>\n<p>SH\u00cbRBIMI P\u00cbR MARR\u00cbDH\u00cbNIE ME PUBLIKUN I KK &#8220;ULQINI&#8221;<\/p>\n","protected":false},"excerpt":{"rendered":"<p>M\u00eb 12 maj 2013 n\u00eb Shkup, Maqedoni, n\u00eb organizimin e klubit vendas t\u00eb karates\u00eb \u201cSolidarnost\u201d, u mbajt Turneu tradicional XIII nd\u00ebrkomb\u00ebtar i karates\u00eb \u201cSolidarnost Open\u201d, n\u00eb t\u00eb cilin mor\u00ebn pjes\u00eb 52 klube me mbi 450 garues nga pes\u00eb shtete: Kosova, Serbia, Maqedonia, Bullgaria dhe Mali i Zi. N\u00eb baz\u00eb t\u00eb rezultateve t\u00eb arritura n\u00eb k\u00ebt\u00eb [&hellip;]<\/p>\n","protected":false},"author":1,"featured_media":0,"comment_status":"open","ping_status":"closed","sticky":false,"template":"","format":"standard","meta":{"spay_email":"","jetpack_publicize_message":"","jetpack_is_tweetstorm":false,"jetpack_publicize_feature_enabled":true},"categories":[14],"tags":[],"jetpack_publicize_connections":[],"yoast_head":"<!-- This site is optimized with the Yoast SEO plugin v19.1 - https:\/\/yoast.com\/wordpress\/plugins\/seo\/ -->\n<title>KK \u201cUlqini\u201d i suksessh\u00ebm edhe n\u00eb Shkup - Lajme nga Ulqini<\/title>\n<meta name=\"description\" content=\"M\u00eb 12 maj 2013 n\u00eb Shkup, Maqedoni, n\u00eb organizimin e klubit vendas t\u00eb karates\u00eb \u201cSolidarnost\u201d, u mbajt Turneu tradicional XIII nd\u00ebrkomb\u00ebtar i karates\u00eb\" \/>\n<meta name=\"robots\" content=\"index, follow, max-snippet:-1, max-image-preview:large, max-video-preview:-1\" \/>\n<link rel=\"canonical\" href=\"https:\/\/www.visit-ulcinj.com\/blog\/2013\/05\/14\/kk-ulqini-i-suksesshem-edhe-ne-shkup\/\" \/>\n<meta property=\"og:locale\" content=\"en_US\" \/>\n<meta property=\"og:type\" content=\"article\" \/>\n<meta property=\"og:title\" content=\"KK \u201cUlqini\u201d i suksessh\u00ebm edhe n\u00eb Shkup - Lajme nga Ulqini\" \/>\n<meta property=\"og:description\" content=\"M\u00eb 12 maj 2013 n\u00eb Shkup, Maqedoni, n\u00eb organizimin e klubit vendas t\u00eb karates\u00eb \u201cSolidarnost\u201d, u mbajt Turneu tradicional XIII nd\u00ebrkomb\u00ebtar i karates\u00eb\" \/>\n<meta property=\"og:url\" content=\"https:\/\/www.visit-ulcinj.com\/blog\/2013\/05\/14\/kk-ulqini-i-suksesshem-edhe-ne-shkup\/\" \/>\n<meta property=\"og:site_name\" content=\"Lajme nga Ulqini\" \/>\n<meta property=\"article:published_time\" content=\"2013-05-14T15:44:28+00:00\" \/>\n<meta property=\"og:image\" content=\"http:\/\/www.visit-ulcinj.com\/blog\/wp-content\/uploads\/2013\/05\/KK-ULQINI-ME-FITORE.jpg\" \/>\n<meta name=\"twitter:label1\" content=\"Written by\" \/>\n\t<meta name=\"twitter:data1\" content=\"ulqini\" \/>\n\t<meta name=\"twitter:label2\" content=\"Est. reading time\" \/>\n\t<meta name=\"twitter:data2\" content=\"2 minutes\" \/>\n<script type=\"application\/ld+json\" class=\"yoast-schema-graph\">{\"@context\":\"https:\/\/schema.org\",\"@graph\":[{\"@type\":\"WebSite\",\"@id\":\"https:\/\/www.visit-ulcinj.com\/blog\/#website\",\"url\":\"https:\/\/www.visit-ulcinj.com\/blog\/\",\"name\":\"Lajme nga Ulqini\",\"description\":\"Lajme,Vijesti,Ulqini,Ulqin,Crna Gora,Mali i Zi\",\"potentialAction\":[{\"@type\":\"SearchAction\",\"target\":{\"@type\":\"EntryPoint\",\"urlTemplate\":\"https:\/\/www.visit-ulcinj.com\/blog\/?s={search_term_string}\"},\"query-input\":\"required name=search_term_string\"}],\"inLanguage\":\"en-US\"},{\"@type\":\"ImageObject\",\"inLanguage\":\"en-US\",\"@id\":\"https:\/\/www.visit-ulcinj.com\/blog\/2013\/05\/14\/kk-ulqini-i-suksesshem-edhe-ne-shkup\/#primaryimage\",\"url\":\"https:\/\/www.visit-ulcinj.com\/blog\/wp-content\/uploads\/2013\/05\/KK-ULQINI-ME-FITORE.jpg\",\"contentUrl\":\"https:\/\/www.visit-ulcinj.com\/blog\/wp-content\/uploads\/2013\/05\/KK-ULQINI-ME-FITORE.jpg\",\"width\":720,\"height\":960},{\"@type\":\"WebPage\",\"@id\":\"https:\/\/www.visit-ulcinj.com\/blog\/2013\/05\/14\/kk-ulqini-i-suksesshem-edhe-ne-shkup\/#webpage\",\"url\":\"https:\/\/www.visit-ulcinj.com\/blog\/2013\/05\/14\/kk-ulqini-i-suksesshem-edhe-ne-shkup\/\",\"name\":\"KK \u201cUlqini\u201d i suksessh\u00ebm edhe n\u00eb Shkup - Lajme nga Ulqini\",\"isPartOf\":{\"@id\":\"https:\/\/www.visit-ulcinj.com\/blog\/#website\"},\"primaryImageOfPage\":{\"@id\":\"https:\/\/www.visit-ulcinj.com\/blog\/2013\/05\/14\/kk-ulqini-i-suksesshem-edhe-ne-shkup\/#primaryimage\"},\"datePublished\":\"2013-05-14T15:44:28+00:00\",\"dateModified\":\"2013-05-14T15:44:28+00:00\",\"author\":{\"@id\":\"https:\/\/www.visit-ulcinj.com\/blog\/#\/schema\/person\/dcab619c614d3038751c63bc2aadc06d\"},\"description\":\"M\u00eb 12 maj 2013 n\u00eb Shkup, Maqedoni, n\u00eb organizimin e klubit vendas t\u00eb karates\u00eb \u201cSolidarnost\u201d, u mbajt Turneu tradicional XIII nd\u00ebrkomb\u00ebtar i karates\u00eb\",\"breadcrumb\":{\"@id\":\"https:\/\/www.visit-ulcinj.com\/blog\/2013\/05\/14\/kk-ulqini-i-suksesshem-edhe-ne-shkup\/#breadcrumb\"},\"inLanguage\":\"en-US\",\"potentialAction\":[{\"@type\":\"ReadAction\",\"target\":[\"https:\/\/www.visit-ulcinj.com\/blog\/2013\/05\/14\/kk-ulqini-i-suksesshem-edhe-ne-shkup\/\"]}]},{\"@type\":\"BreadcrumbList\",\"@id\":\"https:\/\/www.visit-ulcinj.com\/blog\/2013\/05\/14\/kk-ulqini-i-suksesshem-edhe-ne-shkup\/#breadcrumb\",\"itemListElement\":[{\"@type\":\"ListItem\",\"position\":1,\"name\":\"KK \u201cUlqini\u201d i suksessh\u00ebm edhe n\u00eb Shkup\"}]},{\"@type\":\"Person\",\"@id\":\"https:\/\/www.visit-ulcinj.com\/blog\/#\/schema\/person\/dcab619c614d3038751c63bc2aadc06d\",\"name\":\"ulqini\",\"sameAs\":[\"http:\/\/www.visit-ulcinj.com\"],\"url\":\"https:\/\/www.visit-ulcinj.com\/blog\/author\/admin\/\"}]}<\/script>\n<!-- \/ Yoast SEO plugin. -->","yoast_head_json":{"title":"KK \u201cUlqini\u201d i suksessh\u00ebm edhe n\u00eb Shkup - Lajme nga Ulqini","description":"M\u00eb 12 maj 2013 n\u00eb Shkup, Maqedoni, n\u00eb organizimin e klubit vendas t\u00eb karates\u00eb \u201cSolidarnost\u201d, u mbajt Turneu tradicional XIII nd\u00ebrkomb\u00ebtar i karates\u00eb","robots":{"index":"index","follow":"follow","max-snippet":"max-snippet:-1","max-image-preview":"max-image-preview:large","max-video-preview":"max-video-preview:-1"},"canonical":"https:\/\/www.visit-ulcinj.com\/blog\/2013\/05\/14\/kk-ulqini-i-suksesshem-edhe-ne-shkup\/","og_locale":"en_US","og_type":"article","og_title":"KK \u201cUlqini\u201d i suksessh\u00ebm edhe n\u00eb Shkup - Lajme nga Ulqini","og_description":"M\u00eb 12 maj 2013 n\u00eb Shkup, Maqedoni, n\u00eb organizimin e klubit vendas t\u00eb karates\u00eb \u201cSolidarnost\u201d, u mbajt Turneu tradicional XIII nd\u00ebrkomb\u00ebtar i karates\u00eb","og_url":"https:\/\/www.visit-ulcinj.com\/blog\/2013\/05\/14\/kk-ulqini-i-suksesshem-edhe-ne-shkup\/","og_site_name":"Lajme nga Ulqini","article_published_time":"2013-05-14T15:44:28+00:00","og_image":[{"url":"http:\/\/www.visit-ulcinj.com\/blog\/wp-content\/uploads\/2013\/05\/KK-ULQINI-ME-FITORE.jpg"}],"twitter_misc":{"Written by":"ulqini","Est. reading time":"2 minutes"},"schema":{"@context":"https:\/\/schema.org","@graph":[{"@type":"WebSite","@id":"https:\/\/www.visit-ulcinj.com\/blog\/#website","url":"https:\/\/www.visit-ulcinj.com\/blog\/","name":"Lajme nga Ulqini","description":"Lajme,Vijesti,Ulqini,Ulqin,Crna Gora,Mali i Zi","potentialAction":[{"@type":"SearchAction","target":{"@type":"EntryPoint","urlTemplate":"https:\/\/www.visit-ulcinj.com\/blog\/?s={search_term_string}"},"query-input":"required name=search_term_string"}],"inLanguage":"en-US"},{"@type":"ImageObject","inLanguage":"en-US","@id":"https:\/\/www.visit-ulcinj.com\/blog\/2013\/05\/14\/kk-ulqini-i-suksesshem-edhe-ne-shkup\/#primaryimage","url":"https:\/\/www.visit-ulcinj.com\/blog\/wp-content\/uploads\/2013\/05\/KK-ULQINI-ME-FITORE.jpg","contentUrl":"https:\/\/www.visit-ulcinj.com\/blog\/wp-content\/uploads\/2013\/05\/KK-ULQINI-ME-FITORE.jpg","width":720,"height":960},{"@type":"WebPage","@id":"https:\/\/www.visit-ulcinj.com\/blog\/2013\/05\/14\/kk-ulqini-i-suksesshem-edhe-ne-shkup\/#webpage","url":"https:\/\/www.visit-ulcinj.com\/blog\/2013\/05\/14\/kk-ulqini-i-suksesshem-edhe-ne-shkup\/","name":"KK \u201cUlqini\u201d i suksessh\u00ebm edhe n\u00eb Shkup - Lajme nga Ulqini","isPartOf":{"@id":"https:\/\/www.visit-ulcinj.com\/blog\/#website"},"primaryImageOfPage":{"@id":"https:\/\/www.visit-ulcinj.com\/blog\/2013\/05\/14\/kk-ulqini-i-suksesshem-edhe-ne-shkup\/#primaryimage"},"datePublished":"2013-05-14T15:44:28+00:00","dateModified":"2013-05-14T15:44:28+00:00","author":{"@id":"https:\/\/www.visit-ulcinj.com\/blog\/#\/schema\/person\/dcab619c614d3038751c63bc2aadc06d"},"description":"M\u00eb 12 maj 2013 n\u00eb Shkup, Maqedoni, n\u00eb organizimin e klubit vendas t\u00eb karates\u00eb \u201cSolidarnost\u201d, u mbajt Turneu tradicional XIII nd\u00ebrkomb\u00ebtar i karates\u00eb","breadcrumb":{"@id":"https:\/\/www.visit-ulcinj.com\/blog\/2013\/05\/14\/kk-ulqini-i-suksesshem-edhe-ne-shkup\/#breadcrumb"},"inLanguage":"en-US","potentialAction":[{"@type":"ReadAction","target":["https:\/\/www.visit-ulcinj.com\/blog\/2013\/05\/14\/kk-ulqini-i-suksesshem-edhe-ne-shkup\/"]}]},{"@type":"BreadcrumbList","@id":"https:\/\/www.visit-ulcinj.com\/blog\/2013\/05\/14\/kk-ulqini-i-suksesshem-edhe-ne-shkup\/#breadcrumb","itemListElement":[{"@type":"ListItem","position":1,"name":"KK \u201cUlqini\u201d i suksessh\u00ebm edhe n\u00eb Shkup"}]},{"@type":"Person","@id":"https:\/\/www.visit-ulcinj.com\/blog\/#\/schema\/person\/dcab619c614d3038751c63bc2aadc06d","name":"ulqini","sameAs":["http:\/\/www.visit-ulcinj.com"],"url":"https:\/\/www.visit-ulcinj.com\/blog\/author\/admin\/"}]}},"jetpack_featured_media_url":"","jetpack_sharing_enabled":true,"jetpack_shortlink":"https:\/\/wp.me\/pe6lTn-iz3","_links":{"self":[{"href":"https:\/\/www.visit-ulcinj.com\/blog\/wp-json\/wp\/v2\/posts\/71365"}],"collection":[{"href":"https:\/\/www.visit-ulcinj.com\/blog\/wp-json\/wp\/v2\/posts"}],"about":[{"href":"https:\/\/www.visit-ulcinj.com\/blog\/wp-json\/wp\/v2\/types\/post"}],"author":[{"embeddable":true,"href":"https:\/\/www.visit-ulcinj.com\/blog\/wp-json\/wp\/v2\/users\/1"}],"replies":[{"embeddable":true,"href":"https:\/\/www.visit-ulcinj.com\/blog\/wp-json\/wp\/v2\/comments?post=71365"}],"version-history":[{"count":1,"href":"https:\/\/www.visit-ulcinj.com\/blog\/wp-json\/wp\/v2\/posts\/71365\/revisions"}],"predecessor-version":[{"id":71369,"href":"https:\/\/www.visit-ulcinj.com\/blog\/wp-json\/wp\/v2\/posts\/71365\/revisions\/71369"}],"wp:attachment":[{"href":"https:\/\/www.visit-ulcinj.com\/blog\/wp-json\/wp\/v2\/media?parent=71365"}],"wp:term":[{"taxonomy":"category","embeddable":true,"href":"https:\/\/www.visit-ulcinj.com\/blog\/wp-json\/wp\/v2\/categories?post=71365"},{"taxonomy":"post_tag","embeddable":true,"href":"https:\/\/www.visit-ulcinj.com\/blog\/wp-json\/wp\/v2\/tags?post=71365"}],"curies":[{"name":"wp","href":"https:\/\/api.w.org\/{rel}","templated":true}]}}