{"id":7142,"date":"2008-12-12T20:00:55","date_gmt":"2008-12-12T19:00:55","guid":{"rendered":"http:\/\/www.visit-ulcinj.com\/blog\/?p=7142"},"modified":"2008-12-13T15:59:04","modified_gmt":"2008-12-13T14:59:04","slug":"soni-e-gatshme-per-festivalin-ne-rtsh","status":"publish","type":"post","link":"https:\/\/www.visit-ulcinj.com\/blog\/2008\/12\/12\/soni-e-gatshme-per-festivalin-ne-rtsh\/","title":{"rendered":"Soni e gatshme p\u00ebr Festivalin n\u00eb RTSH"},"content":{"rendered":"<p>endif] &gt;<\/p>\n<p class=\"MsoNormal\" style=\"margin-bottom: 0.0001pt; line-height: normal;\"><a href=\"http:\/\/www.visit-ulcinj.com\/blog\/wp-content\/uploads\/2008\/12\/soni-malaj.jpg\"><img loading=\"lazy\" class=\"alignleft size-medium wp-image-7143\" title=\"soni-malaj\" src=\"http:\/\/www.visit-ulcinj.com\/blog\/wp-content\/uploads\/2008\/12\/soni-malaj-300x300.jpg\" alt=\"\" width=\"345\" height=\"345\" \/><\/a><strong><span style=\"font-size: 10pt; font-family: &quot;Arial&quot;,&quot;sans-serif&quot;;\">\u00cbsht\u00eb n\u00eb majat e suksesit. Sapo ka p\u00ebrvet\u00ebsuar \u00e7mimin e tret\u00eb si dhe \u00e7mimin e internetit n\u00eb festivalin &#8220;K\u00ebnga Magjike&#8221; nd\u00ebrkoh\u00eb q\u00eb nj\u00eb tjet\u00ebr sfid\u00eb e pret, festivali i fundvitit n\u00eb RTSH. Po punon fort, p\u00ebr t\u00eb arritur si gjithmon\u00eb suksesin t\u00eb cilin publiku nuk ia kursen asnj\u00ebher\u00eb me vler\u00ebsim dhe duartrokitje. Kjo \u00ebsht\u00eb Soni Malaj, k\u00ebng\u00ebtarja q\u00eb pjes\u00ebn m\u00eb t\u00eb madhe t\u00eb dit\u00ebs ia kushton muzik\u00ebs dhe provave t\u00eb kantos. N\u00eb k\u00ebt\u00eb intervist\u00eb Soni flet p\u00ebr angazhimet m\u00eb t\u00eb fundit profesionale por edhe jet\u00ebn private. Ndiqni rr\u00ebfimin e saj.<\/span><\/strong><\/p>\n<p class=\"MsoNormal\" style=\"line-height: normal;\"><strong><span style=\"font-size: 10pt; font-family: &quot;Arial&quot;,&quot;sans-serif&quot;;\">Sapo ka p\u00ebrfunduar \u201cK\u00ebnga Magjike\u201d ku dol\u00ebt fituese e \u00e7mimit t\u00eb tret\u00eb. Si u ndjeve, e prisje k\u00ebt\u00eb \u00e7mim? <\/span><\/strong><\/p>\n<p class=\"MsoNormal\" style=\"line-height: normal;\"><span style=\"font-size: 10pt; font-family: &quot;Arial&quot;,&quot;sans-serif&quot;;\">\u201cK\u00ebnga Magjike\u201d ka qen\u00eb nj\u00eb eveniment shum\u00eb i r\u00ebnd\u00ebsish\u00ebm p\u00ebr mua. Kan\u00eb qen\u00eb emocione t\u00eb pap\u00ebrshkrueshme. Gjat\u00eb gjith\u00eb koh\u00ebs q\u00eb isha n\u00eb sken\u00eb, syt\u00eb i kisha nga publiku i cili ndiqte k\u00ebng\u00ebn time dhe brenda meje ekzistonte frika sesi do m\u00eb priste. Kisha shum\u00eb sadisfaksion por n\u00eb t\u00eb nj\u00ebjt\u00ebn koh\u00eb edhe frik\u00eb n\u00ebse do t\u00eb paraqitesha suksessh\u00ebm apo jo. T\u00eb them t\u00eb drejt\u00ebn kam qen\u00eb komplet indiferente n\u00ebse do t\u00eb vler\u00ebsohesha me ndonj\u00eb \u00e7mim apo jo ose t\u00eb pretendoja q\u00eb do t\u00eb shkoja n\u00eb treshen finale. Sa her\u00eb q\u00eb Arditi p\u00ebrmendte titujt e k\u00ebng\u00ebve p\u00ebr n\u00eb vendin, e dhjet\u00eb, n\u00ebnt\u00eb apo tet\u00eb, un\u00eb tentoja t\u00eb b\u00ebja hapin p\u00ebrpara. M\u00eb dukej sikur do t\u00eb isha un\u00eb. U ndjeva shum\u00eb mir\u00eb kur u vler\u00ebsova me k\u00ebt\u00eb \u00e7mim.<\/span><\/p>\n<p><strong>Pse gjith\u00eb kjo frik\u00eb Soni, kur p\u00ebr m\u00eb tep\u00ebr k\u00ebnga jote u vler\u00ebsua edhe si m\u00eb e klikuara n\u00eb internet? <\/strong><\/p>\n<p class=\"MsoNormal\" style=\"line-height: normal;\"><span style=\"font-size: 10pt; font-family: &quot;Arial&quot;,&quot;sans-serif&quot;;\">Votimi nuk \u00ebsht\u00eb nga publiku por nga k\u00ebng\u00ebtar\u00ebt, e kam fjal\u00ebn p\u00ebr votimin n\u00eb fund. Nuk dua t\u00eb shtoj m\u00eb tep\u00ebr rreth k\u00ebtij fakti. Normalisht kam pasur frik\u00eb vet\u00ebm m\u00ebnyra sesi do t\u00eb pritesha n\u00eb publik, aq suksessh\u00ebm si her\u00ebt e tjera apo jo, dhe n\u00eb fakt u prita mir\u00eb. Dua t\u00eb fal\u00ebnderoj shum\u00eb gjith\u00eb k\u00ebng\u00ebtar\u00ebt t\u00eb cil\u00ebt m\u00eb votuan dhe b\u00ebn\u00eb q\u00eb un\u00eb t\u00eb klasifikohesha n\u00eb vendin e tret\u00eb. Sa i takon \u00e7mimit t\u00eb internetit, e ndjeja q\u00eb k\u00ebnga ime do t\u00eb ishte m\u00eb e preferuara p\u00ebr \u201cfun tune\u201d dhe n\u00eb internet. Hyra n\u00eb website dhe pash\u00eb q\u00eb k\u00ebnga ime ishte m\u00eb e preferuara. Jam e lumtur pa mas\u00eb. T\u00eb jesh triumfuese n\u00eb nj\u00eb spektak\u00ebl<br \/>\nkaq t\u00eb bukur \u00ebsht\u00eb fantastike.<\/span><a href=\"http:\/\/www.visit-ulcinj.com\/blog\/wp-content\/uploads\/2008\/12\/soni.jpg\"><img loading=\"lazy\" class=\"alignright size-medium wp-image-7144\" title=\"soni\" src=\"http:\/\/www.visit-ulcinj.com\/blog\/wp-content\/uploads\/2008\/12\/soni-300x221.jpg\" alt=\"\" width=\"300\" height=\"221\" \/><\/a><\/p>\n<p><strong><span style=\"font-size: 10pt; font-family: &quot;Arial&quot;,&quot;sans-serif&quot;;\">Flasim pak p\u00ebr festivalin n\u00eb RTSH. P\u00ebrgatitjet jan\u00eb drejt fundit apo jo?<\/span><\/strong><\/p>\n<p>K\u00ebnga \u00ebsht\u00eb 90% e p\u00ebrfunduar. Deri n\u00eb afatin p\u00ebrfundimtar un\u00eb jam akoma duke punuar<br \/>\nme k\u00ebng\u00ebn. Na ka lindur nj\u00eb ide q\u00eb ndoshta edhe mund ta ndryshojm\u00eb ritmin. S\u00eb bashku me kompozitorin Florian Mumajesin dhe orkestruesin Enis Presheva jemi akoma duke punuar p\u00ebr t\u00eb nxjerr\u00eb m\u00eb t\u00eb mir\u00ebn, ashtu sikurse m\u00eb ndodhi edhe p\u00ebr \u201cK\u00ebng\u00ebn Magjike\u201d.<\/p>\n<p><strong><span style=\"font-family: &quot;Arial&quot;,&quot;sans-serif&quot;;\">Pretendon Soni p\u00ebr Eurovizion?<\/span><\/strong><\/p>\n<p>N\u00eb t\u00eb dyja rastet nuk kam pretenduar sepse jam shum\u00eb e qet\u00eb me veten time q\u00eb kam k\u00ebng\u00eb t\u00eb mir\u00eb, dhe kaq m\u00eb mjafton. Kur jam e qet\u00eb vet\u00eb, them: T\u00eb b\u00ebhet, \u00e7\u2019t\u00eb b\u00ebhet! N\u00eb fund t\u00eb fundit, p\u00ebr k\u00ebng\u00ebtarin gjithmon\u00eb k\u00ebnga e vet mbetet m\u00eb e mira. Le t\u00eb shpresojm\u00eb.<\/p>\n<p><strong><\/strong><a href=\"http:\/\/www.visit-ulcinj.com\/blog\/wp-content\/uploads\/2008\/12\/soni-malaj1.jpg\"><img loading=\"lazy\" class=\"alignleft size-medium wp-image-7145\" title=\"soni-malaj1\" src=\"http:\/\/www.visit-ulcinj.com\/blog\/wp-content\/uploads\/2008\/12\/soni-malaj1-300x266.jpg\" alt=\"\" width=\"300\" height=\"266\" \/><\/a><span style=\"font-size: 10pt; font-family: &quot;Arial&quot;,&quot;sans-serif&quot;;\"><strong><span style=\"font-family: &quot;Arial&quot;,&quot;sans-serif&quot;;\">Ke bashk\u00ebpunuar p\u00ebr k\u00ebng\u00ebn me Florin. Cilat jan\u00eb marr\u00ebdh\u00ebniet tuaja?<\/span><\/strong><\/span><\/p>\n<p><span style=\"font-size: 10pt; font-family: &quot;Arial&quot;,&quot;sans-serif&quot;;\">Me Florin kemi qen\u00eb miq p\u00ebr shum\u00eb vite me radh\u00eb. Kemi bashk\u00ebpunuar bashk\u00eb pasi e vler\u00ebsojm\u00eb nj\u00ebri-tjetrin si artist\u00eb dhe kemi respekt reciprok. Marr\u00ebdh\u00ebniet mes nesh jan\u00eb shum\u00eb t\u00eb mira, mes koleg\u00ebsh dhe miqsh nj\u00ebkoh\u00ebsisht. K\u00ebt\u00eb her\u00eb me Florin nuk jemi duet. Ai \u00ebsht\u00eb kompozitori im, un\u00eb jam k\u00ebng\u00ebtarja. \u00cbsht\u00eb nj\u00eb k\u00ebng\u00eb q\u00eb ka koh\u00eb q\u00eb \u00ebsht\u00eb punuar dhe kjo m\u00eb b\u00ebn akoma m\u00eb t\u00eb lumtur q\u00eb ta mendoj mir\u00eb. Bashk\u00ebpunimi im me Florin nuk dua t\u00eb m\u00eb kuptohet si nj\u00eb relacion dashurie.<\/span><\/p>\n<p><strong><span style=\"font-family: &quot;Arial&quot;,&quot;sans-serif&quot;;\">Gj\u00ebndja shpirt\u00ebrore e momentit?<\/span><\/strong><\/p>\n<p>Dua t\u00eb sqaroj publikun q\u00eb nuk ka as t\u00eb dashur amerikan, as franc\u00ebz, kinez apo palestinez. Jam vet\u00ebm. Nuk kam nj\u00eb lidhje dhe ndihem mir\u00eb k\u00ebshtu si jam. Dit\u00ebt e mia jan\u00eb t\u00eb mbushura plot. Jam shum\u00eb e lumtur dhe s\u2019kam nevoj\u00eb p\u00ebr momentin t\u00eb kem njeri p\u00ebrkrah. Kam shum\u00eb dashuri nga familja dhe muzika. N\u00ebse un\u00eb shkoj e udh\u00ebtoj, iki p\u00ebr di\u00e7ka private dhe jo patjet\u00ebr duhet t\u00eb jet\u00eb ajo q\u00eb shkruhet dhe flitet. Dua t\u00eb sqaroj se n\u00eb Franc\u00eb \u00ebsht\u00eb mikesha ime e ngusht\u00eb Elia. Ajo erdhi nga Franca k\u00ebt\u00eb her\u00eb enkas p\u00ebr mua, p\u00ebr t\u00eb m\u00eb par\u00eb n\u00eb sken\u00ebn e Pallatit t\u00eb Kongreseve.<\/p>\n<p><strong><span style=\"font-family: &quot;Arial&quot;,&quot;sans-serif&quot;;\">K\u00ebto dit\u00eb do t\u00eb shkosh n\u00eb Kosov\u00eb. Ndonj\u00eb klip i ri? <\/span><\/strong><\/p>\n<p><span style=\"font-size: 10pt; font-family: &quot;Arial&quot;,&quot;sans-serif&quot;;\">Po, do t\u00eb p\u00ebrfundojm\u00eb klipin n\u00eb bashk\u00ebpunim me \u201cTingulli 3nt\u201d. \u00cbsht\u00eb nj\u00eb k\u00ebng\u00eb R&amp;B me nota hip-hopi dhe shum\u00eb ritmike. Duhet ta kishim realizuar m\u00eb par\u00eb por angazhimet b\u00ebn\u00eb q\u00eb t\u00eb kalonte disa koh\u00eb. Xhirimet do t\u00eb jen\u00eb dy dit\u00eb nd\u00ebrkoh\u00eb q\u00eb terreni ka dy muaj q\u00eb po organizohet. K\u00ebnga \u00ebsht\u00eb d\u00ebgjuar shum\u00eb n\u00ebp\u00ebr radio. \u00cbsht\u00eb hit. Shpresoj t\u00eb p\u00ebrcillet edhe nga ana televizive. <\/span><\/p>\n<p><strong><span style=\"font-size: 10pt; font-family: &quot;Arial&quot;,&quot;sans-serif&quot;;\">Gazeta Shqiptare<\/span><\/strong><\/p>\n<!--YouTube Error: bad URL entered-->\n","protected":false},"excerpt":{"rendered":"<p>endif] &gt; \u00cbsht\u00eb n\u00eb majat e suksesit. Sapo ka p\u00ebrvet\u00ebsuar \u00e7mimin e tret\u00eb si dhe \u00e7mimin e internetit n\u00eb festivalin &#8220;K\u00ebnga Magjike&#8221; nd\u00ebrkoh\u00eb q\u00eb nj\u00eb tjet\u00ebr sfid\u00eb e pret, festivali i fundvitit n\u00eb RTSH. Po punon fort, p\u00ebr t\u00eb arritur si gjithmon\u00eb suksesin t\u00eb cilin publiku nuk ia kursen asnj\u00ebher\u00eb me vler\u00ebsim dhe duartrokitje. Kjo [&hellip;]<\/p>\n","protected":false},"author":1,"featured_media":0,"comment_status":"open","ping_status":"closed","sticky":false,"template":"","format":"standard","meta":{"spay_email":"","jetpack_publicize_message":"","jetpack_is_tweetstorm":false,"jetpack_publicize_feature_enabled":true},"categories":[1],"tags":[4904],"jetpack_publicize_connections":[],"yoast_head":"<!-- This site is optimized with the Yoast SEO plugin v19.1 - https:\/\/yoast.com\/wordpress\/plugins\/seo\/ -->\n<title>Soni e gatshme p\u00ebr Festivalin n\u00eb RTSH - Lajme nga Ulqini<\/title>\n<meta name=\"description\" content=\"endif] &gt; \u00cbsht\u00eb n\u00eb majat e suksesit. Sapo ka p\u00ebrvet\u00ebsuar \u00e7mimin e tret\u00eb si dhe \u00e7mimin e internetit n\u00eb festivalin &quot;K\u00ebnga Magjike&quot; nd\u00ebrkoh\u00eb q\u00eb nj\u00eb tjet\u00ebr\" \/>\n<meta name=\"robots\" content=\"index, follow, max-snippet:-1, max-image-preview:large, max-video-preview:-1\" \/>\n<link rel=\"canonical\" href=\"https:\/\/www.visit-ulcinj.com\/blog\/2008\/12\/12\/soni-e-gatshme-per-festivalin-ne-rtsh\/\" \/>\n<meta property=\"og:locale\" content=\"en_US\" \/>\n<meta property=\"og:type\" content=\"article\" \/>\n<meta property=\"og:title\" content=\"Soni e gatshme p\u00ebr Festivalin n\u00eb RTSH - Lajme nga Ulqini\" \/>\n<meta property=\"og:description\" content=\"endif] &gt; \u00cbsht\u00eb n\u00eb majat e suksesit. Sapo ka p\u00ebrvet\u00ebsuar \u00e7mimin e tret\u00eb si dhe \u00e7mimin e internetit n\u00eb festivalin &quot;K\u00ebnga Magjike&quot; nd\u00ebrkoh\u00eb q\u00eb nj\u00eb tjet\u00ebr\" \/>\n<meta property=\"og:url\" content=\"https:\/\/www.visit-ulcinj.com\/blog\/2008\/12\/12\/soni-e-gatshme-per-festivalin-ne-rtsh\/\" \/>\n<meta property=\"og:site_name\" content=\"Lajme nga Ulqini\" \/>\n<meta property=\"article:published_time\" content=\"2008-12-12T19:00:55+00:00\" \/>\n<meta property=\"article:modified_time\" content=\"2008-12-13T14:59:04+00:00\" \/>\n<meta property=\"og:image\" content=\"http:\/\/www.visit-ulcinj.com\/blog\/wp-content\/uploads\/2008\/12\/soni-malaj-300x300.jpg\" \/>\n<meta name=\"twitter:label1\" content=\"Written by\" \/>\n\t<meta name=\"twitter:data1\" content=\"ulqini\" \/>\n\t<meta name=\"twitter:label2\" content=\"Est. reading time\" \/>\n\t<meta name=\"twitter:data2\" content=\"5 minutes\" \/>\n<script type=\"application\/ld+json\" class=\"yoast-schema-graph\">{\"@context\":\"https:\/\/schema.org\",\"@graph\":[{\"@type\":\"WebSite\",\"@id\":\"https:\/\/www.visit-ulcinj.com\/blog\/#website\",\"url\":\"https:\/\/www.visit-ulcinj.com\/blog\/\",\"name\":\"Lajme nga Ulqini\",\"description\":\"Lajme,Vijesti,Ulqini,Ulqin,Crna Gora,Mali i Zi\",\"potentialAction\":[{\"@type\":\"SearchAction\",\"target\":{\"@type\":\"EntryPoint\",\"urlTemplate\":\"https:\/\/www.visit-ulcinj.com\/blog\/?s={search_term_string}\"},\"query-input\":\"required name=search_term_string\"}],\"inLanguage\":\"en-US\"},{\"@type\":\"ImageObject\",\"inLanguage\":\"en-US\",\"@id\":\"https:\/\/www.visit-ulcinj.com\/blog\/2008\/12\/12\/soni-e-gatshme-per-festivalin-ne-rtsh\/#primaryimage\",\"url\":\"http:\/\/www.visit-ulcinj.com\/blog\/wp-content\/uploads\/2008\/12\/soni-malaj-300x300.jpg\",\"contentUrl\":\"http:\/\/www.visit-ulcinj.com\/blog\/wp-content\/uploads\/2008\/12\/soni-malaj-300x300.jpg\"},{\"@type\":\"WebPage\",\"@id\":\"https:\/\/www.visit-ulcinj.com\/blog\/2008\/12\/12\/soni-e-gatshme-per-festivalin-ne-rtsh\/#webpage\",\"url\":\"https:\/\/www.visit-ulcinj.com\/blog\/2008\/12\/12\/soni-e-gatshme-per-festivalin-ne-rtsh\/\",\"name\":\"Soni e gatshme p\u00ebr Festivalin n\u00eb RTSH - Lajme nga Ulqini\",\"isPartOf\":{\"@id\":\"https:\/\/www.visit-ulcinj.com\/blog\/#website\"},\"primaryImageOfPage\":{\"@id\":\"https:\/\/www.visit-ulcinj.com\/blog\/2008\/12\/12\/soni-e-gatshme-per-festivalin-ne-rtsh\/#primaryimage\"},\"datePublished\":\"2008-12-12T19:00:55+00:00\",\"dateModified\":\"2008-12-13T14:59:04+00:00\",\"author\":{\"@id\":\"https:\/\/www.visit-ulcinj.com\/blog\/#\/schema\/person\/dcab619c614d3038751c63bc2aadc06d\"},\"description\":\"endif] &gt; \u00cbsht\u00eb n\u00eb majat e suksesit. Sapo ka p\u00ebrvet\u00ebsuar \u00e7mimin e tret\u00eb si dhe \u00e7mimin e internetit n\u00eb festivalin \\\"K\u00ebnga Magjike\\\" nd\u00ebrkoh\u00eb q\u00eb nj\u00eb tjet\u00ebr\",\"breadcrumb\":{\"@id\":\"https:\/\/www.visit-ulcinj.com\/blog\/2008\/12\/12\/soni-e-gatshme-per-festivalin-ne-rtsh\/#breadcrumb\"},\"inLanguage\":\"en-US\",\"potentialAction\":[{\"@type\":\"ReadAction\",\"target\":[\"https:\/\/www.visit-ulcinj.com\/blog\/2008\/12\/12\/soni-e-gatshme-per-festivalin-ne-rtsh\/\"]}]},{\"@type\":\"BreadcrumbList\",\"@id\":\"https:\/\/www.visit-ulcinj.com\/blog\/2008\/12\/12\/soni-e-gatshme-per-festivalin-ne-rtsh\/#breadcrumb\",\"itemListElement\":[{\"@type\":\"ListItem\",\"position\":1,\"name\":\"Soni e gatshme p\u00ebr Festivalin n\u00eb RTSH\"}]},{\"@type\":\"Person\",\"@id\":\"https:\/\/www.visit-ulcinj.com\/blog\/#\/schema\/person\/dcab619c614d3038751c63bc2aadc06d\",\"name\":\"ulqini\",\"sameAs\":[\"http:\/\/www.visit-ulcinj.com\"],\"url\":\"https:\/\/www.visit-ulcinj.com\/blog\/author\/admin\/\"}]}<\/script>\n<!-- \/ Yoast SEO plugin. -->","yoast_head_json":{"title":"Soni e gatshme p\u00ebr Festivalin n\u00eb RTSH - Lajme nga Ulqini","description":"endif] &gt; \u00cbsht\u00eb n\u00eb majat e suksesit. Sapo ka p\u00ebrvet\u00ebsuar \u00e7mimin e tret\u00eb si dhe \u00e7mimin e internetit n\u00eb festivalin \"K\u00ebnga Magjike\" nd\u00ebrkoh\u00eb q\u00eb nj\u00eb tjet\u00ebr","robots":{"index":"index","follow":"follow","max-snippet":"max-snippet:-1","max-image-preview":"max-image-preview:large","max-video-preview":"max-video-preview:-1"},"canonical":"https:\/\/www.visit-ulcinj.com\/blog\/2008\/12\/12\/soni-e-gatshme-per-festivalin-ne-rtsh\/","og_locale":"en_US","og_type":"article","og_title":"Soni e gatshme p\u00ebr Festivalin n\u00eb RTSH - Lajme nga Ulqini","og_description":"endif] &gt; \u00cbsht\u00eb n\u00eb majat e suksesit. Sapo ka p\u00ebrvet\u00ebsuar \u00e7mimin e tret\u00eb si dhe \u00e7mimin e internetit n\u00eb festivalin \"K\u00ebnga Magjike\" nd\u00ebrkoh\u00eb q\u00eb nj\u00eb tjet\u00ebr","og_url":"https:\/\/www.visit-ulcinj.com\/blog\/2008\/12\/12\/soni-e-gatshme-per-festivalin-ne-rtsh\/","og_site_name":"Lajme nga Ulqini","article_published_time":"2008-12-12T19:00:55+00:00","article_modified_time":"2008-12-13T14:59:04+00:00","og_image":[{"url":"http:\/\/www.visit-ulcinj.com\/blog\/wp-content\/uploads\/2008\/12\/soni-malaj-300x300.jpg"}],"twitter_misc":{"Written by":"ulqini","Est. reading time":"5 minutes"},"schema":{"@context":"https:\/\/schema.org","@graph":[{"@type":"WebSite","@id":"https:\/\/www.visit-ulcinj.com\/blog\/#website","url":"https:\/\/www.visit-ulcinj.com\/blog\/","name":"Lajme nga Ulqini","description":"Lajme,Vijesti,Ulqini,Ulqin,Crna Gora,Mali i Zi","potentialAction":[{"@type":"SearchAction","target":{"@type":"EntryPoint","urlTemplate":"https:\/\/www.visit-ulcinj.com\/blog\/?s={search_term_string}"},"query-input":"required name=search_term_string"}],"inLanguage":"en-US"},{"@type":"ImageObject","inLanguage":"en-US","@id":"https:\/\/www.visit-ulcinj.com\/blog\/2008\/12\/12\/soni-e-gatshme-per-festivalin-ne-rtsh\/#primaryimage","url":"http:\/\/www.visit-ulcinj.com\/blog\/wp-content\/uploads\/2008\/12\/soni-malaj-300x300.jpg","contentUrl":"http:\/\/www.visit-ulcinj.com\/blog\/wp-content\/uploads\/2008\/12\/soni-malaj-300x300.jpg"},{"@type":"WebPage","@id":"https:\/\/www.visit-ulcinj.com\/blog\/2008\/12\/12\/soni-e-gatshme-per-festivalin-ne-rtsh\/#webpage","url":"https:\/\/www.visit-ulcinj.com\/blog\/2008\/12\/12\/soni-e-gatshme-per-festivalin-ne-rtsh\/","name":"Soni e gatshme p\u00ebr Festivalin n\u00eb RTSH - Lajme nga Ulqini","isPartOf":{"@id":"https:\/\/www.visit-ulcinj.com\/blog\/#website"},"primaryImageOfPage":{"@id":"https:\/\/www.visit-ulcinj.com\/blog\/2008\/12\/12\/soni-e-gatshme-per-festivalin-ne-rtsh\/#primaryimage"},"datePublished":"2008-12-12T19:00:55+00:00","dateModified":"2008-12-13T14:59:04+00:00","author":{"@id":"https:\/\/www.visit-ulcinj.com\/blog\/#\/schema\/person\/dcab619c614d3038751c63bc2aadc06d"},"description":"endif] &gt; \u00cbsht\u00eb n\u00eb majat e suksesit. Sapo ka p\u00ebrvet\u00ebsuar \u00e7mimin e tret\u00eb si dhe \u00e7mimin e internetit n\u00eb festivalin \"K\u00ebnga Magjike\" nd\u00ebrkoh\u00eb q\u00eb nj\u00eb tjet\u00ebr","breadcrumb":{"@id":"https:\/\/www.visit-ulcinj.com\/blog\/2008\/12\/12\/soni-e-gatshme-per-festivalin-ne-rtsh\/#breadcrumb"},"inLanguage":"en-US","potentialAction":[{"@type":"ReadAction","target":["https:\/\/www.visit-ulcinj.com\/blog\/2008\/12\/12\/soni-e-gatshme-per-festivalin-ne-rtsh\/"]}]},{"@type":"BreadcrumbList","@id":"https:\/\/www.visit-ulcinj.com\/blog\/2008\/12\/12\/soni-e-gatshme-per-festivalin-ne-rtsh\/#breadcrumb","itemListElement":[{"@type":"ListItem","position":1,"name":"Soni e gatshme p\u00ebr Festivalin n\u00eb RTSH"}]},{"@type":"Person","@id":"https:\/\/www.visit-ulcinj.com\/blog\/#\/schema\/person\/dcab619c614d3038751c63bc2aadc06d","name":"ulqini","sameAs":["http:\/\/www.visit-ulcinj.com"],"url":"https:\/\/www.visit-ulcinj.com\/blog\/author\/admin\/"}]}},"jetpack_featured_media_url":"","jetpack_sharing_enabled":true,"jetpack_shortlink":"https:\/\/wp.me\/pe6lTn-1Rc","_links":{"self":[{"href":"https:\/\/www.visit-ulcinj.com\/blog\/wp-json\/wp\/v2\/posts\/7142"}],"collection":[{"href":"https:\/\/www.visit-ulcinj.com\/blog\/wp-json\/wp\/v2\/posts"}],"about":[{"href":"https:\/\/www.visit-ulcinj.com\/blog\/wp-json\/wp\/v2\/types\/post"}],"author":[{"embeddable":true,"href":"https:\/\/www.visit-ulcinj.com\/blog\/wp-json\/wp\/v2\/users\/1"}],"replies":[{"embeddable":true,"href":"https:\/\/www.visit-ulcinj.com\/blog\/wp-json\/wp\/v2\/comments?post=7142"}],"version-history":[{"count":0,"href":"https:\/\/www.visit-ulcinj.com\/blog\/wp-json\/wp\/v2\/posts\/7142\/revisions"}],"wp:attachment":[{"href":"https:\/\/www.visit-ulcinj.com\/blog\/wp-json\/wp\/v2\/media?parent=7142"}],"wp:term":[{"taxonomy":"category","embeddable":true,"href":"https:\/\/www.visit-ulcinj.com\/blog\/wp-json\/wp\/v2\/categories?post=7142"},{"taxonomy":"post_tag","embeddable":true,"href":"https:\/\/www.visit-ulcinj.com\/blog\/wp-json\/wp\/v2\/tags?post=7142"}],"curies":[{"name":"wp","href":"https:\/\/api.w.org\/{rel}","templated":true}]}}