{"id":71422,"date":"2013-05-15T17:48:05","date_gmt":"2013-05-15T16:48:05","guid":{"rendered":"http:\/\/www.visit-ulcinj.com\/blog\/?p=71422"},"modified":"2013-05-15T17:48:05","modified_gmt":"2013-05-15T16:48:05","slug":"drita-misterioze-ne-qiellin-e-podgorices","status":"publish","type":"post","link":"https:\/\/www.visit-ulcinj.com\/blog\/2013\/05\/15\/drita-misterioze-ne-qiellin-e-podgorices\/","title":{"rendered":"Drita misterioze n\u00eb qiellin e Podgoric\u00ebs"},"content":{"rendered":"<p><a href=\"http:\/\/www.visit-ulcinj.com\/blog\/wp-content\/uploads\/2013\/05\/Drita-misterioze-ne-podgorice.jpg\"><img loading=\"lazy\" class=\"alignleft  wp-image-71423\" alt=\"Drita misterioze ne podgorice\" src=\"http:\/\/www.visit-ulcinj.com\/blog\/wp-content\/uploads\/2013\/05\/Drita-misterioze-ne-podgorice.jpg\" width=\"508\" height=\"367\" \/><\/a>Qielli i kryeqytetit t\u00eb Malit t\u00eb Zi, Podgoric\u00eb m\u00eb 9 maj t\u00eb k\u00ebtij viti \u00ebsht\u00eb b\u00ebr\u00eb d\u00ebshmitar i nj\u00eb dukurie t\u00eb pazakont\u00eb qiellore. N\u00eb t\u00eb \u00ebsht\u00eb v\u00ebrejtur nj\u00eb \u2018trup\u2019 qiellor shum\u00eb i ndri\u00e7uar n\u00eb ngjyr\u00eb portokalli i cili \u00e7do 2-3 minuta nd\u00ebrronte form\u00ebn, madh\u00ebsin\u00eb, drejtimin dhe shpejt\u00ebsin\u00eb e l\u00ebvizjes. Lajmi \u00ebsht\u00eb publikuar fillimisht nga gazeta \u201cVijesti\u201d, punonj\u00ebsit e t\u00eb cil\u00ebs jan\u00eb b\u00ebr\u00eb vet\u00eb d\u00ebshmitar\u00eb t\u00eb k\u00ebsaj ngjarjeje, duke dokumentuar gjith\u00e7ka p\u00ebrmes pamjeve filmike.<br \/>\n<a href=\"http:\/\/www.visit-ulcinj.com\/blog\/wp-content\/uploads\/2013\/05\/Drita-misterioze-ne-podgorice.1.jpg\"><img loading=\"lazy\" class=\"alignleft  wp-image-71424\" alt=\"Drita misterioze ne podgorice.1\" src=\"http:\/\/www.visit-ulcinj.com\/blog\/wp-content\/uploads\/2013\/05\/Drita-misterioze-ne-podgorice.1.jpg\" width=\"508\" height=\"330\" \/><\/a><\/p>\n<p>Astronom\u00ebt dhe meteorolog\u00ebt nuk kan\u00eb ende nj\u00eb shpjegim shkencor p\u00ebr k\u00ebt\u00eb dukuri t\u00eb pazakont\u00eb, nd\u00ebrsa \u00a0astronomi Igor Dajkovi\u00e7 pohon se kjo dukuri nuk \u00ebsht\u00eb astronomike. Siaps Dajkovi\u00e7, nuk mund t\u00eb b\u00ebhet fjal\u00eb p\u00ebr trup t\u00eb fort\u00eb apo t\u00eb q\u00ebndruesh\u00ebm, t\u00eb pakt\u00ebn sipas njohurive t\u00eb deritashme shkencore.<\/p>\n<p>\u201cNga pozita shkencore them se kjo nuk \u00ebsht\u00eb dukuri astronomike. Ajo ka l\u00ebvizje t\u00eb parregullt dhe nuk ekziston asnj\u00eb trup qiellor, yll apo planet t\u00eb cil\u00ebt jan\u00eb t\u00eb q\u00ebndruesh\u00ebm, q\u00eb t\u00eb jen\u00eb n\u00eb gjendje t\u00eb b\u00ebjn\u00eb l\u00ebvizje t\u00eb tilla. Gjithashtu, as nj\u00eb meteorit nuk b\u00ebn l\u00ebvizje t\u00eb tilla; edhe kur l\u00ebviz ia nuk mund t\u00eb ndryshoj\u00eb drejtim si\u00e7 ka ndodhur me fenomenin n\u00eb fjal\u00eb\u201d, \u2013 ka th\u00ebn\u00eb Dajkovi\u00e7 pas analiz\u00ebs s\u00eb fotos.<br \/>\n<a href=\"http:\/\/www.visit-ulcinj.com\/blog\/wp-content\/uploads\/2013\/05\/Drita-misterioze-ne-podgorice.2.jpg\"><img loading=\"lazy\" class=\"alignleft  wp-image-71425\" alt=\"Drita misterioze ne podgorice.2\" src=\"http:\/\/www.visit-ulcinj.com\/blog\/wp-content\/uploads\/2013\/05\/Drita-misterioze-ne-podgorice.2.jpg\" width=\"508\" height=\"330\" \/><\/a><\/p>\n<p>Ai ka theksuar se edhe n\u00eb Suedi tashm\u00eb prej disa vitesh ndodh nj\u00eb dukuri e nj\u00ebjt\u00eb me k\u00ebt\u00eb q\u00eb u pa n\u00eb Podgoric\u00eb dhe interpretimet kan\u00eb qen\u00eb nga m\u00eb t\u00eb ndryshmet, q\u00eb nga mund\u00ebsia p\u00ebr UFO, vizitor\u00eb nga e ardhmja apo fantazma?<\/p>\n<p><strong>Albatime<\/strong><\/p>\n","protected":false},"excerpt":{"rendered":"<p>Qielli i kryeqytetit t\u00eb Malit t\u00eb Zi, Podgoric\u00eb m\u00eb 9 maj t\u00eb k\u00ebtij viti \u00ebsht\u00eb b\u00ebr\u00eb d\u00ebshmitar i nj\u00eb dukurie t\u00eb pazakont\u00eb qiellore. N\u00eb t\u00eb \u00ebsht\u00eb v\u00ebrejtur nj\u00eb \u2018trup\u2019 qiellor shum\u00eb i ndri\u00e7uar n\u00eb ngjyr\u00eb portokalli i cili \u00e7do 2-3 minuta nd\u00ebrronte form\u00ebn, madh\u00ebsin\u00eb, drejtimin dhe shpejt\u00ebsin\u00eb e l\u00ebvizjes. Lajmi \u00ebsht\u00eb publikuar fillimisht nga gazeta [&hellip;]<\/p>\n","protected":false},"author":1,"featured_media":0,"comment_status":"open","ping_status":"closed","sticky":false,"template":"","format":"standard","meta":{"spay_email":"","jetpack_publicize_message":"","jetpack_is_tweetstorm":false,"jetpack_publicize_feature_enabled":true},"categories":[6950],"tags":[],"jetpack_publicize_connections":[],"yoast_head":"<!-- This site is optimized with the Yoast SEO plugin v19.1 - https:\/\/yoast.com\/wordpress\/plugins\/seo\/ -->\n<title>Drita misterioze n\u00eb qiellin e Podgoric\u00ebs - Lajme nga Ulqini<\/title>\n<meta name=\"description\" content=\"Qielli i kryeqytetit t\u00eb Malit t\u00eb Zi, Podgoric\u00eb m\u00eb 9 maj t\u00eb k\u00ebtij viti \u00ebsht\u00eb b\u00ebr\u00eb d\u00ebshmitar i nj\u00eb dukurie t\u00eb pazakont\u00eb qiellore. N\u00eb t\u00eb \u00ebsht\u00eb v\u00ebrejtur nj\u00eb\" \/>\n<meta name=\"robots\" content=\"index, follow, max-snippet:-1, max-image-preview:large, max-video-preview:-1\" \/>\n<link rel=\"canonical\" href=\"https:\/\/www.visit-ulcinj.com\/blog\/2013\/05\/15\/drita-misterioze-ne-qiellin-e-podgorices\/\" \/>\n<meta property=\"og:locale\" content=\"en_US\" \/>\n<meta property=\"og:type\" content=\"article\" \/>\n<meta property=\"og:title\" content=\"Drita misterioze n\u00eb qiellin e Podgoric\u00ebs - Lajme nga Ulqini\" \/>\n<meta property=\"og:description\" content=\"Qielli i kryeqytetit t\u00eb Malit t\u00eb Zi, Podgoric\u00eb m\u00eb 9 maj t\u00eb k\u00ebtij viti \u00ebsht\u00eb b\u00ebr\u00eb d\u00ebshmitar i nj\u00eb dukurie t\u00eb pazakont\u00eb qiellore. N\u00eb t\u00eb \u00ebsht\u00eb v\u00ebrejtur nj\u00eb\" \/>\n<meta property=\"og:url\" content=\"https:\/\/www.visit-ulcinj.com\/blog\/2013\/05\/15\/drita-misterioze-ne-qiellin-e-podgorices\/\" \/>\n<meta property=\"og:site_name\" content=\"Lajme nga Ulqini\" \/>\n<meta property=\"article:published_time\" content=\"2013-05-15T16:48:05+00:00\" \/>\n<meta property=\"og:image\" content=\"http:\/\/www.visit-ulcinj.com\/blog\/wp-content\/uploads\/2013\/05\/Drita-misterioze-ne-podgorice.jpg\" \/>\n<meta name=\"twitter:label1\" content=\"Written by\" \/>\n\t<meta name=\"twitter:data1\" content=\"ulqini\" \/>\n\t<meta name=\"twitter:label2\" content=\"Est. reading time\" \/>\n\t<meta name=\"twitter:data2\" content=\"1 minute\" \/>\n<script type=\"application\/ld+json\" class=\"yoast-schema-graph\">{\"@context\":\"https:\/\/schema.org\",\"@graph\":[{\"@type\":\"WebSite\",\"@id\":\"https:\/\/www.visit-ulcinj.com\/blog\/#website\",\"url\":\"https:\/\/www.visit-ulcinj.com\/blog\/\",\"name\":\"Lajme nga Ulqini\",\"description\":\"Lajme,Vijesti,Ulqini,Ulqin,Crna Gora,Mali i Zi\",\"potentialAction\":[{\"@type\":\"SearchAction\",\"target\":{\"@type\":\"EntryPoint\",\"urlTemplate\":\"https:\/\/www.visit-ulcinj.com\/blog\/?s={search_term_string}\"},\"query-input\":\"required name=search_term_string\"}],\"inLanguage\":\"en-US\"},{\"@type\":\"ImageObject\",\"inLanguage\":\"en-US\",\"@id\":\"https:\/\/www.visit-ulcinj.com\/blog\/2013\/05\/15\/drita-misterioze-ne-qiellin-e-podgorices\/#primaryimage\",\"url\":\"https:\/\/www.visit-ulcinj.com\/blog\/wp-content\/uploads\/2013\/05\/Drita-misterioze-ne-podgorice.jpg\",\"contentUrl\":\"https:\/\/www.visit-ulcinj.com\/blog\/wp-content\/uploads\/2013\/05\/Drita-misterioze-ne-podgorice.jpg\",\"width\":420,\"height\":367},{\"@type\":\"WebPage\",\"@id\":\"https:\/\/www.visit-ulcinj.com\/blog\/2013\/05\/15\/drita-misterioze-ne-qiellin-e-podgorices\/#webpage\",\"url\":\"https:\/\/www.visit-ulcinj.com\/blog\/2013\/05\/15\/drita-misterioze-ne-qiellin-e-podgorices\/\",\"name\":\"Drita misterioze n\u00eb qiellin e Podgoric\u00ebs - Lajme nga Ulqini\",\"isPartOf\":{\"@id\":\"https:\/\/www.visit-ulcinj.com\/blog\/#website\"},\"primaryImageOfPage\":{\"@id\":\"https:\/\/www.visit-ulcinj.com\/blog\/2013\/05\/15\/drita-misterioze-ne-qiellin-e-podgorices\/#primaryimage\"},\"datePublished\":\"2013-05-15T16:48:05+00:00\",\"dateModified\":\"2013-05-15T16:48:05+00:00\",\"author\":{\"@id\":\"https:\/\/www.visit-ulcinj.com\/blog\/#\/schema\/person\/dcab619c614d3038751c63bc2aadc06d\"},\"description\":\"Qielli i kryeqytetit t\u00eb Malit t\u00eb Zi, Podgoric\u00eb m\u00eb 9 maj t\u00eb k\u00ebtij viti \u00ebsht\u00eb b\u00ebr\u00eb d\u00ebshmitar i nj\u00eb dukurie t\u00eb pazakont\u00eb qiellore. N\u00eb t\u00eb \u00ebsht\u00eb v\u00ebrejtur nj\u00eb\",\"breadcrumb\":{\"@id\":\"https:\/\/www.visit-ulcinj.com\/blog\/2013\/05\/15\/drita-misterioze-ne-qiellin-e-podgorices\/#breadcrumb\"},\"inLanguage\":\"en-US\",\"potentialAction\":[{\"@type\":\"ReadAction\",\"target\":[\"https:\/\/www.visit-ulcinj.com\/blog\/2013\/05\/15\/drita-misterioze-ne-qiellin-e-podgorices\/\"]}]},{\"@type\":\"BreadcrumbList\",\"@id\":\"https:\/\/www.visit-ulcinj.com\/blog\/2013\/05\/15\/drita-misterioze-ne-qiellin-e-podgorices\/#breadcrumb\",\"itemListElement\":[{\"@type\":\"ListItem\",\"position\":1,\"name\":\"Drita misterioze n\u00eb qiellin e Podgoric\u00ebs\"}]},{\"@type\":\"Person\",\"@id\":\"https:\/\/www.visit-ulcinj.com\/blog\/#\/schema\/person\/dcab619c614d3038751c63bc2aadc06d\",\"name\":\"ulqini\",\"sameAs\":[\"http:\/\/www.visit-ulcinj.com\"],\"url\":\"https:\/\/www.visit-ulcinj.com\/blog\/author\/admin\/\"}]}<\/script>\n<!-- \/ Yoast SEO plugin. -->","yoast_head_json":{"title":"Drita misterioze n\u00eb qiellin e Podgoric\u00ebs - Lajme nga Ulqini","description":"Qielli i kryeqytetit t\u00eb Malit t\u00eb Zi, Podgoric\u00eb m\u00eb 9 maj t\u00eb k\u00ebtij viti \u00ebsht\u00eb b\u00ebr\u00eb d\u00ebshmitar i nj\u00eb dukurie t\u00eb pazakont\u00eb qiellore. N\u00eb t\u00eb \u00ebsht\u00eb v\u00ebrejtur nj\u00eb","robots":{"index":"index","follow":"follow","max-snippet":"max-snippet:-1","max-image-preview":"max-image-preview:large","max-video-preview":"max-video-preview:-1"},"canonical":"https:\/\/www.visit-ulcinj.com\/blog\/2013\/05\/15\/drita-misterioze-ne-qiellin-e-podgorices\/","og_locale":"en_US","og_type":"article","og_title":"Drita misterioze n\u00eb qiellin e Podgoric\u00ebs - Lajme nga Ulqini","og_description":"Qielli i kryeqytetit t\u00eb Malit t\u00eb Zi, Podgoric\u00eb m\u00eb 9 maj t\u00eb k\u00ebtij viti \u00ebsht\u00eb b\u00ebr\u00eb d\u00ebshmitar i nj\u00eb dukurie t\u00eb pazakont\u00eb qiellore. N\u00eb t\u00eb \u00ebsht\u00eb v\u00ebrejtur nj\u00eb","og_url":"https:\/\/www.visit-ulcinj.com\/blog\/2013\/05\/15\/drita-misterioze-ne-qiellin-e-podgorices\/","og_site_name":"Lajme nga Ulqini","article_published_time":"2013-05-15T16:48:05+00:00","og_image":[{"url":"http:\/\/www.visit-ulcinj.com\/blog\/wp-content\/uploads\/2013\/05\/Drita-misterioze-ne-podgorice.jpg"}],"twitter_misc":{"Written by":"ulqini","Est. reading time":"1 minute"},"schema":{"@context":"https:\/\/schema.org","@graph":[{"@type":"WebSite","@id":"https:\/\/www.visit-ulcinj.com\/blog\/#website","url":"https:\/\/www.visit-ulcinj.com\/blog\/","name":"Lajme nga Ulqini","description":"Lajme,Vijesti,Ulqini,Ulqin,Crna Gora,Mali i Zi","potentialAction":[{"@type":"SearchAction","target":{"@type":"EntryPoint","urlTemplate":"https:\/\/www.visit-ulcinj.com\/blog\/?s={search_term_string}"},"query-input":"required name=search_term_string"}],"inLanguage":"en-US"},{"@type":"ImageObject","inLanguage":"en-US","@id":"https:\/\/www.visit-ulcinj.com\/blog\/2013\/05\/15\/drita-misterioze-ne-qiellin-e-podgorices\/#primaryimage","url":"https:\/\/www.visit-ulcinj.com\/blog\/wp-content\/uploads\/2013\/05\/Drita-misterioze-ne-podgorice.jpg","contentUrl":"https:\/\/www.visit-ulcinj.com\/blog\/wp-content\/uploads\/2013\/05\/Drita-misterioze-ne-podgorice.jpg","width":420,"height":367},{"@type":"WebPage","@id":"https:\/\/www.visit-ulcinj.com\/blog\/2013\/05\/15\/drita-misterioze-ne-qiellin-e-podgorices\/#webpage","url":"https:\/\/www.visit-ulcinj.com\/blog\/2013\/05\/15\/drita-misterioze-ne-qiellin-e-podgorices\/","name":"Drita misterioze n\u00eb qiellin e Podgoric\u00ebs - Lajme nga Ulqini","isPartOf":{"@id":"https:\/\/www.visit-ulcinj.com\/blog\/#website"},"primaryImageOfPage":{"@id":"https:\/\/www.visit-ulcinj.com\/blog\/2013\/05\/15\/drita-misterioze-ne-qiellin-e-podgorices\/#primaryimage"},"datePublished":"2013-05-15T16:48:05+00:00","dateModified":"2013-05-15T16:48:05+00:00","author":{"@id":"https:\/\/www.visit-ulcinj.com\/blog\/#\/schema\/person\/dcab619c614d3038751c63bc2aadc06d"},"description":"Qielli i kryeqytetit t\u00eb Malit t\u00eb Zi, Podgoric\u00eb m\u00eb 9 maj t\u00eb k\u00ebtij viti \u00ebsht\u00eb b\u00ebr\u00eb d\u00ebshmitar i nj\u00eb dukurie t\u00eb pazakont\u00eb qiellore. N\u00eb t\u00eb \u00ebsht\u00eb v\u00ebrejtur nj\u00eb","breadcrumb":{"@id":"https:\/\/www.visit-ulcinj.com\/blog\/2013\/05\/15\/drita-misterioze-ne-qiellin-e-podgorices\/#breadcrumb"},"inLanguage":"en-US","potentialAction":[{"@type":"ReadAction","target":["https:\/\/www.visit-ulcinj.com\/blog\/2013\/05\/15\/drita-misterioze-ne-qiellin-e-podgorices\/"]}]},{"@type":"BreadcrumbList","@id":"https:\/\/www.visit-ulcinj.com\/blog\/2013\/05\/15\/drita-misterioze-ne-qiellin-e-podgorices\/#breadcrumb","itemListElement":[{"@type":"ListItem","position":1,"name":"Drita misterioze n\u00eb qiellin e Podgoric\u00ebs"}]},{"@type":"Person","@id":"https:\/\/www.visit-ulcinj.com\/blog\/#\/schema\/person\/dcab619c614d3038751c63bc2aadc06d","name":"ulqini","sameAs":["http:\/\/www.visit-ulcinj.com"],"url":"https:\/\/www.visit-ulcinj.com\/blog\/author\/admin\/"}]}},"jetpack_featured_media_url":"","jetpack_sharing_enabled":true,"jetpack_shortlink":"https:\/\/wp.me\/pe6lTn-izY","_links":{"self":[{"href":"https:\/\/www.visit-ulcinj.com\/blog\/wp-json\/wp\/v2\/posts\/71422"}],"collection":[{"href":"https:\/\/www.visit-ulcinj.com\/blog\/wp-json\/wp\/v2\/posts"}],"about":[{"href":"https:\/\/www.visit-ulcinj.com\/blog\/wp-json\/wp\/v2\/types\/post"}],"author":[{"embeddable":true,"href":"https:\/\/www.visit-ulcinj.com\/blog\/wp-json\/wp\/v2\/users\/1"}],"replies":[{"embeddable":true,"href":"https:\/\/www.visit-ulcinj.com\/blog\/wp-json\/wp\/v2\/comments?post=71422"}],"version-history":[{"count":1,"href":"https:\/\/www.visit-ulcinj.com\/blog\/wp-json\/wp\/v2\/posts\/71422\/revisions"}],"predecessor-version":[{"id":71426,"href":"https:\/\/www.visit-ulcinj.com\/blog\/wp-json\/wp\/v2\/posts\/71422\/revisions\/71426"}],"wp:attachment":[{"href":"https:\/\/www.visit-ulcinj.com\/blog\/wp-json\/wp\/v2\/media?parent=71422"}],"wp:term":[{"taxonomy":"category","embeddable":true,"href":"https:\/\/www.visit-ulcinj.com\/blog\/wp-json\/wp\/v2\/categories?post=71422"},{"taxonomy":"post_tag","embeddable":true,"href":"https:\/\/www.visit-ulcinj.com\/blog\/wp-json\/wp\/v2\/tags?post=71422"}],"curies":[{"name":"wp","href":"https:\/\/api.w.org\/{rel}","templated":true}]}}