{"id":71427,"date":"2013-05-15T21:57:53","date_gmt":"2013-05-15T20:57:53","guid":{"rendered":"http:\/\/www.visit-ulcinj.com\/blog\/?p=71427"},"modified":"2013-05-15T21:57:53","modified_gmt":"2013-05-15T20:57:53","slug":"shoqata-e-bjeshkatareve-rumia-organizon-daljen-ne-malin-e-rumise-me-09-06-2013","status":"publish","type":"post","link":"https:\/\/www.visit-ulcinj.com\/blog\/2013\/05\/15\/shoqata-e-bjeshkatareve-rumia-organizon-daljen-ne-malin-e-rumise-me-09-06-2013\/","title":{"rendered":"Shoqata e Bjeshkatar\u00ebve &#8220;Rumia&#8221; organizon daljen n\u00eb malin e Rumis\u00eb m\u00eb 09.06.2013"},"content":{"rendered":"<p><a href=\"http:\/\/www.visit-ulcinj.com\/blog\/wp-content\/uploads\/2013\/05\/Shoqata-e-Bjeshkatar\u00ebve-Rumia-organizon.jpg\"><img loading=\"lazy\" class=\"alignleft  wp-image-71428\" alt=\"Shoqata e Bjeshkatar\u00ebve Rumia organizon\" src=\"http:\/\/www.visit-ulcinj.com\/blog\/wp-content\/uploads\/2013\/05\/Shoqata-e-Bjeshkatar\u00ebve-Rumia-organizon.jpg\" width=\"508\" height=\"360\" \/><\/a>SHB &#8220;Rumia&#8221; m\u00eb dat\u00ebn 09.06.2013 organizon daljen n\u00eb malin e Rumis\u00eb, mbajtjen e garave n\u00eb Djerrin e Rumis\u00eb dhe nj\u00eb program kulturoartistik q\u00eb do t\u00eb mbahet n\u00eb fshatin Brisk.<br \/>\nShpresojm\u00eb q\u00eb kjo dalje t\u00eb jet\u00eb me masive se vitin e kaluar, ku mor\u00ebn pjes\u00eb rreth 80 dashamir\u00ebs t\u00eb natyr\u00ebs dhe p\u00ebrt\u00ebrir\u00ebs t\u00eb tradit\u00ebs shum\u00eb shekullore t\u00eb daljes n\u00eb Rumi dhe mbajtjes s\u00eb garave dhe lojrave popullore n\u00eb Djerrin e Rumis\u00eb.<br \/>\n&#8211; Nisja e daljes (ngjitjes) \u00ebsht\u00eb n\u00eb or\u00ebn 06:00 nga Brisku (nga Ulqini nisja duhet t\u00eb b\u00ebhet n\u00eb or\u00ebn 04:00);<br \/>\n&#8211; Grupi i dyt\u00eb do t\u00eb niset nga fshati Mikuliq ( n\u00eb rr\u00ebz\u00eb t\u00eb Rumis\u00eb nga ana e Tivarit) n\u00eb or\u00ebn 07:30;<br \/>\n&#8211; Grupet priten t\u00eb bashkohen rreth or\u00ebs 09:00 n\u00eb Djerrin e Rumis\u00eb, prej nga, s\u00eb bashku vazhdojn\u00eb ngjitjen deri n\u00eb Maje t\u00eb Rumis\u00eb;<br \/>\n&#8211; Pas zbritjes nga Maja, ne Djerrin e Rumis\u00eb do t\u00eb zhvillohen gara popullore si: k\u00ebrcim s\u00eb gjati, hedhje e gurit, mundje (rrxim), t\u00ebrheqje litari etj., si dhe nj\u00eb valle t\u00eb madhe Kranjane.<br \/>\n&#8211; Vazhdon zbritja, dhe n\u00eb fshatin Brisk duhet t\u00eb mb\u00ebrrijm\u00eb rreth or\u00ebs 16:00;<br \/>\n&#8211; N\u00eb Brisk tubimi i njer\u00ebzve q\u00eb nuk dalin n\u00eb Rumi fillon n\u00eb or\u00ebn 15:00;<br \/>\n&#8211; Pas nj\u00eb pushimi t\u00eb shkurt\u00eb fillon programi kulturoartistik;<br \/>\n&#8211; Rreth or\u00ebs 18:00 p\u00ebrfundon manifestimi.<\/p>\n<p>Dalja n\u00eb Rumi do t\u00eb b\u00ebhet n\u00eb m\u00ebnyr\u00eb t\u00eb organizuar duke ecur n\u00eb kolon\u00eb t\u00eb pa nd\u00ebrprer\u00eb me nj\u00eb rit\u00ebm mesatar udh\u00ebtimi.<br \/>\nDuhet t\u00eb gjith\u00eb ndjekim udh\u00ebrr\u00ebfyesin!<br \/>\nP\u00ebr ngjitje t\u00eb p\u00ebrgatisni veshje dhe sidomos mbathje t\u00eb p\u00ebrshtat\u00ebshme.<br \/>\nT\u00eb merrni sasi t\u00eb mjaftueshme ushqimi, s\u00eb paku 3 litra uj\u00eb (1.5 litra ti ruani p\u00ebr zbritje!!)<br \/>\nJU FTOJM\u00cb, Q\u00cb P\u00cbR HIR T\u00cb RUAJTJES S\u00cb NATYR\u00cbS DHE MJEDISIT JET\u00cbSOR, T\u00cb GJITHA MBETJET E PADEKOMPOZUESHME T\u00cb MERREN ME VEHTE!!<br \/>\n&#8212; Ju ftojm\u00eb t\u00eb na bashkangjiteni! &#8212;<\/p>\n<p>Me nderime Shoqata e Bjeshkatar\u00ebve &#8220;Rumia&#8221;<\/p>\n<p><a href=\"https:\/\/www.facebook.com\/events\/533727483335587\/\" target=\"_blank\"><strong>Shoqata e bjeshkatar\u00ebve &#8220;Rumia&#8221; &#8211; Ulqin Facebook<\/strong><\/a><\/p>\n","protected":false},"excerpt":{"rendered":"<p>SHB &#8220;Rumia&#8221; m\u00eb dat\u00ebn 09.06.2013 organizon daljen n\u00eb malin e Rumis\u00eb, mbajtjen e garave n\u00eb Djerrin e Rumis\u00eb dhe nj\u00eb program kulturoartistik q\u00eb do t\u00eb mbahet n\u00eb fshatin Brisk. Shpresojm\u00eb q\u00eb kjo dalje t\u00eb jet\u00eb me masive se vitin e kaluar, ku mor\u00ebn pjes\u00eb rreth 80 dashamir\u00ebs t\u00eb natyr\u00ebs dhe p\u00ebrt\u00ebrir\u00ebs t\u00eb tradit\u00ebs shum\u00eb shekullore [&hellip;]<\/p>\n","protected":false},"author":1,"featured_media":0,"comment_status":"open","ping_status":"closed","sticky":false,"template":"","format":"standard","meta":{"spay_email":"","jetpack_publicize_message":"","jetpack_is_tweetstorm":false,"jetpack_publicize_feature_enabled":true},"categories":[6950],"tags":[],"jetpack_publicize_connections":[],"yoast_head":"<!-- This site is optimized with the Yoast SEO plugin v19.1 - https:\/\/yoast.com\/wordpress\/plugins\/seo\/ -->\n<title>Shoqata e Bjeshkatar\u00ebve &quot;Rumia&quot; organizon daljen n\u00eb malin e Rumis\u00eb m\u00eb 09.06.2013 - Lajme nga Ulqini<\/title>\n<meta name=\"description\" content=\"SHB &quot;Rumia&quot; m\u00eb dat\u00ebn 09.06.2013 organizon daljen n\u00eb malin e Rumis\u00eb, mbajtjen e garave n\u00eb Djerrin e Rumis\u00eb dhe nj\u00eb program kulturoartistik q\u00eb do t\u00eb mbahet\" \/>\n<meta name=\"robots\" content=\"index, follow, max-snippet:-1, max-image-preview:large, max-video-preview:-1\" \/>\n<link rel=\"canonical\" href=\"https:\/\/www.visit-ulcinj.com\/blog\/2013\/05\/15\/shoqata-e-bjeshkatareve-rumia-organizon-daljen-ne-malin-e-rumise-me-09-06-2013\/\" \/>\n<meta property=\"og:locale\" content=\"en_US\" \/>\n<meta property=\"og:type\" content=\"article\" \/>\n<meta property=\"og:title\" content=\"Shoqata e Bjeshkatar\u00ebve &quot;Rumia&quot; organizon daljen n\u00eb malin e Rumis\u00eb m\u00eb 09.06.2013 - Lajme nga Ulqini\" \/>\n<meta property=\"og:description\" content=\"SHB &quot;Rumia&quot; m\u00eb dat\u00ebn 09.06.2013 organizon daljen n\u00eb malin e Rumis\u00eb, mbajtjen e garave n\u00eb Djerrin e Rumis\u00eb dhe nj\u00eb program kulturoartistik q\u00eb do t\u00eb mbahet\" \/>\n<meta property=\"og:url\" content=\"https:\/\/www.visit-ulcinj.com\/blog\/2013\/05\/15\/shoqata-e-bjeshkatareve-rumia-organizon-daljen-ne-malin-e-rumise-me-09-06-2013\/\" \/>\n<meta property=\"og:site_name\" content=\"Lajme nga Ulqini\" \/>\n<meta property=\"article:published_time\" content=\"2013-05-15T20:57:53+00:00\" \/>\n<meta name=\"twitter:label1\" content=\"Written by\" \/>\n\t<meta name=\"twitter:data1\" content=\"ulqini\" \/>\n\t<meta name=\"twitter:label2\" content=\"Est. reading time\" \/>\n\t<meta name=\"twitter:data2\" content=\"2 minutes\" \/>\n<script type=\"application\/ld+json\" class=\"yoast-schema-graph\">{\"@context\":\"https:\/\/schema.org\",\"@graph\":[{\"@type\":\"WebSite\",\"@id\":\"https:\/\/www.visit-ulcinj.com\/blog\/#website\",\"url\":\"https:\/\/www.visit-ulcinj.com\/blog\/\",\"name\":\"Lajme nga Ulqini\",\"description\":\"Lajme,Vijesti,Ulqini,Ulqin,Crna Gora,Mali i Zi\",\"potentialAction\":[{\"@type\":\"SearchAction\",\"target\":{\"@type\":\"EntryPoint\",\"urlTemplate\":\"https:\/\/www.visit-ulcinj.com\/blog\/?s={search_term_string}\"},\"query-input\":\"required name=search_term_string\"}],\"inLanguage\":\"en-US\"},{\"@type\":\"WebPage\",\"@id\":\"https:\/\/www.visit-ulcinj.com\/blog\/2013\/05\/15\/shoqata-e-bjeshkatareve-rumia-organizon-daljen-ne-malin-e-rumise-me-09-06-2013\/#webpage\",\"url\":\"https:\/\/www.visit-ulcinj.com\/blog\/2013\/05\/15\/shoqata-e-bjeshkatareve-rumia-organizon-daljen-ne-malin-e-rumise-me-09-06-2013\/\",\"name\":\"Shoqata e Bjeshkatar\u00ebve \\\"Rumia\\\" organizon daljen n\u00eb malin e Rumis\u00eb m\u00eb 09.06.2013 - Lajme nga Ulqini\",\"isPartOf\":{\"@id\":\"https:\/\/www.visit-ulcinj.com\/blog\/#website\"},\"datePublished\":\"2013-05-15T20:57:53+00:00\",\"dateModified\":\"2013-05-15T20:57:53+00:00\",\"author\":{\"@id\":\"https:\/\/www.visit-ulcinj.com\/blog\/#\/schema\/person\/dcab619c614d3038751c63bc2aadc06d\"},\"description\":\"SHB \\\"Rumia\\\" m\u00eb dat\u00ebn 09.06.2013 organizon daljen n\u00eb malin e Rumis\u00eb, mbajtjen e garave n\u00eb Djerrin e Rumis\u00eb dhe nj\u00eb program kulturoartistik q\u00eb do t\u00eb mbahet\",\"breadcrumb\":{\"@id\":\"https:\/\/www.visit-ulcinj.com\/blog\/2013\/05\/15\/shoqata-e-bjeshkatareve-rumia-organizon-daljen-ne-malin-e-rumise-me-09-06-2013\/#breadcrumb\"},\"inLanguage\":\"en-US\",\"potentialAction\":[{\"@type\":\"ReadAction\",\"target\":[\"https:\/\/www.visit-ulcinj.com\/blog\/2013\/05\/15\/shoqata-e-bjeshkatareve-rumia-organizon-daljen-ne-malin-e-rumise-me-09-06-2013\/\"]}]},{\"@type\":\"BreadcrumbList\",\"@id\":\"https:\/\/www.visit-ulcinj.com\/blog\/2013\/05\/15\/shoqata-e-bjeshkatareve-rumia-organizon-daljen-ne-malin-e-rumise-me-09-06-2013\/#breadcrumb\",\"itemListElement\":[{\"@type\":\"ListItem\",\"position\":1,\"name\":\"Shoqata e Bjeshkatar\u00ebve &#8220;Rumia&#8221; organizon daljen n\u00eb malin e Rumis\u00eb m\u00eb 09.06.2013\"}]},{\"@type\":\"Person\",\"@id\":\"https:\/\/www.visit-ulcinj.com\/blog\/#\/schema\/person\/dcab619c614d3038751c63bc2aadc06d\",\"name\":\"ulqini\",\"sameAs\":[\"http:\/\/www.visit-ulcinj.com\"],\"url\":\"https:\/\/www.visit-ulcinj.com\/blog\/author\/admin\/\"}]}<\/script>\n<!-- \/ Yoast SEO plugin. -->","yoast_head_json":{"title":"Shoqata e Bjeshkatar\u00ebve \"Rumia\" organizon daljen n\u00eb malin e Rumis\u00eb m\u00eb 09.06.2013 - Lajme nga Ulqini","description":"SHB \"Rumia\" m\u00eb dat\u00ebn 09.06.2013 organizon daljen n\u00eb malin e Rumis\u00eb, mbajtjen e garave n\u00eb Djerrin e Rumis\u00eb dhe nj\u00eb program kulturoartistik q\u00eb do t\u00eb mbahet","robots":{"index":"index","follow":"follow","max-snippet":"max-snippet:-1","max-image-preview":"max-image-preview:large","max-video-preview":"max-video-preview:-1"},"canonical":"https:\/\/www.visit-ulcinj.com\/blog\/2013\/05\/15\/shoqata-e-bjeshkatareve-rumia-organizon-daljen-ne-malin-e-rumise-me-09-06-2013\/","og_locale":"en_US","og_type":"article","og_title":"Shoqata e Bjeshkatar\u00ebve \"Rumia\" organizon daljen n\u00eb malin e Rumis\u00eb m\u00eb 09.06.2013 - Lajme nga Ulqini","og_description":"SHB \"Rumia\" m\u00eb dat\u00ebn 09.06.2013 organizon daljen n\u00eb malin e Rumis\u00eb, mbajtjen e garave n\u00eb Djerrin e Rumis\u00eb dhe nj\u00eb program kulturoartistik q\u00eb do t\u00eb mbahet","og_url":"https:\/\/www.visit-ulcinj.com\/blog\/2013\/05\/15\/shoqata-e-bjeshkatareve-rumia-organizon-daljen-ne-malin-e-rumise-me-09-06-2013\/","og_site_name":"Lajme nga Ulqini","article_published_time":"2013-05-15T20:57:53+00:00","twitter_misc":{"Written by":"ulqini","Est. reading time":"2 minutes"},"schema":{"@context":"https:\/\/schema.org","@graph":[{"@type":"WebSite","@id":"https:\/\/www.visit-ulcinj.com\/blog\/#website","url":"https:\/\/www.visit-ulcinj.com\/blog\/","name":"Lajme nga Ulqini","description":"Lajme,Vijesti,Ulqini,Ulqin,Crna Gora,Mali i Zi","potentialAction":[{"@type":"SearchAction","target":{"@type":"EntryPoint","urlTemplate":"https:\/\/www.visit-ulcinj.com\/blog\/?s={search_term_string}"},"query-input":"required name=search_term_string"}],"inLanguage":"en-US"},{"@type":"WebPage","@id":"https:\/\/www.visit-ulcinj.com\/blog\/2013\/05\/15\/shoqata-e-bjeshkatareve-rumia-organizon-daljen-ne-malin-e-rumise-me-09-06-2013\/#webpage","url":"https:\/\/www.visit-ulcinj.com\/blog\/2013\/05\/15\/shoqata-e-bjeshkatareve-rumia-organizon-daljen-ne-malin-e-rumise-me-09-06-2013\/","name":"Shoqata e Bjeshkatar\u00ebve \"Rumia\" organizon daljen n\u00eb malin e Rumis\u00eb m\u00eb 09.06.2013 - Lajme nga Ulqini","isPartOf":{"@id":"https:\/\/www.visit-ulcinj.com\/blog\/#website"},"datePublished":"2013-05-15T20:57:53+00:00","dateModified":"2013-05-15T20:57:53+00:00","author":{"@id":"https:\/\/www.visit-ulcinj.com\/blog\/#\/schema\/person\/dcab619c614d3038751c63bc2aadc06d"},"description":"SHB \"Rumia\" m\u00eb dat\u00ebn 09.06.2013 organizon daljen n\u00eb malin e Rumis\u00eb, mbajtjen e garave n\u00eb Djerrin e Rumis\u00eb dhe nj\u00eb program kulturoartistik q\u00eb do t\u00eb mbahet","breadcrumb":{"@id":"https:\/\/www.visit-ulcinj.com\/blog\/2013\/05\/15\/shoqata-e-bjeshkatareve-rumia-organizon-daljen-ne-malin-e-rumise-me-09-06-2013\/#breadcrumb"},"inLanguage":"en-US","potentialAction":[{"@type":"ReadAction","target":["https:\/\/www.visit-ulcinj.com\/blog\/2013\/05\/15\/shoqata-e-bjeshkatareve-rumia-organizon-daljen-ne-malin-e-rumise-me-09-06-2013\/"]}]},{"@type":"BreadcrumbList","@id":"https:\/\/www.visit-ulcinj.com\/blog\/2013\/05\/15\/shoqata-e-bjeshkatareve-rumia-organizon-daljen-ne-malin-e-rumise-me-09-06-2013\/#breadcrumb","itemListElement":[{"@type":"ListItem","position":1,"name":"Shoqata e Bjeshkatar\u00ebve &#8220;Rumia&#8221; organizon daljen n\u00eb malin e Rumis\u00eb m\u00eb 09.06.2013"}]},{"@type":"Person","@id":"https:\/\/www.visit-ulcinj.com\/blog\/#\/schema\/person\/dcab619c614d3038751c63bc2aadc06d","name":"ulqini","sameAs":["http:\/\/www.visit-ulcinj.com"],"url":"https:\/\/www.visit-ulcinj.com\/blog\/author\/admin\/"}]}},"jetpack_featured_media_url":"","jetpack_sharing_enabled":true,"jetpack_shortlink":"https:\/\/wp.me\/pe6lTn-iA3","_links":{"self":[{"href":"https:\/\/www.visit-ulcinj.com\/blog\/wp-json\/wp\/v2\/posts\/71427"}],"collection":[{"href":"https:\/\/www.visit-ulcinj.com\/blog\/wp-json\/wp\/v2\/posts"}],"about":[{"href":"https:\/\/www.visit-ulcinj.com\/blog\/wp-json\/wp\/v2\/types\/post"}],"author":[{"embeddable":true,"href":"https:\/\/www.visit-ulcinj.com\/blog\/wp-json\/wp\/v2\/users\/1"}],"replies":[{"embeddable":true,"href":"https:\/\/www.visit-ulcinj.com\/blog\/wp-json\/wp\/v2\/comments?post=71427"}],"version-history":[{"count":1,"href":"https:\/\/www.visit-ulcinj.com\/blog\/wp-json\/wp\/v2\/posts\/71427\/revisions"}],"predecessor-version":[{"id":71429,"href":"https:\/\/www.visit-ulcinj.com\/blog\/wp-json\/wp\/v2\/posts\/71427\/revisions\/71429"}],"wp:attachment":[{"href":"https:\/\/www.visit-ulcinj.com\/blog\/wp-json\/wp\/v2\/media?parent=71427"}],"wp:term":[{"taxonomy":"category","embeddable":true,"href":"https:\/\/www.visit-ulcinj.com\/blog\/wp-json\/wp\/v2\/categories?post=71427"},{"taxonomy":"post_tag","embeddable":true,"href":"https:\/\/www.visit-ulcinj.com\/blog\/wp-json\/wp\/v2\/tags?post=71427"}],"curies":[{"name":"wp","href":"https:\/\/api.w.org\/{rel}","templated":true}]}}