{"id":71435,"date":"2013-05-17T15:52:50","date_gmt":"2013-05-17T14:52:50","guid":{"rendered":"http:\/\/www.visit-ulcinj.com\/blog\/?p=71435"},"modified":"2013-05-17T15:53:05","modified_gmt":"2013-05-17T14:53:05","slug":"me-18-maj-2013-kryetari-i-udsh-se-do-te-mbaj-konference-per-shtyp","status":"publish","type":"post","link":"https:\/\/www.visit-ulcinj.com\/blog\/2013\/05\/17\/me-18-maj-2013-kryetari-i-udsh-se-do-te-mbaj-konference-per-shtyp\/","title":{"rendered":"M\u00eb 18 maj 2013, kryetari i UDSH-s\u00eb, do t\u00eb mbaj konferenc\u00eb p\u00ebr shtyp"},"content":{"rendered":"<p><strong><a href=\"http:\/\/www.visit-ulcinj.com\/blog\/wp-content\/uploads\/2012\/05\/UNIONI-DEMOKRATIK-I-SHQIPTAR\u00cbVE.jpg\"><img loading=\"lazy\" class=\"alignleft  wp-image-60750\" title=\"UNIONI  DEMOKRATIK I SHQIPTAR\u00cbVE\" alt=\"\" src=\"http:\/\/www.visit-ulcinj.com\/blog\/wp-content\/uploads\/2012\/05\/UNIONI-DEMOKRATIK-I-SHQIPTAR\u00cbVE-300x285.jpg\" width=\"200\" height=\"200\" \/><\/a><\/strong><\/p>\n<p>UNIONI\u00a0 DEMOKRATIK I SHQIPTAR\u00cbVE<\/p>\n<p>DEMOKRATSKA UNIJA ALBANACA<\/p>\n<p>THE DEMOCRATIC UNION OF\u00a0ALBANIANS<br \/>\n<strong><br \/>\n<\/strong><strong><\/strong><\/p>\n<h3><\/h3>\n<h3>Ulqin,m\u00eb 17.05.2013<\/h3>\n<p><b>tel \/ fax<\/b> (+382 30) <b>412 757<\/b><\/p>\n<p style=\"text-align: center;\">\n<p style=\"text-align: center;\"><strong>Njoftim p\u00ebr media<\/strong><\/p>\n<p>&nbsp;<\/p>\n<p>T\u00eb shtun\u00ebn \u00a0, m\u00eb 18 maj 2013 , kryetari i UDSH-s\u00eb z.Mehmed Zenka , do t\u00eb mbaj konferenc\u00eb p\u00ebr shtyp.<\/p>\n<p>&nbsp;<\/p>\n<p>Konferenca do t\u00eb mbahet n\u00eb zyr\u00ebn e UDSH-s\u00eb n\u00eb Komun\u00eb t\u00eb Ulqinit dhe fillon n\u00eb ora 14,00.<\/p>\n<p>&nbsp;<\/p>\n<p>&nbsp;<\/p>\n<p><strong>Sh\u00ebrbimi informativ i UDSH-s\u00eb<\/strong><\/p>\n","protected":false},"excerpt":{"rendered":"<p>UNIONI\u00a0 DEMOKRATIK I SHQIPTAR\u00cbVE DEMOKRATSKA UNIJA ALBANACA THE DEMOCRATIC UNION OF\u00a0ALBANIANS Ulqin,m\u00eb 17.05.2013 tel \/ fax (+382 30) 412 757 Njoftim p\u00ebr media &nbsp; T\u00eb shtun\u00ebn \u00a0, m\u00eb 18 maj 2013 , kryetari i UDSH-s\u00eb z.Mehmed Zenka , do t\u00eb mbaj konferenc\u00eb p\u00ebr shtyp. &nbsp; Konferenca do t\u00eb mbahet n\u00eb zyr\u00ebn e UDSH-s\u00eb n\u00eb Komun\u00eb [&hellip;]<\/p>\n","protected":false},"author":1,"featured_media":0,"comment_status":"open","ping_status":"closed","sticky":false,"template":"","format":"standard","meta":{"spay_email":"","jetpack_publicize_message":"","jetpack_is_tweetstorm":false,"jetpack_publicize_feature_enabled":true},"categories":[6950],"tags":[],"jetpack_publicize_connections":[],"yoast_head":"<!-- This site is optimized with the Yoast SEO plugin v19.1 - https:\/\/yoast.com\/wordpress\/plugins\/seo\/ -->\n<title>M\u00eb 18 maj 2013, kryetari i UDSH-s\u00eb, do t\u00eb mbaj konferenc\u00eb p\u00ebr shtyp - Lajme nga Ulqini<\/title>\n<meta name=\"description\" content=\"UNIONI\u00a0 DEMOKRATIK I SHQIPTAR\u00cbVE DEMOKRATSKA UNIJA ALBANACA THE DEMOCRATIC UNION OF\u00a0ALBANIANS Ulqin,m\u00eb 17.05.2013 tel \/ fax (+382 30) 412 757 Njoftim p\u00ebr\" \/>\n<meta name=\"robots\" content=\"index, follow, max-snippet:-1, max-image-preview:large, max-video-preview:-1\" \/>\n<link rel=\"canonical\" href=\"https:\/\/www.visit-ulcinj.com\/blog\/2013\/05\/17\/me-18-maj-2013-kryetari-i-udsh-se-do-te-mbaj-konference-per-shtyp\/\" \/>\n<meta property=\"og:locale\" content=\"en_US\" \/>\n<meta property=\"og:type\" content=\"article\" \/>\n<meta property=\"og:title\" content=\"M\u00eb 18 maj 2013, kryetari i UDSH-s\u00eb, do t\u00eb mbaj konferenc\u00eb p\u00ebr shtyp - Lajme nga Ulqini\" \/>\n<meta property=\"og:description\" content=\"UNIONI\u00a0 DEMOKRATIK I SHQIPTAR\u00cbVE DEMOKRATSKA UNIJA ALBANACA THE DEMOCRATIC UNION OF\u00a0ALBANIANS Ulqin,m\u00eb 17.05.2013 tel \/ fax (+382 30) 412 757 Njoftim p\u00ebr\" \/>\n<meta property=\"og:url\" content=\"https:\/\/www.visit-ulcinj.com\/blog\/2013\/05\/17\/me-18-maj-2013-kryetari-i-udsh-se-do-te-mbaj-konference-per-shtyp\/\" \/>\n<meta property=\"og:site_name\" content=\"Lajme nga Ulqini\" \/>\n<meta property=\"article:published_time\" content=\"2013-05-17T14:52:50+00:00\" \/>\n<meta property=\"article:modified_time\" content=\"2013-05-17T14:53:05+00:00\" \/>\n<meta name=\"twitter:label1\" content=\"Written by\" \/>\n\t<meta name=\"twitter:data1\" content=\"ulqini\" \/>\n<script type=\"application\/ld+json\" class=\"yoast-schema-graph\">{\"@context\":\"https:\/\/schema.org\",\"@graph\":[{\"@type\":\"WebSite\",\"@id\":\"https:\/\/www.visit-ulcinj.com\/blog\/#website\",\"url\":\"https:\/\/www.visit-ulcinj.com\/blog\/\",\"name\":\"Lajme nga Ulqini\",\"description\":\"Lajme,Vijesti,Ulqini,Ulqin,Crna Gora,Mali i Zi\",\"potentialAction\":[{\"@type\":\"SearchAction\",\"target\":{\"@type\":\"EntryPoint\",\"urlTemplate\":\"https:\/\/www.visit-ulcinj.com\/blog\/?s={search_term_string}\"},\"query-input\":\"required name=search_term_string\"}],\"inLanguage\":\"en-US\"},{\"@type\":\"WebPage\",\"@id\":\"https:\/\/www.visit-ulcinj.com\/blog\/2013\/05\/17\/me-18-maj-2013-kryetari-i-udsh-se-do-te-mbaj-konference-per-shtyp\/#webpage\",\"url\":\"https:\/\/www.visit-ulcinj.com\/blog\/2013\/05\/17\/me-18-maj-2013-kryetari-i-udsh-se-do-te-mbaj-konference-per-shtyp\/\",\"name\":\"M\u00eb 18 maj 2013, kryetari i UDSH-s\u00eb, do t\u00eb mbaj konferenc\u00eb p\u00ebr shtyp - Lajme nga Ulqini\",\"isPartOf\":{\"@id\":\"https:\/\/www.visit-ulcinj.com\/blog\/#website\"},\"datePublished\":\"2013-05-17T14:52:50+00:00\",\"dateModified\":\"2013-05-17T14:53:05+00:00\",\"author\":{\"@id\":\"https:\/\/www.visit-ulcinj.com\/blog\/#\/schema\/person\/dcab619c614d3038751c63bc2aadc06d\"},\"description\":\"UNIONI\u00a0 DEMOKRATIK I SHQIPTAR\u00cbVE DEMOKRATSKA UNIJA ALBANACA THE DEMOCRATIC UNION OF\u00a0ALBANIANS Ulqin,m\u00eb 17.05.2013 tel \/ fax (+382 30) 412 757 Njoftim p\u00ebr\",\"breadcrumb\":{\"@id\":\"https:\/\/www.visit-ulcinj.com\/blog\/2013\/05\/17\/me-18-maj-2013-kryetari-i-udsh-se-do-te-mbaj-konference-per-shtyp\/#breadcrumb\"},\"inLanguage\":\"en-US\",\"potentialAction\":[{\"@type\":\"ReadAction\",\"target\":[\"https:\/\/www.visit-ulcinj.com\/blog\/2013\/05\/17\/me-18-maj-2013-kryetari-i-udsh-se-do-te-mbaj-konference-per-shtyp\/\"]}]},{\"@type\":\"BreadcrumbList\",\"@id\":\"https:\/\/www.visit-ulcinj.com\/blog\/2013\/05\/17\/me-18-maj-2013-kryetari-i-udsh-se-do-te-mbaj-konference-per-shtyp\/#breadcrumb\",\"itemListElement\":[{\"@type\":\"ListItem\",\"position\":1,\"name\":\"M\u00eb 18 maj 2013, kryetari i UDSH-s\u00eb, do t\u00eb mbaj konferenc\u00eb p\u00ebr shtyp\"}]},{\"@type\":\"Person\",\"@id\":\"https:\/\/www.visit-ulcinj.com\/blog\/#\/schema\/person\/dcab619c614d3038751c63bc2aadc06d\",\"name\":\"ulqini\",\"sameAs\":[\"http:\/\/www.visit-ulcinj.com\"],\"url\":\"https:\/\/www.visit-ulcinj.com\/blog\/author\/admin\/\"}]}<\/script>\n<!-- \/ Yoast SEO plugin. -->","yoast_head_json":{"title":"M\u00eb 18 maj 2013, kryetari i UDSH-s\u00eb, do t\u00eb mbaj konferenc\u00eb p\u00ebr shtyp - Lajme nga Ulqini","description":"UNIONI\u00a0 DEMOKRATIK I SHQIPTAR\u00cbVE DEMOKRATSKA UNIJA ALBANACA THE DEMOCRATIC UNION OF\u00a0ALBANIANS Ulqin,m\u00eb 17.05.2013 tel \/ fax (+382 30) 412 757 Njoftim p\u00ebr","robots":{"index":"index","follow":"follow","max-snippet":"max-snippet:-1","max-image-preview":"max-image-preview:large","max-video-preview":"max-video-preview:-1"},"canonical":"https:\/\/www.visit-ulcinj.com\/blog\/2013\/05\/17\/me-18-maj-2013-kryetari-i-udsh-se-do-te-mbaj-konference-per-shtyp\/","og_locale":"en_US","og_type":"article","og_title":"M\u00eb 18 maj 2013, kryetari i UDSH-s\u00eb, do t\u00eb mbaj konferenc\u00eb p\u00ebr shtyp - Lajme nga Ulqini","og_description":"UNIONI\u00a0 DEMOKRATIK I SHQIPTAR\u00cbVE DEMOKRATSKA UNIJA ALBANACA THE DEMOCRATIC UNION OF\u00a0ALBANIANS Ulqin,m\u00eb 17.05.2013 tel \/ fax (+382 30) 412 757 Njoftim p\u00ebr","og_url":"https:\/\/www.visit-ulcinj.com\/blog\/2013\/05\/17\/me-18-maj-2013-kryetari-i-udsh-se-do-te-mbaj-konference-per-shtyp\/","og_site_name":"Lajme nga Ulqini","article_published_time":"2013-05-17T14:52:50+00:00","article_modified_time":"2013-05-17T14:53:05+00:00","twitter_misc":{"Written by":"ulqini"},"schema":{"@context":"https:\/\/schema.org","@graph":[{"@type":"WebSite","@id":"https:\/\/www.visit-ulcinj.com\/blog\/#website","url":"https:\/\/www.visit-ulcinj.com\/blog\/","name":"Lajme nga Ulqini","description":"Lajme,Vijesti,Ulqini,Ulqin,Crna Gora,Mali i Zi","potentialAction":[{"@type":"SearchAction","target":{"@type":"EntryPoint","urlTemplate":"https:\/\/www.visit-ulcinj.com\/blog\/?s={search_term_string}"},"query-input":"required name=search_term_string"}],"inLanguage":"en-US"},{"@type":"WebPage","@id":"https:\/\/www.visit-ulcinj.com\/blog\/2013\/05\/17\/me-18-maj-2013-kryetari-i-udsh-se-do-te-mbaj-konference-per-shtyp\/#webpage","url":"https:\/\/www.visit-ulcinj.com\/blog\/2013\/05\/17\/me-18-maj-2013-kryetari-i-udsh-se-do-te-mbaj-konference-per-shtyp\/","name":"M\u00eb 18 maj 2013, kryetari i UDSH-s\u00eb, do t\u00eb mbaj konferenc\u00eb p\u00ebr shtyp - Lajme nga Ulqini","isPartOf":{"@id":"https:\/\/www.visit-ulcinj.com\/blog\/#website"},"datePublished":"2013-05-17T14:52:50+00:00","dateModified":"2013-05-17T14:53:05+00:00","author":{"@id":"https:\/\/www.visit-ulcinj.com\/blog\/#\/schema\/person\/dcab619c614d3038751c63bc2aadc06d"},"description":"UNIONI\u00a0 DEMOKRATIK I SHQIPTAR\u00cbVE DEMOKRATSKA UNIJA ALBANACA THE DEMOCRATIC UNION OF\u00a0ALBANIANS Ulqin,m\u00eb 17.05.2013 tel \/ fax (+382 30) 412 757 Njoftim p\u00ebr","breadcrumb":{"@id":"https:\/\/www.visit-ulcinj.com\/blog\/2013\/05\/17\/me-18-maj-2013-kryetari-i-udsh-se-do-te-mbaj-konference-per-shtyp\/#breadcrumb"},"inLanguage":"en-US","potentialAction":[{"@type":"ReadAction","target":["https:\/\/www.visit-ulcinj.com\/blog\/2013\/05\/17\/me-18-maj-2013-kryetari-i-udsh-se-do-te-mbaj-konference-per-shtyp\/"]}]},{"@type":"BreadcrumbList","@id":"https:\/\/www.visit-ulcinj.com\/blog\/2013\/05\/17\/me-18-maj-2013-kryetari-i-udsh-se-do-te-mbaj-konference-per-shtyp\/#breadcrumb","itemListElement":[{"@type":"ListItem","position":1,"name":"M\u00eb 18 maj 2013, kryetari i UDSH-s\u00eb, do t\u00eb mbaj konferenc\u00eb p\u00ebr shtyp"}]},{"@type":"Person","@id":"https:\/\/www.visit-ulcinj.com\/blog\/#\/schema\/person\/dcab619c614d3038751c63bc2aadc06d","name":"ulqini","sameAs":["http:\/\/www.visit-ulcinj.com"],"url":"https:\/\/www.visit-ulcinj.com\/blog\/author\/admin\/"}]}},"jetpack_featured_media_url":"","jetpack_sharing_enabled":true,"jetpack_shortlink":"https:\/\/wp.me\/pe6lTn-iAb","_links":{"self":[{"href":"https:\/\/www.visit-ulcinj.com\/blog\/wp-json\/wp\/v2\/posts\/71435"}],"collection":[{"href":"https:\/\/www.visit-ulcinj.com\/blog\/wp-json\/wp\/v2\/posts"}],"about":[{"href":"https:\/\/www.visit-ulcinj.com\/blog\/wp-json\/wp\/v2\/types\/post"}],"author":[{"embeddable":true,"href":"https:\/\/www.visit-ulcinj.com\/blog\/wp-json\/wp\/v2\/users\/1"}],"replies":[{"embeddable":true,"href":"https:\/\/www.visit-ulcinj.com\/blog\/wp-json\/wp\/v2\/comments?post=71435"}],"version-history":[{"count":3,"href":"https:\/\/www.visit-ulcinj.com\/blog\/wp-json\/wp\/v2\/posts\/71435\/revisions"}],"predecessor-version":[{"id":71492,"href":"https:\/\/www.visit-ulcinj.com\/blog\/wp-json\/wp\/v2\/posts\/71435\/revisions\/71492"}],"wp:attachment":[{"href":"https:\/\/www.visit-ulcinj.com\/blog\/wp-json\/wp\/v2\/media?parent=71435"}],"wp:term":[{"taxonomy":"category","embeddable":true,"href":"https:\/\/www.visit-ulcinj.com\/blog\/wp-json\/wp\/v2\/categories?post=71435"},{"taxonomy":"post_tag","embeddable":true,"href":"https:\/\/www.visit-ulcinj.com\/blog\/wp-json\/wp\/v2\/tags?post=71435"}],"curies":[{"name":"wp","href":"https:\/\/api.w.org\/{rel}","templated":true}]}}