{"id":71438,"date":"2013-05-18T15:49:05","date_gmt":"2013-05-18T14:49:05","guid":{"rendered":"http:\/\/www.visit-ulcinj.com\/blog\/?p=71438"},"modified":"2013-05-19T16:37:47","modified_gmt":"2013-05-19T15:37:47","slug":"vizat-shengen-te-kosovareve-neper-kroaci-deri-ne-fund-te-vitit","status":"publish","type":"post","link":"https:\/\/www.visit-ulcinj.com\/blog\/2013\/05\/18\/vizat-shengen-te-kosovareve-neper-kroaci-deri-ne-fund-te-vitit\/","title":{"rendered":"Vizat Shengen t\u00eb kosovar\u00ebve n\u00ebper Kroaci, deri n\u00eb fund t\u00eb vitit"},"content":{"rendered":"<p>Qytetar\u00ebve t\u00eb Kosov\u00ebs q\u00eb posedojn\u00eb viz\u00eb Schengen me validitet territorial t\u00eb kufizuar nuk do t\u2019u k\u00ebrkohet viz\u00eb p\u00ebr t\u00eb hyr\u00eb, q\u00ebndruar apo kaluar transit p\u00ebrmes territorit t\u00eb Republik\u00ebs s\u00eb Kroacis\u00eb, deri m\u00eb 31 dhjetor 2013<br \/>\n<a href=\"http:\/\/www.visit-ulcinj.com\/blog\/wp-content\/uploads\/2013\/05\/Vizat-Shengen-per-kosovar.jpg\"><img loading=\"lazy\" class=\"alignleft  wp-image-71439\" alt=\"Vizat Shengen per kosovar\" src=\"http:\/\/www.visit-ulcinj.com\/blog\/wp-content\/uploads\/2013\/05\/Vizat-Shengen-per-kosovar.jpg\" width=\"508\" height=\"360\" \/><\/a><\/p>\n<p>Kroacia ka vendosur t\u00eb zgjas\u00eb afatin e lejimit t\u00eb shtetasve kosovar\u00eb me viza Shengen q\u00eb t\u00eb kalojn\u00eb n\u00ebp\u00ebr territorin e saj apo edhe t\u00eb q\u00ebndrojn\u00eb n\u00eb t\u00eb, b\u00ebhet e ditur n\u00eb nj\u00eb njoftim t\u00eb Ministris\u00eb s\u00eb Pun\u00ebve t\u00eb Jashtme t\u00eb Kosov\u00ebs.<\/p>\n<p>Autoritetet e Ministris\u00eb s\u00eb Pun\u00ebve t\u00eb Jashtme t\u00eb Kroacis\u00eb gjat\u00eb nj\u00eb takimi me nj\u00eb delegacion t\u00eb lart\u00eb t\u00eb Ministris\u00eb s\u00eb Pun\u00ebve t\u00eb Jashtme t\u00eb Kosov\u00ebs, i cili po q\u00ebndron p\u00ebr vizit\u00eb zyrtare n\u00eb Zagreb, kan\u00eb njoftuar se kan\u00eb marr\u00eb vendim p\u00ebr zgjatjen e afatit p\u00ebr hyrjen n\u00eb territorin e Republik\u00ebs s\u00eb Kroacis\u00eb, t\u00eb qytetar\u00ebve t\u00eb Kosov\u00ebs q\u00eb posedojn\u00eb viz\u00eb Schengen, thuhet n\u00eb njoftim.<\/p>\n<p>Sipas k\u00ebtij vendimi, qytetar\u00ebve t\u00eb Kosov\u00ebs q\u00eb posedojn\u00eb viz\u00eb Schengen me validitet territorial t\u00eb kufizuar (Valid for: Schengen States (\u2013ES, GR, SK)) nuk do t\u2019u k\u00ebrkohet viz\u00eb p\u00ebr t\u00eb hyr\u00eb, q\u00ebndruar apo kaluar transit p\u00ebrmes territorit t\u00eb Republik\u00ebs s\u00eb Kroacis\u00eb, deri m\u00eb 31 dhjetor 2013.<\/p>\n<p>Gjat\u00eb vizit\u00ebs n\u00eb Zagreb, delegacioni i lart\u00eb i MPJ-s\u00eb, ka pasur takime me p\u00ebrfaq\u00ebsues t\u00eb lart\u00eb kroat\u00eb, ku \u00ebsht\u00eb konfirmuar vullneti i dyansh\u00ebm p\u00ebr thellimin bashk\u00ebpunimit nd\u00ebrmjet dy shteteve si dhe \u00ebsht\u00eb konfirmuar p\u00ebrkrahja e Kroacis\u00eb p\u00ebr Republik\u00ebn e Kosov\u00ebs, me theks t\u00eb ve\u00e7ant\u00eb n\u00eb proceset euro-integruese, thuhet ve\u00e7 tjerash n\u00eb njoftim.<\/p>\n<p>&nbsp;<\/p>\n<p><strong>albinfo.ch<\/strong><\/p>\n<p>&nbsp;<\/p>\n","protected":false},"excerpt":{"rendered":"<p>Qytetar\u00ebve t\u00eb Kosov\u00ebs q\u00eb posedojn\u00eb viz\u00eb Schengen me validitet territorial t\u00eb kufizuar nuk do t\u2019u k\u00ebrkohet viz\u00eb p\u00ebr t\u00eb hyr\u00eb, q\u00ebndruar apo kaluar transit p\u00ebrmes territorit t\u00eb Republik\u00ebs s\u00eb Kroacis\u00eb, deri m\u00eb 31 dhjetor 2013 Kroacia ka vendosur t\u00eb zgjas\u00eb afatin e lejimit t\u00eb shtetasve kosovar\u00eb me viza Shengen q\u00eb t\u00eb kalojn\u00eb n\u00ebp\u00ebr territorin e [&hellip;]<\/p>\n","protected":false},"author":1,"featured_media":0,"comment_status":"open","ping_status":"closed","sticky":false,"template":"","format":"standard","meta":{"spay_email":"","jetpack_publicize_message":"","jetpack_is_tweetstorm":false,"jetpack_publicize_feature_enabled":true},"categories":[1,14],"tags":[],"jetpack_publicize_connections":[],"yoast_head":"<!-- This site is optimized with the Yoast SEO plugin v19.1 - https:\/\/yoast.com\/wordpress\/plugins\/seo\/ -->\n<title>Vizat Shengen t\u00eb kosovar\u00ebve n\u00ebper Kroaci, deri n\u00eb fund t\u00eb vitit - Lajme nga Ulqini<\/title>\n<meta name=\"description\" content=\"Qytetar\u00ebve t\u00eb Kosov\u00ebs q\u00eb posedojn\u00eb viz\u00eb Schengen me validitet territorial t\u00eb kufizuar nuk do t\u2019u k\u00ebrkohet viz\u00eb p\u00ebr t\u00eb hyr\u00eb, q\u00ebndruar apo kaluar transit\" \/>\n<meta name=\"robots\" content=\"index, follow, max-snippet:-1, max-image-preview:large, max-video-preview:-1\" \/>\n<link rel=\"canonical\" href=\"https:\/\/www.visit-ulcinj.com\/blog\/2013\/05\/18\/vizat-shengen-te-kosovareve-neper-kroaci-deri-ne-fund-te-vitit\/\" \/>\n<meta property=\"og:locale\" content=\"en_US\" \/>\n<meta property=\"og:type\" content=\"article\" \/>\n<meta property=\"og:title\" content=\"Vizat Shengen t\u00eb kosovar\u00ebve n\u00ebper Kroaci, deri n\u00eb fund t\u00eb vitit - Lajme nga Ulqini\" \/>\n<meta property=\"og:description\" content=\"Qytetar\u00ebve t\u00eb Kosov\u00ebs q\u00eb posedojn\u00eb viz\u00eb Schengen me validitet territorial t\u00eb kufizuar nuk do t\u2019u k\u00ebrkohet viz\u00eb p\u00ebr t\u00eb hyr\u00eb, q\u00ebndruar apo kaluar transit\" \/>\n<meta property=\"og:url\" content=\"https:\/\/www.visit-ulcinj.com\/blog\/2013\/05\/18\/vizat-shengen-te-kosovareve-neper-kroaci-deri-ne-fund-te-vitit\/\" \/>\n<meta property=\"og:site_name\" content=\"Lajme nga Ulqini\" \/>\n<meta property=\"article:published_time\" content=\"2013-05-18T14:49:05+00:00\" \/>\n<meta property=\"article:modified_time\" content=\"2013-05-19T15:37:47+00:00\" \/>\n<meta property=\"og:image\" content=\"http:\/\/www.visit-ulcinj.com\/blog\/wp-content\/uploads\/2013\/05\/Vizat-Shengen-per-kosovar.jpg\" \/>\n<meta name=\"twitter:label1\" content=\"Written by\" \/>\n\t<meta name=\"twitter:data1\" content=\"ulqini\" \/>\n\t<meta name=\"twitter:label2\" content=\"Est. reading time\" \/>\n\t<meta name=\"twitter:data2\" content=\"1 minute\" \/>\n<script type=\"application\/ld+json\" class=\"yoast-schema-graph\">{\"@context\":\"https:\/\/schema.org\",\"@graph\":[{\"@type\":\"WebSite\",\"@id\":\"https:\/\/www.visit-ulcinj.com\/blog\/#website\",\"url\":\"https:\/\/www.visit-ulcinj.com\/blog\/\",\"name\":\"Lajme nga Ulqini\",\"description\":\"Lajme,Vijesti,Ulqini,Ulqin,Crna Gora,Mali i Zi\",\"potentialAction\":[{\"@type\":\"SearchAction\",\"target\":{\"@type\":\"EntryPoint\",\"urlTemplate\":\"https:\/\/www.visit-ulcinj.com\/blog\/?s={search_term_string}\"},\"query-input\":\"required name=search_term_string\"}],\"inLanguage\":\"en-US\"},{\"@type\":\"ImageObject\",\"inLanguage\":\"en-US\",\"@id\":\"https:\/\/www.visit-ulcinj.com\/blog\/2013\/05\/18\/vizat-shengen-te-kosovareve-neper-kroaci-deri-ne-fund-te-vitit\/#primaryimage\",\"url\":\"https:\/\/www.visit-ulcinj.com\/blog\/wp-content\/uploads\/2013\/05\/Vizat-Shengen-per-kosovar.jpg\",\"contentUrl\":\"https:\/\/www.visit-ulcinj.com\/blog\/wp-content\/uploads\/2013\/05\/Vizat-Shengen-per-kosovar.jpg\",\"width\":588,\"height\":440},{\"@type\":\"WebPage\",\"@id\":\"https:\/\/www.visit-ulcinj.com\/blog\/2013\/05\/18\/vizat-shengen-te-kosovareve-neper-kroaci-deri-ne-fund-te-vitit\/#webpage\",\"url\":\"https:\/\/www.visit-ulcinj.com\/blog\/2013\/05\/18\/vizat-shengen-te-kosovareve-neper-kroaci-deri-ne-fund-te-vitit\/\",\"name\":\"Vizat Shengen t\u00eb kosovar\u00ebve n\u00ebper Kroaci, deri n\u00eb fund t\u00eb vitit - Lajme nga Ulqini\",\"isPartOf\":{\"@id\":\"https:\/\/www.visit-ulcinj.com\/blog\/#website\"},\"primaryImageOfPage\":{\"@id\":\"https:\/\/www.visit-ulcinj.com\/blog\/2013\/05\/18\/vizat-shengen-te-kosovareve-neper-kroaci-deri-ne-fund-te-vitit\/#primaryimage\"},\"datePublished\":\"2013-05-18T14:49:05+00:00\",\"dateModified\":\"2013-05-19T15:37:47+00:00\",\"author\":{\"@id\":\"https:\/\/www.visit-ulcinj.com\/blog\/#\/schema\/person\/dcab619c614d3038751c63bc2aadc06d\"},\"description\":\"Qytetar\u00ebve t\u00eb Kosov\u00ebs q\u00eb posedojn\u00eb viz\u00eb Schengen me validitet territorial t\u00eb kufizuar nuk do t\u2019u k\u00ebrkohet viz\u00eb p\u00ebr t\u00eb hyr\u00eb, q\u00ebndruar apo kaluar transit\",\"breadcrumb\":{\"@id\":\"https:\/\/www.visit-ulcinj.com\/blog\/2013\/05\/18\/vizat-shengen-te-kosovareve-neper-kroaci-deri-ne-fund-te-vitit\/#breadcrumb\"},\"inLanguage\":\"en-US\",\"potentialAction\":[{\"@type\":\"ReadAction\",\"target\":[\"https:\/\/www.visit-ulcinj.com\/blog\/2013\/05\/18\/vizat-shengen-te-kosovareve-neper-kroaci-deri-ne-fund-te-vitit\/\"]}]},{\"@type\":\"BreadcrumbList\",\"@id\":\"https:\/\/www.visit-ulcinj.com\/blog\/2013\/05\/18\/vizat-shengen-te-kosovareve-neper-kroaci-deri-ne-fund-te-vitit\/#breadcrumb\",\"itemListElement\":[{\"@type\":\"ListItem\",\"position\":1,\"name\":\"Vizat Shengen t\u00eb kosovar\u00ebve n\u00ebper Kroaci, deri n\u00eb fund t\u00eb vitit\"}]},{\"@type\":\"Person\",\"@id\":\"https:\/\/www.visit-ulcinj.com\/blog\/#\/schema\/person\/dcab619c614d3038751c63bc2aadc06d\",\"name\":\"ulqini\",\"sameAs\":[\"http:\/\/www.visit-ulcinj.com\"],\"url\":\"https:\/\/www.visit-ulcinj.com\/blog\/author\/admin\/\"}]}<\/script>\n<!-- \/ Yoast SEO plugin. -->","yoast_head_json":{"title":"Vizat Shengen t\u00eb kosovar\u00ebve n\u00ebper Kroaci, deri n\u00eb fund t\u00eb vitit - Lajme nga Ulqini","description":"Qytetar\u00ebve t\u00eb Kosov\u00ebs q\u00eb posedojn\u00eb viz\u00eb Schengen me validitet territorial t\u00eb kufizuar nuk do t\u2019u k\u00ebrkohet viz\u00eb p\u00ebr t\u00eb hyr\u00eb, q\u00ebndruar apo kaluar transit","robots":{"index":"index","follow":"follow","max-snippet":"max-snippet:-1","max-image-preview":"max-image-preview:large","max-video-preview":"max-video-preview:-1"},"canonical":"https:\/\/www.visit-ulcinj.com\/blog\/2013\/05\/18\/vizat-shengen-te-kosovareve-neper-kroaci-deri-ne-fund-te-vitit\/","og_locale":"en_US","og_type":"article","og_title":"Vizat Shengen t\u00eb kosovar\u00ebve n\u00ebper Kroaci, deri n\u00eb fund t\u00eb vitit - Lajme nga Ulqini","og_description":"Qytetar\u00ebve t\u00eb Kosov\u00ebs q\u00eb posedojn\u00eb viz\u00eb Schengen me validitet territorial t\u00eb kufizuar nuk do t\u2019u k\u00ebrkohet viz\u00eb p\u00ebr t\u00eb hyr\u00eb, q\u00ebndruar apo kaluar transit","og_url":"https:\/\/www.visit-ulcinj.com\/blog\/2013\/05\/18\/vizat-shengen-te-kosovareve-neper-kroaci-deri-ne-fund-te-vitit\/","og_site_name":"Lajme nga Ulqini","article_published_time":"2013-05-18T14:49:05+00:00","article_modified_time":"2013-05-19T15:37:47+00:00","og_image":[{"url":"http:\/\/www.visit-ulcinj.com\/blog\/wp-content\/uploads\/2013\/05\/Vizat-Shengen-per-kosovar.jpg"}],"twitter_misc":{"Written by":"ulqini","Est. reading time":"1 minute"},"schema":{"@context":"https:\/\/schema.org","@graph":[{"@type":"WebSite","@id":"https:\/\/www.visit-ulcinj.com\/blog\/#website","url":"https:\/\/www.visit-ulcinj.com\/blog\/","name":"Lajme nga Ulqini","description":"Lajme,Vijesti,Ulqini,Ulqin,Crna Gora,Mali i Zi","potentialAction":[{"@type":"SearchAction","target":{"@type":"EntryPoint","urlTemplate":"https:\/\/www.visit-ulcinj.com\/blog\/?s={search_term_string}"},"query-input":"required name=search_term_string"}],"inLanguage":"en-US"},{"@type":"ImageObject","inLanguage":"en-US","@id":"https:\/\/www.visit-ulcinj.com\/blog\/2013\/05\/18\/vizat-shengen-te-kosovareve-neper-kroaci-deri-ne-fund-te-vitit\/#primaryimage","url":"https:\/\/www.visit-ulcinj.com\/blog\/wp-content\/uploads\/2013\/05\/Vizat-Shengen-per-kosovar.jpg","contentUrl":"https:\/\/www.visit-ulcinj.com\/blog\/wp-content\/uploads\/2013\/05\/Vizat-Shengen-per-kosovar.jpg","width":588,"height":440},{"@type":"WebPage","@id":"https:\/\/www.visit-ulcinj.com\/blog\/2013\/05\/18\/vizat-shengen-te-kosovareve-neper-kroaci-deri-ne-fund-te-vitit\/#webpage","url":"https:\/\/www.visit-ulcinj.com\/blog\/2013\/05\/18\/vizat-shengen-te-kosovareve-neper-kroaci-deri-ne-fund-te-vitit\/","name":"Vizat Shengen t\u00eb kosovar\u00ebve n\u00ebper Kroaci, deri n\u00eb fund t\u00eb vitit - Lajme nga Ulqini","isPartOf":{"@id":"https:\/\/www.visit-ulcinj.com\/blog\/#website"},"primaryImageOfPage":{"@id":"https:\/\/www.visit-ulcinj.com\/blog\/2013\/05\/18\/vizat-shengen-te-kosovareve-neper-kroaci-deri-ne-fund-te-vitit\/#primaryimage"},"datePublished":"2013-05-18T14:49:05+00:00","dateModified":"2013-05-19T15:37:47+00:00","author":{"@id":"https:\/\/www.visit-ulcinj.com\/blog\/#\/schema\/person\/dcab619c614d3038751c63bc2aadc06d"},"description":"Qytetar\u00ebve t\u00eb Kosov\u00ebs q\u00eb posedojn\u00eb viz\u00eb Schengen me validitet territorial t\u00eb kufizuar nuk do t\u2019u k\u00ebrkohet viz\u00eb p\u00ebr t\u00eb hyr\u00eb, q\u00ebndruar apo kaluar transit","breadcrumb":{"@id":"https:\/\/www.visit-ulcinj.com\/blog\/2013\/05\/18\/vizat-shengen-te-kosovareve-neper-kroaci-deri-ne-fund-te-vitit\/#breadcrumb"},"inLanguage":"en-US","potentialAction":[{"@type":"ReadAction","target":["https:\/\/www.visit-ulcinj.com\/blog\/2013\/05\/18\/vizat-shengen-te-kosovareve-neper-kroaci-deri-ne-fund-te-vitit\/"]}]},{"@type":"BreadcrumbList","@id":"https:\/\/www.visit-ulcinj.com\/blog\/2013\/05\/18\/vizat-shengen-te-kosovareve-neper-kroaci-deri-ne-fund-te-vitit\/#breadcrumb","itemListElement":[{"@type":"ListItem","position":1,"name":"Vizat Shengen t\u00eb kosovar\u00ebve n\u00ebper Kroaci, deri n\u00eb fund t\u00eb vitit"}]},{"@type":"Person","@id":"https:\/\/www.visit-ulcinj.com\/blog\/#\/schema\/person\/dcab619c614d3038751c63bc2aadc06d","name":"ulqini","sameAs":["http:\/\/www.visit-ulcinj.com"],"url":"https:\/\/www.visit-ulcinj.com\/blog\/author\/admin\/"}]}},"jetpack_featured_media_url":"","jetpack_sharing_enabled":true,"jetpack_shortlink":"https:\/\/wp.me\/pe6lTn-iAe","_links":{"self":[{"href":"https:\/\/www.visit-ulcinj.com\/blog\/wp-json\/wp\/v2\/posts\/71438"}],"collection":[{"href":"https:\/\/www.visit-ulcinj.com\/blog\/wp-json\/wp\/v2\/posts"}],"about":[{"href":"https:\/\/www.visit-ulcinj.com\/blog\/wp-json\/wp\/v2\/types\/post"}],"author":[{"embeddable":true,"href":"https:\/\/www.visit-ulcinj.com\/blog\/wp-json\/wp\/v2\/users\/1"}],"replies":[{"embeddable":true,"href":"https:\/\/www.visit-ulcinj.com\/blog\/wp-json\/wp\/v2\/comments?post=71438"}],"version-history":[{"count":3,"href":"https:\/\/www.visit-ulcinj.com\/blog\/wp-json\/wp\/v2\/posts\/71438\/revisions"}],"predecessor-version":[{"id":71450,"href":"https:\/\/www.visit-ulcinj.com\/blog\/wp-json\/wp\/v2\/posts\/71438\/revisions\/71450"}],"wp:attachment":[{"href":"https:\/\/www.visit-ulcinj.com\/blog\/wp-json\/wp\/v2\/media?parent=71438"}],"wp:term":[{"taxonomy":"category","embeddable":true,"href":"https:\/\/www.visit-ulcinj.com\/blog\/wp-json\/wp\/v2\/categories?post=71438"},{"taxonomy":"post_tag","embeddable":true,"href":"https:\/\/www.visit-ulcinj.com\/blog\/wp-json\/wp\/v2\/tags?post=71438"}],"curies":[{"name":"wp","href":"https:\/\/api.w.org\/{rel}","templated":true}]}}