{"id":71453,"date":"2013-05-20T14:04:16","date_gmt":"2013-05-20T13:04:16","guid":{"rendered":"http:\/\/www.visit-ulcinj.com\/blog\/?p=71453"},"modified":"2013-05-26T08:08:40","modified_gmt":"2013-05-26T07:08:40","slug":"mehmet-zenka-sfidon-nazif-cungun-video","status":"publish","type":"post","link":"https:\/\/www.visit-ulcinj.com\/blog\/2013\/05\/20\/mehmet-zenka-sfidon-nazif-cungun-video\/","title":{"rendered":"Mehmet Zenka sfidon Nazif Cungun &#8211; Video"},"content":{"rendered":"<p><a href=\"http:\/\/www.visit-ulcinj.com\/blog\/wp-content\/uploads\/2013\/05\/Mehmet-Zenka.jpg\"><img loading=\"lazy\" class=\"alignleft  wp-image-71457\" alt=\"Mehmet-Zenka\" src=\"http:\/\/www.visit-ulcinj.com\/blog\/wp-content\/uploads\/2013\/05\/Mehmet-Zenka.jpg\" width=\"508\" height=\"360\" \/><\/a><strong>Video materiali prej konferenc\u00ebs p\u00ebr shtyp t\u00eb kryetarit t\u00eb UDSH-s\u00eb Mehmet Zenk\u00ebs.<\/strong><\/p>\n<p>Heshtja flet e mbi t\u00eb gjitha d\u00ebshmon se misioni u krye me sukses,fundja skane edhe pse t\u00eb flasin sepse roli dhe detyra e tyre nuk parasheh aktivitete paszgjedhore.<br \/>\nE po zot\u00ebri t\u00eb nderuar ju q\u00eb me vite te tera, vend e pa vend, kritikonit UDSH-n\u00eb p\u00ebr pjes\u00ebmarrje n\u00eb Qeveri ,\u00e7far\u00eb keni t\u00eb \u00a0thoni p\u00ebr k\u00ebt\u00eb maskarall\u00ebk dhe turp te cilin keni rast ta ndiqini k\u00ebto dy muajt e fundit nga dy partit\u00eb shqiptare n\u00eb komun\u00eb t\u00eb Ulqinit.<\/p>\n<p>Vetvetiu shtrohet pyetja \u2013ku jan ekspert\u00ebt? Ku \u00ebsht\u00eb plani agrar ku parashikohej shtimi fondit t\u00eb bag\u00ebtive n\u00eb hi\u00e7 m\u00eb pak se 9000 (n\u00ebnt mij\u00eb) krene lope,q\u00eb\u00a0t\u00eb jet ironija edhe m\u00eb e madhe d\u00ebshmon\u00a0fakti q\u00eb ne buxhetin e vitit 2013 jan parapare 5000 (pesemij\u00eb) Euro p\u00ebr bujq\u00ebsi.\u00a0Ska fjale buxhet tejet premtues p\u00ebr bujqit tan\u00eb .?!\u00a0M\u00eb s\u00eb shumti k\u00ebtu \u00e7udit fakti q\u00eb t\u00eb gjith\u00eb\u00a0k\u00ebshilltar\u00ebt nga pozita prej An\u00ebs Malit nj\u00eb\u00a0z\u00ebrit e votuan k\u00ebt\u00eb propozim.<br \/>\nP\u00ebr sport dhe kultur\u00eb jan\u00eb parapar\u00eb\u00a018000 euro. Me t\u00eb v\u00ebrtet p\u00ebr vitin 2013-\u00a0t\u00eb me k\u00ebt\u00eb shum\u00eb t\u00eb parapar\u00eb na presin\u00a0evente t\u00eb medha kulturore dhe sportive.?!<\/p>\n<p>Edhe pse UDSH-ja prej fillimit \u00ebsht\u00eb\u00a0deklaruar se do jet\u00eb konstruktive, \u00e7ka e\u00a0d\u00ebshmoi edhe me p\u00ebrkrahjen e shum\u00eb \u00a0propozimeve t\u00eb dala nga pozita, duket se\u00a0nuk qe e mjaftueshme, dhe e gjith\u00eb kjo\u00a0maskarad\u00eb e t\u00eb udh\u00ebhequrit t\u00eb pushtetit\u00a0mund t\u00eb p\u00ebrkufizohet me k\u00ebto fjal\u00eb.<\/p>\n<p>Prandaj ne i ftojme subjektet ne fjale qe te largohen nga koalicionet e kalbura politike si n\u00eb pushtetin q\u00ebndror ashtu edhe n\u00eb at\u00eb vendor. Duhet ti p\u00ebrvishemi \u00a0pun\u00ebs p\u00ebrndryshe humnera na pret neve dhe popullin e komun\u00ebs s\u00eb Ulqinit.<\/p>\n<p><iframe loading=\"lazy\" src=\"http:\/\/www.dailymotion.com\/embed\/video\/x101v2q\" height=\"360\" width=\"508\" frameborder=\"0\"><\/iframe><br \/>\n<a href=\"http:\/\/www.dailymotion.com\/video\/x101v2q_mehmet-zenka-sfidon-nazif-cungun_news\" target=\"_blank\">Mehmet Zenka sfidon Nazif Cungun<\/a> <i>par <a href=\"http:\/\/www.dailymotion.com\/LajmeNgaUlqini\" target=\"_blank\">LajmeNgaUlqini<\/a><\/i><\/p>\n","protected":false},"excerpt":{"rendered":"<p>Video materiali prej konferenc\u00ebs p\u00ebr shtyp t\u00eb kryetarit t\u00eb UDSH-s\u00eb Mehmet Zenk\u00ebs. Heshtja flet e mbi t\u00eb gjitha d\u00ebshmon se misioni u krye me sukses,fundja skane edhe pse t\u00eb flasin sepse roli dhe detyra e tyre nuk parasheh aktivitete paszgjedhore. E po zot\u00ebri t\u00eb nderuar ju q\u00eb me vite te tera, vend e pa vend, [&hellip;]<\/p>\n","protected":false},"author":1,"featured_media":0,"comment_status":"open","ping_status":"closed","sticky":false,"template":"","format":"standard","meta":{"spay_email":"","jetpack_publicize_message":"","jetpack_is_tweetstorm":false,"jetpack_publicize_feature_enabled":true},"categories":[5,1],"tags":[200,18],"jetpack_publicize_connections":[],"yoast_head":"<!-- This site is optimized with the Yoast SEO plugin v19.1 - https:\/\/yoast.com\/wordpress\/plugins\/seo\/ -->\n<title>Mehmet Zenka sfidon Nazif Cungun - Video - Lajme nga Ulqini<\/title>\n<meta name=\"description\" content=\"Video materiali prej konferenc\u00ebs p\u00ebr shtyp t\u00eb kryetarit t\u00eb UDSH-s\u00eb Mehmet Zenk\u00ebs. Heshtja flet e mbi t\u00eb gjitha d\u00ebshmon se misioni u krye me sukses,fundja\" \/>\n<meta name=\"robots\" content=\"index, follow, max-snippet:-1, max-image-preview:large, max-video-preview:-1\" \/>\n<link rel=\"canonical\" href=\"https:\/\/www.visit-ulcinj.com\/blog\/2013\/05\/20\/mehmet-zenka-sfidon-nazif-cungun-video\/\" \/>\n<meta property=\"og:locale\" content=\"en_US\" \/>\n<meta property=\"og:type\" content=\"article\" \/>\n<meta property=\"og:title\" content=\"Mehmet Zenka sfidon Nazif Cungun - Video - Lajme nga Ulqini\" \/>\n<meta property=\"og:description\" content=\"Video materiali prej konferenc\u00ebs p\u00ebr shtyp t\u00eb kryetarit t\u00eb UDSH-s\u00eb Mehmet Zenk\u00ebs. Heshtja flet e mbi t\u00eb gjitha d\u00ebshmon se misioni u krye me sukses,fundja\" \/>\n<meta property=\"og:url\" content=\"https:\/\/www.visit-ulcinj.com\/blog\/2013\/05\/20\/mehmet-zenka-sfidon-nazif-cungun-video\/\" \/>\n<meta property=\"og:site_name\" content=\"Lajme nga Ulqini\" \/>\n<meta property=\"article:published_time\" content=\"2013-05-20T13:04:16+00:00\" \/>\n<meta property=\"article:modified_time\" content=\"2013-05-26T07:08:40+00:00\" \/>\n<meta property=\"og:image\" content=\"http:\/\/www.visit-ulcinj.com\/blog\/wp-content\/uploads\/2013\/05\/Mehmet-Zenka.jpg\" \/>\n<meta name=\"twitter:label1\" content=\"Written by\" \/>\n\t<meta name=\"twitter:data1\" content=\"ulqini\" \/>\n\t<meta name=\"twitter:label2\" content=\"Est. reading time\" \/>\n\t<meta name=\"twitter:data2\" content=\"2 minutes\" \/>\n<script type=\"application\/ld+json\" class=\"yoast-schema-graph\">{\"@context\":\"https:\/\/schema.org\",\"@graph\":[{\"@type\":\"WebSite\",\"@id\":\"https:\/\/www.visit-ulcinj.com\/blog\/#website\",\"url\":\"https:\/\/www.visit-ulcinj.com\/blog\/\",\"name\":\"Lajme nga Ulqini\",\"description\":\"Lajme,Vijesti,Ulqini,Ulqin,Crna Gora,Mali i Zi\",\"potentialAction\":[{\"@type\":\"SearchAction\",\"target\":{\"@type\":\"EntryPoint\",\"urlTemplate\":\"https:\/\/www.visit-ulcinj.com\/blog\/?s={search_term_string}\"},\"query-input\":\"required name=search_term_string\"}],\"inLanguage\":\"en-US\"},{\"@type\":\"ImageObject\",\"inLanguage\":\"en-US\",\"@id\":\"https:\/\/www.visit-ulcinj.com\/blog\/2013\/05\/20\/mehmet-zenka-sfidon-nazif-cungun-video\/#primaryimage\",\"url\":\"https:\/\/www.visit-ulcinj.com\/blog\/wp-content\/uploads\/2013\/05\/Mehmet-Zenka.jpg\",\"contentUrl\":\"https:\/\/www.visit-ulcinj.com\/blog\/wp-content\/uploads\/2013\/05\/Mehmet-Zenka.jpg\",\"width\":650,\"height\":525},{\"@type\":\"WebPage\",\"@id\":\"https:\/\/www.visit-ulcinj.com\/blog\/2013\/05\/20\/mehmet-zenka-sfidon-nazif-cungun-video\/#webpage\",\"url\":\"https:\/\/www.visit-ulcinj.com\/blog\/2013\/05\/20\/mehmet-zenka-sfidon-nazif-cungun-video\/\",\"name\":\"Mehmet Zenka sfidon Nazif Cungun - Video - Lajme nga Ulqini\",\"isPartOf\":{\"@id\":\"https:\/\/www.visit-ulcinj.com\/blog\/#website\"},\"primaryImageOfPage\":{\"@id\":\"https:\/\/www.visit-ulcinj.com\/blog\/2013\/05\/20\/mehmet-zenka-sfidon-nazif-cungun-video\/#primaryimage\"},\"datePublished\":\"2013-05-20T13:04:16+00:00\",\"dateModified\":\"2013-05-26T07:08:40+00:00\",\"author\":{\"@id\":\"https:\/\/www.visit-ulcinj.com\/blog\/#\/schema\/person\/dcab619c614d3038751c63bc2aadc06d\"},\"description\":\"Video materiali prej konferenc\u00ebs p\u00ebr shtyp t\u00eb kryetarit t\u00eb UDSH-s\u00eb Mehmet Zenk\u00ebs. Heshtja flet e mbi t\u00eb gjitha d\u00ebshmon se misioni u krye me sukses,fundja\",\"breadcrumb\":{\"@id\":\"https:\/\/www.visit-ulcinj.com\/blog\/2013\/05\/20\/mehmet-zenka-sfidon-nazif-cungun-video\/#breadcrumb\"},\"inLanguage\":\"en-US\",\"potentialAction\":[{\"@type\":\"ReadAction\",\"target\":[\"https:\/\/www.visit-ulcinj.com\/blog\/2013\/05\/20\/mehmet-zenka-sfidon-nazif-cungun-video\/\"]}]},{\"@type\":\"BreadcrumbList\",\"@id\":\"https:\/\/www.visit-ulcinj.com\/blog\/2013\/05\/20\/mehmet-zenka-sfidon-nazif-cungun-video\/#breadcrumb\",\"itemListElement\":[{\"@type\":\"ListItem\",\"position\":1,\"name\":\"Mehmet Zenka sfidon Nazif Cungun &#8211; Video\"}]},{\"@type\":\"Person\",\"@id\":\"https:\/\/www.visit-ulcinj.com\/blog\/#\/schema\/person\/dcab619c614d3038751c63bc2aadc06d\",\"name\":\"ulqini\",\"sameAs\":[\"http:\/\/www.visit-ulcinj.com\"],\"url\":\"https:\/\/www.visit-ulcinj.com\/blog\/author\/admin\/\"}]}<\/script>\n<!-- \/ Yoast SEO plugin. -->","yoast_head_json":{"title":"Mehmet Zenka sfidon Nazif Cungun - Video - Lajme nga Ulqini","description":"Video materiali prej konferenc\u00ebs p\u00ebr shtyp t\u00eb kryetarit t\u00eb UDSH-s\u00eb Mehmet Zenk\u00ebs. Heshtja flet e mbi t\u00eb gjitha d\u00ebshmon se misioni u krye me sukses,fundja","robots":{"index":"index","follow":"follow","max-snippet":"max-snippet:-1","max-image-preview":"max-image-preview:large","max-video-preview":"max-video-preview:-1"},"canonical":"https:\/\/www.visit-ulcinj.com\/blog\/2013\/05\/20\/mehmet-zenka-sfidon-nazif-cungun-video\/","og_locale":"en_US","og_type":"article","og_title":"Mehmet Zenka sfidon Nazif Cungun - Video - Lajme nga Ulqini","og_description":"Video materiali prej konferenc\u00ebs p\u00ebr shtyp t\u00eb kryetarit t\u00eb UDSH-s\u00eb Mehmet Zenk\u00ebs. Heshtja flet e mbi t\u00eb gjitha d\u00ebshmon se misioni u krye me sukses,fundja","og_url":"https:\/\/www.visit-ulcinj.com\/blog\/2013\/05\/20\/mehmet-zenka-sfidon-nazif-cungun-video\/","og_site_name":"Lajme nga Ulqini","article_published_time":"2013-05-20T13:04:16+00:00","article_modified_time":"2013-05-26T07:08:40+00:00","og_image":[{"url":"http:\/\/www.visit-ulcinj.com\/blog\/wp-content\/uploads\/2013\/05\/Mehmet-Zenka.jpg"}],"twitter_misc":{"Written by":"ulqini","Est. reading time":"2 minutes"},"schema":{"@context":"https:\/\/schema.org","@graph":[{"@type":"WebSite","@id":"https:\/\/www.visit-ulcinj.com\/blog\/#website","url":"https:\/\/www.visit-ulcinj.com\/blog\/","name":"Lajme nga Ulqini","description":"Lajme,Vijesti,Ulqini,Ulqin,Crna Gora,Mali i Zi","potentialAction":[{"@type":"SearchAction","target":{"@type":"EntryPoint","urlTemplate":"https:\/\/www.visit-ulcinj.com\/blog\/?s={search_term_string}"},"query-input":"required name=search_term_string"}],"inLanguage":"en-US"},{"@type":"ImageObject","inLanguage":"en-US","@id":"https:\/\/www.visit-ulcinj.com\/blog\/2013\/05\/20\/mehmet-zenka-sfidon-nazif-cungun-video\/#primaryimage","url":"https:\/\/www.visit-ulcinj.com\/blog\/wp-content\/uploads\/2013\/05\/Mehmet-Zenka.jpg","contentUrl":"https:\/\/www.visit-ulcinj.com\/blog\/wp-content\/uploads\/2013\/05\/Mehmet-Zenka.jpg","width":650,"height":525},{"@type":"WebPage","@id":"https:\/\/www.visit-ulcinj.com\/blog\/2013\/05\/20\/mehmet-zenka-sfidon-nazif-cungun-video\/#webpage","url":"https:\/\/www.visit-ulcinj.com\/blog\/2013\/05\/20\/mehmet-zenka-sfidon-nazif-cungun-video\/","name":"Mehmet Zenka sfidon Nazif Cungun - Video - Lajme nga Ulqini","isPartOf":{"@id":"https:\/\/www.visit-ulcinj.com\/blog\/#website"},"primaryImageOfPage":{"@id":"https:\/\/www.visit-ulcinj.com\/blog\/2013\/05\/20\/mehmet-zenka-sfidon-nazif-cungun-video\/#primaryimage"},"datePublished":"2013-05-20T13:04:16+00:00","dateModified":"2013-05-26T07:08:40+00:00","author":{"@id":"https:\/\/www.visit-ulcinj.com\/blog\/#\/schema\/person\/dcab619c614d3038751c63bc2aadc06d"},"description":"Video materiali prej konferenc\u00ebs p\u00ebr shtyp t\u00eb kryetarit t\u00eb UDSH-s\u00eb Mehmet Zenk\u00ebs. Heshtja flet e mbi t\u00eb gjitha d\u00ebshmon se misioni u krye me sukses,fundja","breadcrumb":{"@id":"https:\/\/www.visit-ulcinj.com\/blog\/2013\/05\/20\/mehmet-zenka-sfidon-nazif-cungun-video\/#breadcrumb"},"inLanguage":"en-US","potentialAction":[{"@type":"ReadAction","target":["https:\/\/www.visit-ulcinj.com\/blog\/2013\/05\/20\/mehmet-zenka-sfidon-nazif-cungun-video\/"]}]},{"@type":"BreadcrumbList","@id":"https:\/\/www.visit-ulcinj.com\/blog\/2013\/05\/20\/mehmet-zenka-sfidon-nazif-cungun-video\/#breadcrumb","itemListElement":[{"@type":"ListItem","position":1,"name":"Mehmet Zenka sfidon Nazif Cungun &#8211; Video"}]},{"@type":"Person","@id":"https:\/\/www.visit-ulcinj.com\/blog\/#\/schema\/person\/dcab619c614d3038751c63bc2aadc06d","name":"ulqini","sameAs":["http:\/\/www.visit-ulcinj.com"],"url":"https:\/\/www.visit-ulcinj.com\/blog\/author\/admin\/"}]}},"jetpack_featured_media_url":"","jetpack_sharing_enabled":true,"jetpack_shortlink":"https:\/\/wp.me\/pe6lTn-iAt","_links":{"self":[{"href":"https:\/\/www.visit-ulcinj.com\/blog\/wp-json\/wp\/v2\/posts\/71453"}],"collection":[{"href":"https:\/\/www.visit-ulcinj.com\/blog\/wp-json\/wp\/v2\/posts"}],"about":[{"href":"https:\/\/www.visit-ulcinj.com\/blog\/wp-json\/wp\/v2\/types\/post"}],"author":[{"embeddable":true,"href":"https:\/\/www.visit-ulcinj.com\/blog\/wp-json\/wp\/v2\/users\/1"}],"replies":[{"embeddable":true,"href":"https:\/\/www.visit-ulcinj.com\/blog\/wp-json\/wp\/v2\/comments?post=71453"}],"version-history":[{"count":8,"href":"https:\/\/www.visit-ulcinj.com\/blog\/wp-json\/wp\/v2\/posts\/71453\/revisions"}],"predecessor-version":[{"id":71692,"href":"https:\/\/www.visit-ulcinj.com\/blog\/wp-json\/wp\/v2\/posts\/71453\/revisions\/71692"}],"wp:attachment":[{"href":"https:\/\/www.visit-ulcinj.com\/blog\/wp-json\/wp\/v2\/media?parent=71453"}],"wp:term":[{"taxonomy":"category","embeddable":true,"href":"https:\/\/www.visit-ulcinj.com\/blog\/wp-json\/wp\/v2\/categories?post=71453"},{"taxonomy":"post_tag","embeddable":true,"href":"https:\/\/www.visit-ulcinj.com\/blog\/wp-json\/wp\/v2\/tags?post=71453"}],"curies":[{"name":"wp","href":"https:\/\/api.w.org\/{rel}","templated":true}]}}