{"id":71462,"date":"2013-05-20T14:30:14","date_gmt":"2013-05-20T13:30:14","guid":{"rendered":"http:\/\/www.visit-ulcinj.com\/blog\/?p=71462"},"modified":"2013-05-20T17:38:26","modified_gmt":"2013-05-20T16:38:26","slug":"milo-dukanovi-nakon-otvaranja-mosta-na-kanalu-port-milena-u-ulcinju-audio","status":"publish","type":"post","link":"https:\/\/www.visit-ulcinj.com\/blog\/2013\/05\/20\/milo-dukanovi-nakon-otvaranja-mosta-na-kanalu-port-milena-u-ulcinju-audio\/","title":{"rendered":"Milo \u0110ukanovi nakon otvaranja mosta na kanalu Port Milena u Ulcinju &#8211; Audio + Foto"},"content":{"rendered":"<p align=\"center\"><b><a href=\"http:\/\/www.visit-ulcinj.com\/blog\/wp-content\/uploads\/2013\/05\/Djukanovic-inaguracija-mosta-Port-Milena-Ulcinj-Brajovic-Cungu.3.jpg\"><img loading=\"lazy\" class=\"alignleft  wp-image-71519\" alt=\"Djukanovic inaguracija mosta Port Milena-Ulcinj - Brajovic-Cungu.3\" src=\"http:\/\/www.visit-ulcinj.com\/blog\/wp-content\/uploads\/2013\/05\/Djukanovic-inaguracija-mosta-Port-Milena-Ulcinj-Brajovic-Cungu.3.jpg\" width=\"508\" height=\"360\" \/><\/a>Transkript pitanja novinara i odgovora predsjednika Vlade Crne Gore Mila \u0110ukanovi\u0107a nakon otvaranja mosta na kanalu Port Milena u Ulcinju<\/b><\/p>\n<p align=\"right\">Ulcinj, 20. Maj 2013.<\/p>\n<p><b>\u00a0<\/b><\/p>\n<p><b>Pitanje novinara: <\/b>Evo gospodine \u0110ukanovi\u0107u, most na Port Mileni po\u010det je u vrijeme krize, ali i zavr\u0161en. Da li vam ovo uliva investicioni optimizam i da li je ovo mo\u017eda nagovje\u0161taj novog investicionog ciklusa u Crnoj Gori?<\/p>\n<p>&nbsp;<\/p>\n<p><b>Premijer \u0110ukanovi\u0107: <\/b>Ovo mi naravno uliva optimizam. Vjerujem da ovo uliva optimizam Crnoj Gori u cjelini. Crna Gora pokazuje sposobnost da i u godinama koje karakteri\u0161e te\u0161ka globalna ekonomska kriza, ipak realizuje one investicione prioritete koji su neophodni da bismo mogli bolje iskoristite sve svoje razvojne resurse. Ovdje je rije\u010d o tome. Kao \u0161to znamo, Ulcinj i Velika pla\u017ea su veliki razvojni resursi Crne Gore i ovo je jedna od va\u017enih infrastrukturnih pretpostavki da bi mogli zainteresovati prave investitore za realizaciju tih projekata. Drago mi je da smo, uprkos finasijskoj konsolidaciji na koju smo bili upu\u0107eni prethodnih mjeseci, smogli snage da izdvojimo sredstva za zavr\u0161ne etape radova na ovom mostu. Od danas mo\u017eemo sa zadovoljstvom da \u010destitamo Ulcinjanima i svima koji \u0107e osjetiti blagodeti izgradnje ovog infrastrukturnog objekta, zavr\u0161etak radova, a ubije\u0111en sam da \u0107emo u ovoj i nadajmo se posebno u narednim godinama, jer treba vjerovati da je kriza ipak u\u0161la u fazu smiraja, da \u0107emo u slede\u0107im godinama biti u prilici da se radujemo izgradnji \u0161to vi\u0161e ovakvih infrastrukturnih i drugih razvojnih objekata u Crnoj Gori.<\/p>\n<p><b>Pitanje novinara: <\/b>Mitropolit Amfilohije je ovih dana preplavio medije svojim izjavama u kojima \u010dak zadire i u pitanje crnogorskog indentiteta i nekih znametih crnogorskih li\u010dnosti. Imate li vi komentar na to?<\/p>\n<p><b>Premijer \u0110ukanovi\u0107: <\/b>Pa imam. Srpska pravoslavna crkva, rekao bih, jo\u0161 uvijek nedovoljno dobro razumije promjene koje se doga\u0111aju na samoj srpskoj ili srbijanskoj politi\u010dkoj i dru\u0161tvenoj sceni. Srpska pravoslavna crkva, kao jedan od stubova pogre\u0161ne dr\u017eavne politike Srbije u prethodnim godinama i decenijama, rekao bih, po inerciji nastavlja da otvara pitanja koja samo mogu da kvare odnese Srbije sa susjedima. Ja sam duboko ubije\u0111en da je prava reakcija stigla od strane dr\u017eavnog rukovodstva Srbije, koje je upozorilo vladike Srpske pravoslavne crkve da ostave politi\u010dka pitanja za one koji su dobili mandat na izborima da vode dr\u017eavnu politiku. Tako da ne bih ni ovom pitanju pridavao zna\u010daj koji bi mogao da dovede do ugro\u017eavanja niti onog \u0161to su tekovine crnogorskog demokratskog razvoja, posebno<b> <\/b>ne tekovine novijih me\u0111udr\u017eavnih odnosa Srbije i Crne Gore. Vjerujem da je Crna Gora izgradila imunitet i za ovakve inicijative i da \u0107e nastaviti da se stabilno demokratski intenzivno razvija, vode\u0107i uvijek ra\u010duna o dobrim me\u0111uetni\u010dkim i me\u0111uvjerskim odnosima i vode\u0107i ra\u010duna o potrebi razvoja najboljih odnosa sa svojim susjedima.<\/p>\n<p><b>Pitanje novinara: <\/b>Da li o\u010dekujete dolazak SDP-ovaca na inauguraciju Predsjednika dr\u017eave?<\/p>\n<p><b>Premijer \u0110ukanovi\u0107: <\/b>Znate, inauguracija je sve\u010dani \u010din u svakoj dr\u017eavi i vjerujem da \u0107e ipak svi ozbiljni politi\u010dki djelatnici tom \u010dinu pristupiti tako. Imali smo izbore, imali smo razli\u010dite stavove o kvalitetima svih kandidata koji su u\u010destvovali na tim izborima. Oni koji jedini imaju neprikosnoveno pravo da odlu\u010de, gra\u0111ani Crne Gore, su odlu\u010dili. Danas imamo regularno i zvani\u010dno izabranog predsjednika Crne Gore. Zna\u010di, danas imamo samo potrebu da poka\u017eemo potreban nivo demokratske i politi\u010dke kulture i da pristupimo \u010dinu uvo\u0111enja u funkciju novog odnosno starog Predsjednika dr\u017eave, gospodina Filipa vujanovi\u0107a. Ja se, kao \u0161to sam vam kazao, uzdam u to da \u0107e ve\u0107ina politi\u010dki odgovornih ljudi u Crnoj Gori na takav na\u010din rezonovati i da \u0107e biti na visini zadatka.<\/p>\n<p><b>Pitanje novinara: <\/b>U vezi KAP-a, kako \u0107e se rije\u0161iti situacija, ho\u0107e li do\u0107i do ga\u0161enja fabrike?<\/p>\n<p><b>Premijer \u0110ukanovi\u0107:\u00a0 <\/b>Ja se nadam da ne. Kao \u0161to znate, stav Vlade na tu temu je poznat. Mi po tom pitanju, rekao bih, dnevno razgovaramo sa drugim zaineresovanim privrednim i politi\u010dkim subjektima u Crnoj Gori. Najintenzivnije razgovaramo sa Parlamentom. O\u010dekujem da \u0107emo ipak do\u0107i do nekog rje\u0161enja, koje \u0107e u osnovi zna\u010diti uvo\u0111enje tog pitanja u one tokove\u00a0 u kojima je ono trebalo stalno i da bude, a to je da ka\u017eem pod de\u017eurni dnevni nadzor Vlade. Da Vladu u\u010dinimo odgovornom za predloge i rje\u0161enja koja \u010dini i da stvorimo uslove da se razrije\u0161e pitanja iz pro\u0161losti u radu KAP-a i stvore pretpostavke\u00a0 za intenziviranje aktivnosti, vjerovatno u budu\u0107nosti i za razvoj aluminijumske djelatnosti u Crnoj Gori, jer vjerujem da na tome mo\u017ee po\u010divati zna\u010dajan dio crnogorskih razvojnih projekcija u neposrednoj budu\u0107nosti.<\/p>\n<p><strong>Izvor: Vlada.me<br \/>\n<\/strong><\/p>\n<p><strong><a href=\"http:\/\/www.gov.me\/vijesti\/122547\/Predsjednik-Vlade-Milo-dukanovic-svecano-otvorio-most-na-kanalu-Port-Milena-u-Ulcinju.html#\">1. Izlaganje predsjednika Vlade Crne Gore Mila \u0110ukanovi\u0107a na sve\u010danom otvaranju mosta na kanalu Port Milena u Ulcinju<\/a><\/strong><\/p>\n<div>\n<table border=\"0\" cellspacing=\"0\" cellpadding=\"0\">\n<tbody>\n<tr>\n<td>\n<table border=\"0\" cellspacing=\"0\" cellpadding=\"0\">\n<tbody>\n<tr>\n<td><strong><a href=\"http:\/\/www.gov.me\/vijesti\/122547\/Predsjednik-Vlade-Milo-dukanovic-svecano-otvorio-most-na-kanalu-Port-Milena-u-Ulcinju.html#\">2 .Izlaganje ministra saobra\u0107aja i pomorstva Ivana Brajovi\u0107a<\/a><\/strong><\/td>\n<\/tr>\n<\/tbody>\n<\/table>\n<\/td>\n<td><\/td>\n<\/tr>\n<\/tbody>\n<\/table>\n<\/div>\n<table border=\"0\" cellspacing=\"0\" cellpadding=\"0\">\n<tbody>\n<tr>\n<td>\n<table border=\"0\" cellspacing=\"0\" cellpadding=\"0\">\n<tbody>\n<tr>\n<td><strong><a href=\"http:\/\/www.gov.me\/vijesti\/122547\/Predsjednik-Vlade-Milo-dukanovic-svecano-otvorio-most-na-kanalu-Port-Milena-u-Ulcinju.html#\">3. Pitanja novinara i odgovori predsjednika Vlade Mila \u0110ukanov<\/a><a href=\"http:\/\/www.gov.me\/vijesti\/122547\/Predsjednik-Vlade-Milo-dukanovic-svecano-otvorio-most-na-kanalu-Port-Milena-u-Ulcinju.html#\">i\u0107a<\/a><\/strong><\/td>\n<\/tr>\n<\/tbody>\n<\/table>\n<\/td>\n<td><\/td>\n<\/tr>\n<\/tbody>\n<\/table>\n\n\t\t<style type=\"text\/css\">\n\t\t\t#gallery-1 {\n\t\t\t\tmargin: auto;\n\t\t\t}\n\t\t\t#gallery-1 .gallery-item {\n\t\t\t\tfloat: left;\n\t\t\t\tmargin-top: 10px;\n\t\t\t\ttext-align: center;\n\t\t\t\twidth: 33%;\n\t\t\t}\n\t\t\t#gallery-1 img {\n\t\t\t\tborder: 2px solid #cfcfcf;\n\t\t\t}\n\t\t\t#gallery-1 .gallery-caption {\n\t\t\t\tmargin-left: 0;\n\t\t\t}\n\t\t\t\/* see gallery_shortcode() in wp-includes\/media.php *\/\n\t\t<\/style>\n\t\t<div id='gallery-1' class='gallery galleryid-71462 gallery-columns-3 gallery-size-thumbnail'><dl class='gallery-item'>\n\t\t\t<dt class='gallery-icon landscape'>\n\t\t\t\t<a href='https:\/\/www.visit-ulcinj.com\/blog\/2013\/05\/20\/kryeministri-gjukanoviq-ne-inagurimin-e-ures-port-milena-video\/djukanovic-inaguracija-mosta-port-milena-ulcinj\/'><img width=\"150\" height=\"150\" src=\"https:\/\/www.visit-ulcinj.com\/blog\/wp-content\/uploads\/2013\/05\/Djukanovic-inaguracija-mosta-Port-Milena-Ulcinj-150x150.jpg\" class=\"attachment-thumbnail size-thumbnail\" alt=\"\" loading=\"lazy\" \/><\/a>\n\t\t\t<\/dt><\/dl><dl class='gallery-item'>\n\t\t\t<dt class='gallery-icon landscape'>\n\t\t\t\t<a href='https:\/\/www.visit-ulcinj.com\/blog\/2013\/05\/20\/kryeministri-gjukanoviq-ne-inagurimin-e-ures-port-milena-video\/djukanovic-inaguracija-mosta-port-milena-ulcinj-1\/'><img width=\"150\" height=\"150\" src=\"https:\/\/www.visit-ulcinj.com\/blog\/wp-content\/uploads\/2013\/05\/Djukanovic-inaguracija-mosta-Port-Milena-Ulcinj.1-150x150.jpg\" class=\"attachment-thumbnail size-thumbnail\" alt=\"\" loading=\"lazy\" \/><\/a>\n\t\t\t<\/dt><\/dl><dl class='gallery-item'>\n\t\t\t<dt class='gallery-icon landscape'>\n\t\t\t\t<a href='https:\/\/www.visit-ulcinj.com\/blog\/2013\/05\/20\/kryeministri-gjukanoviq-ne-inagurimin-e-ures-port-milena-video\/djukanovic-inaguracija-mosta-port-milena-ulcinj-brajovic-cungu\/'><img width=\"150\" height=\"150\" src=\"https:\/\/www.visit-ulcinj.com\/blog\/wp-content\/uploads\/2013\/05\/Djukanovic-inaguracija-mosta-Port-Milena-Ulcinj-Brajovic-Cungu-150x150.jpg\" class=\"attachment-thumbnail size-thumbnail\" alt=\"\" loading=\"lazy\" \/><\/a>\n\t\t\t<\/dt><\/dl><br style=\"clear: both\" \/><dl class='gallery-item'>\n\t\t\t<dt class='gallery-icon landscape'>\n\t\t\t\t<a href='https:\/\/www.visit-ulcinj.com\/blog\/2013\/05\/20\/kryeministri-gjukanoviq-ne-inagurimin-e-ures-port-milena-video\/djukanovic-inaguracija-mosta-port-milena-ulcinj-brajovic-cungu-18\/'><img width=\"150\" height=\"150\" src=\"https:\/\/www.visit-ulcinj.com\/blog\/wp-content\/uploads\/2013\/05\/Djukanovic-inaguracija-mosta-Port-Milena-Ulcinj-Brajovic-Cungu.18-150x150.jpg\" class=\"attachment-thumbnail size-thumbnail\" alt=\"\" loading=\"lazy\" \/><\/a>\n\t\t\t<\/dt><\/dl><dl class='gallery-item'>\n\t\t\t<dt class='gallery-icon landscape'>\n\t\t\t\t<a href='https:\/\/www.visit-ulcinj.com\/blog\/2013\/05\/20\/kryeministri-gjukanoviq-ne-inagurimin-e-ures-port-milena-video\/djukanovic-inaguracija-mosta-port-milena-ulcinj-brajovic-cungu-1\/'><img width=\"150\" height=\"150\" src=\"https:\/\/www.visit-ulcinj.com\/blog\/wp-content\/uploads\/2013\/05\/Djukanovic-inaguracija-mosta-Port-Milena-Ulcinj-Brajovic-Cungu.1-150x150.jpg\" class=\"attachment-thumbnail size-thumbnail\" alt=\"\" loading=\"lazy\" \/><\/a>\n\t\t\t<\/dt><\/dl><dl class='gallery-item'>\n\t\t\t<dt class='gallery-icon landscape'>\n\t\t\t\t<a href='https:\/\/www.visit-ulcinj.com\/blog\/2013\/05\/20\/kryeministri-gjukanoviq-ne-inagurimin-e-ures-port-milena-video\/djukanovic-inaguracija-mosta-port-milena-ulcinj-brajovic-cungu-2\/'><img width=\"150\" height=\"150\" src=\"https:\/\/www.visit-ulcinj.com\/blog\/wp-content\/uploads\/2013\/05\/Djukanovic-inaguracija-mosta-Port-Milena-Ulcinj-Brajovic-Cungu.2-150x150.jpg\" class=\"attachment-thumbnail size-thumbnail\" alt=\"\" loading=\"lazy\" \/><\/a>\n\t\t\t<\/dt><\/dl><br style=\"clear: both\" \/><dl class='gallery-item'>\n\t\t\t<dt class='gallery-icon landscape'>\n\t\t\t\t<a href='https:\/\/www.visit-ulcinj.com\/blog\/2013\/05\/20\/kryeministri-gjukanoviq-ne-inagurimin-e-ures-port-milena-video\/djukanovic-inaguracija-mosta-port-milena-ulcinj-2\/'><img width=\"150\" height=\"150\" src=\"https:\/\/www.visit-ulcinj.com\/blog\/wp-content\/uploads\/2013\/05\/Djukanovic-inaguracija-mosta-Port-Milena-Ulcinj.2-150x150.jpg\" class=\"attachment-thumbnail size-thumbnail\" alt=\"\" loading=\"lazy\" \/><\/a>\n\t\t\t<\/dt><\/dl><dl class='gallery-item'>\n\t\t\t<dt class='gallery-icon landscape'>\n\t\t\t\t<a href='https:\/\/www.visit-ulcinj.com\/blog\/2013\/05\/20\/kryeministri-gjukanoviq-ne-inagurimin-e-ures-port-milena-video\/djukanovic-inaguracija-mosta-port-milena-ulcinj-3\/'><img width=\"150\" height=\"150\" src=\"https:\/\/www.visit-ulcinj.com\/blog\/wp-content\/uploads\/2013\/05\/Djukanovic-inaguracija-mosta-Port-Milena-Ulcinj.3-150x150.jpg\" class=\"attachment-thumbnail size-thumbnail\" alt=\"\" loading=\"lazy\" \/><\/a>\n\t\t\t<\/dt><\/dl><dl class='gallery-item'>\n\t\t\t<dt class='gallery-icon landscape'>\n\t\t\t\t<a href='https:\/\/www.visit-ulcinj.com\/blog\/2013\/05\/20\/kryeministri-gjukanoviq-ne-inagurimin-e-ures-port-milena-video\/djukanovic-inaguracija-mosta-port-milena-ulcinj-brajovic-cungu-3\/'><img width=\"150\" height=\"150\" src=\"https:\/\/www.visit-ulcinj.com\/blog\/wp-content\/uploads\/2013\/05\/Djukanovic-inaguracija-mosta-Port-Milena-Ulcinj-Brajovic-Cungu.3-150x150.jpg\" class=\"attachment-thumbnail size-thumbnail\" alt=\"\" loading=\"lazy\" \/><\/a>\n\t\t\t<\/dt><\/dl><br style=\"clear: both\" \/><dl class='gallery-item'>\n\t\t\t<dt class='gallery-icon portrait'>\n\t\t\t\t<a href='https:\/\/www.visit-ulcinj.com\/blog\/2013\/05\/20\/kryeministri-gjukanoviq-ne-inagurimin-e-ures-port-milena-video\/djukanovic-inaguracija-mosta-port-milena-ulcinj-4\/'><img width=\"150\" height=\"150\" src=\"https:\/\/www.visit-ulcinj.com\/blog\/wp-content\/uploads\/2013\/05\/Djukanovic-inaguracija-mosta-Port-Milena-Ulcinj.4-150x150.jpg\" class=\"attachment-thumbnail size-thumbnail\" alt=\"\" loading=\"lazy\" \/><\/a>\n\t\t\t<\/dt><\/dl><dl class='gallery-item'>\n\t\t\t<dt class='gallery-icon landscape'>\n\t\t\t\t<a href='https:\/\/www.visit-ulcinj.com\/blog\/2013\/05\/20\/kryeministri-gjukanoviq-ne-inagurimin-e-ures-port-milena-video\/djukanovic-inaguracija-mosta-port-milena-ulcinj-5\/'><img width=\"150\" height=\"150\" src=\"https:\/\/www.visit-ulcinj.com\/blog\/wp-content\/uploads\/2013\/05\/Djukanovic-inaguracija-mosta-Port-Milena-Ulcinj.5-150x150.jpg\" class=\"attachment-thumbnail size-thumbnail\" alt=\"\" loading=\"lazy\" \/><\/a>\n\t\t\t<\/dt><\/dl><dl class='gallery-item'>\n\t\t\t<dt class='gallery-icon landscape'>\n\t\t\t\t<a href='https:\/\/www.visit-ulcinj.com\/blog\/2013\/05\/20\/kryeministri-gjukanoviq-ne-inagurimin-e-ures-port-milena-video\/djukanovic-inaguracija-mosta-port-milena-ulcinj-6\/'><img width=\"150\" height=\"150\" src=\"https:\/\/www.visit-ulcinj.com\/blog\/wp-content\/uploads\/2013\/05\/Djukanovic-inaguracija-mosta-Port-Milena-Ulcinj.6-150x150.jpg\" class=\"attachment-thumbnail size-thumbnail\" alt=\"\" loading=\"lazy\" \/><\/a>\n\t\t\t<\/dt><\/dl><br style=\"clear: both\" \/><dl class='gallery-item'>\n\t\t\t<dt class='gallery-icon landscape'>\n\t\t\t\t<a href='https:\/\/www.visit-ulcinj.com\/blog\/2013\/05\/20\/kryeministri-gjukanoviq-ne-inagurimin-e-ures-port-milena-video\/djukanovic-inaguracija-mosta-port-milena-ulcinj-brajovic-cungu-4\/'><img width=\"150\" height=\"150\" src=\"https:\/\/www.visit-ulcinj.com\/blog\/wp-content\/uploads\/2013\/05\/Djukanovic-inaguracija-mosta-Port-Milena-Ulcinj-Brajovic-Cungu.4-150x150.jpg\" class=\"attachment-thumbnail size-thumbnail\" alt=\"\" loading=\"lazy\" \/><\/a>\n\t\t\t<\/dt><\/dl><dl class='gallery-item'>\n\t\t\t<dt class='gallery-icon landscape'>\n\t\t\t\t<a href='https:\/\/www.visit-ulcinj.com\/blog\/2013\/05\/20\/kryeministri-gjukanoviq-ne-inagurimin-e-ures-port-milena-video\/djukanovic-inaguracija-mosta-port-milena-ulcinj-brajovic-cungu-5\/'><img width=\"150\" height=\"150\" src=\"https:\/\/www.visit-ulcinj.com\/blog\/wp-content\/uploads\/2013\/05\/Djukanovic-inaguracija-mosta-Port-Milena-Ulcinj-Brajovic-Cungu.5-150x150.jpg\" class=\"attachment-thumbnail size-thumbnail\" alt=\"\" loading=\"lazy\" \/><\/a>\n\t\t\t<\/dt><\/dl><dl class='gallery-item'>\n\t\t\t<dt class='gallery-icon landscape'>\n\t\t\t\t<a href='https:\/\/www.visit-ulcinj.com\/blog\/2013\/05\/20\/kryeministri-gjukanoviq-ne-inagurimin-e-ures-port-milena-video\/djukanovic-inaguracija-mosta-port-milena-ulcinj-brajovic-cungu-6\/'><img width=\"150\" height=\"150\" src=\"https:\/\/www.visit-ulcinj.com\/blog\/wp-content\/uploads\/2013\/05\/Djukanovic-inaguracija-mosta-Port-Milena-Ulcinj-Brajovic-Cungu.6-150x150.jpg\" class=\"attachment-thumbnail size-thumbnail\" alt=\"\" loading=\"lazy\" \/><\/a>\n\t\t\t<\/dt><\/dl><br style=\"clear: both\" \/><dl class='gallery-item'>\n\t\t\t<dt class='gallery-icon landscape'>\n\t\t\t\t<a href='https:\/\/www.visit-ulcinj.com\/blog\/2013\/05\/20\/kryeministri-gjukanoviq-ne-inagurimin-e-ures-port-milena-video\/djukanovic-inaguracija-mosta-port-milena-ulcinj-brajovic-cungu-7\/'><img width=\"150\" height=\"150\" src=\"https:\/\/www.visit-ulcinj.com\/blog\/wp-content\/uploads\/2013\/05\/Djukanovic-inaguracija-mosta-Port-Milena-Ulcinj-Brajovic-Cungu.7-150x150.jpg\" class=\"attachment-thumbnail size-thumbnail\" alt=\"\" loading=\"lazy\" \/><\/a>\n\t\t\t<\/dt><\/dl><dl class='gallery-item'>\n\t\t\t<dt class='gallery-icon landscape'>\n\t\t\t\t<a href='https:\/\/www.visit-ulcinj.com\/blog\/2013\/05\/20\/kryeministri-gjukanoviq-ne-inagurimin-e-ures-port-milena-video\/djukanovic-inaguracija-mosta-port-milena-ulcinj-brajovic-cungu-8\/'><img width=\"150\" height=\"150\" src=\"https:\/\/www.visit-ulcinj.com\/blog\/wp-content\/uploads\/2013\/05\/Djukanovic-inaguracija-mosta-Port-Milena-Ulcinj-Brajovic-Cungu.8-150x150.jpg\" class=\"attachment-thumbnail size-thumbnail\" alt=\"\" loading=\"lazy\" \/><\/a>\n\t\t\t<\/dt><\/dl><dl class='gallery-item'>\n\t\t\t<dt class='gallery-icon landscape'>\n\t\t\t\t<a href='https:\/\/www.visit-ulcinj.com\/blog\/2013\/05\/20\/kryeministri-gjukanoviq-ne-inagurimin-e-ures-port-milena-video\/djukanovic-inaguracija-mosta-port-milena-ulcinj-brajovic-cungu-9\/'><img width=\"150\" height=\"150\" src=\"https:\/\/www.visit-ulcinj.com\/blog\/wp-content\/uploads\/2013\/05\/Djukanovic-inaguracija-mosta-Port-Milena-Ulcinj-Brajovic-Cungu.9-150x150.jpg\" class=\"attachment-thumbnail size-thumbnail\" alt=\"\" loading=\"lazy\" \/><\/a>\n\t\t\t<\/dt><\/dl><br style=\"clear: both\" \/><dl class='gallery-item'>\n\t\t\t<dt class='gallery-icon landscape'>\n\t\t\t\t<a href='https:\/\/www.visit-ulcinj.com\/blog\/2013\/05\/20\/kryeministri-gjukanoviq-ne-inagurimin-e-ures-port-milena-video\/djukanovic-inaguracija-mosta-port-milena-ulcinj-brajovic-cungu-10\/'><img width=\"150\" height=\"150\" src=\"https:\/\/www.visit-ulcinj.com\/blog\/wp-content\/uploads\/2013\/05\/Djukanovic-inaguracija-mosta-Port-Milena-Ulcinj-Brajovic-Cungu.10-150x150.jpg\" class=\"attachment-thumbnail size-thumbnail\" alt=\"\" loading=\"lazy\" \/><\/a>\n\t\t\t<\/dt><\/dl><dl class='gallery-item'>\n\t\t\t<dt class='gallery-icon landscape'>\n\t\t\t\t<a href='https:\/\/www.visit-ulcinj.com\/blog\/2013\/05\/20\/kryeministri-gjukanoviq-ne-inagurimin-e-ures-port-milena-video\/djukanovic-inaguracija-mosta-port-milena-ulcinj-brajovic-cungu-11\/'><img width=\"150\" height=\"150\" src=\"https:\/\/www.visit-ulcinj.com\/blog\/wp-content\/uploads\/2013\/05\/Djukanovic-inaguracija-mosta-Port-Milena-Ulcinj-Brajovic-Cungu.11-150x150.jpg\" class=\"attachment-thumbnail size-thumbnail\" alt=\"\" loading=\"lazy\" \/><\/a>\n\t\t\t<\/dt><\/dl><dl class='gallery-item'>\n\t\t\t<dt class='gallery-icon landscape'>\n\t\t\t\t<a href='https:\/\/www.visit-ulcinj.com\/blog\/2013\/05\/20\/kryeministri-gjukanoviq-ne-inagurimin-e-ures-port-milena-video\/djukanovic-inaguracija-mosta-port-milena-ulcinj-brajovic-cungu-12\/'><img width=\"150\" height=\"150\" src=\"https:\/\/www.visit-ulcinj.com\/blog\/wp-content\/uploads\/2013\/05\/Djukanovic-inaguracija-mosta-Port-Milena-Ulcinj-Brajovic-Cungu.12-150x150.jpg\" class=\"attachment-thumbnail size-thumbnail\" alt=\"\" loading=\"lazy\" \/><\/a>\n\t\t\t<\/dt><\/dl><br style=\"clear: both\" \/><dl class='gallery-item'>\n\t\t\t<dt class='gallery-icon landscape'>\n\t\t\t\t<a href='https:\/\/www.visit-ulcinj.com\/blog\/2013\/05\/20\/kryeministri-gjukanoviq-ne-inagurimin-e-ures-port-milena-video\/djukanovic-inaguracija-mosta-port-milena-ulcinj-brajovic-cungu-13\/'><img width=\"150\" height=\"150\" src=\"https:\/\/www.visit-ulcinj.com\/blog\/wp-content\/uploads\/2013\/05\/Djukanovic-inaguracija-mosta-Port-Milena-Ulcinj-Brajovic-Cungu.13-150x150.jpg\" class=\"attachment-thumbnail size-thumbnail\" alt=\"\" loading=\"lazy\" \/><\/a>\n\t\t\t<\/dt><\/dl><dl class='gallery-item'>\n\t\t\t<dt class='gallery-icon landscape'>\n\t\t\t\t<a href='https:\/\/www.visit-ulcinj.com\/blog\/2013\/05\/20\/kryeministri-gjukanoviq-ne-inagurimin-e-ures-port-milena-video\/djukanovic-inaguracija-mosta-port-milena-ulcinj-brajovic-cungu-14\/'><img width=\"150\" height=\"150\" src=\"https:\/\/www.visit-ulcinj.com\/blog\/wp-content\/uploads\/2013\/05\/Djukanovic-inaguracija-mosta-Port-Milena-Ulcinj-Brajovic-Cungu.14-150x150.jpg\" class=\"attachment-thumbnail size-thumbnail\" alt=\"\" loading=\"lazy\" \/><\/a>\n\t\t\t<\/dt><\/dl><dl class='gallery-item'>\n\t\t\t<dt class='gallery-icon landscape'>\n\t\t\t\t<a href='https:\/\/www.visit-ulcinj.com\/blog\/2013\/05\/20\/kryeministri-gjukanoviq-ne-inagurimin-e-ures-port-milena-video\/djukanovic-inaguracija-mosta-port-milena-ulcinj-brajovic-cungu-15\/'><img width=\"150\" height=\"150\" src=\"https:\/\/www.visit-ulcinj.com\/blog\/wp-content\/uploads\/2013\/05\/Djukanovic-inaguracija-mosta-Port-Milena-Ulcinj-Brajovic-Cungu.15-150x150.jpg\" class=\"attachment-thumbnail size-thumbnail\" alt=\"\" loading=\"lazy\" \/><\/a>\n\t\t\t<\/dt><\/dl><br style=\"clear: both\" \/><dl class='gallery-item'>\n\t\t\t<dt class='gallery-icon landscape'>\n\t\t\t\t<a href='https:\/\/www.visit-ulcinj.com\/blog\/2013\/05\/20\/kryeministri-gjukanoviq-ne-inagurimin-e-ures-port-milena-video\/djukanovic-inaguracija-mosta-port-milena-ulcinj-brajovic-cungu-16\/'><img width=\"150\" height=\"150\" src=\"https:\/\/www.visit-ulcinj.com\/blog\/wp-content\/uploads\/2013\/05\/Djukanovic-inaguracija-mosta-Port-Milena-Ulcinj-Brajovic-Cungu.16-150x150.jpg\" class=\"attachment-thumbnail size-thumbnail\" alt=\"\" loading=\"lazy\" \/><\/a>\n\t\t\t<\/dt><\/dl><dl class='gallery-item'>\n\t\t\t<dt class='gallery-icon landscape'>\n\t\t\t\t<a href='https:\/\/www.visit-ulcinj.com\/blog\/2013\/05\/20\/kryeministri-gjukanoviq-ne-inagurimin-e-ures-port-milena-video\/djukanovic-inaguracija-mosta-port-milena-ulcinj-brajovic-cungu-17\/'><img width=\"150\" height=\"150\" src=\"https:\/\/www.visit-ulcinj.com\/blog\/wp-content\/uploads\/2013\/05\/Djukanovic-inaguracija-mosta-Port-Milena-Ulcinj-Brajovic-Cungu.17-150x150.jpg\" class=\"attachment-thumbnail size-thumbnail\" alt=\"\" loading=\"lazy\" \/><\/a>\n\t\t\t<\/dt><\/dl>\n\t\t\t<br style='clear: both' \/>\n\t\t<\/div>\n\n","protected":false},"excerpt":{"rendered":"<p>Transkript pitanja novinara i odgovora predsjednika Vlade Crne Gore Mila \u0110ukanovi\u0107a nakon otvaranja mosta na kanalu Port Milena u Ulcinju Ulcinj, 20. Maj 2013. \u00a0 Pitanje novinara: Evo gospodine \u0110ukanovi\u0107u, most na Port Mileni po\u010det je u vrijeme krize, ali i zavr\u0161en. Da li vam ovo uliva investicioni optimizam i da li je ovo mo\u017eda [&hellip;]<\/p>\n","protected":false},"author":1,"featured_media":0,"comment_status":"open","ping_status":"closed","sticky":false,"template":"","format":"standard","meta":{"spay_email":"","jetpack_publicize_message":"","jetpack_is_tweetstorm":false,"jetpack_publicize_feature_enabled":true},"categories":[8337],"tags":[295,19],"jetpack_publicize_connections":[],"yoast_head":"<!-- This site is optimized with the Yoast SEO plugin v19.1 - https:\/\/yoast.com\/wordpress\/plugins\/seo\/ -->\n<title>Milo \u0110ukanovi nakon otvaranja mosta na kanalu Port Milena u Ulcinju - Audio + Foto - Lajme nga Ulqini<\/title>\n<meta name=\"description\" content=\"Transkript pitanja novinara i odgovora predsjednika Vlade Crne Gore Mila \u0110ukanovi\u0107a nakon otvaranja mosta na kanalu Port Milena u Ulcinju Ulcinj, 20. Maj\" \/>\n<meta name=\"robots\" content=\"index, follow, max-snippet:-1, max-image-preview:large, max-video-preview:-1\" \/>\n<link rel=\"canonical\" href=\"https:\/\/www.visit-ulcinj.com\/blog\/2013\/05\/20\/milo-dukanovi-nakon-otvaranja-mosta-na-kanalu-port-milena-u-ulcinju-audio\/\" \/>\n<meta property=\"og:locale\" content=\"en_US\" \/>\n<meta property=\"og:type\" content=\"article\" \/>\n<meta property=\"og:title\" content=\"Milo \u0110ukanovi nakon otvaranja mosta na kanalu Port Milena u Ulcinju - Audio + Foto - Lajme nga Ulqini\" \/>\n<meta property=\"og:description\" content=\"Transkript pitanja novinara i odgovora predsjednika Vlade Crne Gore Mila \u0110ukanovi\u0107a nakon otvaranja mosta na kanalu Port Milena u Ulcinju Ulcinj, 20. Maj\" \/>\n<meta property=\"og:url\" content=\"https:\/\/www.visit-ulcinj.com\/blog\/2013\/05\/20\/milo-dukanovi-nakon-otvaranja-mosta-na-kanalu-port-milena-u-ulcinju-audio\/\" \/>\n<meta property=\"og:site_name\" content=\"Lajme nga Ulqini\" \/>\n<meta property=\"article:published_time\" content=\"2013-05-20T13:30:14+00:00\" \/>\n<meta property=\"article:modified_time\" content=\"2013-05-20T16:38:26+00:00\" \/>\n<meta property=\"og:image\" content=\"https:\/\/www.visit-ulcinj.com\/blog\/wp-content\/uploads\/2013\/05\/Djukanovic-inaguracija-mosta-Port-Milena-Ulcinj-150x150.jpg\" \/>\n<meta name=\"twitter:label1\" content=\"Written by\" \/>\n\t<meta name=\"twitter:data1\" content=\"ulqini\" \/>\n\t<meta name=\"twitter:label2\" content=\"Est. reading time\" \/>\n\t<meta name=\"twitter:data2\" content=\"4 minutes\" \/>\n<script type=\"application\/ld+json\" class=\"yoast-schema-graph\">{\"@context\":\"https:\/\/schema.org\",\"@graph\":[{\"@type\":\"WebSite\",\"@id\":\"https:\/\/www.visit-ulcinj.com\/blog\/#website\",\"url\":\"https:\/\/www.visit-ulcinj.com\/blog\/\",\"name\":\"Lajme nga Ulqini\",\"description\":\"Lajme,Vijesti,Ulqini,Ulqin,Crna Gora,Mali i Zi\",\"potentialAction\":[{\"@type\":\"SearchAction\",\"target\":{\"@type\":\"EntryPoint\",\"urlTemplate\":\"https:\/\/www.visit-ulcinj.com\/blog\/?s={search_term_string}\"},\"query-input\":\"required name=search_term_string\"}],\"inLanguage\":\"en-US\"},{\"@type\":\"ImageObject\",\"inLanguage\":\"en-US\",\"@id\":\"https:\/\/www.visit-ulcinj.com\/blog\/2013\/05\/20\/milo-dukanovi-nakon-otvaranja-mosta-na-kanalu-port-milena-u-ulcinju-audio\/#primaryimage\",\"url\":\"https:\/\/www.visit-ulcinj.com\/blog\/wp-content\/uploads\/2013\/05\/Djukanovic-inaguracija-mosta-Port-Milena-Ulcinj-Brajovic-Cungu.3.jpg\",\"contentUrl\":\"https:\/\/www.visit-ulcinj.com\/blog\/wp-content\/uploads\/2013\/05\/Djukanovic-inaguracija-mosta-Port-Milena-Ulcinj-Brajovic-Cungu.3.jpg\",\"width\":795,\"height\":529},{\"@type\":\"WebPage\",\"@id\":\"https:\/\/www.visit-ulcinj.com\/blog\/2013\/05\/20\/milo-dukanovi-nakon-otvaranja-mosta-na-kanalu-port-milena-u-ulcinju-audio\/#webpage\",\"url\":\"https:\/\/www.visit-ulcinj.com\/blog\/2013\/05\/20\/milo-dukanovi-nakon-otvaranja-mosta-na-kanalu-port-milena-u-ulcinju-audio\/\",\"name\":\"Milo \u0110ukanovi nakon otvaranja mosta na kanalu Port Milena u Ulcinju - Audio + Foto - Lajme nga Ulqini\",\"isPartOf\":{\"@id\":\"https:\/\/www.visit-ulcinj.com\/blog\/#website\"},\"primaryImageOfPage\":{\"@id\":\"https:\/\/www.visit-ulcinj.com\/blog\/2013\/05\/20\/milo-dukanovi-nakon-otvaranja-mosta-na-kanalu-port-milena-u-ulcinju-audio\/#primaryimage\"},\"datePublished\":\"2013-05-20T13:30:14+00:00\",\"dateModified\":\"2013-05-20T16:38:26+00:00\",\"author\":{\"@id\":\"https:\/\/www.visit-ulcinj.com\/blog\/#\/schema\/person\/dcab619c614d3038751c63bc2aadc06d\"},\"description\":\"Transkript pitanja novinara i odgovora predsjednika Vlade Crne Gore Mila \u0110ukanovi\u0107a nakon otvaranja mosta na kanalu Port Milena u Ulcinju Ulcinj, 20. Maj\",\"breadcrumb\":{\"@id\":\"https:\/\/www.visit-ulcinj.com\/blog\/2013\/05\/20\/milo-dukanovi-nakon-otvaranja-mosta-na-kanalu-port-milena-u-ulcinju-audio\/#breadcrumb\"},\"inLanguage\":\"en-US\",\"potentialAction\":[{\"@type\":\"ReadAction\",\"target\":[\"https:\/\/www.visit-ulcinj.com\/blog\/2013\/05\/20\/milo-dukanovi-nakon-otvaranja-mosta-na-kanalu-port-milena-u-ulcinju-audio\/\"]}]},{\"@type\":\"BreadcrumbList\",\"@id\":\"https:\/\/www.visit-ulcinj.com\/blog\/2013\/05\/20\/milo-dukanovi-nakon-otvaranja-mosta-na-kanalu-port-milena-u-ulcinju-audio\/#breadcrumb\",\"itemListElement\":[{\"@type\":\"ListItem\",\"position\":1,\"name\":\"Milo \u0110ukanovi nakon otvaranja mosta na kanalu Port Milena u Ulcinju &#8211; Audio + Foto\"}]},{\"@type\":\"Person\",\"@id\":\"https:\/\/www.visit-ulcinj.com\/blog\/#\/schema\/person\/dcab619c614d3038751c63bc2aadc06d\",\"name\":\"ulqini\",\"sameAs\":[\"http:\/\/www.visit-ulcinj.com\"],\"url\":\"https:\/\/www.visit-ulcinj.com\/blog\/author\/admin\/\"}]}<\/script>\n<!-- \/ Yoast SEO plugin. -->","yoast_head_json":{"title":"Milo \u0110ukanovi nakon otvaranja mosta na kanalu Port Milena u Ulcinju - Audio + Foto - Lajme nga Ulqini","description":"Transkript pitanja novinara i odgovora predsjednika Vlade Crne Gore Mila \u0110ukanovi\u0107a nakon otvaranja mosta na kanalu Port Milena u Ulcinju Ulcinj, 20. Maj","robots":{"index":"index","follow":"follow","max-snippet":"max-snippet:-1","max-image-preview":"max-image-preview:large","max-video-preview":"max-video-preview:-1"},"canonical":"https:\/\/www.visit-ulcinj.com\/blog\/2013\/05\/20\/milo-dukanovi-nakon-otvaranja-mosta-na-kanalu-port-milena-u-ulcinju-audio\/","og_locale":"en_US","og_type":"article","og_title":"Milo \u0110ukanovi nakon otvaranja mosta na kanalu Port Milena u Ulcinju - Audio + Foto - Lajme nga Ulqini","og_description":"Transkript pitanja novinara i odgovora predsjednika Vlade Crne Gore Mila \u0110ukanovi\u0107a nakon otvaranja mosta na kanalu Port Milena u Ulcinju Ulcinj, 20. Maj","og_url":"https:\/\/www.visit-ulcinj.com\/blog\/2013\/05\/20\/milo-dukanovi-nakon-otvaranja-mosta-na-kanalu-port-milena-u-ulcinju-audio\/","og_site_name":"Lajme nga Ulqini","article_published_time":"2013-05-20T13:30:14+00:00","article_modified_time":"2013-05-20T16:38:26+00:00","og_image":[{"url":"https:\/\/www.visit-ulcinj.com\/blog\/wp-content\/uploads\/2013\/05\/Djukanovic-inaguracija-mosta-Port-Milena-Ulcinj-150x150.jpg"}],"twitter_misc":{"Written by":"ulqini","Est. reading time":"4 minutes"},"schema":{"@context":"https:\/\/schema.org","@graph":[{"@type":"WebSite","@id":"https:\/\/www.visit-ulcinj.com\/blog\/#website","url":"https:\/\/www.visit-ulcinj.com\/blog\/","name":"Lajme nga Ulqini","description":"Lajme,Vijesti,Ulqini,Ulqin,Crna Gora,Mali i Zi","potentialAction":[{"@type":"SearchAction","target":{"@type":"EntryPoint","urlTemplate":"https:\/\/www.visit-ulcinj.com\/blog\/?s={search_term_string}"},"query-input":"required name=search_term_string"}],"inLanguage":"en-US"},{"@type":"ImageObject","inLanguage":"en-US","@id":"https:\/\/www.visit-ulcinj.com\/blog\/2013\/05\/20\/milo-dukanovi-nakon-otvaranja-mosta-na-kanalu-port-milena-u-ulcinju-audio\/#primaryimage","url":"https:\/\/www.visit-ulcinj.com\/blog\/wp-content\/uploads\/2013\/05\/Djukanovic-inaguracija-mosta-Port-Milena-Ulcinj-Brajovic-Cungu.3.jpg","contentUrl":"https:\/\/www.visit-ulcinj.com\/blog\/wp-content\/uploads\/2013\/05\/Djukanovic-inaguracija-mosta-Port-Milena-Ulcinj-Brajovic-Cungu.3.jpg","width":795,"height":529},{"@type":"WebPage","@id":"https:\/\/www.visit-ulcinj.com\/blog\/2013\/05\/20\/milo-dukanovi-nakon-otvaranja-mosta-na-kanalu-port-milena-u-ulcinju-audio\/#webpage","url":"https:\/\/www.visit-ulcinj.com\/blog\/2013\/05\/20\/milo-dukanovi-nakon-otvaranja-mosta-na-kanalu-port-milena-u-ulcinju-audio\/","name":"Milo \u0110ukanovi nakon otvaranja mosta na kanalu Port Milena u Ulcinju - Audio + Foto - Lajme nga Ulqini","isPartOf":{"@id":"https:\/\/www.visit-ulcinj.com\/blog\/#website"},"primaryImageOfPage":{"@id":"https:\/\/www.visit-ulcinj.com\/blog\/2013\/05\/20\/milo-dukanovi-nakon-otvaranja-mosta-na-kanalu-port-milena-u-ulcinju-audio\/#primaryimage"},"datePublished":"2013-05-20T13:30:14+00:00","dateModified":"2013-05-20T16:38:26+00:00","author":{"@id":"https:\/\/www.visit-ulcinj.com\/blog\/#\/schema\/person\/dcab619c614d3038751c63bc2aadc06d"},"description":"Transkript pitanja novinara i odgovora predsjednika Vlade Crne Gore Mila \u0110ukanovi\u0107a nakon otvaranja mosta na kanalu Port Milena u Ulcinju Ulcinj, 20. Maj","breadcrumb":{"@id":"https:\/\/www.visit-ulcinj.com\/blog\/2013\/05\/20\/milo-dukanovi-nakon-otvaranja-mosta-na-kanalu-port-milena-u-ulcinju-audio\/#breadcrumb"},"inLanguage":"en-US","potentialAction":[{"@type":"ReadAction","target":["https:\/\/www.visit-ulcinj.com\/blog\/2013\/05\/20\/milo-dukanovi-nakon-otvaranja-mosta-na-kanalu-port-milena-u-ulcinju-audio\/"]}]},{"@type":"BreadcrumbList","@id":"https:\/\/www.visit-ulcinj.com\/blog\/2013\/05\/20\/milo-dukanovi-nakon-otvaranja-mosta-na-kanalu-port-milena-u-ulcinju-audio\/#breadcrumb","itemListElement":[{"@type":"ListItem","position":1,"name":"Milo \u0110ukanovi nakon otvaranja mosta na kanalu Port Milena u Ulcinju &#8211; Audio + Foto"}]},{"@type":"Person","@id":"https:\/\/www.visit-ulcinj.com\/blog\/#\/schema\/person\/dcab619c614d3038751c63bc2aadc06d","name":"ulqini","sameAs":["http:\/\/www.visit-ulcinj.com"],"url":"https:\/\/www.visit-ulcinj.com\/blog\/author\/admin\/"}]}},"jetpack_featured_media_url":"","jetpack_sharing_enabled":true,"jetpack_shortlink":"https:\/\/wp.me\/pe6lTn-iAC","_links":{"self":[{"href":"https:\/\/www.visit-ulcinj.com\/blog\/wp-json\/wp\/v2\/posts\/71462"}],"collection":[{"href":"https:\/\/www.visit-ulcinj.com\/blog\/wp-json\/wp\/v2\/posts"}],"about":[{"href":"https:\/\/www.visit-ulcinj.com\/blog\/wp-json\/wp\/v2\/types\/post"}],"author":[{"embeddable":true,"href":"https:\/\/www.visit-ulcinj.com\/blog\/wp-json\/wp\/v2\/users\/1"}],"replies":[{"embeddable":true,"href":"https:\/\/www.visit-ulcinj.com\/blog\/wp-json\/wp\/v2\/comments?post=71462"}],"version-history":[{"count":7,"href":"https:\/\/www.visit-ulcinj.com\/blog\/wp-json\/wp\/v2\/posts\/71462\/revisions"}],"predecessor-version":[{"id":71535,"href":"https:\/\/www.visit-ulcinj.com\/blog\/wp-json\/wp\/v2\/posts\/71462\/revisions\/71535"}],"wp:attachment":[{"href":"https:\/\/www.visit-ulcinj.com\/blog\/wp-json\/wp\/v2\/media?parent=71462"}],"wp:term":[{"taxonomy":"category","embeddable":true,"href":"https:\/\/www.visit-ulcinj.com\/blog\/wp-json\/wp\/v2\/categories?post=71462"},{"taxonomy":"post_tag","embeddable":true,"href":"https:\/\/www.visit-ulcinj.com\/blog\/wp-json\/wp\/v2\/tags?post=71462"}],"curies":[{"name":"wp","href":"https:\/\/api.w.org\/{rel}","templated":true}]}}