{"id":71468,"date":"2013-05-20T14:46:27","date_gmt":"2013-05-20T13:46:27","guid":{"rendered":"http:\/\/www.visit-ulcinj.com\/blog\/?p=71468"},"modified":"2013-05-20T14:46:27","modified_gmt":"2013-05-20T13:46:27","slug":"fundi-i-monedhave-te-vogla-ne-euro","status":"publish","type":"post","link":"https:\/\/www.visit-ulcinj.com\/blog\/2013\/05\/20\/fundi-i-monedhave-te-vogla-ne-euro\/","title":{"rendered":"Fundi i monedhave t\u00eb vogla n\u00eb \u20acuro?"},"content":{"rendered":"<p><a href=\"http:\/\/www.visit-ulcinj.com\/blog\/wp-content\/uploads\/2013\/05\/1-cents-euro.jpg\"><img loading=\"lazy\" class=\"alignleft  wp-image-71469\" alt=\"1 cents euro\" src=\"http:\/\/www.visit-ulcinj.com\/blog\/wp-content\/uploads\/2013\/05\/1-cents-euro.jpg\" width=\"508\" height=\"302\" \/><\/a>Prerjet 1 dhe 2 cent t\u00eb euros kritikohen p\u00ebr shkak t\u00eb kostove t\u00eb larta t\u00eb prodhimit dhe shp\u00ebrndarjes. P\u00ebr k\u00ebt\u00eb arsye Komisioni i BE-s\u00eb po shqyrton mund\u00ebsin\u00eb e heqjes nga qarkullimi t\u00eb monedhave prej bakri.<\/p>\n<p>N\u00eb k\u00ebto koh\u00ebra krize, po b\u00ebhen gjithnj\u00eb e m\u00eb t\u00eb fort\u00eb z\u00ebrat q\u00eb k\u00ebrkojn\u00eb heqjen e euros. P.sh. nga nj\u00eb parti e re gjermane, \u201cAlternativa p\u00ebr Gjermanin\u00eb\u201d, e cila k\u00ebrkon heqjen sa m\u00eb par\u00eb t\u00eb monedh\u00ebs s\u00eb p\u00ebrbashk\u00ebt.<\/p>\n<p>Komisionerit t\u00eb BE-s\u00eb p\u00ebr politik\u00ebn monetare, Olli Rehn, i duhet t\u00eb shqyrtoj\u00eb aktualisht t\u00eb pakt\u00ebn nj\u00eb heqje t\u00eb pjesshme t\u00eb euros. Jo euron vet\u00eb, por dy prej prerjeve m\u00eb t\u00eb vogla t\u00eb saj: monedhat 1 dhe 2 qindark\u00ebshe. K\u00ebt\u00eb ia kan\u00eb k\u00ebrkuar komisionerit Parlamenti dhe K\u00ebshilli i BE-s\u00eb.<\/p>\n<p>Konkluzioni i Rehn pas anketimeve t\u00eb para me p\u00ebrfaq\u00ebsues t\u00eb ndrysh\u00ebm interesash nga ekonomia dhe politika ishte se: \u201cProdhimi i monedhave 1 dhe 2 cent \u00ebsht\u00eb qart\u00eb nj\u00eb biznes me humbje\u201d.<\/p>\n<p><strong>Monedhat m\u00eb t\u00eb shtrenjta se vlera e tyre nominale<\/strong><\/p>\n<p>Kosto e prodhimit t\u00eb monedhave, t\u00eb cilat n\u00eb brend\u00ebsi jan\u00eb prej hekuri dhe jasht\u00eb prej bakri, tejkalon vler\u00ebn e tyre nominale. Atyre u shtohen edhe kosto t\u00eb konsiderueshme kur monedhat duhet t\u00eb shp\u00ebrndahen n\u00eb tregtin\u00eb me pakic\u00eb. Komisioni i BE-s\u00eb b\u00ebn t\u00eb ditur se diferenca mes kostove t\u00eb prodhimit dhe vler\u00ebs s\u00eb v\u00ebrtet\u00eb nominale t\u00eb monedhave, \u00ebsht\u00eb rritur q\u00eb prej futjes s\u00eb euros n\u00eb mbi 1,4 miliard\u00eb euro.<\/p>\n<p>N\u00eb Finland\u00eb dhe Holand\u00eb, qarkullimi i pagesave pa monedhat 1 dhe 2 cent \u00ebsht\u00eb tashm\u00eb realitet: meqen\u00ebse t\u00eb gjitha \u00e7mimet rrumbullakosen deri n\u00eb pes\u00eb cent, dy prerjet m\u00eb t\u00eb vogla t\u00eb monedh\u00ebs praktikisht kan\u00eb dal\u00eb nga qarkullimi.<\/p>\n<p>P\u00ebr Gjermanin\u00eb nj\u00eb skenar i pap\u00ebrfytyruesh\u00ebm, thot\u00eb Stefan Hertel, z\u00ebdh\u00ebn\u00ebs p\u00ebr shtypin i Shoqat\u00ebs s\u00eb Tregtis\u00eb n\u00eb Gjermani: \u201cKa anketime p\u00ebrkat\u00ebse, edhe nga Banka Federale, q\u00eb tregojn\u00eb se nj\u00eb shumic\u00eb shum\u00eb e madhe konsumator\u00ebsh d\u00ebshiron ruajtjen e monedhave 1 dhe 2 cent\u201d.<\/p>\n<p>Edhe tregtia me pakic\u00eb d\u00ebsh\u00ebron mbetjen e monedhave, qoft\u00eb edhe p\u00ebr faktin se prej vitesh \u00ebsht\u00eb praktik\u00eb q\u00eb p\u00ebr arsye psikologjike, \u00e7mimet t\u00eb ken\u00eb pas presjes dhjetore \u201c99\u201d cent: \u201cKjo nuk do t\u00eb ishte m\u00eb e mundur pa monedhat prej 1 cent\u201d, thot\u00eb Hertel.<\/p>\n<p><strong>Furnizim i shtrenjt\u00eb me para<\/strong><\/p>\n<p>N\u00eb Gjermani p\u00ebrgjegj\u00ebse p\u00ebr shp\u00ebrndarjen e monedhave n\u00eb tregtin\u00eb me pakic\u00eb \u00ebsht\u00eb Banka Federale. Q\u00eb n\u00eb vitin 2002, banka ka reduktuar rrjetin e filialeve t\u00eb saj p\u00ebr t\u00eb reduktuar kostot. Kjo nuk \u00ebsht\u00eb praktike p\u00ebr t\u00eb gjith\u00eb ata tregtar\u00eb t\u00eb cil\u00ebt duhet t&#8217;i marrin vet\u00eb parat\u00eb pran\u00eb Bank\u00ebs Federale.<\/p>\n<p>Carl-Ludwig Thiele, p\u00ebrgjegj\u00ebs n\u00eb bordin drejtues t\u00eb bank\u00ebs p\u00ebr furnizimin me para t\u00eb thata, n\u00eb bised\u00eb me Deutsche Welle-n, e mbron vendimin e bank\u00ebs: \u201cNe si Bundesbank nuk duhet t\u00eb jemi t\u00eb pranish\u00ebm me filiale n\u00eb gjith\u00eb territorin e Republik\u00ebs\u201d.<\/p>\n<p>N\u00eb fund t\u00eb fundit edhe Banka Federale duhet t\u00eb punoj\u00eb me rentabilitet dhe konsumatori final nuk e ka ndjer\u00eb aspak reduktimin e filialeve.<\/p>\n<p>Kritik\u00eb e qart\u00eb ndaj kursit t\u00eb kursimeve t\u00eb Bank\u00ebs Federale vjen nga tregtia me pakic\u00eb. \u201cQysh n\u00eb fillim n\u00eb kemi kritikuar dhe t\u00ebrhequr v\u00ebmendjen se nga mbyllja e filialeve rrug\u00ebt do t\u00eb b\u00ebheshin m\u00eb t\u00eb gjata\u201d, thot\u00eb Hertel. Ve\u00e7 k\u00ebsaj tregtar\u00ebt e pakic\u00ebs kritikojn\u00eb edhe nj\u00eb tjet\u00ebr mas\u00eb t\u00eb Bundesbank, e cila e ka shtrenjtuar sigurimin e parave t\u00eb thata.<\/p>\n<p>Banka Federale pati reaguar q\u00eb n\u00eb 2011 ndaj kostove shum\u00eb t\u00eb larta t\u00eb transportit dhe i jep monedhat euro vet\u00ebm n\u00eb t\u00eb ashtuquajtur \u201ckontejner\u00eb norm\u00eb\u201d. Gjithsej jan\u00eb tet\u00eb kontejner\u00eb norm\u00eb p\u00ebr secil\u00ebn prej prerjeve t\u00eb monedhave. Kontejner\u00ebt norm\u00eb p\u00ebr monedhat e vogla kan\u00eb 2500 euro p\u00ebr monedhat 1 cent dhe 4000 euro p\u00ebr monedhat 2 cent. Nj\u00eb sfid\u00eb e v\u00ebrtet\u00eb p\u00ebr t\u00eb gjith\u00eb tregtar\u00ebt e vegj\u00ebl, pasi porosit\u00eb m\u00eb t\u00eb vogla jan\u00eb t\u00eb mundura vet\u00ebm kundrejt pages\u00ebs.<\/p>\n<p><strong>Qindarkat t\u00eb shtrenjta p\u00ebr tregtin\u00eb me pakic\u00eb<\/strong><\/p>\n<p>Heqja e monedhave 1 dhe 2 cent do t\u00eb ndihmonte mjaft tregtar\u00ebt e vegj\u00ebl, pranon Hertel. Por pavar\u00ebsisht se sa kushton shp\u00ebrndarja e parave t\u00eb thata, Banka Federale nuk ka asnj\u00eb plan t\u00eb heq\u00eb nga qarkullimi prerjet 1 dhe 2 cent p\u00ebr sa koh\u00eb shumica e gjerman\u00ebve nuk e d\u00ebshiron k\u00ebt\u00eb, thot\u00eb Carl-Ludwig Thiele nga Banka Federale.<\/p>\n<p>Pra n\u00ebse komisioneri Rehn gjat\u00eb shqyrtimit t\u00eb tij nuk arrin n\u00eb p\u00ebrfundimin se euro duhet t\u00eb hiqet pjes\u00ebrisht nga qarkullimi, portofol\u00ebt e gjerman\u00ebve dhe evropian\u00ebve do t\u00eb vazhdojn\u00eb t\u00eb jen\u00eb t\u00eb mbushur me monedha bakri. \/DW\/<\/p>\n","protected":false},"excerpt":{"rendered":"<p>Prerjet 1 dhe 2 cent t\u00eb euros kritikohen p\u00ebr shkak t\u00eb kostove t\u00eb larta t\u00eb prodhimit dhe shp\u00ebrndarjes. P\u00ebr k\u00ebt\u00eb arsye Komisioni i BE-s\u00eb po shqyrton mund\u00ebsin\u00eb e heqjes nga qarkullimi t\u00eb monedhave prej bakri. N\u00eb k\u00ebto koh\u00ebra krize, po b\u00ebhen gjithnj\u00eb e m\u00eb t\u00eb fort\u00eb z\u00ebrat q\u00eb k\u00ebrkojn\u00eb heqjen e euros. P.sh. nga nj\u00eb [&hellip;]<\/p>\n","protected":false},"author":1,"featured_media":0,"comment_status":"open","ping_status":"closed","sticky":false,"template":"","format":"standard","meta":{"spay_email":"","jetpack_publicize_message":"","jetpack_is_tweetstorm":false,"jetpack_publicize_feature_enabled":true},"categories":[7],"tags":[],"jetpack_publicize_connections":[],"yoast_head":"<!-- This site is optimized with the Yoast SEO plugin v19.1 - https:\/\/yoast.com\/wordpress\/plugins\/seo\/ -->\n<title>Fundi i monedhave t\u00eb vogla n\u00eb \u20acuro? - Lajme nga Ulqini<\/title>\n<meta name=\"description\" content=\"Prerjet 1 dhe 2 cent t\u00eb euros kritikohen p\u00ebr shkak t\u00eb kostove t\u00eb larta t\u00eb prodhimit dhe shp\u00ebrndarjes. P\u00ebr k\u00ebt\u00eb arsye Komisioni i BE-s\u00eb po shqyrton\" \/>\n<meta name=\"robots\" content=\"index, follow, max-snippet:-1, max-image-preview:large, max-video-preview:-1\" \/>\n<link rel=\"canonical\" href=\"https:\/\/www.visit-ulcinj.com\/blog\/2013\/05\/20\/fundi-i-monedhave-te-vogla-ne-euro\/\" \/>\n<meta property=\"og:locale\" content=\"en_US\" \/>\n<meta property=\"og:type\" content=\"article\" \/>\n<meta property=\"og:title\" content=\"Fundi i monedhave t\u00eb vogla n\u00eb \u20acuro? - Lajme nga Ulqini\" \/>\n<meta property=\"og:description\" content=\"Prerjet 1 dhe 2 cent t\u00eb euros kritikohen p\u00ebr shkak t\u00eb kostove t\u00eb larta t\u00eb prodhimit dhe shp\u00ebrndarjes. P\u00ebr k\u00ebt\u00eb arsye Komisioni i BE-s\u00eb po shqyrton\" \/>\n<meta property=\"og:url\" content=\"https:\/\/www.visit-ulcinj.com\/blog\/2013\/05\/20\/fundi-i-monedhave-te-vogla-ne-euro\/\" \/>\n<meta property=\"og:site_name\" content=\"Lajme nga Ulqini\" \/>\n<meta property=\"article:published_time\" content=\"2013-05-20T13:46:27+00:00\" \/>\n<meta property=\"og:image\" content=\"http:\/\/www.visit-ulcinj.com\/blog\/wp-content\/uploads\/2013\/05\/1-cents-euro.jpg\" \/>\n<meta name=\"twitter:label1\" content=\"Written by\" \/>\n\t<meta name=\"twitter:data1\" content=\"ulqini\" \/>\n\t<meta name=\"twitter:label2\" content=\"Est. reading time\" \/>\n\t<meta name=\"twitter:data2\" content=\"4 minutes\" \/>\n<script type=\"application\/ld+json\" class=\"yoast-schema-graph\">{\"@context\":\"https:\/\/schema.org\",\"@graph\":[{\"@type\":\"WebSite\",\"@id\":\"https:\/\/www.visit-ulcinj.com\/blog\/#website\",\"url\":\"https:\/\/www.visit-ulcinj.com\/blog\/\",\"name\":\"Lajme nga Ulqini\",\"description\":\"Lajme,Vijesti,Ulqini,Ulqin,Crna Gora,Mali i Zi\",\"potentialAction\":[{\"@type\":\"SearchAction\",\"target\":{\"@type\":\"EntryPoint\",\"urlTemplate\":\"https:\/\/www.visit-ulcinj.com\/blog\/?s={search_term_string}\"},\"query-input\":\"required name=search_term_string\"}],\"inLanguage\":\"en-US\"},{\"@type\":\"ImageObject\",\"inLanguage\":\"en-US\",\"@id\":\"https:\/\/www.visit-ulcinj.com\/blog\/2013\/05\/20\/fundi-i-monedhave-te-vogla-ne-euro\/#primaryimage\",\"url\":\"https:\/\/www.visit-ulcinj.com\/blog\/wp-content\/uploads\/2013\/05\/1-cents-euro.jpg\",\"contentUrl\":\"https:\/\/www.visit-ulcinj.com\/blog\/wp-content\/uploads\/2013\/05\/1-cents-euro.jpg\",\"width\":450,\"height\":302},{\"@type\":\"WebPage\",\"@id\":\"https:\/\/www.visit-ulcinj.com\/blog\/2013\/05\/20\/fundi-i-monedhave-te-vogla-ne-euro\/#webpage\",\"url\":\"https:\/\/www.visit-ulcinj.com\/blog\/2013\/05\/20\/fundi-i-monedhave-te-vogla-ne-euro\/\",\"name\":\"Fundi i monedhave t\u00eb vogla n\u00eb \u20acuro? - Lajme nga Ulqini\",\"isPartOf\":{\"@id\":\"https:\/\/www.visit-ulcinj.com\/blog\/#website\"},\"primaryImageOfPage\":{\"@id\":\"https:\/\/www.visit-ulcinj.com\/blog\/2013\/05\/20\/fundi-i-monedhave-te-vogla-ne-euro\/#primaryimage\"},\"datePublished\":\"2013-05-20T13:46:27+00:00\",\"dateModified\":\"2013-05-20T13:46:27+00:00\",\"author\":{\"@id\":\"https:\/\/www.visit-ulcinj.com\/blog\/#\/schema\/person\/dcab619c614d3038751c63bc2aadc06d\"},\"description\":\"Prerjet 1 dhe 2 cent t\u00eb euros kritikohen p\u00ebr shkak t\u00eb kostove t\u00eb larta t\u00eb prodhimit dhe shp\u00ebrndarjes. P\u00ebr k\u00ebt\u00eb arsye Komisioni i BE-s\u00eb po shqyrton\",\"breadcrumb\":{\"@id\":\"https:\/\/www.visit-ulcinj.com\/blog\/2013\/05\/20\/fundi-i-monedhave-te-vogla-ne-euro\/#breadcrumb\"},\"inLanguage\":\"en-US\",\"potentialAction\":[{\"@type\":\"ReadAction\",\"target\":[\"https:\/\/www.visit-ulcinj.com\/blog\/2013\/05\/20\/fundi-i-monedhave-te-vogla-ne-euro\/\"]}]},{\"@type\":\"BreadcrumbList\",\"@id\":\"https:\/\/www.visit-ulcinj.com\/blog\/2013\/05\/20\/fundi-i-monedhave-te-vogla-ne-euro\/#breadcrumb\",\"itemListElement\":[{\"@type\":\"ListItem\",\"position\":1,\"name\":\"Fundi i monedhave t\u00eb vogla n\u00eb \u20acuro?\"}]},{\"@type\":\"Person\",\"@id\":\"https:\/\/www.visit-ulcinj.com\/blog\/#\/schema\/person\/dcab619c614d3038751c63bc2aadc06d\",\"name\":\"ulqini\",\"sameAs\":[\"http:\/\/www.visit-ulcinj.com\"],\"url\":\"https:\/\/www.visit-ulcinj.com\/blog\/author\/admin\/\"}]}<\/script>\n<!-- \/ Yoast SEO plugin. -->","yoast_head_json":{"title":"Fundi i monedhave t\u00eb vogla n\u00eb \u20acuro? - Lajme nga Ulqini","description":"Prerjet 1 dhe 2 cent t\u00eb euros kritikohen p\u00ebr shkak t\u00eb kostove t\u00eb larta t\u00eb prodhimit dhe shp\u00ebrndarjes. P\u00ebr k\u00ebt\u00eb arsye Komisioni i BE-s\u00eb po shqyrton","robots":{"index":"index","follow":"follow","max-snippet":"max-snippet:-1","max-image-preview":"max-image-preview:large","max-video-preview":"max-video-preview:-1"},"canonical":"https:\/\/www.visit-ulcinj.com\/blog\/2013\/05\/20\/fundi-i-monedhave-te-vogla-ne-euro\/","og_locale":"en_US","og_type":"article","og_title":"Fundi i monedhave t\u00eb vogla n\u00eb \u20acuro? - Lajme nga Ulqini","og_description":"Prerjet 1 dhe 2 cent t\u00eb euros kritikohen p\u00ebr shkak t\u00eb kostove t\u00eb larta t\u00eb prodhimit dhe shp\u00ebrndarjes. P\u00ebr k\u00ebt\u00eb arsye Komisioni i BE-s\u00eb po shqyrton","og_url":"https:\/\/www.visit-ulcinj.com\/blog\/2013\/05\/20\/fundi-i-monedhave-te-vogla-ne-euro\/","og_site_name":"Lajme nga Ulqini","article_published_time":"2013-05-20T13:46:27+00:00","og_image":[{"url":"http:\/\/www.visit-ulcinj.com\/blog\/wp-content\/uploads\/2013\/05\/1-cents-euro.jpg"}],"twitter_misc":{"Written by":"ulqini","Est. reading time":"4 minutes"},"schema":{"@context":"https:\/\/schema.org","@graph":[{"@type":"WebSite","@id":"https:\/\/www.visit-ulcinj.com\/blog\/#website","url":"https:\/\/www.visit-ulcinj.com\/blog\/","name":"Lajme nga Ulqini","description":"Lajme,Vijesti,Ulqini,Ulqin,Crna Gora,Mali i Zi","potentialAction":[{"@type":"SearchAction","target":{"@type":"EntryPoint","urlTemplate":"https:\/\/www.visit-ulcinj.com\/blog\/?s={search_term_string}"},"query-input":"required name=search_term_string"}],"inLanguage":"en-US"},{"@type":"ImageObject","inLanguage":"en-US","@id":"https:\/\/www.visit-ulcinj.com\/blog\/2013\/05\/20\/fundi-i-monedhave-te-vogla-ne-euro\/#primaryimage","url":"https:\/\/www.visit-ulcinj.com\/blog\/wp-content\/uploads\/2013\/05\/1-cents-euro.jpg","contentUrl":"https:\/\/www.visit-ulcinj.com\/blog\/wp-content\/uploads\/2013\/05\/1-cents-euro.jpg","width":450,"height":302},{"@type":"WebPage","@id":"https:\/\/www.visit-ulcinj.com\/blog\/2013\/05\/20\/fundi-i-monedhave-te-vogla-ne-euro\/#webpage","url":"https:\/\/www.visit-ulcinj.com\/blog\/2013\/05\/20\/fundi-i-monedhave-te-vogla-ne-euro\/","name":"Fundi i monedhave t\u00eb vogla n\u00eb \u20acuro? - Lajme nga Ulqini","isPartOf":{"@id":"https:\/\/www.visit-ulcinj.com\/blog\/#website"},"primaryImageOfPage":{"@id":"https:\/\/www.visit-ulcinj.com\/blog\/2013\/05\/20\/fundi-i-monedhave-te-vogla-ne-euro\/#primaryimage"},"datePublished":"2013-05-20T13:46:27+00:00","dateModified":"2013-05-20T13:46:27+00:00","author":{"@id":"https:\/\/www.visit-ulcinj.com\/blog\/#\/schema\/person\/dcab619c614d3038751c63bc2aadc06d"},"description":"Prerjet 1 dhe 2 cent t\u00eb euros kritikohen p\u00ebr shkak t\u00eb kostove t\u00eb larta t\u00eb prodhimit dhe shp\u00ebrndarjes. P\u00ebr k\u00ebt\u00eb arsye Komisioni i BE-s\u00eb po shqyrton","breadcrumb":{"@id":"https:\/\/www.visit-ulcinj.com\/blog\/2013\/05\/20\/fundi-i-monedhave-te-vogla-ne-euro\/#breadcrumb"},"inLanguage":"en-US","potentialAction":[{"@type":"ReadAction","target":["https:\/\/www.visit-ulcinj.com\/blog\/2013\/05\/20\/fundi-i-monedhave-te-vogla-ne-euro\/"]}]},{"@type":"BreadcrumbList","@id":"https:\/\/www.visit-ulcinj.com\/blog\/2013\/05\/20\/fundi-i-monedhave-te-vogla-ne-euro\/#breadcrumb","itemListElement":[{"@type":"ListItem","position":1,"name":"Fundi i monedhave t\u00eb vogla n\u00eb \u20acuro?"}]},{"@type":"Person","@id":"https:\/\/www.visit-ulcinj.com\/blog\/#\/schema\/person\/dcab619c614d3038751c63bc2aadc06d","name":"ulqini","sameAs":["http:\/\/www.visit-ulcinj.com"],"url":"https:\/\/www.visit-ulcinj.com\/blog\/author\/admin\/"}]}},"jetpack_featured_media_url":"","jetpack_sharing_enabled":true,"jetpack_shortlink":"https:\/\/wp.me\/pe6lTn-iAI","_links":{"self":[{"href":"https:\/\/www.visit-ulcinj.com\/blog\/wp-json\/wp\/v2\/posts\/71468"}],"collection":[{"href":"https:\/\/www.visit-ulcinj.com\/blog\/wp-json\/wp\/v2\/posts"}],"about":[{"href":"https:\/\/www.visit-ulcinj.com\/blog\/wp-json\/wp\/v2\/types\/post"}],"author":[{"embeddable":true,"href":"https:\/\/www.visit-ulcinj.com\/blog\/wp-json\/wp\/v2\/users\/1"}],"replies":[{"embeddable":true,"href":"https:\/\/www.visit-ulcinj.com\/blog\/wp-json\/wp\/v2\/comments?post=71468"}],"version-history":[{"count":1,"href":"https:\/\/www.visit-ulcinj.com\/blog\/wp-json\/wp\/v2\/posts\/71468\/revisions"}],"predecessor-version":[{"id":71470,"href":"https:\/\/www.visit-ulcinj.com\/blog\/wp-json\/wp\/v2\/posts\/71468\/revisions\/71470"}],"wp:attachment":[{"href":"https:\/\/www.visit-ulcinj.com\/blog\/wp-json\/wp\/v2\/media?parent=71468"}],"wp:term":[{"taxonomy":"category","embeddable":true,"href":"https:\/\/www.visit-ulcinj.com\/blog\/wp-json\/wp\/v2\/categories?post=71468"},{"taxonomy":"post_tag","embeddable":true,"href":"https:\/\/www.visit-ulcinj.com\/blog\/wp-json\/wp\/v2\/tags?post=71468"}],"curies":[{"name":"wp","href":"https:\/\/api.w.org\/{rel}","templated":true}]}}