{"id":71475,"date":"2013-05-20T15:10:03","date_gmt":"2013-05-20T14:10:03","guid":{"rendered":"http:\/\/www.visit-ulcinj.com\/blog\/?p=71475"},"modified":"2013-05-25T18:11:32","modified_gmt":"2013-05-25T17:11:32","slug":"shoqata-ora-organizon-pranvera-ne-ane-te-malit-23-26-maj-2013","status":"publish","type":"post","link":"https:\/\/www.visit-ulcinj.com\/blog\/2013\/05\/20\/shoqata-ora-organizon-pranvera-ne-ane-te-malit-23-26-maj-2013\/","title":{"rendered":"Shoqata ORA \u2013 organizon Pranvera n\u00eb An\u00eb t\u00eb Malit 23 &#8211; 26 maj 2013"},"content":{"rendered":"<p align=\"center\"><b> <a href=\"http:\/\/www.visit-ulcinj.com\/blog\/wp-content\/uploads\/2013\/05\/Programi_manifestimit-PRANVERA-N\u00cb-AN\u00cb-T\u00cb-MALIT-2013.jpg\"><img loading=\"lazy\" class=\"alignleft  wp-image-71476\" alt=\"Programi_manifestimit- PRANVERA N\u00cb AN\u00cb T\u00cb MALIT 2013\" src=\"http:\/\/www.visit-ulcinj.com\/blog\/wp-content\/uploads\/2013\/05\/Programi_manifestimit-PRANVERA-N\u00cb-AN\u00cb-T\u00cb-MALIT-2013.jpg\" width=\"508\" height=\"605\" \/><\/a>PRANVERA N\u00cb AN\u00cb T\u00cb MALIT 2013<\/b><\/p>\n<p>\u00a0\u00a0\u00a0\u00a0\u00a0\u00a0\u00a0\u00a0\u00a0\u00a0\u00a0\u00a0\u00a0\u00a0\u00a0\u00a0\u00a0\u00a0\u00a0\u00a0\u00a0\u00a0\u00a0\u00a0\u00a0\u00a0\u00a0\u00a0\u00a0\u00a0\u00a0\u00a0\u00a0\u00a0\u00a0\u00a0\u00a0\u00a0\u00a0\u00a0\u00a0\u00a0\u00a0\u00a0\u00a0\u00a0\u00a0\u00a0\u00a0\u00a0\u00a0\u00a0\u00a0\u00a0\u00a0\u00a0\u00a0\u00a0\u00a0\u00a0\u00a0\u00a0\u00a0 23-26 maj 2013<\/p>\n<p align=\"center\"><b> \u00a0<\/b><\/p>\n<p align=\"center\"><b> 10 vjet Bashk\u00eb<\/b><\/p>\n<p align=\"center\"><b> \u00a0<\/b><\/p>\n<p><b> Programi: <\/b><\/p>\n<p>&nbsp;<\/p>\n<p><b> E enjte, 23 maj 2013<\/b><\/p>\n<p>&nbsp;<\/p>\n<p>Shfaqja e filmit dokumentar kushtuar 10-vjetorit t\u00eb Manifestimit \u201ePranvera n\u00eb An\u00eb t\u00eb Malit\u201c<\/p>\n<p>Ndarja e flet\u00ebfal\u00ebnderimeve p\u00ebr sponsor\u00ebt<\/p>\n<p>Ekspozit\u00eb e fotografive \u201cPranvera n\u00eb An\u00eb t\u00eb Malit nd\u00ebr vite\u201d<\/p>\n<p>Koktej<\/p>\n<p>(Shkolla fillore \u201cBedri Elezaga\u201d \u2013 Kat\u00ebrkoll\u00eb, ora 20.00)<\/p>\n<p><b> \u00a0<\/b><\/p>\n<p><b> \u00a0<\/b><\/p>\n<p><b> \u00a0<\/b><\/p>\n<p><b> E premte, 24 maj 2013 <\/b><\/p>\n<p>&nbsp;<\/p>\n<p>Shfaqja e monodram\u00ebs \u201cJohan Padan dhe Amerikat\u201d<\/p>\n<p>(Kalaja e Shasit, ora 20.00)<\/p>\n<p><b> \u00a0<\/b><\/p>\n<p><b> E shtun\u00eb, 25 maj 2013<\/b><\/p>\n<p>&nbsp;<\/p>\n<p><b> Dita e sportit<\/b><\/p>\n<p>&nbsp;<\/p>\n<p>Gara n\u00eb vrapim \u00a0\u00a0\u00a0\u00a0\u00a0\u00a0\u00a0\u00a0\u00a0\u00a0 (nisja nga qendra n\u00eb Kat\u00ebrkoll\u00eb, ora 09.00)<\/p>\n<p>Turne n\u00eb ping pong \u00a0\u00a0\u00a0 (Restoranti \u201cKristal\u201d, ora 10.00)<\/p>\n<p>Turne n\u00eb shah \u00a0\u00a0\u00a0\u00a0\u00a0\u00a0\u00a0\u00a0\u00a0\u00a0\u00a0\u00a0 (Restoranti \u201cDiamant\u201d, ora 11.00)<\/p>\n<p>Turne n\u00eb volejboll \u00a0\u00a0\u00a0\u00a0\u00a0 (Stadiumi n\u00eb Shas, ora 11.00)<\/p>\n<p>Turne n\u00eb futboll \u00a0\u00a0\u00a0\u00a0\u00a0\u00a0\u00a0\u00a0 (Stadiumi n\u00eb Shas, ora 15.00)<\/p>\n<p>&nbsp;<\/p>\n<p><b> \u00a0<\/b><\/p>\n<p><b> E diel, 26 maj 2013 <\/b><\/p>\n<p>&nbsp;<\/p>\n<p><b> Dita qendrore e manifestimit <\/b><\/p>\n<p>Gara n\u00eb qitjen e pjatel\u00ebs (n\u00eb bashk\u00ebpunim me NP Ulqini p\u00ebr Ruajtjen dhe Kultivimin e Eg\u00ebrsirave) \u00a0\u00a0\u00a0\u00a0\u00a0\u00a0\u00a0\u00a0\u00a0\u00a0\u00a0\u00a0\u00a0\u00a0\u00a0\u00a0\u00a0\u00a0\u00a0\u00a0\u00a0\u00a0 \u00a0\u00a0\u00a0\u00a0\u00a0\u00a0\u00a0\u00a0\u00a0\u00a0\u00a0 (Stadiumi n\u00eb Shas, ora 8.00)<\/p>\n<p>&nbsp;<\/p>\n<p>Tryez\u00eb e rrumbullak\u00ebt \u201cTrash\u00ebgimia kulturo-historike n\u00eb funksion t\u00eb zhvillimit t\u00eb turizmit n\u00eb An\u00eb t\u00eb Malit\u201d \u00a0\u00a0\u00a0\u00a0\u00a0\u00a0\u00a0\u00a0\u00a0 \u00a0\u00a0\u00a0\u00a0\u00a0\u00a0\u00a0\u00a0\u00a0\u00a0\u00a0\u00a0\u00a0\u00a0\u00a0\u00a0\u00a0\u00a0\u00a0\u00a0\u00a0\u00a0\u00a0 (Restoranti \u201cShasi\u201d, ora 11.00)<\/p>\n<p>&nbsp;<\/p>\n<p>Vizit\u00eb n\u00eb Qytetin e Vjet\u00ebr t\u00eb Shasit dhe n\u00eb lokalitetin ku po zhvillohen g\u00ebrmimet arkeologjike<\/p>\n<p>(Ora 16.00)<\/p>\n<p>&nbsp;<\/p>\n<p>Program kulturoro-zbavit\u00ebs:<\/p>\n<p>&#8211;\u00a0\u00a0\u00a0\u00a0\u00a0\u00a0\u00a0\u00a0\u00a0 Prezantim i etnografis\u00eb s\u00eb An\u00ebs s\u00eb Malit<\/p>\n<p>&#8211;\u00a0\u00a0\u00a0\u00a0\u00a0\u00a0\u00a0\u00a0\u00a0 Muzik\u00eb popullore<\/p>\n<p>&#8211;\u00a0\u00a0\u00a0\u00a0\u00a0\u00a0\u00a0\u00a0\u00a0 Loj\u00ebra popullore<\/p>\n<p>&#8211;\u00a0\u00a0\u00a0\u00a0\u00a0\u00a0\u00a0\u00a0\u00a0 Ushqim tradicional<\/p>\n<p>(Stadiumi i Shasit, ora 17.00)<\/p>\n<p><b> \u00a0<\/b><\/p>\n<p><b> Ju mir\u00ebpresim! <\/b><\/p>\n<p><iframe loading=\"lazy\" width=\"508\" height=\"360\" src=\"http:\/\/www.youtube.com\/embed\/H2dVsEs6kRc\" frameborder=\"0\" allowfullscreen><\/iframe><\/p>\n","protected":false},"excerpt":{"rendered":"<p>PRANVERA N\u00cb AN\u00cb T\u00cb MALIT 2013 \u00a0\u00a0\u00a0\u00a0\u00a0\u00a0\u00a0\u00a0\u00a0\u00a0\u00a0\u00a0\u00a0\u00a0\u00a0\u00a0\u00a0\u00a0\u00a0\u00a0\u00a0\u00a0\u00a0\u00a0\u00a0\u00a0\u00a0\u00a0\u00a0\u00a0\u00a0\u00a0\u00a0\u00a0\u00a0\u00a0\u00a0\u00a0\u00a0\u00a0\u00a0\u00a0\u00a0\u00a0\u00a0\u00a0\u00a0\u00a0\u00a0\u00a0\u00a0\u00a0\u00a0\u00a0\u00a0\u00a0\u00a0\u00a0\u00a0\u00a0\u00a0\u00a0\u00a0 23-26 maj 2013 \u00a0 10 vjet Bashk\u00eb \u00a0 Programi: &nbsp; E enjte, 23 maj 2013 &nbsp; Shfaqja e filmit dokumentar kushtuar 10-vjetorit t\u00eb Manifestimit \u201ePranvera n\u00eb An\u00eb t\u00eb Malit\u201c Ndarja e flet\u00ebfal\u00ebnderimeve p\u00ebr sponsor\u00ebt Ekspozit\u00eb e fotografive \u201cPranvera n\u00eb An\u00eb t\u00eb Malit nd\u00ebr vite\u201d Koktej (Shkolla fillore \u201cBedri [&hellip;]<\/p>\n","protected":false},"author":1,"featured_media":0,"comment_status":"open","ping_status":"closed","sticky":false,"template":"","format":"standard","meta":{"spay_email":"","jetpack_publicize_message":"","jetpack_is_tweetstorm":false,"jetpack_publicize_feature_enabled":true},"categories":[6950],"tags":[21985],"jetpack_publicize_connections":[],"yoast_head":"<!-- This site is optimized with the Yoast SEO plugin v19.1 - https:\/\/yoast.com\/wordpress\/plugins\/seo\/ -->\n<title>Shoqata ORA \u2013 organizon Pranvera n\u00eb An\u00eb t\u00eb Malit 23 - 26 maj 2013 - Lajme nga Ulqini<\/title>\n<meta name=\"description\" content=\"PRANVERA N\u00cb AN\u00cb T\u00cb MALIT 2013 \u00a0\u00a0\u00a0\u00a0\u00a0\u00a0\u00a0\u00a0\u00a0\u00a0\u00a0\u00a0\u00a0\u00a0\u00a0\u00a0\u00a0\u00a0\u00a0\u00a0\u00a0\u00a0\u00a0\u00a0\u00a0\u00a0\u00a0\u00a0\u00a0\u00a0\u00a0\u00a0\u00a0\u00a0\u00a0\u00a0\u00a0\u00a0\u00a0\u00a0\u00a0\u00a0\u00a0\u00a0\u00a0\u00a0\u00a0\u00a0\u00a0\u00a0\u00a0\u00a0\u00a0\u00a0\u00a0\u00a0\u00a0\u00a0\u00a0\u00a0\u00a0\u00a0\u00a0 23-26 maj 2013 \u00a0 10 vjet Bashk\u00eb \u00a0 Programi: &nbsp; E enjte,\" \/>\n<meta name=\"robots\" content=\"index, follow, max-snippet:-1, max-image-preview:large, max-video-preview:-1\" \/>\n<link rel=\"canonical\" href=\"https:\/\/www.visit-ulcinj.com\/blog\/2013\/05\/20\/shoqata-ora-organizon-pranvera-ne-ane-te-malit-23-26-maj-2013\/\" \/>\n<meta property=\"og:locale\" content=\"en_US\" \/>\n<meta property=\"og:type\" content=\"article\" \/>\n<meta property=\"og:title\" content=\"Shoqata ORA \u2013 organizon Pranvera n\u00eb An\u00eb t\u00eb Malit 23 - 26 maj 2013 - Lajme nga Ulqini\" \/>\n<meta property=\"og:description\" content=\"PRANVERA N\u00cb AN\u00cb T\u00cb MALIT 2013 \u00a0\u00a0\u00a0\u00a0\u00a0\u00a0\u00a0\u00a0\u00a0\u00a0\u00a0\u00a0\u00a0\u00a0\u00a0\u00a0\u00a0\u00a0\u00a0\u00a0\u00a0\u00a0\u00a0\u00a0\u00a0\u00a0\u00a0\u00a0\u00a0\u00a0\u00a0\u00a0\u00a0\u00a0\u00a0\u00a0\u00a0\u00a0\u00a0\u00a0\u00a0\u00a0\u00a0\u00a0\u00a0\u00a0\u00a0\u00a0\u00a0\u00a0\u00a0\u00a0\u00a0\u00a0\u00a0\u00a0\u00a0\u00a0\u00a0\u00a0\u00a0\u00a0\u00a0 23-26 maj 2013 \u00a0 10 vjet Bashk\u00eb \u00a0 Programi: &nbsp; E enjte,\" \/>\n<meta property=\"og:url\" content=\"https:\/\/www.visit-ulcinj.com\/blog\/2013\/05\/20\/shoqata-ora-organizon-pranvera-ne-ane-te-malit-23-26-maj-2013\/\" \/>\n<meta property=\"og:site_name\" content=\"Lajme nga Ulqini\" \/>\n<meta property=\"article:published_time\" content=\"2013-05-20T14:10:03+00:00\" \/>\n<meta property=\"article:modified_time\" content=\"2013-05-25T17:11:32+00:00\" \/>\n<meta name=\"twitter:label1\" content=\"Written by\" \/>\n\t<meta name=\"twitter:data1\" content=\"ulqini\" \/>\n\t<meta name=\"twitter:label2\" content=\"Est. reading time\" \/>\n\t<meta name=\"twitter:data2\" content=\"1 minute\" \/>\n<script type=\"application\/ld+json\" class=\"yoast-schema-graph\">{\"@context\":\"https:\/\/schema.org\",\"@graph\":[{\"@type\":\"WebSite\",\"@id\":\"https:\/\/www.visit-ulcinj.com\/blog\/#website\",\"url\":\"https:\/\/www.visit-ulcinj.com\/blog\/\",\"name\":\"Lajme nga Ulqini\",\"description\":\"Lajme,Vijesti,Ulqini,Ulqin,Crna Gora,Mali i Zi\",\"potentialAction\":[{\"@type\":\"SearchAction\",\"target\":{\"@type\":\"EntryPoint\",\"urlTemplate\":\"https:\/\/www.visit-ulcinj.com\/blog\/?s={search_term_string}\"},\"query-input\":\"required name=search_term_string\"}],\"inLanguage\":\"en-US\"},{\"@type\":\"WebPage\",\"@id\":\"https:\/\/www.visit-ulcinj.com\/blog\/2013\/05\/20\/shoqata-ora-organizon-pranvera-ne-ane-te-malit-23-26-maj-2013\/#webpage\",\"url\":\"https:\/\/www.visit-ulcinj.com\/blog\/2013\/05\/20\/shoqata-ora-organizon-pranvera-ne-ane-te-malit-23-26-maj-2013\/\",\"name\":\"Shoqata ORA \u2013 organizon Pranvera n\u00eb An\u00eb t\u00eb Malit 23 - 26 maj 2013 - Lajme nga Ulqini\",\"isPartOf\":{\"@id\":\"https:\/\/www.visit-ulcinj.com\/blog\/#website\"},\"datePublished\":\"2013-05-20T14:10:03+00:00\",\"dateModified\":\"2013-05-25T17:11:32+00:00\",\"author\":{\"@id\":\"https:\/\/www.visit-ulcinj.com\/blog\/#\/schema\/person\/dcab619c614d3038751c63bc2aadc06d\"},\"description\":\"PRANVERA N\u00cb AN\u00cb T\u00cb MALIT 2013 \u00a0\u00a0\u00a0\u00a0\u00a0\u00a0\u00a0\u00a0\u00a0\u00a0\u00a0\u00a0\u00a0\u00a0\u00a0\u00a0\u00a0\u00a0\u00a0\u00a0\u00a0\u00a0\u00a0\u00a0\u00a0\u00a0\u00a0\u00a0\u00a0\u00a0\u00a0\u00a0\u00a0\u00a0\u00a0\u00a0\u00a0\u00a0\u00a0\u00a0\u00a0\u00a0\u00a0\u00a0\u00a0\u00a0\u00a0\u00a0\u00a0\u00a0\u00a0\u00a0\u00a0\u00a0\u00a0\u00a0\u00a0\u00a0\u00a0\u00a0\u00a0\u00a0\u00a0 23-26 maj 2013 \u00a0 10 vjet Bashk\u00eb \u00a0 Programi: &nbsp; E enjte,\",\"breadcrumb\":{\"@id\":\"https:\/\/www.visit-ulcinj.com\/blog\/2013\/05\/20\/shoqata-ora-organizon-pranvera-ne-ane-te-malit-23-26-maj-2013\/#breadcrumb\"},\"inLanguage\":\"en-US\",\"potentialAction\":[{\"@type\":\"ReadAction\",\"target\":[\"https:\/\/www.visit-ulcinj.com\/blog\/2013\/05\/20\/shoqata-ora-organizon-pranvera-ne-ane-te-malit-23-26-maj-2013\/\"]}]},{\"@type\":\"BreadcrumbList\",\"@id\":\"https:\/\/www.visit-ulcinj.com\/blog\/2013\/05\/20\/shoqata-ora-organizon-pranvera-ne-ane-te-malit-23-26-maj-2013\/#breadcrumb\",\"itemListElement\":[{\"@type\":\"ListItem\",\"position\":1,\"name\":\"Shoqata ORA \u2013 organizon Pranvera n\u00eb An\u00eb t\u00eb Malit 23 &#8211; 26 maj 2013\"}]},{\"@type\":\"Person\",\"@id\":\"https:\/\/www.visit-ulcinj.com\/blog\/#\/schema\/person\/dcab619c614d3038751c63bc2aadc06d\",\"name\":\"ulqini\",\"sameAs\":[\"http:\/\/www.visit-ulcinj.com\"],\"url\":\"https:\/\/www.visit-ulcinj.com\/blog\/author\/admin\/\"}]}<\/script>\n<!-- \/ Yoast SEO plugin. -->","yoast_head_json":{"title":"Shoqata ORA \u2013 organizon Pranvera n\u00eb An\u00eb t\u00eb Malit 23 - 26 maj 2013 - Lajme nga Ulqini","description":"PRANVERA N\u00cb AN\u00cb T\u00cb MALIT 2013 \u00a0\u00a0\u00a0\u00a0\u00a0\u00a0\u00a0\u00a0\u00a0\u00a0\u00a0\u00a0\u00a0\u00a0\u00a0\u00a0\u00a0\u00a0\u00a0\u00a0\u00a0\u00a0\u00a0\u00a0\u00a0\u00a0\u00a0\u00a0\u00a0\u00a0\u00a0\u00a0\u00a0\u00a0\u00a0\u00a0\u00a0\u00a0\u00a0\u00a0\u00a0\u00a0\u00a0\u00a0\u00a0\u00a0\u00a0\u00a0\u00a0\u00a0\u00a0\u00a0\u00a0\u00a0\u00a0\u00a0\u00a0\u00a0\u00a0\u00a0\u00a0\u00a0\u00a0 23-26 maj 2013 \u00a0 10 vjet Bashk\u00eb \u00a0 Programi: &nbsp; E enjte,","robots":{"index":"index","follow":"follow","max-snippet":"max-snippet:-1","max-image-preview":"max-image-preview:large","max-video-preview":"max-video-preview:-1"},"canonical":"https:\/\/www.visit-ulcinj.com\/blog\/2013\/05\/20\/shoqata-ora-organizon-pranvera-ne-ane-te-malit-23-26-maj-2013\/","og_locale":"en_US","og_type":"article","og_title":"Shoqata ORA \u2013 organizon Pranvera n\u00eb An\u00eb t\u00eb Malit 23 - 26 maj 2013 - Lajme nga Ulqini","og_description":"PRANVERA N\u00cb AN\u00cb T\u00cb MALIT 2013 \u00a0\u00a0\u00a0\u00a0\u00a0\u00a0\u00a0\u00a0\u00a0\u00a0\u00a0\u00a0\u00a0\u00a0\u00a0\u00a0\u00a0\u00a0\u00a0\u00a0\u00a0\u00a0\u00a0\u00a0\u00a0\u00a0\u00a0\u00a0\u00a0\u00a0\u00a0\u00a0\u00a0\u00a0\u00a0\u00a0\u00a0\u00a0\u00a0\u00a0\u00a0\u00a0\u00a0\u00a0\u00a0\u00a0\u00a0\u00a0\u00a0\u00a0\u00a0\u00a0\u00a0\u00a0\u00a0\u00a0\u00a0\u00a0\u00a0\u00a0\u00a0\u00a0\u00a0 23-26 maj 2013 \u00a0 10 vjet Bashk\u00eb \u00a0 Programi: &nbsp; E enjte,","og_url":"https:\/\/www.visit-ulcinj.com\/blog\/2013\/05\/20\/shoqata-ora-organizon-pranvera-ne-ane-te-malit-23-26-maj-2013\/","og_site_name":"Lajme nga Ulqini","article_published_time":"2013-05-20T14:10:03+00:00","article_modified_time":"2013-05-25T17:11:32+00:00","twitter_misc":{"Written by":"ulqini","Est. reading time":"1 minute"},"schema":{"@context":"https:\/\/schema.org","@graph":[{"@type":"WebSite","@id":"https:\/\/www.visit-ulcinj.com\/blog\/#website","url":"https:\/\/www.visit-ulcinj.com\/blog\/","name":"Lajme nga Ulqini","description":"Lajme,Vijesti,Ulqini,Ulqin,Crna Gora,Mali i Zi","potentialAction":[{"@type":"SearchAction","target":{"@type":"EntryPoint","urlTemplate":"https:\/\/www.visit-ulcinj.com\/blog\/?s={search_term_string}"},"query-input":"required name=search_term_string"}],"inLanguage":"en-US"},{"@type":"WebPage","@id":"https:\/\/www.visit-ulcinj.com\/blog\/2013\/05\/20\/shoqata-ora-organizon-pranvera-ne-ane-te-malit-23-26-maj-2013\/#webpage","url":"https:\/\/www.visit-ulcinj.com\/blog\/2013\/05\/20\/shoqata-ora-organizon-pranvera-ne-ane-te-malit-23-26-maj-2013\/","name":"Shoqata ORA \u2013 organizon Pranvera n\u00eb An\u00eb t\u00eb Malit 23 - 26 maj 2013 - Lajme nga Ulqini","isPartOf":{"@id":"https:\/\/www.visit-ulcinj.com\/blog\/#website"},"datePublished":"2013-05-20T14:10:03+00:00","dateModified":"2013-05-25T17:11:32+00:00","author":{"@id":"https:\/\/www.visit-ulcinj.com\/blog\/#\/schema\/person\/dcab619c614d3038751c63bc2aadc06d"},"description":"PRANVERA N\u00cb AN\u00cb T\u00cb MALIT 2013 \u00a0\u00a0\u00a0\u00a0\u00a0\u00a0\u00a0\u00a0\u00a0\u00a0\u00a0\u00a0\u00a0\u00a0\u00a0\u00a0\u00a0\u00a0\u00a0\u00a0\u00a0\u00a0\u00a0\u00a0\u00a0\u00a0\u00a0\u00a0\u00a0\u00a0\u00a0\u00a0\u00a0\u00a0\u00a0\u00a0\u00a0\u00a0\u00a0\u00a0\u00a0\u00a0\u00a0\u00a0\u00a0\u00a0\u00a0\u00a0\u00a0\u00a0\u00a0\u00a0\u00a0\u00a0\u00a0\u00a0\u00a0\u00a0\u00a0\u00a0\u00a0\u00a0\u00a0 23-26 maj 2013 \u00a0 10 vjet Bashk\u00eb \u00a0 Programi: &nbsp; E enjte,","breadcrumb":{"@id":"https:\/\/www.visit-ulcinj.com\/blog\/2013\/05\/20\/shoqata-ora-organizon-pranvera-ne-ane-te-malit-23-26-maj-2013\/#breadcrumb"},"inLanguage":"en-US","potentialAction":[{"@type":"ReadAction","target":["https:\/\/www.visit-ulcinj.com\/blog\/2013\/05\/20\/shoqata-ora-organizon-pranvera-ne-ane-te-malit-23-26-maj-2013\/"]}]},{"@type":"BreadcrumbList","@id":"https:\/\/www.visit-ulcinj.com\/blog\/2013\/05\/20\/shoqata-ora-organizon-pranvera-ne-ane-te-malit-23-26-maj-2013\/#breadcrumb","itemListElement":[{"@type":"ListItem","position":1,"name":"Shoqata ORA \u2013 organizon Pranvera n\u00eb An\u00eb t\u00eb Malit 23 &#8211; 26 maj 2013"}]},{"@type":"Person","@id":"https:\/\/www.visit-ulcinj.com\/blog\/#\/schema\/person\/dcab619c614d3038751c63bc2aadc06d","name":"ulqini","sameAs":["http:\/\/www.visit-ulcinj.com"],"url":"https:\/\/www.visit-ulcinj.com\/blog\/author\/admin\/"}]}},"jetpack_featured_media_url":"","jetpack_sharing_enabled":true,"jetpack_shortlink":"https:\/\/wp.me\/pe6lTn-iAP","_links":{"self":[{"href":"https:\/\/www.visit-ulcinj.com\/blog\/wp-json\/wp\/v2\/posts\/71475"}],"collection":[{"href":"https:\/\/www.visit-ulcinj.com\/blog\/wp-json\/wp\/v2\/posts"}],"about":[{"href":"https:\/\/www.visit-ulcinj.com\/blog\/wp-json\/wp\/v2\/types\/post"}],"author":[{"embeddable":true,"href":"https:\/\/www.visit-ulcinj.com\/blog\/wp-json\/wp\/v2\/users\/1"}],"replies":[{"embeddable":true,"href":"https:\/\/www.visit-ulcinj.com\/blog\/wp-json\/wp\/v2\/comments?post=71475"}],"version-history":[{"count":3,"href":"https:\/\/www.visit-ulcinj.com\/blog\/wp-json\/wp\/v2\/posts\/71475\/revisions"}],"predecessor-version":[{"id":71672,"href":"https:\/\/www.visit-ulcinj.com\/blog\/wp-json\/wp\/v2\/posts\/71475\/revisions\/71672"}],"wp:attachment":[{"href":"https:\/\/www.visit-ulcinj.com\/blog\/wp-json\/wp\/v2\/media?parent=71475"}],"wp:term":[{"taxonomy":"category","embeddable":true,"href":"https:\/\/www.visit-ulcinj.com\/blog\/wp-json\/wp\/v2\/categories?post=71475"},{"taxonomy":"post_tag","embeddable":true,"href":"https:\/\/www.visit-ulcinj.com\/blog\/wp-json\/wp\/v2\/tags?post=71475"}],"curies":[{"name":"wp","href":"https:\/\/api.w.org\/{rel}","templated":true}]}}