{"id":71482,"date":"2013-05-20T15:40:06","date_gmt":"2013-05-20T14:40:06","guid":{"rendered":"http:\/\/www.visit-ulcinj.com\/blog\/?p=71482"},"modified":"2013-05-21T14:19:36","modified_gmt":"2013-05-21T13:19:36","slug":"milo-dukanovic-otvorio-most-na-port-mileni","status":"publish","type":"post","link":"https:\/\/www.visit-ulcinj.com\/blog\/2013\/05\/20\/milo-dukanovic-otvorio-most-na-port-mileni\/","title":{"rendered":"Milo \u0110ukanovi\u0107 otvorio most na Port Mileni + Foto + Video"},"content":{"rendered":"<div id=\"article_text\">\n<div id=\"attachment_71484\" style=\"width: 518px\" class=\"wp-caption alignleft\"><a href=\"http:\/\/www.visit-ulcinj.com\/blog\/wp-content\/uploads\/2013\/05\/Inaguracija-mosta-na-port-mileni.jpg\"><img aria-describedby=\"caption-attachment-71484\" loading=\"lazy\" class=\" wp-image-71484\" alt=\"Inaguracija mosta na port mileni\" src=\"http:\/\/www.visit-ulcinj.com\/blog\/wp-content\/uploads\/2013\/05\/Inaguracija-mosta-na-port-mileni.jpg\" width=\"508\" height=\"360\" \/><\/a><p id=\"caption-attachment-71484\" class=\"wp-caption-text\">Foto: Samir Adrovi\u0107<\/p><\/div>\n<p>Ulcinj i Velika pla\u017ea su veliki razvojni resursi Crne Gore i most na Port Mileni je jedna od va\u017enih infrastrukturnih pretpostavki da se zainteresuju pravi investitori za realizaciju tih projekata, ocijenio je premijer Milo \u0110ukanovi\u0107.<\/p>\n<p>On vjeruje da zavr\u0161etak mosta, vrijednog 3,9 miliona eura, uliva optimizam Crnoj Gori u cjelini.<\/p>\n<p>&#8220;Crna Gora pokazuje sposobnost da i u godinama koje karakteri\u0161e te\u0161ka globalna ekonomska kriza, ipak realizuje one investicione prioritete koji su neophodni da bismo mogli bolje iskoristite sve razvojne resurse. Drago mi je da smo, uprkos finansijskoj konsolidaciji na koju smo bili upu\u0107eni prethodnih mjeseci, smogli snage da izdvojimo sredstva za zavr\u0161ne etape radova na ovom mostu&#8221;, rekao je \u0110ukanovi\u0107 na otvaranju mosta.<\/p>\n<p>On je kazao da je ubije\u0111en da \u0107e gra\u0111ani u ovoj i posebno u narednim godinama, biti u prilici da se raduju izgradnji \u0161to vi\u0161e ovakvih infrastrukturnih i drugih razvojnih objekata u Crnoj Gori jer treba vjerovati da je kriza ipak u\u0161la u fazu smiraja.<\/p>\n<p>Most, duga\u010dak 350 metara i \u0161irok 20,3 metra, trebalo bi zna\u010dajno da rastereti saobra\u0107aj u ulcinjskoj op\u0161tini.<\/p>\n<p>Most \u0107e povezati ve\u0107 izgra\u0111eni bulevar u Ulcinju sa putem za \u0160toj, odnosno Adu Bojanu.<\/p>\n<p>Gradnja mosta, sa \u010detiri trake za vozila, razdjelnim ostrvom i trakama za pje\u0161ake, bila je povjerena slovena\u010dkoj firmi Primorje, koja je sredinom pro\u0161le godine odustala od projekta zbog finansijskih problema i uvo\u0111enja ste\u010daja. Zavr\u0161ne radove su, nakon toga, izveli podizvo\u0111a\u010di, predvo\u0111eni firmama Bemaks i Metalac.<\/p>\n<p>Gradnja mosta na Port Mileni po\u010dela je krajem oktobra 2010. godine, dok je ugovoreni rok za zavr\u0161etak radova bio 15. jun pro\u0161le godine. Projekat je realizovan u skladu sa dinami\u010dkim planom sve do aprila pro\u0161le godine, kada je zbog obaveza prema bankama u Primorju najprije najavljen, a zatim u junu i uveden ste\u010daj.<\/p>\n<p>Radovi na mostu privremeno su obustavljeni, nakon \u0161to je izvo\u0111a\u010d oti\u0161ao pod ste\u010daj. Raskidom ugovora Direkcija za saobra\u0107aj naplatila je bankovnu garanciju od 695 hiljada eura, tako da je gradnja na Port Mileni nastavljena u septembru pro\u0161le godine, na osnovu zaklju\u010daka Vlade, kojima je odobreno da podizvo\u0111a\u010di zavr\u0161e preostale radove.<\/p>\n<p>&nbsp;<\/p>\n<\/div>\n<h4>\u00a0Izvor: Mina Business<br \/>\nVijesti Online<br \/>\n<iframe loading=\"lazy\" width=\"508\" height=\"360\" src=\"http:\/\/www.youtube.com\/embed\/K24eWCiju_M\" frameborder=\"0\" allowfullscreen><\/iframe><br \/>\n\n\t\t<style type=\"text\/css\">\n\t\t\t#gallery-1 {\n\t\t\t\tmargin: auto;\n\t\t\t}\n\t\t\t#gallery-1 .gallery-item {\n\t\t\t\tfloat: left;\n\t\t\t\tmargin-top: 10px;\n\t\t\t\ttext-align: center;\n\t\t\t\twidth: 33%;\n\t\t\t}\n\t\t\t#gallery-1 img {\n\t\t\t\tborder: 2px solid #cfcfcf;\n\t\t\t}\n\t\t\t#gallery-1 .gallery-caption {\n\t\t\t\tmargin-left: 0;\n\t\t\t}\n\t\t\t\/* see gallery_shortcode() in wp-includes\/media.php *\/\n\t\t<\/style>\n\t\t<div id='gallery-1' class='gallery galleryid-71482 gallery-columns-3 gallery-size-thumbnail'><dl class='gallery-item'>\n\t\t\t<dt class='gallery-icon landscape'>\n\t\t\t\t<a href='https:\/\/www.visit-ulcinj.com\/blog\/2013\/05\/20\/kryeministri-gjukanoviq-ne-inagurimin-e-ures-port-milena-video\/djukanovic-inaguracija-mosta-port-milena-ulcinj\/'><img width=\"150\" height=\"150\" src=\"https:\/\/www.visit-ulcinj.com\/blog\/wp-content\/uploads\/2013\/05\/Djukanovic-inaguracija-mosta-Port-Milena-Ulcinj-150x150.jpg\" class=\"attachment-thumbnail size-thumbnail\" alt=\"\" loading=\"lazy\" \/><\/a>\n\t\t\t<\/dt><\/dl><dl class='gallery-item'>\n\t\t\t<dt class='gallery-icon landscape'>\n\t\t\t\t<a href='https:\/\/www.visit-ulcinj.com\/blog\/2013\/05\/20\/kryeministri-gjukanoviq-ne-inagurimin-e-ures-port-milena-video\/djukanovic-inaguracija-mosta-port-milena-ulcinj-1\/'><img width=\"150\" height=\"150\" src=\"https:\/\/www.visit-ulcinj.com\/blog\/wp-content\/uploads\/2013\/05\/Djukanovic-inaguracija-mosta-Port-Milena-Ulcinj.1-150x150.jpg\" class=\"attachment-thumbnail size-thumbnail\" alt=\"\" loading=\"lazy\" \/><\/a>\n\t\t\t<\/dt><\/dl><dl class='gallery-item'>\n\t\t\t<dt class='gallery-icon landscape'>\n\t\t\t\t<a href='https:\/\/www.visit-ulcinj.com\/blog\/2013\/05\/20\/kryeministri-gjukanoviq-ne-inagurimin-e-ures-port-milena-video\/djukanovic-inaguracija-mosta-port-milena-ulcinj-brajovic-cungu\/'><img width=\"150\" height=\"150\" src=\"https:\/\/www.visit-ulcinj.com\/blog\/wp-content\/uploads\/2013\/05\/Djukanovic-inaguracija-mosta-Port-Milena-Ulcinj-Brajovic-Cungu-150x150.jpg\" class=\"attachment-thumbnail size-thumbnail\" alt=\"\" loading=\"lazy\" \/><\/a>\n\t\t\t<\/dt><\/dl><br style=\"clear: both\" \/><dl class='gallery-item'>\n\t\t\t<dt class='gallery-icon landscape'>\n\t\t\t\t<a href='https:\/\/www.visit-ulcinj.com\/blog\/2013\/05\/20\/kryeministri-gjukanoviq-ne-inagurimin-e-ures-port-milena-video\/djukanovic-inaguracija-mosta-port-milena-ulcinj-brajovic-cungu-18\/'><img width=\"150\" height=\"150\" src=\"https:\/\/www.visit-ulcinj.com\/blog\/wp-content\/uploads\/2013\/05\/Djukanovic-inaguracija-mosta-Port-Milena-Ulcinj-Brajovic-Cungu.18-150x150.jpg\" class=\"attachment-thumbnail size-thumbnail\" alt=\"\" loading=\"lazy\" \/><\/a>\n\t\t\t<\/dt><\/dl><dl class='gallery-item'>\n\t\t\t<dt class='gallery-icon landscape'>\n\t\t\t\t<a href='https:\/\/www.visit-ulcinj.com\/blog\/2013\/05\/20\/kryeministri-gjukanoviq-ne-inagurimin-e-ures-port-milena-video\/djukanovic-inaguracija-mosta-port-milena-ulcinj-brajovic-cungu-1\/'><img width=\"150\" height=\"150\" src=\"https:\/\/www.visit-ulcinj.com\/blog\/wp-content\/uploads\/2013\/05\/Djukanovic-inaguracija-mosta-Port-Milena-Ulcinj-Brajovic-Cungu.1-150x150.jpg\" class=\"attachment-thumbnail size-thumbnail\" alt=\"\" loading=\"lazy\" \/><\/a>\n\t\t\t<\/dt><\/dl><dl class='gallery-item'>\n\t\t\t<dt class='gallery-icon landscape'>\n\t\t\t\t<a href='https:\/\/www.visit-ulcinj.com\/blog\/2013\/05\/20\/kryeministri-gjukanoviq-ne-inagurimin-e-ures-port-milena-video\/djukanovic-inaguracija-mosta-port-milena-ulcinj-brajovic-cungu-2\/'><img width=\"150\" height=\"150\" src=\"https:\/\/www.visit-ulcinj.com\/blog\/wp-content\/uploads\/2013\/05\/Djukanovic-inaguracija-mosta-Port-Milena-Ulcinj-Brajovic-Cungu.2-150x150.jpg\" class=\"attachment-thumbnail size-thumbnail\" alt=\"\" loading=\"lazy\" \/><\/a>\n\t\t\t<\/dt><\/dl><br style=\"clear: both\" \/><dl class='gallery-item'>\n\t\t\t<dt class='gallery-icon landscape'>\n\t\t\t\t<a href='https:\/\/www.visit-ulcinj.com\/blog\/2013\/05\/20\/kryeministri-gjukanoviq-ne-inagurimin-e-ures-port-milena-video\/djukanovic-inaguracija-mosta-port-milena-ulcinj-2\/'><img width=\"150\" height=\"150\" src=\"https:\/\/www.visit-ulcinj.com\/blog\/wp-content\/uploads\/2013\/05\/Djukanovic-inaguracija-mosta-Port-Milena-Ulcinj.2-150x150.jpg\" class=\"attachment-thumbnail size-thumbnail\" alt=\"\" loading=\"lazy\" \/><\/a>\n\t\t\t<\/dt><\/dl><dl class='gallery-item'>\n\t\t\t<dt class='gallery-icon landscape'>\n\t\t\t\t<a href='https:\/\/www.visit-ulcinj.com\/blog\/2013\/05\/20\/kryeministri-gjukanoviq-ne-inagurimin-e-ures-port-milena-video\/djukanovic-inaguracija-mosta-port-milena-ulcinj-3\/'><img width=\"150\" height=\"150\" src=\"https:\/\/www.visit-ulcinj.com\/blog\/wp-content\/uploads\/2013\/05\/Djukanovic-inaguracija-mosta-Port-Milena-Ulcinj.3-150x150.jpg\" class=\"attachment-thumbnail size-thumbnail\" alt=\"\" loading=\"lazy\" \/><\/a>\n\t\t\t<\/dt><\/dl><dl class='gallery-item'>\n\t\t\t<dt class='gallery-icon landscape'>\n\t\t\t\t<a href='https:\/\/www.visit-ulcinj.com\/blog\/2013\/05\/20\/kryeministri-gjukanoviq-ne-inagurimin-e-ures-port-milena-video\/djukanovic-inaguracija-mosta-port-milena-ulcinj-brajovic-cungu-3\/'><img width=\"150\" height=\"150\" src=\"https:\/\/www.visit-ulcinj.com\/blog\/wp-content\/uploads\/2013\/05\/Djukanovic-inaguracija-mosta-Port-Milena-Ulcinj-Brajovic-Cungu.3-150x150.jpg\" class=\"attachment-thumbnail size-thumbnail\" alt=\"\" loading=\"lazy\" \/><\/a>\n\t\t\t<\/dt><\/dl><br style=\"clear: both\" \/><dl class='gallery-item'>\n\t\t\t<dt class='gallery-icon portrait'>\n\t\t\t\t<a href='https:\/\/www.visit-ulcinj.com\/blog\/2013\/05\/20\/kryeministri-gjukanoviq-ne-inagurimin-e-ures-port-milena-video\/djukanovic-inaguracija-mosta-port-milena-ulcinj-4\/'><img width=\"150\" height=\"150\" src=\"https:\/\/www.visit-ulcinj.com\/blog\/wp-content\/uploads\/2013\/05\/Djukanovic-inaguracija-mosta-Port-Milena-Ulcinj.4-150x150.jpg\" class=\"attachment-thumbnail size-thumbnail\" alt=\"\" loading=\"lazy\" \/><\/a>\n\t\t\t<\/dt><\/dl><dl class='gallery-item'>\n\t\t\t<dt class='gallery-icon landscape'>\n\t\t\t\t<a href='https:\/\/www.visit-ulcinj.com\/blog\/2013\/05\/20\/kryeministri-gjukanoviq-ne-inagurimin-e-ures-port-milena-video\/djukanovic-inaguracija-mosta-port-milena-ulcinj-5\/'><img width=\"150\" height=\"150\" src=\"https:\/\/www.visit-ulcinj.com\/blog\/wp-content\/uploads\/2013\/05\/Djukanovic-inaguracija-mosta-Port-Milena-Ulcinj.5-150x150.jpg\" class=\"attachment-thumbnail size-thumbnail\" alt=\"\" loading=\"lazy\" \/><\/a>\n\t\t\t<\/dt><\/dl><dl class='gallery-item'>\n\t\t\t<dt class='gallery-icon landscape'>\n\t\t\t\t<a href='https:\/\/www.visit-ulcinj.com\/blog\/2013\/05\/20\/kryeministri-gjukanoviq-ne-inagurimin-e-ures-port-milena-video\/djukanovic-inaguracija-mosta-port-milena-ulcinj-6\/'><img width=\"150\" height=\"150\" src=\"https:\/\/www.visit-ulcinj.com\/blog\/wp-content\/uploads\/2013\/05\/Djukanovic-inaguracija-mosta-Port-Milena-Ulcinj.6-150x150.jpg\" class=\"attachment-thumbnail size-thumbnail\" alt=\"\" loading=\"lazy\" \/><\/a>\n\t\t\t<\/dt><\/dl><br style=\"clear: both\" \/><dl class='gallery-item'>\n\t\t\t<dt class='gallery-icon landscape'>\n\t\t\t\t<a href='https:\/\/www.visit-ulcinj.com\/blog\/2013\/05\/20\/kryeministri-gjukanoviq-ne-inagurimin-e-ures-port-milena-video\/djukanovic-inaguracija-mosta-port-milena-ulcinj-brajovic-cungu-4\/'><img width=\"150\" height=\"150\" src=\"https:\/\/www.visit-ulcinj.com\/blog\/wp-content\/uploads\/2013\/05\/Djukanovic-inaguracija-mosta-Port-Milena-Ulcinj-Brajovic-Cungu.4-150x150.jpg\" class=\"attachment-thumbnail size-thumbnail\" alt=\"\" loading=\"lazy\" \/><\/a>\n\t\t\t<\/dt><\/dl><dl class='gallery-item'>\n\t\t\t<dt class='gallery-icon landscape'>\n\t\t\t\t<a href='https:\/\/www.visit-ulcinj.com\/blog\/2013\/05\/20\/kryeministri-gjukanoviq-ne-inagurimin-e-ures-port-milena-video\/djukanovic-inaguracija-mosta-port-milena-ulcinj-brajovic-cungu-5\/'><img width=\"150\" height=\"150\" src=\"https:\/\/www.visit-ulcinj.com\/blog\/wp-content\/uploads\/2013\/05\/Djukanovic-inaguracija-mosta-Port-Milena-Ulcinj-Brajovic-Cungu.5-150x150.jpg\" class=\"attachment-thumbnail size-thumbnail\" alt=\"\" loading=\"lazy\" \/><\/a>\n\t\t\t<\/dt><\/dl><dl class='gallery-item'>\n\t\t\t<dt class='gallery-icon landscape'>\n\t\t\t\t<a href='https:\/\/www.visit-ulcinj.com\/blog\/2013\/05\/20\/kryeministri-gjukanoviq-ne-inagurimin-e-ures-port-milena-video\/djukanovic-inaguracija-mosta-port-milena-ulcinj-brajovic-cungu-6\/'><img width=\"150\" height=\"150\" src=\"https:\/\/www.visit-ulcinj.com\/blog\/wp-content\/uploads\/2013\/05\/Djukanovic-inaguracija-mosta-Port-Milena-Ulcinj-Brajovic-Cungu.6-150x150.jpg\" class=\"attachment-thumbnail size-thumbnail\" alt=\"\" loading=\"lazy\" \/><\/a>\n\t\t\t<\/dt><\/dl><br style=\"clear: both\" \/><dl class='gallery-item'>\n\t\t\t<dt class='gallery-icon landscape'>\n\t\t\t\t<a href='https:\/\/www.visit-ulcinj.com\/blog\/2013\/05\/20\/kryeministri-gjukanoviq-ne-inagurimin-e-ures-port-milena-video\/djukanovic-inaguracija-mosta-port-milena-ulcinj-brajovic-cungu-7\/'><img width=\"150\" height=\"150\" src=\"https:\/\/www.visit-ulcinj.com\/blog\/wp-content\/uploads\/2013\/05\/Djukanovic-inaguracija-mosta-Port-Milena-Ulcinj-Brajovic-Cungu.7-150x150.jpg\" class=\"attachment-thumbnail size-thumbnail\" alt=\"\" loading=\"lazy\" \/><\/a>\n\t\t\t<\/dt><\/dl><dl class='gallery-item'>\n\t\t\t<dt class='gallery-icon landscape'>\n\t\t\t\t<a href='https:\/\/www.visit-ulcinj.com\/blog\/2013\/05\/20\/kryeministri-gjukanoviq-ne-inagurimin-e-ures-port-milena-video\/djukanovic-inaguracija-mosta-port-milena-ulcinj-brajovic-cungu-8\/'><img width=\"150\" height=\"150\" src=\"https:\/\/www.visit-ulcinj.com\/blog\/wp-content\/uploads\/2013\/05\/Djukanovic-inaguracija-mosta-Port-Milena-Ulcinj-Brajovic-Cungu.8-150x150.jpg\" class=\"attachment-thumbnail size-thumbnail\" alt=\"\" loading=\"lazy\" \/><\/a>\n\t\t\t<\/dt><\/dl><dl class='gallery-item'>\n\t\t\t<dt class='gallery-icon landscape'>\n\t\t\t\t<a href='https:\/\/www.visit-ulcinj.com\/blog\/2013\/05\/20\/kryeministri-gjukanoviq-ne-inagurimin-e-ures-port-milena-video\/djukanovic-inaguracija-mosta-port-milena-ulcinj-brajovic-cungu-9\/'><img width=\"150\" height=\"150\" src=\"https:\/\/www.visit-ulcinj.com\/blog\/wp-content\/uploads\/2013\/05\/Djukanovic-inaguracija-mosta-Port-Milena-Ulcinj-Brajovic-Cungu.9-150x150.jpg\" class=\"attachment-thumbnail size-thumbnail\" alt=\"\" loading=\"lazy\" \/><\/a>\n\t\t\t<\/dt><\/dl><br style=\"clear: both\" \/><dl class='gallery-item'>\n\t\t\t<dt class='gallery-icon landscape'>\n\t\t\t\t<a href='https:\/\/www.visit-ulcinj.com\/blog\/2013\/05\/20\/kryeministri-gjukanoviq-ne-inagurimin-e-ures-port-milena-video\/djukanovic-inaguracija-mosta-port-milena-ulcinj-brajovic-cungu-10\/'><img width=\"150\" height=\"150\" src=\"https:\/\/www.visit-ulcinj.com\/blog\/wp-content\/uploads\/2013\/05\/Djukanovic-inaguracija-mosta-Port-Milena-Ulcinj-Brajovic-Cungu.10-150x150.jpg\" class=\"attachment-thumbnail size-thumbnail\" alt=\"\" loading=\"lazy\" \/><\/a>\n\t\t\t<\/dt><\/dl><dl class='gallery-item'>\n\t\t\t<dt class='gallery-icon landscape'>\n\t\t\t\t<a href='https:\/\/www.visit-ulcinj.com\/blog\/2013\/05\/20\/kryeministri-gjukanoviq-ne-inagurimin-e-ures-port-milena-video\/djukanovic-inaguracija-mosta-port-milena-ulcinj-brajovic-cungu-11\/'><img width=\"150\" height=\"150\" src=\"https:\/\/www.visit-ulcinj.com\/blog\/wp-content\/uploads\/2013\/05\/Djukanovic-inaguracija-mosta-Port-Milena-Ulcinj-Brajovic-Cungu.11-150x150.jpg\" class=\"attachment-thumbnail size-thumbnail\" alt=\"\" loading=\"lazy\" \/><\/a>\n\t\t\t<\/dt><\/dl><dl class='gallery-item'>\n\t\t\t<dt class='gallery-icon landscape'>\n\t\t\t\t<a href='https:\/\/www.visit-ulcinj.com\/blog\/2013\/05\/20\/kryeministri-gjukanoviq-ne-inagurimin-e-ures-port-milena-video\/djukanovic-inaguracija-mosta-port-milena-ulcinj-brajovic-cungu-12\/'><img width=\"150\" height=\"150\" src=\"https:\/\/www.visit-ulcinj.com\/blog\/wp-content\/uploads\/2013\/05\/Djukanovic-inaguracija-mosta-Port-Milena-Ulcinj-Brajovic-Cungu.12-150x150.jpg\" class=\"attachment-thumbnail size-thumbnail\" alt=\"\" loading=\"lazy\" \/><\/a>\n\t\t\t<\/dt><\/dl><br style=\"clear: both\" \/><dl class='gallery-item'>\n\t\t\t<dt class='gallery-icon landscape'>\n\t\t\t\t<a href='https:\/\/www.visit-ulcinj.com\/blog\/2013\/05\/20\/kryeministri-gjukanoviq-ne-inagurimin-e-ures-port-milena-video\/djukanovic-inaguracija-mosta-port-milena-ulcinj-brajovic-cungu-13\/'><img width=\"150\" height=\"150\" src=\"https:\/\/www.visit-ulcinj.com\/blog\/wp-content\/uploads\/2013\/05\/Djukanovic-inaguracija-mosta-Port-Milena-Ulcinj-Brajovic-Cungu.13-150x150.jpg\" class=\"attachment-thumbnail size-thumbnail\" alt=\"\" loading=\"lazy\" \/><\/a>\n\t\t\t<\/dt><\/dl><dl class='gallery-item'>\n\t\t\t<dt class='gallery-icon landscape'>\n\t\t\t\t<a href='https:\/\/www.visit-ulcinj.com\/blog\/2013\/05\/20\/kryeministri-gjukanoviq-ne-inagurimin-e-ures-port-milena-video\/djukanovic-inaguracija-mosta-port-milena-ulcinj-brajovic-cungu-14\/'><img width=\"150\" height=\"150\" src=\"https:\/\/www.visit-ulcinj.com\/blog\/wp-content\/uploads\/2013\/05\/Djukanovic-inaguracija-mosta-Port-Milena-Ulcinj-Brajovic-Cungu.14-150x150.jpg\" class=\"attachment-thumbnail size-thumbnail\" alt=\"\" loading=\"lazy\" \/><\/a>\n\t\t\t<\/dt><\/dl><dl class='gallery-item'>\n\t\t\t<dt class='gallery-icon landscape'>\n\t\t\t\t<a href='https:\/\/www.visit-ulcinj.com\/blog\/2013\/05\/20\/kryeministri-gjukanoviq-ne-inagurimin-e-ures-port-milena-video\/djukanovic-inaguracija-mosta-port-milena-ulcinj-brajovic-cungu-15\/'><img width=\"150\" height=\"150\" src=\"https:\/\/www.visit-ulcinj.com\/blog\/wp-content\/uploads\/2013\/05\/Djukanovic-inaguracija-mosta-Port-Milena-Ulcinj-Brajovic-Cungu.15-150x150.jpg\" class=\"attachment-thumbnail size-thumbnail\" alt=\"\" loading=\"lazy\" \/><\/a>\n\t\t\t<\/dt><\/dl><br style=\"clear: both\" \/><dl class='gallery-item'>\n\t\t\t<dt class='gallery-icon landscape'>\n\t\t\t\t<a href='https:\/\/www.visit-ulcinj.com\/blog\/2013\/05\/20\/kryeministri-gjukanoviq-ne-inagurimin-e-ures-port-milena-video\/djukanovic-inaguracija-mosta-port-milena-ulcinj-brajovic-cungu-16\/'><img width=\"150\" height=\"150\" src=\"https:\/\/www.visit-ulcinj.com\/blog\/wp-content\/uploads\/2013\/05\/Djukanovic-inaguracija-mosta-Port-Milena-Ulcinj-Brajovic-Cungu.16-150x150.jpg\" class=\"attachment-thumbnail size-thumbnail\" alt=\"\" loading=\"lazy\" \/><\/a>\n\t\t\t<\/dt><\/dl><dl class='gallery-item'>\n\t\t\t<dt class='gallery-icon landscape'>\n\t\t\t\t<a href='https:\/\/www.visit-ulcinj.com\/blog\/2013\/05\/20\/kryeministri-gjukanoviq-ne-inagurimin-e-ures-port-milena-video\/djukanovic-inaguracija-mosta-port-milena-ulcinj-brajovic-cungu-17\/'><img width=\"150\" height=\"150\" src=\"https:\/\/www.visit-ulcinj.com\/blog\/wp-content\/uploads\/2013\/05\/Djukanovic-inaguracija-mosta-Port-Milena-Ulcinj-Brajovic-Cungu.17-150x150.jpg\" class=\"attachment-thumbnail size-thumbnail\" alt=\"\" loading=\"lazy\" \/><\/a>\n\t\t\t<\/dt><\/dl>\n\t\t\t<br style='clear: both' \/>\n\t\t<\/div>\n<\/h4>\n","protected":false},"excerpt":{"rendered":"<p>Ulcinj i Velika pla\u017ea su veliki razvojni resursi Crne Gore i most na Port Mileni je jedna od va\u017enih infrastrukturnih pretpostavki da se zainteresuju pravi investitori za realizaciju tih projekata, ocijenio je premijer Milo \u0110ukanovi\u0107. On vjeruje da zavr\u0161etak mosta, vrijednog 3,9 miliona eura, uliva optimizam Crnoj Gori u cjelini. &#8220;Crna Gora pokazuje sposobnost da [&hellip;]<\/p>\n","protected":false},"author":1,"featured_media":0,"comment_status":"open","ping_status":"closed","sticky":false,"template":"","format":"standard","meta":{"spay_email":"","jetpack_publicize_message":"","jetpack_is_tweetstorm":false,"jetpack_publicize_feature_enabled":true},"categories":[8337],"tags":[5074,19],"jetpack_publicize_connections":[],"yoast_head":"<!-- This site is optimized with the Yoast SEO plugin v19.1 - https:\/\/yoast.com\/wordpress\/plugins\/seo\/ -->\n<title>Milo \u0110ukanovi\u0107 otvorio most na Port Mileni + Foto + Video - Lajme nga Ulqini<\/title>\n<meta name=\"description\" content=\"Ulcinj i Velika pla\u017ea su veliki razvojni resursi Crne Gore i most na Port Mileni je jedna od va\u017enih infrastrukturnih pretpostavki da se zainteresuju pravi\" \/>\n<meta name=\"robots\" content=\"index, follow, max-snippet:-1, max-image-preview:large, max-video-preview:-1\" \/>\n<link rel=\"canonical\" href=\"https:\/\/www.visit-ulcinj.com\/blog\/2013\/05\/20\/milo-dukanovic-otvorio-most-na-port-mileni\/\" \/>\n<meta property=\"og:locale\" content=\"en_US\" \/>\n<meta property=\"og:type\" content=\"article\" \/>\n<meta property=\"og:title\" content=\"Milo \u0110ukanovi\u0107 otvorio most na Port Mileni + Foto + Video - Lajme nga Ulqini\" \/>\n<meta property=\"og:description\" content=\"Ulcinj i Velika pla\u017ea su veliki razvojni resursi Crne Gore i most na Port Mileni je jedna od va\u017enih infrastrukturnih pretpostavki da se zainteresuju pravi\" \/>\n<meta property=\"og:url\" content=\"https:\/\/www.visit-ulcinj.com\/blog\/2013\/05\/20\/milo-dukanovic-otvorio-most-na-port-mileni\/\" \/>\n<meta property=\"og:site_name\" content=\"Lajme nga Ulqini\" \/>\n<meta property=\"article:published_time\" content=\"2013-05-20T14:40:06+00:00\" \/>\n<meta property=\"article:modified_time\" content=\"2013-05-21T13:19:36+00:00\" \/>\n<meta property=\"og:image\" content=\"https:\/\/www.visit-ulcinj.com\/blog\/wp-content\/uploads\/2013\/05\/Djukanovic-inaguracija-mosta-Port-Milena-Ulcinj-150x150.jpg\" \/>\n<meta name=\"twitter:label1\" content=\"Written by\" \/>\n\t<meta name=\"twitter:data1\" content=\"ulqini\" \/>\n\t<meta name=\"twitter:label2\" content=\"Est. reading time\" \/>\n\t<meta name=\"twitter:data2\" content=\"2 minutes\" \/>\n<script type=\"application\/ld+json\" class=\"yoast-schema-graph\">{\"@context\":\"https:\/\/schema.org\",\"@graph\":[{\"@type\":\"WebSite\",\"@id\":\"https:\/\/www.visit-ulcinj.com\/blog\/#website\",\"url\":\"https:\/\/www.visit-ulcinj.com\/blog\/\",\"name\":\"Lajme nga Ulqini\",\"description\":\"Lajme,Vijesti,Ulqini,Ulqin,Crna Gora,Mali i Zi\",\"potentialAction\":[{\"@type\":\"SearchAction\",\"target\":{\"@type\":\"EntryPoint\",\"urlTemplate\":\"https:\/\/www.visit-ulcinj.com\/blog\/?s={search_term_string}\"},\"query-input\":\"required name=search_term_string\"}],\"inLanguage\":\"en-US\"},{\"@type\":\"ImageObject\",\"inLanguage\":\"en-US\",\"@id\":\"https:\/\/www.visit-ulcinj.com\/blog\/2013\/05\/20\/milo-dukanovic-otvorio-most-na-port-mileni\/#primaryimage\",\"url\":\"https:\/\/www.visit-ulcinj.com\/blog\/wp-content\/uploads\/2013\/05\/Inaguracija-mosta-na-port-mileni.jpg\",\"contentUrl\":\"https:\/\/www.visit-ulcinj.com\/blog\/wp-content\/uploads\/2013\/05\/Inaguracija-mosta-na-port-mileni.jpg\",\"width\":1000,\"height\":750},{\"@type\":\"WebPage\",\"@id\":\"https:\/\/www.visit-ulcinj.com\/blog\/2013\/05\/20\/milo-dukanovic-otvorio-most-na-port-mileni\/#webpage\",\"url\":\"https:\/\/www.visit-ulcinj.com\/blog\/2013\/05\/20\/milo-dukanovic-otvorio-most-na-port-mileni\/\",\"name\":\"Milo \u0110ukanovi\u0107 otvorio most na Port Mileni + Foto + Video - Lajme nga Ulqini\",\"isPartOf\":{\"@id\":\"https:\/\/www.visit-ulcinj.com\/blog\/#website\"},\"primaryImageOfPage\":{\"@id\":\"https:\/\/www.visit-ulcinj.com\/blog\/2013\/05\/20\/milo-dukanovic-otvorio-most-na-port-mileni\/#primaryimage\"},\"datePublished\":\"2013-05-20T14:40:06+00:00\",\"dateModified\":\"2013-05-21T13:19:36+00:00\",\"author\":{\"@id\":\"https:\/\/www.visit-ulcinj.com\/blog\/#\/schema\/person\/dcab619c614d3038751c63bc2aadc06d\"},\"description\":\"Ulcinj i Velika pla\u017ea su veliki razvojni resursi Crne Gore i most na Port Mileni je jedna od va\u017enih infrastrukturnih pretpostavki da se zainteresuju pravi\",\"breadcrumb\":{\"@id\":\"https:\/\/www.visit-ulcinj.com\/blog\/2013\/05\/20\/milo-dukanovic-otvorio-most-na-port-mileni\/#breadcrumb\"},\"inLanguage\":\"en-US\",\"potentialAction\":[{\"@type\":\"ReadAction\",\"target\":[\"https:\/\/www.visit-ulcinj.com\/blog\/2013\/05\/20\/milo-dukanovic-otvorio-most-na-port-mileni\/\"]}]},{\"@type\":\"BreadcrumbList\",\"@id\":\"https:\/\/www.visit-ulcinj.com\/blog\/2013\/05\/20\/milo-dukanovic-otvorio-most-na-port-mileni\/#breadcrumb\",\"itemListElement\":[{\"@type\":\"ListItem\",\"position\":1,\"name\":\"Milo \u0110ukanovi\u0107 otvorio most na Port Mileni + Foto + Video\"}]},{\"@type\":\"Person\",\"@id\":\"https:\/\/www.visit-ulcinj.com\/blog\/#\/schema\/person\/dcab619c614d3038751c63bc2aadc06d\",\"name\":\"ulqini\",\"sameAs\":[\"http:\/\/www.visit-ulcinj.com\"],\"url\":\"https:\/\/www.visit-ulcinj.com\/blog\/author\/admin\/\"}]}<\/script>\n<!-- \/ Yoast SEO plugin. -->","yoast_head_json":{"title":"Milo \u0110ukanovi\u0107 otvorio most na Port Mileni + Foto + Video - Lajme nga Ulqini","description":"Ulcinj i Velika pla\u017ea su veliki razvojni resursi Crne Gore i most na Port Mileni je jedna od va\u017enih infrastrukturnih pretpostavki da se zainteresuju pravi","robots":{"index":"index","follow":"follow","max-snippet":"max-snippet:-1","max-image-preview":"max-image-preview:large","max-video-preview":"max-video-preview:-1"},"canonical":"https:\/\/www.visit-ulcinj.com\/blog\/2013\/05\/20\/milo-dukanovic-otvorio-most-na-port-mileni\/","og_locale":"en_US","og_type":"article","og_title":"Milo \u0110ukanovi\u0107 otvorio most na Port Mileni + Foto + Video - Lajme nga Ulqini","og_description":"Ulcinj i Velika pla\u017ea su veliki razvojni resursi Crne Gore i most na Port Mileni je jedna od va\u017enih infrastrukturnih pretpostavki da se zainteresuju pravi","og_url":"https:\/\/www.visit-ulcinj.com\/blog\/2013\/05\/20\/milo-dukanovic-otvorio-most-na-port-mileni\/","og_site_name":"Lajme nga Ulqini","article_published_time":"2013-05-20T14:40:06+00:00","article_modified_time":"2013-05-21T13:19:36+00:00","og_image":[{"url":"https:\/\/www.visit-ulcinj.com\/blog\/wp-content\/uploads\/2013\/05\/Djukanovic-inaguracija-mosta-Port-Milena-Ulcinj-150x150.jpg"}],"twitter_misc":{"Written by":"ulqini","Est. reading time":"2 minutes"},"schema":{"@context":"https:\/\/schema.org","@graph":[{"@type":"WebSite","@id":"https:\/\/www.visit-ulcinj.com\/blog\/#website","url":"https:\/\/www.visit-ulcinj.com\/blog\/","name":"Lajme nga Ulqini","description":"Lajme,Vijesti,Ulqini,Ulqin,Crna Gora,Mali i Zi","potentialAction":[{"@type":"SearchAction","target":{"@type":"EntryPoint","urlTemplate":"https:\/\/www.visit-ulcinj.com\/blog\/?s={search_term_string}"},"query-input":"required name=search_term_string"}],"inLanguage":"en-US"},{"@type":"ImageObject","inLanguage":"en-US","@id":"https:\/\/www.visit-ulcinj.com\/blog\/2013\/05\/20\/milo-dukanovic-otvorio-most-na-port-mileni\/#primaryimage","url":"https:\/\/www.visit-ulcinj.com\/blog\/wp-content\/uploads\/2013\/05\/Inaguracija-mosta-na-port-mileni.jpg","contentUrl":"https:\/\/www.visit-ulcinj.com\/blog\/wp-content\/uploads\/2013\/05\/Inaguracija-mosta-na-port-mileni.jpg","width":1000,"height":750},{"@type":"WebPage","@id":"https:\/\/www.visit-ulcinj.com\/blog\/2013\/05\/20\/milo-dukanovic-otvorio-most-na-port-mileni\/#webpage","url":"https:\/\/www.visit-ulcinj.com\/blog\/2013\/05\/20\/milo-dukanovic-otvorio-most-na-port-mileni\/","name":"Milo \u0110ukanovi\u0107 otvorio most na Port Mileni + Foto + Video - Lajme nga Ulqini","isPartOf":{"@id":"https:\/\/www.visit-ulcinj.com\/blog\/#website"},"primaryImageOfPage":{"@id":"https:\/\/www.visit-ulcinj.com\/blog\/2013\/05\/20\/milo-dukanovic-otvorio-most-na-port-mileni\/#primaryimage"},"datePublished":"2013-05-20T14:40:06+00:00","dateModified":"2013-05-21T13:19:36+00:00","author":{"@id":"https:\/\/www.visit-ulcinj.com\/blog\/#\/schema\/person\/dcab619c614d3038751c63bc2aadc06d"},"description":"Ulcinj i Velika pla\u017ea su veliki razvojni resursi Crne Gore i most na Port Mileni je jedna od va\u017enih infrastrukturnih pretpostavki da se zainteresuju pravi","breadcrumb":{"@id":"https:\/\/www.visit-ulcinj.com\/blog\/2013\/05\/20\/milo-dukanovic-otvorio-most-na-port-mileni\/#breadcrumb"},"inLanguage":"en-US","potentialAction":[{"@type":"ReadAction","target":["https:\/\/www.visit-ulcinj.com\/blog\/2013\/05\/20\/milo-dukanovic-otvorio-most-na-port-mileni\/"]}]},{"@type":"BreadcrumbList","@id":"https:\/\/www.visit-ulcinj.com\/blog\/2013\/05\/20\/milo-dukanovic-otvorio-most-na-port-mileni\/#breadcrumb","itemListElement":[{"@type":"ListItem","position":1,"name":"Milo \u0110ukanovi\u0107 otvorio most na Port Mileni + Foto + Video"}]},{"@type":"Person","@id":"https:\/\/www.visit-ulcinj.com\/blog\/#\/schema\/person\/dcab619c614d3038751c63bc2aadc06d","name":"ulqini","sameAs":["http:\/\/www.visit-ulcinj.com"],"url":"https:\/\/www.visit-ulcinj.com\/blog\/author\/admin\/"}]}},"jetpack_featured_media_url":"","jetpack_sharing_enabled":true,"jetpack_shortlink":"https:\/\/wp.me\/pe6lTn-iAW","_links":{"self":[{"href":"https:\/\/www.visit-ulcinj.com\/blog\/wp-json\/wp\/v2\/posts\/71482"}],"collection":[{"href":"https:\/\/www.visit-ulcinj.com\/blog\/wp-json\/wp\/v2\/posts"}],"about":[{"href":"https:\/\/www.visit-ulcinj.com\/blog\/wp-json\/wp\/v2\/types\/post"}],"author":[{"embeddable":true,"href":"https:\/\/www.visit-ulcinj.com\/blog\/wp-json\/wp\/v2\/users\/1"}],"replies":[{"embeddable":true,"href":"https:\/\/www.visit-ulcinj.com\/blog\/wp-json\/wp\/v2\/comments?post=71482"}],"version-history":[{"count":6,"href":"https:\/\/www.visit-ulcinj.com\/blog\/wp-json\/wp\/v2\/posts\/71482\/revisions"}],"predecessor-version":[{"id":71544,"href":"https:\/\/www.visit-ulcinj.com\/blog\/wp-json\/wp\/v2\/posts\/71482\/revisions\/71544"}],"wp:attachment":[{"href":"https:\/\/www.visit-ulcinj.com\/blog\/wp-json\/wp\/v2\/media?parent=71482"}],"wp:term":[{"taxonomy":"category","embeddable":true,"href":"https:\/\/www.visit-ulcinj.com\/blog\/wp-json\/wp\/v2\/categories?post=71482"},{"taxonomy":"post_tag","embeddable":true,"href":"https:\/\/www.visit-ulcinj.com\/blog\/wp-json\/wp\/v2\/tags?post=71482"}],"curies":[{"name":"wp","href":"https:\/\/api.w.org\/{rel}","templated":true}]}}