{"id":71487,"date":"2013-05-20T16:06:33","date_gmt":"2013-05-20T15:06:33","guid":{"rendered":"http:\/\/www.visit-ulcinj.com\/blog\/?p=71487"},"modified":"2013-05-24T17:23:27","modified_gmt":"2013-05-24T16:23:27","slug":"nimanbegu-forca-vjeruje-dps-u","status":"publish","type":"post","link":"https:\/\/www.visit-ulcinj.com\/blog\/2013\/05\/20\/nimanbegu-forca-vjeruje-dps-u\/","title":{"rendered":"Nimanbegu: Forca vjeruje DPS-u"},"content":{"rendered":"<p><a href=\"http:\/\/www.visit-ulcinj.com\/blog\/wp-content\/uploads\/2013\/05\/Poslanik-Genci-Nimanbegu-FORCA.jpg\"><img loading=\"lazy\" class=\"alignleft  wp-image-71488\" alt=\"Poslanik Genci Nimanbegu (FORCA)\" src=\"http:\/\/www.visit-ulcinj.com\/blog\/wp-content\/uploads\/2013\/05\/Poslanik-Genci-Nimanbegu-FORCA.jpg\" width=\"508\" height=\"357\" \/><\/a>Iako su pojedine albanske partije nedavno kazale da su nezadovoljne na\u010dinom na koji Demokratska partija socijalista DPS realizuje koalicioni sporazum, te nijesu isklju\u010dile mogu\u0107nost da \u0107e raskinuti koaliciju, do toga, kako sada stvari stoje, ipak ne\u0107e do\u0107i.<\/p>\n<p>oslanik Genci Nimanbegu (FORCA) je u razgovoru za Dnevne novine kazao da vjeruje da \u0107e se realizovati sporazum, jer je o tome razgovarao sa politi\u010dkim direktorom DPS Tarzanom Milo\u0161evi\u0107em.<\/p>\n<p>&#8220;DPS je uvidio na\u0161e nezadovoljstvo i to \u0107e se promijeniti. Ne vidim namjeru da se pravdaju&#8221;, kazao je Genci.<\/p>\n<p>On ka\u017ee da nije problem samo \u0161to nijesu izvr\u0161ene kadrovske promjene koje ih sljeduju u skladu sa potpisanim sporazumom, ve\u0107 su tako\u0111e nezadovoljni i realizacijom sporazuma u dijelu programskih ciljeva.<\/p>\n<p>&nbsp;<\/p>\n<p><strong>Izvor: CDM<\/strong><\/p>\n","protected":false},"excerpt":{"rendered":"<p>Iako su pojedine albanske partije nedavno kazale da su nezadovoljne na\u010dinom na koji Demokratska partija socijalista DPS realizuje koalicioni sporazum, te nijesu isklju\u010dile mogu\u0107nost da \u0107e raskinuti koaliciju, do toga, kako sada stvari stoje, ipak ne\u0107e do\u0107i. oslanik Genci Nimanbegu (FORCA) je u razgovoru za Dnevne novine kazao da vjeruje da \u0107e se realizovati sporazum, [&hellip;]<\/p>\n","protected":false},"author":1,"featured_media":0,"comment_status":"open","ping_status":"closed","sticky":false,"template":"","format":"standard","meta":{"spay_email":"","jetpack_publicize_message":"","jetpack_is_tweetstorm":false,"jetpack_publicize_feature_enabled":true},"categories":[8337],"tags":[],"jetpack_publicize_connections":[],"yoast_head":"<!-- This site is optimized with the Yoast SEO plugin v19.1 - https:\/\/yoast.com\/wordpress\/plugins\/seo\/ -->\n<title>Nimanbegu: Forca vjeruje DPS-u - Lajme nga Ulqini<\/title>\n<meta name=\"description\" content=\"Iako su pojedine albanske partije nedavno kazale da su nezadovoljne na\u010dinom na koji Demokratska partija socijalista DPS realizuje koalicioni sporazum, te\" \/>\n<meta name=\"robots\" content=\"index, follow, max-snippet:-1, max-image-preview:large, max-video-preview:-1\" \/>\n<link rel=\"canonical\" href=\"https:\/\/www.visit-ulcinj.com\/blog\/2013\/05\/20\/nimanbegu-forca-vjeruje-dps-u\/\" \/>\n<meta property=\"og:locale\" content=\"en_US\" \/>\n<meta property=\"og:type\" content=\"article\" \/>\n<meta property=\"og:title\" content=\"Nimanbegu: Forca vjeruje DPS-u - Lajme nga Ulqini\" \/>\n<meta property=\"og:description\" content=\"Iako su pojedine albanske partije nedavno kazale da su nezadovoljne na\u010dinom na koji Demokratska partija socijalista DPS realizuje koalicioni sporazum, te\" \/>\n<meta property=\"og:url\" content=\"https:\/\/www.visit-ulcinj.com\/blog\/2013\/05\/20\/nimanbegu-forca-vjeruje-dps-u\/\" \/>\n<meta property=\"og:site_name\" content=\"Lajme nga Ulqini\" \/>\n<meta property=\"article:published_time\" content=\"2013-05-20T15:06:33+00:00\" \/>\n<meta property=\"article:modified_time\" content=\"2013-05-24T16:23:27+00:00\" \/>\n<meta property=\"og:image\" content=\"http:\/\/www.visit-ulcinj.com\/blog\/wp-content\/uploads\/2013\/05\/Poslanik-Genci-Nimanbegu-FORCA.jpg\" \/>\n<meta name=\"twitter:label1\" content=\"Written by\" \/>\n\t<meta name=\"twitter:data1\" content=\"ulqini\" \/>\n\t<meta name=\"twitter:label2\" content=\"Est. reading time\" \/>\n\t<meta name=\"twitter:data2\" content=\"1 minute\" \/>\n<script type=\"application\/ld+json\" class=\"yoast-schema-graph\">{\"@context\":\"https:\/\/schema.org\",\"@graph\":[{\"@type\":\"WebSite\",\"@id\":\"https:\/\/www.visit-ulcinj.com\/blog\/#website\",\"url\":\"https:\/\/www.visit-ulcinj.com\/blog\/\",\"name\":\"Lajme nga Ulqini\",\"description\":\"Lajme,Vijesti,Ulqini,Ulqin,Crna Gora,Mali i Zi\",\"potentialAction\":[{\"@type\":\"SearchAction\",\"target\":{\"@type\":\"EntryPoint\",\"urlTemplate\":\"https:\/\/www.visit-ulcinj.com\/blog\/?s={search_term_string}\"},\"query-input\":\"required name=search_term_string\"}],\"inLanguage\":\"en-US\"},{\"@type\":\"ImageObject\",\"inLanguage\":\"en-US\",\"@id\":\"https:\/\/www.visit-ulcinj.com\/blog\/2013\/05\/20\/nimanbegu-forca-vjeruje-dps-u\/#primaryimage\",\"url\":\"https:\/\/www.visit-ulcinj.com\/blog\/wp-content\/uploads\/2013\/05\/Poslanik-Genci-Nimanbegu-FORCA.jpg\",\"contentUrl\":\"https:\/\/www.visit-ulcinj.com\/blog\/wp-content\/uploads\/2013\/05\/Poslanik-Genci-Nimanbegu-FORCA.jpg\",\"width\":425,\"height\":357},{\"@type\":\"WebPage\",\"@id\":\"https:\/\/www.visit-ulcinj.com\/blog\/2013\/05\/20\/nimanbegu-forca-vjeruje-dps-u\/#webpage\",\"url\":\"https:\/\/www.visit-ulcinj.com\/blog\/2013\/05\/20\/nimanbegu-forca-vjeruje-dps-u\/\",\"name\":\"Nimanbegu: Forca vjeruje DPS-u - Lajme nga Ulqini\",\"isPartOf\":{\"@id\":\"https:\/\/www.visit-ulcinj.com\/blog\/#website\"},\"primaryImageOfPage\":{\"@id\":\"https:\/\/www.visit-ulcinj.com\/blog\/2013\/05\/20\/nimanbegu-forca-vjeruje-dps-u\/#primaryimage\"},\"datePublished\":\"2013-05-20T15:06:33+00:00\",\"dateModified\":\"2013-05-24T16:23:27+00:00\",\"author\":{\"@id\":\"https:\/\/www.visit-ulcinj.com\/blog\/#\/schema\/person\/dcab619c614d3038751c63bc2aadc06d\"},\"description\":\"Iako su pojedine albanske partije nedavno kazale da su nezadovoljne na\u010dinom na koji Demokratska partija socijalista DPS realizuje koalicioni sporazum, te\",\"breadcrumb\":{\"@id\":\"https:\/\/www.visit-ulcinj.com\/blog\/2013\/05\/20\/nimanbegu-forca-vjeruje-dps-u\/#breadcrumb\"},\"inLanguage\":\"en-US\",\"potentialAction\":[{\"@type\":\"ReadAction\",\"target\":[\"https:\/\/www.visit-ulcinj.com\/blog\/2013\/05\/20\/nimanbegu-forca-vjeruje-dps-u\/\"]}]},{\"@type\":\"BreadcrumbList\",\"@id\":\"https:\/\/www.visit-ulcinj.com\/blog\/2013\/05\/20\/nimanbegu-forca-vjeruje-dps-u\/#breadcrumb\",\"itemListElement\":[{\"@type\":\"ListItem\",\"position\":1,\"name\":\"Nimanbegu: Forca vjeruje DPS-u\"}]},{\"@type\":\"Person\",\"@id\":\"https:\/\/www.visit-ulcinj.com\/blog\/#\/schema\/person\/dcab619c614d3038751c63bc2aadc06d\",\"name\":\"ulqini\",\"sameAs\":[\"http:\/\/www.visit-ulcinj.com\"],\"url\":\"https:\/\/www.visit-ulcinj.com\/blog\/author\/admin\/\"}]}<\/script>\n<!-- \/ Yoast SEO plugin. -->","yoast_head_json":{"title":"Nimanbegu: Forca vjeruje DPS-u - Lajme nga Ulqini","description":"Iako su pojedine albanske partije nedavno kazale da su nezadovoljne na\u010dinom na koji Demokratska partija socijalista DPS realizuje koalicioni sporazum, te","robots":{"index":"index","follow":"follow","max-snippet":"max-snippet:-1","max-image-preview":"max-image-preview:large","max-video-preview":"max-video-preview:-1"},"canonical":"https:\/\/www.visit-ulcinj.com\/blog\/2013\/05\/20\/nimanbegu-forca-vjeruje-dps-u\/","og_locale":"en_US","og_type":"article","og_title":"Nimanbegu: Forca vjeruje DPS-u - Lajme nga Ulqini","og_description":"Iako su pojedine albanske partije nedavno kazale da su nezadovoljne na\u010dinom na koji Demokratska partija socijalista DPS realizuje koalicioni sporazum, te","og_url":"https:\/\/www.visit-ulcinj.com\/blog\/2013\/05\/20\/nimanbegu-forca-vjeruje-dps-u\/","og_site_name":"Lajme nga Ulqini","article_published_time":"2013-05-20T15:06:33+00:00","article_modified_time":"2013-05-24T16:23:27+00:00","og_image":[{"url":"http:\/\/www.visit-ulcinj.com\/blog\/wp-content\/uploads\/2013\/05\/Poslanik-Genci-Nimanbegu-FORCA.jpg"}],"twitter_misc":{"Written by":"ulqini","Est. reading time":"1 minute"},"schema":{"@context":"https:\/\/schema.org","@graph":[{"@type":"WebSite","@id":"https:\/\/www.visit-ulcinj.com\/blog\/#website","url":"https:\/\/www.visit-ulcinj.com\/blog\/","name":"Lajme nga Ulqini","description":"Lajme,Vijesti,Ulqini,Ulqin,Crna Gora,Mali i Zi","potentialAction":[{"@type":"SearchAction","target":{"@type":"EntryPoint","urlTemplate":"https:\/\/www.visit-ulcinj.com\/blog\/?s={search_term_string}"},"query-input":"required name=search_term_string"}],"inLanguage":"en-US"},{"@type":"ImageObject","inLanguage":"en-US","@id":"https:\/\/www.visit-ulcinj.com\/blog\/2013\/05\/20\/nimanbegu-forca-vjeruje-dps-u\/#primaryimage","url":"https:\/\/www.visit-ulcinj.com\/blog\/wp-content\/uploads\/2013\/05\/Poslanik-Genci-Nimanbegu-FORCA.jpg","contentUrl":"https:\/\/www.visit-ulcinj.com\/blog\/wp-content\/uploads\/2013\/05\/Poslanik-Genci-Nimanbegu-FORCA.jpg","width":425,"height":357},{"@type":"WebPage","@id":"https:\/\/www.visit-ulcinj.com\/blog\/2013\/05\/20\/nimanbegu-forca-vjeruje-dps-u\/#webpage","url":"https:\/\/www.visit-ulcinj.com\/blog\/2013\/05\/20\/nimanbegu-forca-vjeruje-dps-u\/","name":"Nimanbegu: Forca vjeruje DPS-u - Lajme nga Ulqini","isPartOf":{"@id":"https:\/\/www.visit-ulcinj.com\/blog\/#website"},"primaryImageOfPage":{"@id":"https:\/\/www.visit-ulcinj.com\/blog\/2013\/05\/20\/nimanbegu-forca-vjeruje-dps-u\/#primaryimage"},"datePublished":"2013-05-20T15:06:33+00:00","dateModified":"2013-05-24T16:23:27+00:00","author":{"@id":"https:\/\/www.visit-ulcinj.com\/blog\/#\/schema\/person\/dcab619c614d3038751c63bc2aadc06d"},"description":"Iako su pojedine albanske partije nedavno kazale da su nezadovoljne na\u010dinom na koji Demokratska partija socijalista DPS realizuje koalicioni sporazum, te","breadcrumb":{"@id":"https:\/\/www.visit-ulcinj.com\/blog\/2013\/05\/20\/nimanbegu-forca-vjeruje-dps-u\/#breadcrumb"},"inLanguage":"en-US","potentialAction":[{"@type":"ReadAction","target":["https:\/\/www.visit-ulcinj.com\/blog\/2013\/05\/20\/nimanbegu-forca-vjeruje-dps-u\/"]}]},{"@type":"BreadcrumbList","@id":"https:\/\/www.visit-ulcinj.com\/blog\/2013\/05\/20\/nimanbegu-forca-vjeruje-dps-u\/#breadcrumb","itemListElement":[{"@type":"ListItem","position":1,"name":"Nimanbegu: Forca vjeruje DPS-u"}]},{"@type":"Person","@id":"https:\/\/www.visit-ulcinj.com\/blog\/#\/schema\/person\/dcab619c614d3038751c63bc2aadc06d","name":"ulqini","sameAs":["http:\/\/www.visit-ulcinj.com"],"url":"https:\/\/www.visit-ulcinj.com\/blog\/author\/admin\/"}]}},"jetpack_featured_media_url":"","jetpack_sharing_enabled":true,"jetpack_shortlink":"https:\/\/wp.me\/pe6lTn-iB1","_links":{"self":[{"href":"https:\/\/www.visit-ulcinj.com\/blog\/wp-json\/wp\/v2\/posts\/71487"}],"collection":[{"href":"https:\/\/www.visit-ulcinj.com\/blog\/wp-json\/wp\/v2\/posts"}],"about":[{"href":"https:\/\/www.visit-ulcinj.com\/blog\/wp-json\/wp\/v2\/types\/post"}],"author":[{"embeddable":true,"href":"https:\/\/www.visit-ulcinj.com\/blog\/wp-json\/wp\/v2\/users\/1"}],"replies":[{"embeddable":true,"href":"https:\/\/www.visit-ulcinj.com\/blog\/wp-json\/wp\/v2\/comments?post=71487"}],"version-history":[{"count":4,"href":"https:\/\/www.visit-ulcinj.com\/blog\/wp-json\/wp\/v2\/posts\/71487\/revisions"}],"predecessor-version":[{"id":71491,"href":"https:\/\/www.visit-ulcinj.com\/blog\/wp-json\/wp\/v2\/posts\/71487\/revisions\/71491"}],"wp:attachment":[{"href":"https:\/\/www.visit-ulcinj.com\/blog\/wp-json\/wp\/v2\/media?parent=71487"}],"wp:term":[{"taxonomy":"category","embeddable":true,"href":"https:\/\/www.visit-ulcinj.com\/blog\/wp-json\/wp\/v2\/categories?post=71487"},{"taxonomy":"post_tag","embeddable":true,"href":"https:\/\/www.visit-ulcinj.com\/blog\/wp-json\/wp\/v2\/tags?post=71487"}],"curies":[{"name":"wp","href":"https:\/\/api.w.org\/{rel}","templated":true}]}}