{"id":71550,"date":"2013-05-21T19:04:40","date_gmt":"2013-05-21T18:04:40","guid":{"rendered":"http:\/\/www.visit-ulcinj.com\/blog\/?p=71550"},"modified":"2013-05-21T19:04:40","modified_gmt":"2013-05-21T18:04:40","slug":"perurohet-ura-e-re-mbi-port-milene-foto-video","status":"publish","type":"post","link":"https:\/\/www.visit-ulcinj.com\/blog\/2013\/05\/21\/perurohet-ura-e-re-mbi-port-milene-foto-video\/","title":{"rendered":"P\u00ebrurohet ura e re mbi Port Milen\u00eb + Foto + Video"},"content":{"rendered":"<p><a href=\"http:\/\/www.visit-ulcinj.com\/blog\/wp-content\/uploads\/2013\/05\/Djukanovic-inaguracija-mosta-Port-Milena-Ulcinj-Brajovic-Cungu.1.jpg\"><img loading=\"lazy\" class=\"alignleft  wp-image-71524\" alt=\"Djukanovic inaguracija mosta Port Milena-Ulcinj - Brajovic-Cungu.1\" src=\"http:\/\/www.visit-ulcinj.com\/blog\/wp-content\/uploads\/2013\/05\/Djukanovic-inaguracija-mosta-Port-Milena-Ulcinj-Brajovic-Cungu.1.jpg\" width=\"508\" height=\"360\" \/><\/a>T\u00eb h\u00ebnen me dat\u00eb 20 maj 2013 u b\u00eb p\u00ebrurimi i ur\u00ebs mbi Port Milen\u00eb, njiherit investimi m\u00eb kapital n\u00eb komunen e Ulqinit gjat\u00eb dekadave t\u00eb fundit. N\u00eb hapjen solemne t\u00eb k\u00ebsaj ura ishin t\u00eb pranishem kryeministri z.Millo Gjukanoviq si dhe ministri i komunikacionit\u00a0 z. Ivan Brajoviq.<\/p>\n<p>N\u00eb fjalen e ti kryetari i komun\u00ebs s\u00eb Ulqinit z. Nazif Cungu u shpreh se\u00a0 &#8221;Hapja e ur\u00ebs n\u00eb Port Milen\u00eb paraqet nj\u00eb moment historik n\u00eb zhvillimin e Ulqinit, si destinacion turistik me potencialin m\u00eb t\u00eb madh n\u00eb Mal t\u00eb Zi. Krahas asaj q\u00eb me pamjen dhe arkitektur\u00ebn e vet moderne kjo ur\u00eb do t\u00eb b\u00ebhet simbol i Ulqinit dhe atrakcion turistik, ajo do t\u00eb sjell\u00eb nj\u00eb cil\u00ebsi t\u00eb re n\u00eb ofert\u00ebn turistike t\u00eb Ulqinit, sepse tash Plazhi i madh, si potenciali m\u00eb i madh turistik i Malit t\u00eb Zi, do t\u00eb b\u00ebhet m\u00eb i afruesh\u00ebm p\u00ebr t\u00eb gjith\u00eb turist\u00ebt, e nj\u00ebkoh\u00ebsisht do t\u00eb krijohen kushte p\u00ebr investime m\u00eb serioze si dhe p\u00ebr valorizimin e tij t\u00eb v\u00ebrtet\u00eb.<br \/>\n<a href=\"http:\/\/www.visit-ulcinj.com\/blog\/wp-content\/uploads\/2013\/05\/Djukanovic-inaguracija-mosta-Port-Milena-Ulcinj-Brajovic-Cungu.8.jpg\"><img loading=\"lazy\" class=\"alignleft  wp-image-71507\" alt=\"Djukanovic inaguracija mosta Port Milena-Ulcinj - Brajovic-Cungu.8\" src=\"http:\/\/www.visit-ulcinj.com\/blog\/wp-content\/uploads\/2013\/05\/Djukanovic-inaguracija-mosta-Port-Milena-Ulcinj-Brajovic-Cungu.8.jpg\" width=\"508\" height=\"330\" \/><\/a><br \/>\nMe p\u00ebrfundimin e k\u00ebsaj ure, n\u00eb periudh\u00ebn e kriz\u00ebs ekonomike, \u00ebsht\u00eb d\u00ebshmi e vendosm\u00ebris\u00eb s\u00eb qeveris\u00ebs s\u00eb Malit t\u00eb Zi dhe i Komun\u00ebs s\u00eb Ulqinit q\u00eb Plazhi i madh t\u00eb valorizohet dhe t\u00eb shnd\u00ebrrohet n\u00eb qend\u00ebr bot\u00ebrore turistike.<br \/>\nMegjithat\u00eb, ky \u00ebsht\u00eb vet\u00ebm nj\u00eb prej investimeve q\u00eb jan\u00eb realizuar dhe q\u00eb do t\u00eb realizohen n\u00eb Ulqin n\u00eb periudh\u00ebn e ardhshme. Deponia sanitare, uj\u00ebsjell\u00ebsi regjional, rruga Ulqin \u2013 Sukubin\u00eb, caktimi i biznes zon\u00ebs, miratimi i dokumenteve planifikuese, p\u00ebrfundimi i dokumentacionit t\u00eb projektit p\u00ebr sistemin e kanalizimit, leht\u00ebsirat maksimale me rastin e pages\u00ebs s\u00eb komunaljeve, paraqesin garancin\u00eb e fillimit t\u00eb ciklit m\u00eb t\u00eb madh investues si n\u00eb kapacitetet turitike dhe bujq\u00ebsi ashtu edhe n\u00eb zhvillimin e p\u00ebrgjithsh\u00ebm t\u00eb biznesit n\u00eb Ulqin.<br \/>\nPosa\u00e7\u00ebrisht m\u00eb vjen mir\u00eb q\u00eb kemi pasur sukses, q\u00eb si pushtet lokal, t&#8217;u ofrojm\u00eb ndihm\u00eb t\u00eb plot\u00eb institucioneve shtet\u00ebrore dhe s\u00eb bashku t\u00eb b\u00ebjm\u00eb plot\u00ebsimin e projektit, me koh\u00eb t\u00eb miratojm\u00eb vendimet e domosdshme si dhe t\u00eb p\u00ebrfundojm\u00eb procesin e shtet\u00ebzimit pa t\u00eb cil\u00ebt ky investim nuk do t\u00eb ishte i plot\u00eb.<br \/>\n<a href=\"http:\/\/www.visit-ulcinj.com\/blog\/wp-content\/uploads\/2013\/05\/Inaguracija-mosta-na-port-mileni.jpg\"><img loading=\"lazy\" class=\"alignleft  wp-image-71484\" alt=\"Inaguracija mosta na port mileni\" src=\"http:\/\/www.visit-ulcinj.com\/blog\/wp-content\/uploads\/2013\/05\/Inaguracija-mosta-na-port-mileni.jpg\" width=\"508\" height=\"330\" \/><\/a><br \/>\nKy \u00ebsht\u00eb rast q\u00eb n\u00eb em\u00ebr t\u00eb t\u00eb gjith\u00eb qytetar\u00ebve t\u00eb Komun\u00ebs s\u00eb Ulqinit, edhe nj\u00eb her\u00eb t\u00eb fal\u00ebnderojm\u00eb Qeverin\u00eb e Malit t\u00eb Zi, jo vet\u00ebm p\u00ebr k\u00ebt\u00eb ur\u00eb por edhe p\u00ebr investimet e tjera q\u00eb jan\u00eb realizuar si dhe ato q\u00eb do t\u00eb realizohen n\u00eb periudh\u00ebn e ardhshme.<br \/>\nLe t\u00eb sh\u00ebrbej\u00eb kjo ur\u00eb jo vetem p\u00ebr lidhjen dhe afrimin n\u00eb mes nesh por edhe si nxitje p\u00ebr realizimin e projekteve t\u00eb tjera kapitale&#8221; p\u00ebrfundoi z. Cungu.<\/p>\n<p><strong>Op\u0161tina Ulcinj \/ Komuna e Ulqinit<\/strong><br \/>\nTel: +382 30 412 050<br \/>\nFax: +382 30 412 413<br \/>\nAdresa: Bul. Skenderbeu bb, 85360 Ulcinj, MNE<\/p>\n<p><iframe loading=\"lazy\" src=\"http:\/\/www.youtube.com\/embed\/SHkeN8Hg8Aw\" height=\"360\" width=\"508\" allowfullscreen=\"\" frameborder=\"0\"><\/iframe><br \/>\n\n\t\t<style type=\"text\/css\">\n\t\t\t#gallery-1 {\n\t\t\t\tmargin: auto;\n\t\t\t}\n\t\t\t#gallery-1 .gallery-item {\n\t\t\t\tfloat: left;\n\t\t\t\tmargin-top: 10px;\n\t\t\t\ttext-align: center;\n\t\t\t\twidth: 33%;\n\t\t\t}\n\t\t\t#gallery-1 img {\n\t\t\t\tborder: 2px solid #cfcfcf;\n\t\t\t}\n\t\t\t#gallery-1 .gallery-caption {\n\t\t\t\tmargin-left: 0;\n\t\t\t}\n\t\t\t\/* see gallery_shortcode() in wp-includes\/media.php *\/\n\t\t<\/style>\n\t\t<div id='gallery-1' class='gallery galleryid-71550 gallery-columns-3 gallery-size-thumbnail'><dl class='gallery-item'>\n\t\t\t<dt class='gallery-icon landscape'>\n\t\t\t\t<a href='https:\/\/www.visit-ulcinj.com\/blog\/2013\/05\/20\/kryeministri-gjukanoviq-ne-inagurimin-e-ures-port-milena-video\/djukanovic-inaguracija-mosta-port-milena-ulcinj\/'><img width=\"150\" height=\"150\" src=\"https:\/\/www.visit-ulcinj.com\/blog\/wp-content\/uploads\/2013\/05\/Djukanovic-inaguracija-mosta-Port-Milena-Ulcinj-150x150.jpg\" class=\"attachment-thumbnail size-thumbnail\" alt=\"\" loading=\"lazy\" \/><\/a>\n\t\t\t<\/dt><\/dl><dl class='gallery-item'>\n\t\t\t<dt class='gallery-icon landscape'>\n\t\t\t\t<a href='https:\/\/www.visit-ulcinj.com\/blog\/2013\/05\/20\/kryeministri-gjukanoviq-ne-inagurimin-e-ures-port-milena-video\/djukanovic-inaguracija-mosta-port-milena-ulcinj-1\/'><img width=\"150\" height=\"150\" src=\"https:\/\/www.visit-ulcinj.com\/blog\/wp-content\/uploads\/2013\/05\/Djukanovic-inaguracija-mosta-Port-Milena-Ulcinj.1-150x150.jpg\" class=\"attachment-thumbnail size-thumbnail\" alt=\"\" loading=\"lazy\" \/><\/a>\n\t\t\t<\/dt><\/dl><dl class='gallery-item'>\n\t\t\t<dt class='gallery-icon landscape'>\n\t\t\t\t<a href='https:\/\/www.visit-ulcinj.com\/blog\/2013\/05\/20\/kryeministri-gjukanoviq-ne-inagurimin-e-ures-port-milena-video\/djukanovic-inaguracija-mosta-port-milena-ulcinj-brajovic-cungu\/'><img width=\"150\" height=\"150\" src=\"https:\/\/www.visit-ulcinj.com\/blog\/wp-content\/uploads\/2013\/05\/Djukanovic-inaguracija-mosta-Port-Milena-Ulcinj-Brajovic-Cungu-150x150.jpg\" class=\"attachment-thumbnail size-thumbnail\" alt=\"\" loading=\"lazy\" \/><\/a>\n\t\t\t<\/dt><\/dl><br style=\"clear: both\" \/><dl class='gallery-item'>\n\t\t\t<dt class='gallery-icon landscape'>\n\t\t\t\t<a href='https:\/\/www.visit-ulcinj.com\/blog\/2013\/05\/20\/kryeministri-gjukanoviq-ne-inagurimin-e-ures-port-milena-video\/djukanovic-inaguracija-mosta-port-milena-ulcinj-brajovic-cungu-18\/'><img width=\"150\" height=\"150\" src=\"https:\/\/www.visit-ulcinj.com\/blog\/wp-content\/uploads\/2013\/05\/Djukanovic-inaguracija-mosta-Port-Milena-Ulcinj-Brajovic-Cungu.18-150x150.jpg\" class=\"attachment-thumbnail size-thumbnail\" alt=\"\" loading=\"lazy\" \/><\/a>\n\t\t\t<\/dt><\/dl><dl class='gallery-item'>\n\t\t\t<dt class='gallery-icon landscape'>\n\t\t\t\t<a href='https:\/\/www.visit-ulcinj.com\/blog\/2013\/05\/20\/kryeministri-gjukanoviq-ne-inagurimin-e-ures-port-milena-video\/djukanovic-inaguracija-mosta-port-milena-ulcinj-brajovic-cungu-1\/'><img width=\"150\" height=\"150\" src=\"https:\/\/www.visit-ulcinj.com\/blog\/wp-content\/uploads\/2013\/05\/Djukanovic-inaguracija-mosta-Port-Milena-Ulcinj-Brajovic-Cungu.1-150x150.jpg\" class=\"attachment-thumbnail size-thumbnail\" alt=\"\" loading=\"lazy\" \/><\/a>\n\t\t\t<\/dt><\/dl><dl class='gallery-item'>\n\t\t\t<dt class='gallery-icon landscape'>\n\t\t\t\t<a href='https:\/\/www.visit-ulcinj.com\/blog\/2013\/05\/20\/kryeministri-gjukanoviq-ne-inagurimin-e-ures-port-milena-video\/djukanovic-inaguracija-mosta-port-milena-ulcinj-brajovic-cungu-2\/'><img width=\"150\" height=\"150\" src=\"https:\/\/www.visit-ulcinj.com\/blog\/wp-content\/uploads\/2013\/05\/Djukanovic-inaguracija-mosta-Port-Milena-Ulcinj-Brajovic-Cungu.2-150x150.jpg\" class=\"attachment-thumbnail size-thumbnail\" alt=\"\" loading=\"lazy\" \/><\/a>\n\t\t\t<\/dt><\/dl><br style=\"clear: both\" \/><dl class='gallery-item'>\n\t\t\t<dt class='gallery-icon landscape'>\n\t\t\t\t<a href='https:\/\/www.visit-ulcinj.com\/blog\/2013\/05\/20\/kryeministri-gjukanoviq-ne-inagurimin-e-ures-port-milena-video\/djukanovic-inaguracija-mosta-port-milena-ulcinj-2\/'><img width=\"150\" height=\"150\" src=\"https:\/\/www.visit-ulcinj.com\/blog\/wp-content\/uploads\/2013\/05\/Djukanovic-inaguracija-mosta-Port-Milena-Ulcinj.2-150x150.jpg\" class=\"attachment-thumbnail size-thumbnail\" alt=\"\" loading=\"lazy\" \/><\/a>\n\t\t\t<\/dt><\/dl><dl class='gallery-item'>\n\t\t\t<dt class='gallery-icon landscape'>\n\t\t\t\t<a href='https:\/\/www.visit-ulcinj.com\/blog\/2013\/05\/20\/kryeministri-gjukanoviq-ne-inagurimin-e-ures-port-milena-video\/djukanovic-inaguracija-mosta-port-milena-ulcinj-3\/'><img width=\"150\" height=\"150\" src=\"https:\/\/www.visit-ulcinj.com\/blog\/wp-content\/uploads\/2013\/05\/Djukanovic-inaguracija-mosta-Port-Milena-Ulcinj.3-150x150.jpg\" class=\"attachment-thumbnail size-thumbnail\" alt=\"\" loading=\"lazy\" \/><\/a>\n\t\t\t<\/dt><\/dl><dl class='gallery-item'>\n\t\t\t<dt class='gallery-icon landscape'>\n\t\t\t\t<a href='https:\/\/www.visit-ulcinj.com\/blog\/2013\/05\/20\/kryeministri-gjukanoviq-ne-inagurimin-e-ures-port-milena-video\/djukanovic-inaguracija-mosta-port-milena-ulcinj-brajovic-cungu-3\/'><img width=\"150\" height=\"150\" src=\"https:\/\/www.visit-ulcinj.com\/blog\/wp-content\/uploads\/2013\/05\/Djukanovic-inaguracija-mosta-Port-Milena-Ulcinj-Brajovic-Cungu.3-150x150.jpg\" class=\"attachment-thumbnail size-thumbnail\" alt=\"\" loading=\"lazy\" \/><\/a>\n\t\t\t<\/dt><\/dl><br style=\"clear: both\" \/><dl class='gallery-item'>\n\t\t\t<dt class='gallery-icon portrait'>\n\t\t\t\t<a href='https:\/\/www.visit-ulcinj.com\/blog\/2013\/05\/20\/kryeministri-gjukanoviq-ne-inagurimin-e-ures-port-milena-video\/djukanovic-inaguracija-mosta-port-milena-ulcinj-4\/'><img width=\"150\" height=\"150\" src=\"https:\/\/www.visit-ulcinj.com\/blog\/wp-content\/uploads\/2013\/05\/Djukanovic-inaguracija-mosta-Port-Milena-Ulcinj.4-150x150.jpg\" class=\"attachment-thumbnail size-thumbnail\" alt=\"\" loading=\"lazy\" \/><\/a>\n\t\t\t<\/dt><\/dl><dl class='gallery-item'>\n\t\t\t<dt class='gallery-icon landscape'>\n\t\t\t\t<a href='https:\/\/www.visit-ulcinj.com\/blog\/2013\/05\/20\/kryeministri-gjukanoviq-ne-inagurimin-e-ures-port-milena-video\/djukanovic-inaguracija-mosta-port-milena-ulcinj-5\/'><img width=\"150\" height=\"150\" src=\"https:\/\/www.visit-ulcinj.com\/blog\/wp-content\/uploads\/2013\/05\/Djukanovic-inaguracija-mosta-Port-Milena-Ulcinj.5-150x150.jpg\" class=\"attachment-thumbnail size-thumbnail\" alt=\"\" loading=\"lazy\" \/><\/a>\n\t\t\t<\/dt><\/dl><dl class='gallery-item'>\n\t\t\t<dt class='gallery-icon landscape'>\n\t\t\t\t<a href='https:\/\/www.visit-ulcinj.com\/blog\/2013\/05\/20\/kryeministri-gjukanoviq-ne-inagurimin-e-ures-port-milena-video\/djukanovic-inaguracija-mosta-port-milena-ulcinj-brajovic-cungu-4\/'><img width=\"150\" height=\"150\" src=\"https:\/\/www.visit-ulcinj.com\/blog\/wp-content\/uploads\/2013\/05\/Djukanovic-inaguracija-mosta-Port-Milena-Ulcinj-Brajovic-Cungu.4-150x150.jpg\" class=\"attachment-thumbnail size-thumbnail\" alt=\"\" loading=\"lazy\" \/><\/a>\n\t\t\t<\/dt><\/dl><br style=\"clear: both\" \/><dl class='gallery-item'>\n\t\t\t<dt class='gallery-icon landscape'>\n\t\t\t\t<a href='https:\/\/www.visit-ulcinj.com\/blog\/2013\/05\/20\/kryeministri-gjukanoviq-ne-inagurimin-e-ures-port-milena-video\/djukanovic-inaguracija-mosta-port-milena-ulcinj-brajovic-cungu-5\/'><img width=\"150\" height=\"150\" src=\"https:\/\/www.visit-ulcinj.com\/blog\/wp-content\/uploads\/2013\/05\/Djukanovic-inaguracija-mosta-Port-Milena-Ulcinj-Brajovic-Cungu.5-150x150.jpg\" class=\"attachment-thumbnail size-thumbnail\" alt=\"\" loading=\"lazy\" \/><\/a>\n\t\t\t<\/dt><\/dl><dl class='gallery-item'>\n\t\t\t<dt class='gallery-icon landscape'>\n\t\t\t\t<a href='https:\/\/www.visit-ulcinj.com\/blog\/2013\/05\/20\/kryeministri-gjukanoviq-ne-inagurimin-e-ures-port-milena-video\/djukanovic-inaguracija-mosta-port-milena-ulcinj-brajovic-cungu-6\/'><img width=\"150\" height=\"150\" src=\"https:\/\/www.visit-ulcinj.com\/blog\/wp-content\/uploads\/2013\/05\/Djukanovic-inaguracija-mosta-Port-Milena-Ulcinj-Brajovic-Cungu.6-150x150.jpg\" class=\"attachment-thumbnail size-thumbnail\" alt=\"\" loading=\"lazy\" \/><\/a>\n\t\t\t<\/dt><\/dl><dl class='gallery-item'>\n\t\t\t<dt class='gallery-icon landscape'>\n\t\t\t\t<a href='https:\/\/www.visit-ulcinj.com\/blog\/2013\/05\/20\/kryeministri-gjukanoviq-ne-inagurimin-e-ures-port-milena-video\/djukanovic-inaguracija-mosta-port-milena-ulcinj-brajovic-cungu-7\/'><img width=\"150\" height=\"150\" src=\"https:\/\/www.visit-ulcinj.com\/blog\/wp-content\/uploads\/2013\/05\/Djukanovic-inaguracija-mosta-Port-Milena-Ulcinj-Brajovic-Cungu.7-150x150.jpg\" class=\"attachment-thumbnail size-thumbnail\" alt=\"\" loading=\"lazy\" \/><\/a>\n\t\t\t<\/dt><\/dl><br style=\"clear: both\" \/><dl class='gallery-item'>\n\t\t\t<dt class='gallery-icon landscape'>\n\t\t\t\t<a href='https:\/\/www.visit-ulcinj.com\/blog\/2013\/05\/20\/kryeministri-gjukanoviq-ne-inagurimin-e-ures-port-milena-video\/djukanovic-inaguracija-mosta-port-milena-ulcinj-brajovic-cungu-8\/'><img width=\"150\" height=\"150\" src=\"https:\/\/www.visit-ulcinj.com\/blog\/wp-content\/uploads\/2013\/05\/Djukanovic-inaguracija-mosta-Port-Milena-Ulcinj-Brajovic-Cungu.8-150x150.jpg\" class=\"attachment-thumbnail size-thumbnail\" alt=\"\" loading=\"lazy\" \/><\/a>\n\t\t\t<\/dt><\/dl><dl class='gallery-item'>\n\t\t\t<dt class='gallery-icon landscape'>\n\t\t\t\t<a href='https:\/\/www.visit-ulcinj.com\/blog\/2013\/05\/20\/kryeministri-gjukanoviq-ne-inagurimin-e-ures-port-milena-video\/djukanovic-inaguracija-mosta-port-milena-ulcinj-brajovic-cungu-9\/'><img width=\"150\" height=\"150\" src=\"https:\/\/www.visit-ulcinj.com\/blog\/wp-content\/uploads\/2013\/05\/Djukanovic-inaguracija-mosta-Port-Milena-Ulcinj-Brajovic-Cungu.9-150x150.jpg\" class=\"attachment-thumbnail size-thumbnail\" alt=\"\" loading=\"lazy\" \/><\/a>\n\t\t\t<\/dt><\/dl><dl class='gallery-item'>\n\t\t\t<dt class='gallery-icon landscape'>\n\t\t\t\t<a href='https:\/\/www.visit-ulcinj.com\/blog\/2013\/05\/20\/kryeministri-gjukanoviq-ne-inagurimin-e-ures-port-milena-video\/djukanovic-inaguracija-mosta-port-milena-ulcinj-brajovic-cungu-10\/'><img width=\"150\" height=\"150\" src=\"https:\/\/www.visit-ulcinj.com\/blog\/wp-content\/uploads\/2013\/05\/Djukanovic-inaguracija-mosta-Port-Milena-Ulcinj-Brajovic-Cungu.10-150x150.jpg\" class=\"attachment-thumbnail size-thumbnail\" alt=\"\" loading=\"lazy\" \/><\/a>\n\t\t\t<\/dt><\/dl><br style=\"clear: both\" \/><dl class='gallery-item'>\n\t\t\t<dt class='gallery-icon landscape'>\n\t\t\t\t<a href='https:\/\/www.visit-ulcinj.com\/blog\/2013\/05\/20\/kryeministri-gjukanoviq-ne-inagurimin-e-ures-port-milena-video\/djukanovic-inaguracija-mosta-port-milena-ulcinj-brajovic-cungu-11\/'><img width=\"150\" height=\"150\" src=\"https:\/\/www.visit-ulcinj.com\/blog\/wp-content\/uploads\/2013\/05\/Djukanovic-inaguracija-mosta-Port-Milena-Ulcinj-Brajovic-Cungu.11-150x150.jpg\" class=\"attachment-thumbnail size-thumbnail\" alt=\"\" loading=\"lazy\" \/><\/a>\n\t\t\t<\/dt><\/dl><dl class='gallery-item'>\n\t\t\t<dt class='gallery-icon landscape'>\n\t\t\t\t<a href='https:\/\/www.visit-ulcinj.com\/blog\/2013\/05\/20\/kryeministri-gjukanoviq-ne-inagurimin-e-ures-port-milena-video\/djukanovic-inaguracija-mosta-port-milena-ulcinj-brajovic-cungu-12\/'><img width=\"150\" height=\"150\" src=\"https:\/\/www.visit-ulcinj.com\/blog\/wp-content\/uploads\/2013\/05\/Djukanovic-inaguracija-mosta-Port-Milena-Ulcinj-Brajovic-Cungu.12-150x150.jpg\" class=\"attachment-thumbnail size-thumbnail\" alt=\"\" loading=\"lazy\" \/><\/a>\n\t\t\t<\/dt><\/dl><dl class='gallery-item'>\n\t\t\t<dt class='gallery-icon landscape'>\n\t\t\t\t<a href='https:\/\/www.visit-ulcinj.com\/blog\/2013\/05\/20\/kryeministri-gjukanoviq-ne-inagurimin-e-ures-port-milena-video\/djukanovic-inaguracija-mosta-port-milena-ulcinj-brajovic-cungu-13\/'><img width=\"150\" height=\"150\" src=\"https:\/\/www.visit-ulcinj.com\/blog\/wp-content\/uploads\/2013\/05\/Djukanovic-inaguracija-mosta-Port-Milena-Ulcinj-Brajovic-Cungu.13-150x150.jpg\" class=\"attachment-thumbnail size-thumbnail\" alt=\"\" loading=\"lazy\" \/><\/a>\n\t\t\t<\/dt><\/dl><br style=\"clear: both\" \/><dl class='gallery-item'>\n\t\t\t<dt class='gallery-icon landscape'>\n\t\t\t\t<a href='https:\/\/www.visit-ulcinj.com\/blog\/2013\/05\/20\/kryeministri-gjukanoviq-ne-inagurimin-e-ures-port-milena-video\/djukanovic-inaguracija-mosta-port-milena-ulcinj-brajovic-cungu-14\/'><img width=\"150\" height=\"150\" src=\"https:\/\/www.visit-ulcinj.com\/blog\/wp-content\/uploads\/2013\/05\/Djukanovic-inaguracija-mosta-Port-Milena-Ulcinj-Brajovic-Cungu.14-150x150.jpg\" class=\"attachment-thumbnail size-thumbnail\" alt=\"\" loading=\"lazy\" \/><\/a>\n\t\t\t<\/dt><\/dl><dl class='gallery-item'>\n\t\t\t<dt class='gallery-icon landscape'>\n\t\t\t\t<a href='https:\/\/www.visit-ulcinj.com\/blog\/2013\/05\/20\/kryeministri-gjukanoviq-ne-inagurimin-e-ures-port-milena-video\/djukanovic-inaguracija-mosta-port-milena-ulcinj-brajovic-cungu-15\/'><img width=\"150\" height=\"150\" src=\"https:\/\/www.visit-ulcinj.com\/blog\/wp-content\/uploads\/2013\/05\/Djukanovic-inaguracija-mosta-Port-Milena-Ulcinj-Brajovic-Cungu.15-150x150.jpg\" class=\"attachment-thumbnail size-thumbnail\" alt=\"\" loading=\"lazy\" \/><\/a>\n\t\t\t<\/dt><\/dl><dl class='gallery-item'>\n\t\t\t<dt class='gallery-icon landscape'>\n\t\t\t\t<a href='https:\/\/www.visit-ulcinj.com\/blog\/2013\/05\/20\/kryeministri-gjukanoviq-ne-inagurimin-e-ures-port-milena-video\/djukanovic-inaguracija-mosta-port-milena-ulcinj-brajovic-cungu-16\/'><img width=\"150\" height=\"150\" src=\"https:\/\/www.visit-ulcinj.com\/blog\/wp-content\/uploads\/2013\/05\/Djukanovic-inaguracija-mosta-Port-Milena-Ulcinj-Brajovic-Cungu.16-150x150.jpg\" class=\"attachment-thumbnail size-thumbnail\" alt=\"\" loading=\"lazy\" \/><\/a>\n\t\t\t<\/dt><\/dl><br style=\"clear: both\" \/><dl class='gallery-item'>\n\t\t\t<dt class='gallery-icon landscape'>\n\t\t\t\t<a href='https:\/\/www.visit-ulcinj.com\/blog\/2013\/05\/20\/kryeministri-gjukanoviq-ne-inagurimin-e-ures-port-milena-video\/djukanovic-inaguracija-mosta-port-milena-ulcinj-brajovic-cungu-17\/'><img width=\"150\" height=\"150\" src=\"https:\/\/www.visit-ulcinj.com\/blog\/wp-content\/uploads\/2013\/05\/Djukanovic-inaguracija-mosta-Port-Milena-Ulcinj-Brajovic-Cungu.17-150x150.jpg\" class=\"attachment-thumbnail size-thumbnail\" alt=\"\" loading=\"lazy\" \/><\/a>\n\t\t\t<\/dt><\/dl><dl class='gallery-item'>\n\t\t\t<dt class='gallery-icon landscape'>\n\t\t\t\t<a href='https:\/\/www.visit-ulcinj.com\/blog\/2013\/05\/20\/milo-dukanovic-otvorio-most-na-port-mileni\/inaguracija-mosta-na-port-mileni\/'><img width=\"150\" height=\"150\" src=\"https:\/\/www.visit-ulcinj.com\/blog\/wp-content\/uploads\/2013\/05\/Inaguracija-mosta-na-port-mileni-150x150.jpg\" class=\"attachment-thumbnail size-thumbnail\" alt=\"\" loading=\"lazy\" \/><\/a>\n\t\t\t<\/dt><\/dl>\n\t\t\t<br style='clear: both' \/>\n\t\t<\/div>\n<\/p>\n","protected":false},"excerpt":{"rendered":"<p>T\u00eb h\u00ebnen me dat\u00eb 20 maj 2013 u b\u00eb p\u00ebrurimi i ur\u00ebs mbi Port Milen\u00eb, njiherit investimi m\u00eb kapital n\u00eb komunen e Ulqinit gjat\u00eb dekadave t\u00eb fundit. N\u00eb hapjen solemne t\u00eb k\u00ebsaj ura ishin t\u00eb pranishem kryeministri z.Millo Gjukanoviq si dhe ministri i komunikacionit\u00a0 z. Ivan Brajoviq. N\u00eb fjalen e ti kryetari i komun\u00ebs s\u00eb [&hellip;]<\/p>\n","protected":false},"author":1,"featured_media":0,"comment_status":"open","ping_status":"closed","sticky":false,"template":"","format":"standard","meta":{"spay_email":"","jetpack_publicize_message":"","jetpack_is_tweetstorm":false,"jetpack_publicize_feature_enabled":true},"categories":[11],"tags":[],"jetpack_publicize_connections":[],"yoast_head":"<!-- This site is optimized with the Yoast SEO plugin v19.1 - https:\/\/yoast.com\/wordpress\/plugins\/seo\/ -->\n<title>P\u00ebrurohet ura e re mbi Port Milen\u00eb + Foto + Video - Lajme nga Ulqini<\/title>\n<meta name=\"description\" content=\"T\u00eb h\u00ebnen me dat\u00eb 20 maj 2013 u b\u00eb p\u00ebrurimi i ur\u00ebs mbi Port Milen\u00eb, njiherit investimi m\u00eb kapital n\u00eb komunen e Ulqinit gjat\u00eb dekadave t\u00eb fundit. N\u00eb hapjen\" \/>\n<meta name=\"robots\" content=\"index, follow, max-snippet:-1, max-image-preview:large, max-video-preview:-1\" \/>\n<link rel=\"canonical\" href=\"https:\/\/www.visit-ulcinj.com\/blog\/2013\/05\/21\/perurohet-ura-e-re-mbi-port-milene-foto-video\/\" \/>\n<meta property=\"og:locale\" content=\"en_US\" \/>\n<meta property=\"og:type\" content=\"article\" \/>\n<meta property=\"og:title\" content=\"P\u00ebrurohet ura e re mbi Port Milen\u00eb + Foto + Video - Lajme nga Ulqini\" \/>\n<meta property=\"og:description\" content=\"T\u00eb h\u00ebnen me dat\u00eb 20 maj 2013 u b\u00eb p\u00ebrurimi i ur\u00ebs mbi Port Milen\u00eb, njiherit investimi m\u00eb kapital n\u00eb komunen e Ulqinit gjat\u00eb dekadave t\u00eb fundit. N\u00eb hapjen\" \/>\n<meta property=\"og:url\" content=\"https:\/\/www.visit-ulcinj.com\/blog\/2013\/05\/21\/perurohet-ura-e-re-mbi-port-milene-foto-video\/\" \/>\n<meta property=\"og:site_name\" content=\"Lajme nga Ulqini\" \/>\n<meta property=\"article:published_time\" content=\"2013-05-21T18:04:40+00:00\" \/>\n<meta property=\"og:image\" content=\"https:\/\/www.visit-ulcinj.com\/blog\/wp-content\/uploads\/2013\/05\/Djukanovic-inaguracija-mosta-Port-Milena-Ulcinj-150x150.jpg\" \/>\n<meta name=\"twitter:label1\" content=\"Written by\" \/>\n\t<meta name=\"twitter:data1\" content=\"ulqini\" \/>\n\t<meta name=\"twitter:label2\" content=\"Est. reading time\" \/>\n\t<meta name=\"twitter:data2\" content=\"2 minutes\" \/>\n<script type=\"application\/ld+json\" class=\"yoast-schema-graph\">{\"@context\":\"https:\/\/schema.org\",\"@graph\":[{\"@type\":\"WebSite\",\"@id\":\"https:\/\/www.visit-ulcinj.com\/blog\/#website\",\"url\":\"https:\/\/www.visit-ulcinj.com\/blog\/\",\"name\":\"Lajme nga Ulqini\",\"description\":\"Lajme,Vijesti,Ulqini,Ulqin,Crna Gora,Mali i Zi\",\"potentialAction\":[{\"@type\":\"SearchAction\",\"target\":{\"@type\":\"EntryPoint\",\"urlTemplate\":\"https:\/\/www.visit-ulcinj.com\/blog\/?s={search_term_string}\"},\"query-input\":\"required name=search_term_string\"}],\"inLanguage\":\"en-US\"},{\"@type\":\"ImageObject\",\"inLanguage\":\"en-US\",\"@id\":\"https:\/\/www.visit-ulcinj.com\/blog\/2013\/05\/21\/perurohet-ura-e-re-mbi-port-milene-foto-video\/#primaryimage\",\"url\":\"https:\/\/www.visit-ulcinj.com\/blog\/wp-content\/uploads\/2013\/05\/Djukanovic-inaguracija-mosta-Port-Milena-Ulcinj-Brajovic-Cungu.1.jpg\",\"contentUrl\":\"https:\/\/www.visit-ulcinj.com\/blog\/wp-content\/uploads\/2013\/05\/Djukanovic-inaguracija-mosta-Port-Milena-Ulcinj-Brajovic-Cungu.1.jpg\",\"width\":795,\"height\":529},{\"@type\":\"WebPage\",\"@id\":\"https:\/\/www.visit-ulcinj.com\/blog\/2013\/05\/21\/perurohet-ura-e-re-mbi-port-milene-foto-video\/#webpage\",\"url\":\"https:\/\/www.visit-ulcinj.com\/blog\/2013\/05\/21\/perurohet-ura-e-re-mbi-port-milene-foto-video\/\",\"name\":\"P\u00ebrurohet ura e re mbi Port Milen\u00eb + Foto + Video - Lajme nga Ulqini\",\"isPartOf\":{\"@id\":\"https:\/\/www.visit-ulcinj.com\/blog\/#website\"},\"primaryImageOfPage\":{\"@id\":\"https:\/\/www.visit-ulcinj.com\/blog\/2013\/05\/21\/perurohet-ura-e-re-mbi-port-milene-foto-video\/#primaryimage\"},\"datePublished\":\"2013-05-21T18:04:40+00:00\",\"dateModified\":\"2013-05-21T18:04:40+00:00\",\"author\":{\"@id\":\"https:\/\/www.visit-ulcinj.com\/blog\/#\/schema\/person\/dcab619c614d3038751c63bc2aadc06d\"},\"description\":\"T\u00eb h\u00ebnen me dat\u00eb 20 maj 2013 u b\u00eb p\u00ebrurimi i ur\u00ebs mbi Port Milen\u00eb, njiherit investimi m\u00eb kapital n\u00eb komunen e Ulqinit gjat\u00eb dekadave t\u00eb fundit. N\u00eb hapjen\",\"breadcrumb\":{\"@id\":\"https:\/\/www.visit-ulcinj.com\/blog\/2013\/05\/21\/perurohet-ura-e-re-mbi-port-milene-foto-video\/#breadcrumb\"},\"inLanguage\":\"en-US\",\"potentialAction\":[{\"@type\":\"ReadAction\",\"target\":[\"https:\/\/www.visit-ulcinj.com\/blog\/2013\/05\/21\/perurohet-ura-e-re-mbi-port-milene-foto-video\/\"]}]},{\"@type\":\"BreadcrumbList\",\"@id\":\"https:\/\/www.visit-ulcinj.com\/blog\/2013\/05\/21\/perurohet-ura-e-re-mbi-port-milene-foto-video\/#breadcrumb\",\"itemListElement\":[{\"@type\":\"ListItem\",\"position\":1,\"name\":\"P\u00ebrurohet ura e re mbi Port Milen\u00eb + Foto + Video\"}]},{\"@type\":\"Person\",\"@id\":\"https:\/\/www.visit-ulcinj.com\/blog\/#\/schema\/person\/dcab619c614d3038751c63bc2aadc06d\",\"name\":\"ulqini\",\"sameAs\":[\"http:\/\/www.visit-ulcinj.com\"],\"url\":\"https:\/\/www.visit-ulcinj.com\/blog\/author\/admin\/\"}]}<\/script>\n<!-- \/ Yoast SEO plugin. -->","yoast_head_json":{"title":"P\u00ebrurohet ura e re mbi Port Milen\u00eb + Foto + Video - Lajme nga Ulqini","description":"T\u00eb h\u00ebnen me dat\u00eb 20 maj 2013 u b\u00eb p\u00ebrurimi i ur\u00ebs mbi Port Milen\u00eb, njiherit investimi m\u00eb kapital n\u00eb komunen e Ulqinit gjat\u00eb dekadave t\u00eb fundit. N\u00eb hapjen","robots":{"index":"index","follow":"follow","max-snippet":"max-snippet:-1","max-image-preview":"max-image-preview:large","max-video-preview":"max-video-preview:-1"},"canonical":"https:\/\/www.visit-ulcinj.com\/blog\/2013\/05\/21\/perurohet-ura-e-re-mbi-port-milene-foto-video\/","og_locale":"en_US","og_type":"article","og_title":"P\u00ebrurohet ura e re mbi Port Milen\u00eb + Foto + Video - Lajme nga Ulqini","og_description":"T\u00eb h\u00ebnen me dat\u00eb 20 maj 2013 u b\u00eb p\u00ebrurimi i ur\u00ebs mbi Port Milen\u00eb, njiherit investimi m\u00eb kapital n\u00eb komunen e Ulqinit gjat\u00eb dekadave t\u00eb fundit. N\u00eb hapjen","og_url":"https:\/\/www.visit-ulcinj.com\/blog\/2013\/05\/21\/perurohet-ura-e-re-mbi-port-milene-foto-video\/","og_site_name":"Lajme nga Ulqini","article_published_time":"2013-05-21T18:04:40+00:00","og_image":[{"url":"https:\/\/www.visit-ulcinj.com\/blog\/wp-content\/uploads\/2013\/05\/Djukanovic-inaguracija-mosta-Port-Milena-Ulcinj-150x150.jpg"}],"twitter_misc":{"Written by":"ulqini","Est. reading time":"2 minutes"},"schema":{"@context":"https:\/\/schema.org","@graph":[{"@type":"WebSite","@id":"https:\/\/www.visit-ulcinj.com\/blog\/#website","url":"https:\/\/www.visit-ulcinj.com\/blog\/","name":"Lajme nga Ulqini","description":"Lajme,Vijesti,Ulqini,Ulqin,Crna Gora,Mali i Zi","potentialAction":[{"@type":"SearchAction","target":{"@type":"EntryPoint","urlTemplate":"https:\/\/www.visit-ulcinj.com\/blog\/?s={search_term_string}"},"query-input":"required name=search_term_string"}],"inLanguage":"en-US"},{"@type":"ImageObject","inLanguage":"en-US","@id":"https:\/\/www.visit-ulcinj.com\/blog\/2013\/05\/21\/perurohet-ura-e-re-mbi-port-milene-foto-video\/#primaryimage","url":"https:\/\/www.visit-ulcinj.com\/blog\/wp-content\/uploads\/2013\/05\/Djukanovic-inaguracija-mosta-Port-Milena-Ulcinj-Brajovic-Cungu.1.jpg","contentUrl":"https:\/\/www.visit-ulcinj.com\/blog\/wp-content\/uploads\/2013\/05\/Djukanovic-inaguracija-mosta-Port-Milena-Ulcinj-Brajovic-Cungu.1.jpg","width":795,"height":529},{"@type":"WebPage","@id":"https:\/\/www.visit-ulcinj.com\/blog\/2013\/05\/21\/perurohet-ura-e-re-mbi-port-milene-foto-video\/#webpage","url":"https:\/\/www.visit-ulcinj.com\/blog\/2013\/05\/21\/perurohet-ura-e-re-mbi-port-milene-foto-video\/","name":"P\u00ebrurohet ura e re mbi Port Milen\u00eb + Foto + Video - Lajme nga Ulqini","isPartOf":{"@id":"https:\/\/www.visit-ulcinj.com\/blog\/#website"},"primaryImageOfPage":{"@id":"https:\/\/www.visit-ulcinj.com\/blog\/2013\/05\/21\/perurohet-ura-e-re-mbi-port-milene-foto-video\/#primaryimage"},"datePublished":"2013-05-21T18:04:40+00:00","dateModified":"2013-05-21T18:04:40+00:00","author":{"@id":"https:\/\/www.visit-ulcinj.com\/blog\/#\/schema\/person\/dcab619c614d3038751c63bc2aadc06d"},"description":"T\u00eb h\u00ebnen me dat\u00eb 20 maj 2013 u b\u00eb p\u00ebrurimi i ur\u00ebs mbi Port Milen\u00eb, njiherit investimi m\u00eb kapital n\u00eb komunen e Ulqinit gjat\u00eb dekadave t\u00eb fundit. N\u00eb hapjen","breadcrumb":{"@id":"https:\/\/www.visit-ulcinj.com\/blog\/2013\/05\/21\/perurohet-ura-e-re-mbi-port-milene-foto-video\/#breadcrumb"},"inLanguage":"en-US","potentialAction":[{"@type":"ReadAction","target":["https:\/\/www.visit-ulcinj.com\/blog\/2013\/05\/21\/perurohet-ura-e-re-mbi-port-milene-foto-video\/"]}]},{"@type":"BreadcrumbList","@id":"https:\/\/www.visit-ulcinj.com\/blog\/2013\/05\/21\/perurohet-ura-e-re-mbi-port-milene-foto-video\/#breadcrumb","itemListElement":[{"@type":"ListItem","position":1,"name":"P\u00ebrurohet ura e re mbi Port Milen\u00eb + Foto + Video"}]},{"@type":"Person","@id":"https:\/\/www.visit-ulcinj.com\/blog\/#\/schema\/person\/dcab619c614d3038751c63bc2aadc06d","name":"ulqini","sameAs":["http:\/\/www.visit-ulcinj.com"],"url":"https:\/\/www.visit-ulcinj.com\/blog\/author\/admin\/"}]}},"jetpack_featured_media_url":"","jetpack_sharing_enabled":true,"jetpack_shortlink":"https:\/\/wp.me\/pe6lTn-iC2","_links":{"self":[{"href":"https:\/\/www.visit-ulcinj.com\/blog\/wp-json\/wp\/v2\/posts\/71550"}],"collection":[{"href":"https:\/\/www.visit-ulcinj.com\/blog\/wp-json\/wp\/v2\/posts"}],"about":[{"href":"https:\/\/www.visit-ulcinj.com\/blog\/wp-json\/wp\/v2\/types\/post"}],"author":[{"embeddable":true,"href":"https:\/\/www.visit-ulcinj.com\/blog\/wp-json\/wp\/v2\/users\/1"}],"replies":[{"embeddable":true,"href":"https:\/\/www.visit-ulcinj.com\/blog\/wp-json\/wp\/v2\/comments?post=71550"}],"version-history":[{"count":1,"href":"https:\/\/www.visit-ulcinj.com\/blog\/wp-json\/wp\/v2\/posts\/71550\/revisions"}],"predecessor-version":[{"id":71551,"href":"https:\/\/www.visit-ulcinj.com\/blog\/wp-json\/wp\/v2\/posts\/71550\/revisions\/71551"}],"wp:attachment":[{"href":"https:\/\/www.visit-ulcinj.com\/blog\/wp-json\/wp\/v2\/media?parent=71550"}],"wp:term":[{"taxonomy":"category","embeddable":true,"href":"https:\/\/www.visit-ulcinj.com\/blog\/wp-json\/wp\/v2\/categories?post=71550"},{"taxonomy":"post_tag","embeddable":true,"href":"https:\/\/www.visit-ulcinj.com\/blog\/wp-json\/wp\/v2\/tags?post=71550"}],"curies":[{"name":"wp","href":"https:\/\/api.w.org\/{rel}","templated":true}]}}