{"id":71552,"date":"2013-05-22T11:05:30","date_gmt":"2013-05-22T10:05:30","guid":{"rendered":"http:\/\/www.visit-ulcinj.com\/blog\/?p=71552"},"modified":"2013-05-22T11:05:56","modified_gmt":"2013-05-22T10:05:56","slug":"konkurs-per-akademin-evropiane-verore-te-muzikes","status":"publish","type":"post","link":"https:\/\/www.visit-ulcinj.com\/blog\/2013\/05\/22\/konkurs-per-akademin-evropiane-verore-te-muzikes\/","title":{"rendered":"Konkurs per Akademin evropiane verore te muzikes"},"content":{"rendered":"<p><strong><a href=\"http:\/\/www.visit-ulcinj.com\/blog\/wp-content\/uploads\/2013\/05\/400_Summer_Academy.jpg\"><img loading=\"lazy\" class=\"alignleft size-full wp-image-71553\" alt=\"400_Summer_Academy\" src=\"http:\/\/www.visit-ulcinj.com\/blog\/wp-content\/uploads\/2013\/05\/400_Summer_Academy.jpg\" width=\"400\" height=\"477\" srcset=\"https:\/\/www.visit-ulcinj.com\/blog\/wp-content\/uploads\/2013\/05\/400_Summer_Academy.jpg 400w, https:\/\/www.visit-ulcinj.com\/blog\/wp-content\/uploads\/2013\/05\/400_Summer_Academy-251x300.jpg 251w\" sizes=\"(max-width: 400px) 100vw, 400px\" \/><\/a>Akademia evropiane verore e muzik\u00ebs \u2013 viti i dyt\u00eb<\/strong><\/p>\n<p><b>Koha p\u00ebr konkurrim<\/b><\/p>\n<p>Nga 14 deri m\u00eb 24 korrik 2013, n\u00eb Prishtin\u00eb, do te mbahet p\u00ebr her\u00eb t\u00eb dyt\u00eb Akademia evropiane verore e muzik\u00ebs . N\u00eb k\u00ebt\u00eb Akademi mund t\u00eb marin\u00eb pjes\u00eb student\u00ebt nga Kosova, rajoni dhe vendet tjera t\u00eb Evrop\u00ebs.<\/p>\n<p>Student\u00ebt nga Kosova dhe vende t\u00eb tjera, p\u00ebr her\u00eb t\u00eb dyt\u00eb, do t\u00eb ken\u00eb mund\u00ebsin\u00eb e ve\u00e7ant\u00eb q\u00eb t\u00eb marrin\u00eb pjes\u00eb n\u00eb m\u00ebsimet e udh\u00ebhequra nga profesor\u00ebt me fam\u00eb nga vende t\u00eb Evrop\u00ebs. Po ashtu, student\u00ebt do t\u00eb ken\u00eb rastin t\u00eb takohen edhe me koleg\u00ebt e tyre nga vendet t\u00eb ndryshme evropiane. Student\u00ebt sivjet do t\u00eb ken\u00eb mund\u00ebsi m\u00ebsimi n\u00eb l\u00ebnd\u00ebt e pianos, violin\u00eb-\u00e7ellos, klarinetit, flaut\u00ebs, kitar\u00ebs dhe k\u00ebndimit. M\u00ebsimet do t\u00eb zhvillohen nga tre profesor nga Kosova dhe dhjet\u00eb t\u00eb tjer\u00eb q\u00eb vijn\u00eb nga \u00c7ekia, Gjermania, Austria, Luksemburgu, Serbia dhe Hungaria.<\/p>\n<p>Kjo ngjarje, mbase m\u00eb e madhja e k\u00ebtij lloji n\u00eb Evrop\u00ebn Jug-lindore, organizohet nga ambasadat e \u00c7ekis\u00eb, Gjermanis\u00eb, Austris\u00eb, Hungaris\u00eb, Luksemburgut, Zyr\u00ebs s\u00eb BE-s\u00eb, EULEX-in, UNDP-n\u00eb,, si dhe institucionet e Kosov\u00ebs: Ministria e Kultur\u00ebs, Rinis\u00eb dhe Sportit, Ministris\u00eb s\u00eb Diaspor\u00ebs, Ministris\u00eb s\u00eb Integrimit Evropian, Zyra Administrative n\u00eb veri t\u00eb Mitrovic\u00ebs, Komuna e Prishtin\u00ebs. Pallati I Rinis\u00eb, Filharminia e Kosov\u00ebs dhe\u00a0 Teatri Komb\u00ebtar i Kosov\u00ebs. I gjith\u00eb projekti do t\u00eb realizohet nga \u201cMUTE Fondation\u201d, nj\u00eb OJQ e specializuar p\u00ebr muzik\u00eb dhe teat\u00ebr.<\/p>\n<p>\u201cSuksesi i vjetsh\u00ebm dhe p\u00ebrvoja e fituar e m\u00eb shum\u00eb se 60 student\u00ebve nga Kosova, Maqedonia, Shqip\u00ebria dhe Mbret\u00ebria e Bashkuar \u00ebsht\u00eb nj\u00eb baz\u00eb e mir\u00eb p\u00ebr Akademin\u00eb e sivjetme. Gjat\u00eb koh\u00ebs sa mbahet Akademia, ne do t\u00eb d\u00ebshironim q\u00eb ta b\u00ebjm\u00eb Prishtin\u00ebn Kryeqytetin e muzik\u00ebs klasike p\u00ebr t\u00ebr\u00eb rajonin. Ne besojm\u00eb se gjat\u00eb k\u00ebsaj kohe shum\u00eb evropian q\u00eb jetojn\u00eb Kosov\u00eb dhe n\u00eb shtetet e rajonit do t\u00eb tubohen n\u00eb Prishtin\u00eb\u201d, thot\u00eb autori i k\u00ebtij projekti ambasadori i Republik\u00ebs s\u00eb \u00c7ekis\u00eb Jiri Dolezel.<\/p>\n<p>P\u00ebrfaq\u00ebsuesi i ve\u00e7ant\u00eb i Bashkimit Evropian Samuel Zbogar, n\u00ebn patronatin e t\u00eb cilit mbahet kjo Akademi shton: \u201cPrishtina gjat\u00eb ver\u00ebs mbushet me frym\u00eb evropiane, duke ardhur shum\u00eb m\u00ebrgimtar tek familjet e tyre, si dhe ardhja e shum\u00eb student\u00ebve nga universitete t\u00eb tjera nga e gjith\u00eb Evropa. Ne, duam q\u00eb ta b\u00ebjm\u00eb k\u00ebt\u00eb qytet t\u00eb ngroht\u00eb, q\u00eb tashm\u00eb \u00ebsht\u00eb me plot\u00eb entuziaz\u00ebm rinor dhe me skena t\u00eb pranishme artistike, q\u00eb do t\u00eb jet\u00eb edhe m\u00eb i ngroht\u00eb me ndjenj\u00ebn e muzik\u00ebs klasike\u201d.<\/p>\n<p>Drejtori Artistik q\u00eb nj\u00ebher\u00ebsh \u00ebsht\u00eb edhe profesor i pianos Jaromir Klepac, q\u00eb vjen nga \u00c7ekia, shpjegon arsyen e angazhimit t\u00eb tij n\u00eb k\u00ebt\u00eb projekt, p\u00ebr dy vjet rresht: \u201cShtetet e sapo formuara, si\u00e7 \u00ebsht\u00eb Kosova, si prioritetet duhet t\u00eb ken\u00eb rritjen e kapaciteteve arsimore dhe ato artistike. P\u00ebr k\u00ebt\u00eb arsye, p\u00ebrmes k\u00ebtij projekti, ne po sjellim n\u00eb Kosov\u00eb profesor\u00ebt e nivelit m\u00eb t\u00eb lart\u00eb nga shkolla t\u00eb ndryshme t\u00eb muzik\u00ebs s\u00eb vendeve t\u00eb Bashkimit Evropian, q\u00eb t\u2019u mbajn\u00eb master klasat bashk\u00eb me koleg\u00ebt e tyre nga Kosova. Nj\u00ebkoh\u00ebsisht, fal\u00eb Akademis\u00eb, shum\u00eb student\u00eb nga vende t\u00eb tjera evropiane do t\u00eb vijn\u00eb n\u00eb Kosov\u00eb t\u00eb m\u00ebsojn\u00eb, t\u00eb shoq\u00ebrohen dhe t\u00eb k\u00ebmbejn\u00eb p\u00ebrvojat e tyre\u201d.<\/p>\n<p>Flaka Goranci \u00ebsht\u00eb nj\u00ebra nga studentet q\u00eb vjet shk\u00eblqeu n\u00eb akademin\u00eb e vjetme, k\u00ebshtu e shpjegon p\u00ebrvoj\u00ebn e saj: \u201cUn\u00eb e di se Akademia evropiane verore e muzik\u00ebs \u00a0\u00ebsht\u00eb ngjarja m\u00eb e r\u00ebnd\u00ebsishme arsimore dhe artistike, p\u00ebr muzik\u00ebn klasike, q\u00eb \u00ebsht\u00eb organizuar ndonj\u00eb her\u00eb n\u00eb Kosov\u00eb. Pjes\u00ebmarrja e vjetme, p\u00ebr mua dhe koleg\u00ebt e mi, ishte nj\u00eb p\u00ebrvoj\u00eb e \u00e7mueshme. N\u00eb nj\u00eb ngjarje t\u00eb k\u00ebtill\u00eb ju mund t\u00eb m\u00ebsoni, d\u00ebgjoni dhe t\u00eb takoni shum\u00eb miq. Takimi im me profesorin e pianos Desar Sulejmanin dhe sopranon Caroline Merz ishte vendimtar p\u00ebr karrier\u00ebn time. Ata m\u00eb ndihmuan t\u00eb p\u00ebrfitoj\u00eb profesionalisht, n\u00eb ve\u00e7anti n\u00eb vokalin e k\u00ebng\u00ebs gjermane dhe t\u00eb stileve t\u00eb nd\u00ebrlidhura me te. Kjo \u00ebsht\u00eb nj\u00eb l\u00ebmi e r\u00ebnd\u00ebsishme n\u00eb kultur\u00ebn e tashme t\u00eb muzik\u00ebs klasike n\u00eb bot\u00eb, q\u00eb fatkeq\u00ebsisht nuk ushtrohet pothuajse fare n\u00eb shkollat tona t\u00eb muzik\u00ebs. Mund t\u00eb them se fal master klas-ve nga viti i shkuar un\u00eb jam vendosur n\u00eb Vien\u00eb p\u00ebr t\u2019u specializuar n\u00eb vokalin e k\u00ebng\u00ebs gjermane\u201d.<\/p>\n<p>Presidentja e Fondacionit \u201cMUTE\u201d, Florie Bajoku p\u00ebrkujton se t\u00eb gjitha informacionet student\u00ebt e interesuar, p\u00ebr t\u00eb konkurruar, p\u00ebr pjes\u00ebmarrje n\u00eb Akademin\u00eb verore evropiane t\u00eb muzik\u00ebs si: master klas-\u00ebt, mentor\u00ebt dhe kushtet e pjes\u00ebmarrjes mund t\u00eb gjenden n\u00eb faqen e internetit <strong><a href=\"http:\/\/www.musicacademy-ks.com\/\">http:\/\/\u00eb\u00eb\u00eb.musicacademy-ks.com\/<\/a><\/strong>. Student\u00ebt mund t\u00eb konkurrojn\u00eb p\u00ebrmes internetit. Pjes\u00ebmarrja e student\u00ebve nga Kosova, Serbia, Maqedonia, Mali i Zi dhe Shqip\u00ebria \u00ebsht\u00eb falas. Nd\u00ebrsa, p\u00ebr t\u00eb gjith\u00eb student\u00ebt q\u00eb nuk jan\u00eb shtetas t\u00eb Kosov\u00ebs fjetja \u00ebsht\u00eb siguruar nga organizatori, pa para, n\u00eb konviktet e Universitetit t\u00eb Prishtin\u00ebs. Sipas asaj: \u201cKonkurrimi mund t\u00eb b\u00ebhet q\u00eb tash deri n\u00eb dit\u00ebn e fundit, q\u00eb \u00ebsht\u00eb m\u00eb 15 qershor 2013\u201d.<\/p>\n","protected":false},"excerpt":{"rendered":"<p>Akademia evropiane verore e muzik\u00ebs \u2013 viti i dyt\u00eb Koha p\u00ebr konkurrim Nga 14 deri m\u00eb 24 korrik 2013, n\u00eb Prishtin\u00eb, do te mbahet p\u00ebr her\u00eb t\u00eb dyt\u00eb Akademia evropiane verore e muzik\u00ebs . N\u00eb k\u00ebt\u00eb Akademi mund t\u00eb marin\u00eb pjes\u00eb student\u00ebt nga Kosova, rajoni dhe vendet tjera t\u00eb Evrop\u00ebs. Student\u00ebt nga Kosova dhe vende [&hellip;]<\/p>\n","protected":false},"author":1,"featured_media":0,"comment_status":"open","ping_status":"closed","sticky":false,"template":"","format":"standard","meta":{"spay_email":"","jetpack_publicize_message":"","jetpack_is_tweetstorm":false,"jetpack_publicize_feature_enabled":true},"categories":[14],"tags":[],"jetpack_publicize_connections":[],"yoast_head":"<!-- This site is optimized with the Yoast SEO plugin v19.1 - https:\/\/yoast.com\/wordpress\/plugins\/seo\/ -->\n<title>Konkurs per Akademin evropiane verore te muzikes - Lajme nga Ulqini<\/title>\n<meta name=\"description\" content=\"Akademia evropiane verore e muzik\u00ebs \u2013 viti i dyt\u00eb Koha p\u00ebr konkurrim Nga 14 deri m\u00eb 24 korrik 2013, n\u00eb Prishtin\u00eb, do te mbahet p\u00ebr her\u00eb t\u00eb dyt\u00eb Akademia\" \/>\n<meta name=\"robots\" content=\"index, follow, max-snippet:-1, max-image-preview:large, max-video-preview:-1\" \/>\n<link rel=\"canonical\" href=\"https:\/\/www.visit-ulcinj.com\/blog\/2013\/05\/22\/konkurs-per-akademin-evropiane-verore-te-muzikes\/\" \/>\n<meta property=\"og:locale\" content=\"en_US\" \/>\n<meta property=\"og:type\" content=\"article\" \/>\n<meta property=\"og:title\" content=\"Konkurs per Akademin evropiane verore te muzikes - Lajme nga Ulqini\" \/>\n<meta property=\"og:description\" content=\"Akademia evropiane verore e muzik\u00ebs \u2013 viti i dyt\u00eb Koha p\u00ebr konkurrim Nga 14 deri m\u00eb 24 korrik 2013, n\u00eb Prishtin\u00eb, do te mbahet p\u00ebr her\u00eb t\u00eb dyt\u00eb Akademia\" \/>\n<meta property=\"og:url\" content=\"https:\/\/www.visit-ulcinj.com\/blog\/2013\/05\/22\/konkurs-per-akademin-evropiane-verore-te-muzikes\/\" \/>\n<meta property=\"og:site_name\" content=\"Lajme nga Ulqini\" \/>\n<meta property=\"article:published_time\" content=\"2013-05-22T10:05:30+00:00\" \/>\n<meta property=\"article:modified_time\" content=\"2013-05-22T10:05:56+00:00\" \/>\n<meta property=\"og:image\" content=\"http:\/\/www.visit-ulcinj.com\/blog\/wp-content\/uploads\/2013\/05\/400_Summer_Academy.jpg\" \/>\n<meta name=\"twitter:label1\" content=\"Written by\" \/>\n\t<meta name=\"twitter:data1\" content=\"ulqini\" \/>\n\t<meta name=\"twitter:label2\" content=\"Est. reading time\" \/>\n\t<meta name=\"twitter:data2\" content=\"5 minutes\" \/>\n<script type=\"application\/ld+json\" class=\"yoast-schema-graph\">{\"@context\":\"https:\/\/schema.org\",\"@graph\":[{\"@type\":\"WebSite\",\"@id\":\"https:\/\/www.visit-ulcinj.com\/blog\/#website\",\"url\":\"https:\/\/www.visit-ulcinj.com\/blog\/\",\"name\":\"Lajme nga Ulqini\",\"description\":\"Lajme,Vijesti,Ulqini,Ulqin,Crna Gora,Mali i Zi\",\"potentialAction\":[{\"@type\":\"SearchAction\",\"target\":{\"@type\":\"EntryPoint\",\"urlTemplate\":\"https:\/\/www.visit-ulcinj.com\/blog\/?s={search_term_string}\"},\"query-input\":\"required name=search_term_string\"}],\"inLanguage\":\"en-US\"},{\"@type\":\"ImageObject\",\"inLanguage\":\"en-US\",\"@id\":\"https:\/\/www.visit-ulcinj.com\/blog\/2013\/05\/22\/konkurs-per-akademin-evropiane-verore-te-muzikes\/#primaryimage\",\"url\":\"https:\/\/www.visit-ulcinj.com\/blog\/wp-content\/uploads\/2013\/05\/400_Summer_Academy.jpg\",\"contentUrl\":\"https:\/\/www.visit-ulcinj.com\/blog\/wp-content\/uploads\/2013\/05\/400_Summer_Academy.jpg\",\"width\":400,\"height\":477},{\"@type\":\"WebPage\",\"@id\":\"https:\/\/www.visit-ulcinj.com\/blog\/2013\/05\/22\/konkurs-per-akademin-evropiane-verore-te-muzikes\/#webpage\",\"url\":\"https:\/\/www.visit-ulcinj.com\/blog\/2013\/05\/22\/konkurs-per-akademin-evropiane-verore-te-muzikes\/\",\"name\":\"Konkurs per Akademin evropiane verore te muzikes - Lajme nga Ulqini\",\"isPartOf\":{\"@id\":\"https:\/\/www.visit-ulcinj.com\/blog\/#website\"},\"primaryImageOfPage\":{\"@id\":\"https:\/\/www.visit-ulcinj.com\/blog\/2013\/05\/22\/konkurs-per-akademin-evropiane-verore-te-muzikes\/#primaryimage\"},\"datePublished\":\"2013-05-22T10:05:30+00:00\",\"dateModified\":\"2013-05-22T10:05:56+00:00\",\"author\":{\"@id\":\"https:\/\/www.visit-ulcinj.com\/blog\/#\/schema\/person\/dcab619c614d3038751c63bc2aadc06d\"},\"description\":\"Akademia evropiane verore e muzik\u00ebs \u2013 viti i dyt\u00eb Koha p\u00ebr konkurrim Nga 14 deri m\u00eb 24 korrik 2013, n\u00eb Prishtin\u00eb, do te mbahet p\u00ebr her\u00eb t\u00eb dyt\u00eb Akademia\",\"breadcrumb\":{\"@id\":\"https:\/\/www.visit-ulcinj.com\/blog\/2013\/05\/22\/konkurs-per-akademin-evropiane-verore-te-muzikes\/#breadcrumb\"},\"inLanguage\":\"en-US\",\"potentialAction\":[{\"@type\":\"ReadAction\",\"target\":[\"https:\/\/www.visit-ulcinj.com\/blog\/2013\/05\/22\/konkurs-per-akademin-evropiane-verore-te-muzikes\/\"]}]},{\"@type\":\"BreadcrumbList\",\"@id\":\"https:\/\/www.visit-ulcinj.com\/blog\/2013\/05\/22\/konkurs-per-akademin-evropiane-verore-te-muzikes\/#breadcrumb\",\"itemListElement\":[{\"@type\":\"ListItem\",\"position\":1,\"name\":\"Konkurs per Akademin evropiane verore te muzikes\"}]},{\"@type\":\"Person\",\"@id\":\"https:\/\/www.visit-ulcinj.com\/blog\/#\/schema\/person\/dcab619c614d3038751c63bc2aadc06d\",\"name\":\"ulqini\",\"sameAs\":[\"http:\/\/www.visit-ulcinj.com\"],\"url\":\"https:\/\/www.visit-ulcinj.com\/blog\/author\/admin\/\"}]}<\/script>\n<!-- \/ Yoast SEO plugin. -->","yoast_head_json":{"title":"Konkurs per Akademin evropiane verore te muzikes - Lajme nga Ulqini","description":"Akademia evropiane verore e muzik\u00ebs \u2013 viti i dyt\u00eb Koha p\u00ebr konkurrim Nga 14 deri m\u00eb 24 korrik 2013, n\u00eb Prishtin\u00eb, do te mbahet p\u00ebr her\u00eb t\u00eb dyt\u00eb Akademia","robots":{"index":"index","follow":"follow","max-snippet":"max-snippet:-1","max-image-preview":"max-image-preview:large","max-video-preview":"max-video-preview:-1"},"canonical":"https:\/\/www.visit-ulcinj.com\/blog\/2013\/05\/22\/konkurs-per-akademin-evropiane-verore-te-muzikes\/","og_locale":"en_US","og_type":"article","og_title":"Konkurs per Akademin evropiane verore te muzikes - Lajme nga Ulqini","og_description":"Akademia evropiane verore e muzik\u00ebs \u2013 viti i dyt\u00eb Koha p\u00ebr konkurrim Nga 14 deri m\u00eb 24 korrik 2013, n\u00eb Prishtin\u00eb, do te mbahet p\u00ebr her\u00eb t\u00eb dyt\u00eb Akademia","og_url":"https:\/\/www.visit-ulcinj.com\/blog\/2013\/05\/22\/konkurs-per-akademin-evropiane-verore-te-muzikes\/","og_site_name":"Lajme nga Ulqini","article_published_time":"2013-05-22T10:05:30+00:00","article_modified_time":"2013-05-22T10:05:56+00:00","og_image":[{"url":"http:\/\/www.visit-ulcinj.com\/blog\/wp-content\/uploads\/2013\/05\/400_Summer_Academy.jpg"}],"twitter_misc":{"Written by":"ulqini","Est. reading time":"5 minutes"},"schema":{"@context":"https:\/\/schema.org","@graph":[{"@type":"WebSite","@id":"https:\/\/www.visit-ulcinj.com\/blog\/#website","url":"https:\/\/www.visit-ulcinj.com\/blog\/","name":"Lajme nga Ulqini","description":"Lajme,Vijesti,Ulqini,Ulqin,Crna Gora,Mali i Zi","potentialAction":[{"@type":"SearchAction","target":{"@type":"EntryPoint","urlTemplate":"https:\/\/www.visit-ulcinj.com\/blog\/?s={search_term_string}"},"query-input":"required name=search_term_string"}],"inLanguage":"en-US"},{"@type":"ImageObject","inLanguage":"en-US","@id":"https:\/\/www.visit-ulcinj.com\/blog\/2013\/05\/22\/konkurs-per-akademin-evropiane-verore-te-muzikes\/#primaryimage","url":"https:\/\/www.visit-ulcinj.com\/blog\/wp-content\/uploads\/2013\/05\/400_Summer_Academy.jpg","contentUrl":"https:\/\/www.visit-ulcinj.com\/blog\/wp-content\/uploads\/2013\/05\/400_Summer_Academy.jpg","width":400,"height":477},{"@type":"WebPage","@id":"https:\/\/www.visit-ulcinj.com\/blog\/2013\/05\/22\/konkurs-per-akademin-evropiane-verore-te-muzikes\/#webpage","url":"https:\/\/www.visit-ulcinj.com\/blog\/2013\/05\/22\/konkurs-per-akademin-evropiane-verore-te-muzikes\/","name":"Konkurs per Akademin evropiane verore te muzikes - Lajme nga Ulqini","isPartOf":{"@id":"https:\/\/www.visit-ulcinj.com\/blog\/#website"},"primaryImageOfPage":{"@id":"https:\/\/www.visit-ulcinj.com\/blog\/2013\/05\/22\/konkurs-per-akademin-evropiane-verore-te-muzikes\/#primaryimage"},"datePublished":"2013-05-22T10:05:30+00:00","dateModified":"2013-05-22T10:05:56+00:00","author":{"@id":"https:\/\/www.visit-ulcinj.com\/blog\/#\/schema\/person\/dcab619c614d3038751c63bc2aadc06d"},"description":"Akademia evropiane verore e muzik\u00ebs \u2013 viti i dyt\u00eb Koha p\u00ebr konkurrim Nga 14 deri m\u00eb 24 korrik 2013, n\u00eb Prishtin\u00eb, do te mbahet p\u00ebr her\u00eb t\u00eb dyt\u00eb Akademia","breadcrumb":{"@id":"https:\/\/www.visit-ulcinj.com\/blog\/2013\/05\/22\/konkurs-per-akademin-evropiane-verore-te-muzikes\/#breadcrumb"},"inLanguage":"en-US","potentialAction":[{"@type":"ReadAction","target":["https:\/\/www.visit-ulcinj.com\/blog\/2013\/05\/22\/konkurs-per-akademin-evropiane-verore-te-muzikes\/"]}]},{"@type":"BreadcrumbList","@id":"https:\/\/www.visit-ulcinj.com\/blog\/2013\/05\/22\/konkurs-per-akademin-evropiane-verore-te-muzikes\/#breadcrumb","itemListElement":[{"@type":"ListItem","position":1,"name":"Konkurs per Akademin evropiane verore te muzikes"}]},{"@type":"Person","@id":"https:\/\/www.visit-ulcinj.com\/blog\/#\/schema\/person\/dcab619c614d3038751c63bc2aadc06d","name":"ulqini","sameAs":["http:\/\/www.visit-ulcinj.com"],"url":"https:\/\/www.visit-ulcinj.com\/blog\/author\/admin\/"}]}},"jetpack_featured_media_url":"","jetpack_sharing_enabled":true,"jetpack_shortlink":"https:\/\/wp.me\/pe6lTn-iC4","_links":{"self":[{"href":"https:\/\/www.visit-ulcinj.com\/blog\/wp-json\/wp\/v2\/posts\/71552"}],"collection":[{"href":"https:\/\/www.visit-ulcinj.com\/blog\/wp-json\/wp\/v2\/posts"}],"about":[{"href":"https:\/\/www.visit-ulcinj.com\/blog\/wp-json\/wp\/v2\/types\/post"}],"author":[{"embeddable":true,"href":"https:\/\/www.visit-ulcinj.com\/blog\/wp-json\/wp\/v2\/users\/1"}],"replies":[{"embeddable":true,"href":"https:\/\/www.visit-ulcinj.com\/blog\/wp-json\/wp\/v2\/comments?post=71552"}],"version-history":[{"count":3,"href":"https:\/\/www.visit-ulcinj.com\/blog\/wp-json\/wp\/v2\/posts\/71552\/revisions"}],"predecessor-version":[{"id":71556,"href":"https:\/\/www.visit-ulcinj.com\/blog\/wp-json\/wp\/v2\/posts\/71552\/revisions\/71556"}],"wp:attachment":[{"href":"https:\/\/www.visit-ulcinj.com\/blog\/wp-json\/wp\/v2\/media?parent=71552"}],"wp:term":[{"taxonomy":"category","embeddable":true,"href":"https:\/\/www.visit-ulcinj.com\/blog\/wp-json\/wp\/v2\/categories?post=71552"},{"taxonomy":"post_tag","embeddable":true,"href":"https:\/\/www.visit-ulcinj.com\/blog\/wp-json\/wp\/v2\/tags?post=71552"}],"curies":[{"name":"wp","href":"https:\/\/api.w.org\/{rel}","templated":true}]}}