{"id":71558,"date":"2013-05-22T14:28:18","date_gmt":"2013-05-22T13:28:18","guid":{"rendered":"http:\/\/www.visit-ulcinj.com\/blog\/?p=71558"},"modified":"2013-05-24T16:28:38","modified_gmt":"2013-05-24T15:28:38","slug":"ulqinaket-i-therrasin-kosovaret-per-pushime","status":"publish","type":"post","link":"https:\/\/www.visit-ulcinj.com\/blog\/2013\/05\/22\/ulqinaket-i-therrasin-kosovaret-per-pushime\/","title":{"rendered":"Ulqinak\u00ebt i th\u00ebrrasin kosovar\u00ebt p\u00ebr pushime"},"content":{"rendered":"<p><a href=\"http:\/\/www.visit-ulcinj.com\/blog\/wp-content\/uploads\/2013\/05\/Plaza-MCM-Beach-Ulcinj-Suncobrani.jpg\"><img loading=\"lazy\" class=\"alignleft  wp-image-71559\" alt=\"Plaza MCM Beach Ulcinj - Suncobrani\" src=\"http:\/\/www.visit-ulcinj.com\/blog\/wp-content\/uploads\/2013\/05\/Plaza-MCM-Beach-Ulcinj-Suncobrani.jpg\" width=\"508\" height=\"360\" \/><\/a>Komuna e Ulqinit ka b\u00ebr\u00eb t\u00eb gjitha parap\u00ebrgatitjet p\u00ebr t\u00eb pritur turist\u00ebt nga Kosova, por edhe vende t\u00eb tjera t\u00eb bot\u00ebs, q\u00eb viteve t\u00eb fundit jan\u00eb n\u00eb rritje e sip\u00ebr. P\u00ebr dallimin nga viti i kaluar, sivjet pushuesit do t\u00eb ken\u00eb kushte m\u00eb t\u00eb mira, pasi q\u00eb jan\u00eb b\u00ebr\u00eb investime t\u00eb shumta. Por, edhe hotelet dhe lokalet private sivjet ofrojn\u00eb risi t\u00eb shumta p\u00ebr turist\u00ebt q\u00eb zgjedhin k\u00ebt\u00eb qytet p\u00ebr t\u2019i kaluar pushimet.<\/p>\n<p>Kryetari i Komun\u00ebs s\u00eb Ulqinit Nazif Cungu ka th\u00ebn\u00eb se interesimi i turist\u00ebve kosovar\u00eb dhe atyre t\u00eb huaj p\u00ebr t\u00eb kaluar pushimet n\u00eb plazhet e Ulqinit \u00ebsht\u00eb n\u00eb rritje e sip\u00ebr. Sipas tij, edhe m\u00eb tutje kosovar\u00ebt vazhdojn\u00eb t\u00eb mbeten pushuesit m\u00eb besnik\u00eb t\u00eb plazhit t\u00eb Ulqinit.<\/p>\n<p>Kryetari Cungu ka th\u00ebn\u00eb se nga p\u00ebrfundimi i sezonit t\u00eb kaluar Komuna ka b\u00ebr\u00eb investime t\u00eb shumta sidomos n\u00eb rrug\u00eb n\u00eb m\u00ebnyr\u00eb q\u00eb Ulqini t\u00eb jet\u00eb sa m\u00eb t\u00ebrheq\u00ebs p\u00ebr turist\u00ebt. M\u00eb tej kryetari Cungu b\u00ebn t\u00eb ditur se p\u00ebr sezonin turistik p\u00ebr vitin 2013, parap\u00ebrgatitjet jan\u00eb n\u00eb nivelin m\u00eb t\u00eb lart\u00eb t\u00eb mundsh\u00ebm.<\/p>\n<p>\u201cNormalisht kemi pasur v\u00ebrejtje t\u00eb shumta, p\u00ebr shkak t\u00eb investimeve t\u00eb mang\u00ebta n\u00eb nivel t\u00eb komun\u00ebs s\u00eb Ulqinit dhe ndoshta nuk kemi mundur t\u00eb p\u00ebrcjellim hapin e k\u00ebrkesave n\u00eb turiz\u00ebm. Dua t\u2019ju siguroj q\u00eb gjat\u00eb vitit t\u00eb kaluar kemi p\u00ebrfunduar disa investime t\u00eb r\u00ebnd\u00ebsishme n\u00eb k\u00ebt\u00eb komun\u00eb, q\u00eb jan\u00eb n\u00eb sh\u00ebrbim t\u00eb turizmit. Komuna e Ulqinit nuk ka m\u00eb probleme me uj\u00eb t\u00eb pijsh\u00ebm\u201d, ka th\u00ebn\u00eb ai.<\/p>\n<p>Edhe pronar t\u00eb plazheve dhe hoteleve n\u00eb Ulqin u kan\u00eb b\u00ebr\u00eb thirrje turist\u00ebve nga Kosova q\u00eb edhe sivjet pushimet verore t\u2019i kalojn\u00eb n\u00eb bregdetin e bukur ulqinak. Mark, nj\u00eb nd\u00ebr pronar\u00ebt e plazhit \u201cCopocabana\u201d ka th\u00ebn\u00eb dit\u00eb m\u00eb par\u00eb se ai, por edhe pronar\u00eb tjer\u00eb t\u00eb lokaleve kan\u00eb b\u00ebr\u00eb t\u00eb gjitha parap\u00ebrgatitjet q\u00eb turistet nga Kosova t\u00eb kalojn\u00eb sa m\u00eb mir\u00eb q\u00eb \u00ebsht\u00eb e mundshme. Sipas tij, p\u00ebr dallim nga vitet e kaluara, sivjet ka shum\u00eb risi.<\/p>\n<p>Po ashtu, edhe kryetari i Aleanc\u00ebs Kosovare t\u00eb Bizneseve (AKB), Agim Shahini ka th\u00ebn\u00eb se Ulqini edhe m\u00eb tutje vazhdon t\u00eb mbetet qytet i preferuar p\u00ebr pushuesit kosovar\u00eb. Edhe ai ka b\u00ebr\u00eb t\u00eb ditur se n\u00eb bashk\u00ebpunim me komun\u00ebn e Ulqinit kan\u00eb b\u00ebr\u00eb marr\u00ebveshje p\u00ebr ulje t\u00eb taksave q\u00eb qytetar\u00ebt e Kosov\u00ebs t\u00eb pushojn\u00eb me nj\u00eb kosto m\u00eb t\u00eb lir\u00eb.<\/p>\n<p>Nga 1 qershori, pagesa prej 30 eurosh p\u00ebr autobus do t\u00eb zbret n\u00eb 8 euro. Po ashtu, edhe taksa prej 3.5 euro q\u00eb \u00e7do udh\u00ebtar duhej t\u00eb paguante n\u00eb stacion t\u00eb autobus\u00ebve gjat\u00eb kthimit p\u00ebr n\u00eb Kosov\u00eb, do t\u00eb ulet n\u00eb 2 euro.<\/p>\n<p>P\u00ebrndryshe kapaciteti prit\u00ebs i Ulqinit vler\u00ebsohet t\u00eb jet\u00eb deri 5 her\u00eb m\u00eb i lart\u00eb se shifrat zyrtare t\u00eb turizmit. Sipas drejtorit t\u00eb Organizat\u00ebs Turistike Rajonale, \u201cmungon nj\u00eb mekaniz\u00ebm i t\u00ebr\u00eb n\u00eb Malin e Zi, q\u00eb mund t\u00eb b\u00ebj\u00eb evidentimin e sakt\u00eb t\u00eb fluksit turistik\u201d.<\/p>\n<p>Ndryshe nga Budva, q\u00eb num\u00ebron gati 90 hotele, leht\u00ebsisht t\u00eb administruesh\u00ebm, Ulqini ka 22 hotele me kapacitet 3500 shtret\u00ebr dhe pjesa tjet\u00ebr administrohet p\u00ebrmes apartamenteve. P\u00ebrllogaritjet e p\u00ebraf\u00ebrta t\u00eb kapaciteteve jan\u00eb p\u00ebr 120 mij\u00eb shtret\u00ebr.<\/p>\n<p>Organizata Turistike Rajonale nuk ka nj\u00eb mekaniz\u00ebm p\u00ebr t\u00eb vler\u00ebsuar t\u00eb ardhurat e sakta, megjithat\u00eb vler\u00ebsohet se n\u00eb Ulqin shpenzohen mbi 1 milion euro n\u00eb dit\u00eb gjat\u00eb sezonit veror.<\/p>\n<p>&nbsp;<\/p>\n<p><strong>Enis Veliu<br \/>\nZ\u00ebri<\/strong><br \/>\n<iframe loading=\"lazy\" src=\"http:\/\/www.youtube.com\/embed\/m5wfEks5wDw\" height=\"360\" width=\"508\" allowfullscreen=\"\" frameborder=\"0\"><\/iframe><\/p>\n","protected":false},"excerpt":{"rendered":"<p>Komuna e Ulqinit ka b\u00ebr\u00eb t\u00eb gjitha parap\u00ebrgatitjet p\u00ebr t\u00eb pritur turist\u00ebt nga Kosova, por edhe vende t\u00eb tjera t\u00eb bot\u00ebs, q\u00eb viteve t\u00eb fundit jan\u00eb n\u00eb rritje e sip\u00ebr. P\u00ebr dallimin nga viti i kaluar, sivjet pushuesit do t\u00eb ken\u00eb kushte m\u00eb t\u00eb mira, pasi q\u00eb jan\u00eb b\u00ebr\u00eb investime t\u00eb shumta. Por, edhe hotelet [&hellip;]<\/p>\n","protected":false},"author":1,"featured_media":0,"comment_status":"open","ping_status":"closed","sticky":false,"template":"","format":"standard","meta":{"spay_email":"","jetpack_publicize_message":"","jetpack_is_tweetstorm":false,"jetpack_publicize_feature_enabled":true},"categories":[1,15],"tags":[],"jetpack_publicize_connections":[],"yoast_head":"<!-- This site is optimized with the Yoast SEO plugin v19.1 - https:\/\/yoast.com\/wordpress\/plugins\/seo\/ -->\n<title>Ulqinak\u00ebt i th\u00ebrrasin kosovar\u00ebt p\u00ebr pushime - Lajme nga Ulqini<\/title>\n<meta name=\"description\" content=\"Komuna e Ulqinit ka b\u00ebr\u00eb t\u00eb gjitha parap\u00ebrgatitjet p\u00ebr t\u00eb pritur turist\u00ebt nga Kosova, por edhe vende t\u00eb tjera t\u00eb bot\u00ebs, q\u00eb viteve t\u00eb fundit jan\u00eb n\u00eb rritje\" \/>\n<meta name=\"robots\" content=\"index, follow, max-snippet:-1, max-image-preview:large, max-video-preview:-1\" \/>\n<link rel=\"canonical\" href=\"https:\/\/www.visit-ulcinj.com\/blog\/2013\/05\/22\/ulqinaket-i-therrasin-kosovaret-per-pushime\/\" \/>\n<meta property=\"og:locale\" content=\"en_US\" \/>\n<meta property=\"og:type\" content=\"article\" \/>\n<meta property=\"og:title\" content=\"Ulqinak\u00ebt i th\u00ebrrasin kosovar\u00ebt p\u00ebr pushime - Lajme nga Ulqini\" \/>\n<meta property=\"og:description\" content=\"Komuna e Ulqinit ka b\u00ebr\u00eb t\u00eb gjitha parap\u00ebrgatitjet p\u00ebr t\u00eb pritur turist\u00ebt nga Kosova, por edhe vende t\u00eb tjera t\u00eb bot\u00ebs, q\u00eb viteve t\u00eb fundit jan\u00eb n\u00eb rritje\" \/>\n<meta property=\"og:url\" content=\"https:\/\/www.visit-ulcinj.com\/blog\/2013\/05\/22\/ulqinaket-i-therrasin-kosovaret-per-pushime\/\" \/>\n<meta property=\"og:site_name\" content=\"Lajme nga Ulqini\" \/>\n<meta property=\"article:published_time\" content=\"2013-05-22T13:28:18+00:00\" \/>\n<meta property=\"article:modified_time\" content=\"2013-05-24T15:28:38+00:00\" \/>\n<meta property=\"og:image\" content=\"http:\/\/www.visit-ulcinj.com\/blog\/wp-content\/uploads\/2013\/05\/Plaza-MCM-Beach-Ulcinj-Suncobrani.jpg\" \/>\n<meta name=\"twitter:label1\" content=\"Written by\" \/>\n\t<meta name=\"twitter:data1\" content=\"ulqini\" \/>\n\t<meta name=\"twitter:label2\" content=\"Est. reading time\" \/>\n\t<meta name=\"twitter:data2\" content=\"3 minutes\" \/>\n<script type=\"application\/ld+json\" class=\"yoast-schema-graph\">{\"@context\":\"https:\/\/schema.org\",\"@graph\":[{\"@type\":\"WebSite\",\"@id\":\"https:\/\/www.visit-ulcinj.com\/blog\/#website\",\"url\":\"https:\/\/www.visit-ulcinj.com\/blog\/\",\"name\":\"Lajme nga Ulqini\",\"description\":\"Lajme,Vijesti,Ulqini,Ulqin,Crna Gora,Mali i Zi\",\"potentialAction\":[{\"@type\":\"SearchAction\",\"target\":{\"@type\":\"EntryPoint\",\"urlTemplate\":\"https:\/\/www.visit-ulcinj.com\/blog\/?s={search_term_string}\"},\"query-input\":\"required name=search_term_string\"}],\"inLanguage\":\"en-US\"},{\"@type\":\"ImageObject\",\"inLanguage\":\"en-US\",\"@id\":\"https:\/\/www.visit-ulcinj.com\/blog\/2013\/05\/22\/ulqinaket-i-therrasin-kosovaret-per-pushime\/#primaryimage\",\"url\":\"https:\/\/www.visit-ulcinj.com\/blog\/wp-content\/uploads\/2013\/05\/Plaza-MCM-Beach-Ulcinj-Suncobrani.jpg\",\"contentUrl\":\"https:\/\/www.visit-ulcinj.com\/blog\/wp-content\/uploads\/2013\/05\/Plaza-MCM-Beach-Ulcinj-Suncobrani.jpg\",\"width\":685,\"height\":526},{\"@type\":\"WebPage\",\"@id\":\"https:\/\/www.visit-ulcinj.com\/blog\/2013\/05\/22\/ulqinaket-i-therrasin-kosovaret-per-pushime\/#webpage\",\"url\":\"https:\/\/www.visit-ulcinj.com\/blog\/2013\/05\/22\/ulqinaket-i-therrasin-kosovaret-per-pushime\/\",\"name\":\"Ulqinak\u00ebt i th\u00ebrrasin kosovar\u00ebt p\u00ebr pushime - Lajme nga Ulqini\",\"isPartOf\":{\"@id\":\"https:\/\/www.visit-ulcinj.com\/blog\/#website\"},\"primaryImageOfPage\":{\"@id\":\"https:\/\/www.visit-ulcinj.com\/blog\/2013\/05\/22\/ulqinaket-i-therrasin-kosovaret-per-pushime\/#primaryimage\"},\"datePublished\":\"2013-05-22T13:28:18+00:00\",\"dateModified\":\"2013-05-24T15:28:38+00:00\",\"author\":{\"@id\":\"https:\/\/www.visit-ulcinj.com\/blog\/#\/schema\/person\/dcab619c614d3038751c63bc2aadc06d\"},\"description\":\"Komuna e Ulqinit ka b\u00ebr\u00eb t\u00eb gjitha parap\u00ebrgatitjet p\u00ebr t\u00eb pritur turist\u00ebt nga Kosova, por edhe vende t\u00eb tjera t\u00eb bot\u00ebs, q\u00eb viteve t\u00eb fundit jan\u00eb n\u00eb rritje\",\"breadcrumb\":{\"@id\":\"https:\/\/www.visit-ulcinj.com\/blog\/2013\/05\/22\/ulqinaket-i-therrasin-kosovaret-per-pushime\/#breadcrumb\"},\"inLanguage\":\"en-US\",\"potentialAction\":[{\"@type\":\"ReadAction\",\"target\":[\"https:\/\/www.visit-ulcinj.com\/blog\/2013\/05\/22\/ulqinaket-i-therrasin-kosovaret-per-pushime\/\"]}]},{\"@type\":\"BreadcrumbList\",\"@id\":\"https:\/\/www.visit-ulcinj.com\/blog\/2013\/05\/22\/ulqinaket-i-therrasin-kosovaret-per-pushime\/#breadcrumb\",\"itemListElement\":[{\"@type\":\"ListItem\",\"position\":1,\"name\":\"Ulqinak\u00ebt i th\u00ebrrasin kosovar\u00ebt p\u00ebr pushime\"}]},{\"@type\":\"Person\",\"@id\":\"https:\/\/www.visit-ulcinj.com\/blog\/#\/schema\/person\/dcab619c614d3038751c63bc2aadc06d\",\"name\":\"ulqini\",\"sameAs\":[\"http:\/\/www.visit-ulcinj.com\"],\"url\":\"https:\/\/www.visit-ulcinj.com\/blog\/author\/admin\/\"}]}<\/script>\n<!-- \/ Yoast SEO plugin. -->","yoast_head_json":{"title":"Ulqinak\u00ebt i th\u00ebrrasin kosovar\u00ebt p\u00ebr pushime - Lajme nga Ulqini","description":"Komuna e Ulqinit ka b\u00ebr\u00eb t\u00eb gjitha parap\u00ebrgatitjet p\u00ebr t\u00eb pritur turist\u00ebt nga Kosova, por edhe vende t\u00eb tjera t\u00eb bot\u00ebs, q\u00eb viteve t\u00eb fundit jan\u00eb n\u00eb rritje","robots":{"index":"index","follow":"follow","max-snippet":"max-snippet:-1","max-image-preview":"max-image-preview:large","max-video-preview":"max-video-preview:-1"},"canonical":"https:\/\/www.visit-ulcinj.com\/blog\/2013\/05\/22\/ulqinaket-i-therrasin-kosovaret-per-pushime\/","og_locale":"en_US","og_type":"article","og_title":"Ulqinak\u00ebt i th\u00ebrrasin kosovar\u00ebt p\u00ebr pushime - Lajme nga Ulqini","og_description":"Komuna e Ulqinit ka b\u00ebr\u00eb t\u00eb gjitha parap\u00ebrgatitjet p\u00ebr t\u00eb pritur turist\u00ebt nga Kosova, por edhe vende t\u00eb tjera t\u00eb bot\u00ebs, q\u00eb viteve t\u00eb fundit jan\u00eb n\u00eb rritje","og_url":"https:\/\/www.visit-ulcinj.com\/blog\/2013\/05\/22\/ulqinaket-i-therrasin-kosovaret-per-pushime\/","og_site_name":"Lajme nga Ulqini","article_published_time":"2013-05-22T13:28:18+00:00","article_modified_time":"2013-05-24T15:28:38+00:00","og_image":[{"url":"http:\/\/www.visit-ulcinj.com\/blog\/wp-content\/uploads\/2013\/05\/Plaza-MCM-Beach-Ulcinj-Suncobrani.jpg"}],"twitter_misc":{"Written by":"ulqini","Est. reading time":"3 minutes"},"schema":{"@context":"https:\/\/schema.org","@graph":[{"@type":"WebSite","@id":"https:\/\/www.visit-ulcinj.com\/blog\/#website","url":"https:\/\/www.visit-ulcinj.com\/blog\/","name":"Lajme nga Ulqini","description":"Lajme,Vijesti,Ulqini,Ulqin,Crna Gora,Mali i Zi","potentialAction":[{"@type":"SearchAction","target":{"@type":"EntryPoint","urlTemplate":"https:\/\/www.visit-ulcinj.com\/blog\/?s={search_term_string}"},"query-input":"required name=search_term_string"}],"inLanguage":"en-US"},{"@type":"ImageObject","inLanguage":"en-US","@id":"https:\/\/www.visit-ulcinj.com\/blog\/2013\/05\/22\/ulqinaket-i-therrasin-kosovaret-per-pushime\/#primaryimage","url":"https:\/\/www.visit-ulcinj.com\/blog\/wp-content\/uploads\/2013\/05\/Plaza-MCM-Beach-Ulcinj-Suncobrani.jpg","contentUrl":"https:\/\/www.visit-ulcinj.com\/blog\/wp-content\/uploads\/2013\/05\/Plaza-MCM-Beach-Ulcinj-Suncobrani.jpg","width":685,"height":526},{"@type":"WebPage","@id":"https:\/\/www.visit-ulcinj.com\/blog\/2013\/05\/22\/ulqinaket-i-therrasin-kosovaret-per-pushime\/#webpage","url":"https:\/\/www.visit-ulcinj.com\/blog\/2013\/05\/22\/ulqinaket-i-therrasin-kosovaret-per-pushime\/","name":"Ulqinak\u00ebt i th\u00ebrrasin kosovar\u00ebt p\u00ebr pushime - Lajme nga Ulqini","isPartOf":{"@id":"https:\/\/www.visit-ulcinj.com\/blog\/#website"},"primaryImageOfPage":{"@id":"https:\/\/www.visit-ulcinj.com\/blog\/2013\/05\/22\/ulqinaket-i-therrasin-kosovaret-per-pushime\/#primaryimage"},"datePublished":"2013-05-22T13:28:18+00:00","dateModified":"2013-05-24T15:28:38+00:00","author":{"@id":"https:\/\/www.visit-ulcinj.com\/blog\/#\/schema\/person\/dcab619c614d3038751c63bc2aadc06d"},"description":"Komuna e Ulqinit ka b\u00ebr\u00eb t\u00eb gjitha parap\u00ebrgatitjet p\u00ebr t\u00eb pritur turist\u00ebt nga Kosova, por edhe vende t\u00eb tjera t\u00eb bot\u00ebs, q\u00eb viteve t\u00eb fundit jan\u00eb n\u00eb rritje","breadcrumb":{"@id":"https:\/\/www.visit-ulcinj.com\/blog\/2013\/05\/22\/ulqinaket-i-therrasin-kosovaret-per-pushime\/#breadcrumb"},"inLanguage":"en-US","potentialAction":[{"@type":"ReadAction","target":["https:\/\/www.visit-ulcinj.com\/blog\/2013\/05\/22\/ulqinaket-i-therrasin-kosovaret-per-pushime\/"]}]},{"@type":"BreadcrumbList","@id":"https:\/\/www.visit-ulcinj.com\/blog\/2013\/05\/22\/ulqinaket-i-therrasin-kosovaret-per-pushime\/#breadcrumb","itemListElement":[{"@type":"ListItem","position":1,"name":"Ulqinak\u00ebt i th\u00ebrrasin kosovar\u00ebt p\u00ebr pushime"}]},{"@type":"Person","@id":"https:\/\/www.visit-ulcinj.com\/blog\/#\/schema\/person\/dcab619c614d3038751c63bc2aadc06d","name":"ulqini","sameAs":["http:\/\/www.visit-ulcinj.com"],"url":"https:\/\/www.visit-ulcinj.com\/blog\/author\/admin\/"}]}},"jetpack_featured_media_url":"","jetpack_sharing_enabled":true,"jetpack_shortlink":"https:\/\/wp.me\/pe6lTn-iCa","_links":{"self":[{"href":"https:\/\/www.visit-ulcinj.com\/blog\/wp-json\/wp\/v2\/posts\/71558"}],"collection":[{"href":"https:\/\/www.visit-ulcinj.com\/blog\/wp-json\/wp\/v2\/posts"}],"about":[{"href":"https:\/\/www.visit-ulcinj.com\/blog\/wp-json\/wp\/v2\/types\/post"}],"author":[{"embeddable":true,"href":"https:\/\/www.visit-ulcinj.com\/blog\/wp-json\/wp\/v2\/users\/1"}],"replies":[{"embeddable":true,"href":"https:\/\/www.visit-ulcinj.com\/blog\/wp-json\/wp\/v2\/comments?post=71558"}],"version-history":[{"count":5,"href":"https:\/\/www.visit-ulcinj.com\/blog\/wp-json\/wp\/v2\/posts\/71558\/revisions"}],"predecessor-version":[{"id":71576,"href":"https:\/\/www.visit-ulcinj.com\/blog\/wp-json\/wp\/v2\/posts\/71558\/revisions\/71576"}],"wp:attachment":[{"href":"https:\/\/www.visit-ulcinj.com\/blog\/wp-json\/wp\/v2\/media?parent=71558"}],"wp:term":[{"taxonomy":"category","embeddable":true,"href":"https:\/\/www.visit-ulcinj.com\/blog\/wp-json\/wp\/v2\/categories?post=71558"},{"taxonomy":"post_tag","embeddable":true,"href":"https:\/\/www.visit-ulcinj.com\/blog\/wp-json\/wp\/v2\/tags?post=71558"}],"curies":[{"name":"wp","href":"https:\/\/api.w.org\/{rel}","templated":true}]}}